{"id":9650,"date":"2025-03-17T15:57:40","date_gmt":"2025-03-17T14:57:40","guid":{"rendered":"https:\/\/centre-innovation-sociale-ecologique.essec.edu\/?p=9650"},"modified":"2025-03-19T12:03:16","modified_gmt":"2025-03-19T11:03:16","slug":"veille-n35","status":"publish","type":"post","link":"https:\/\/centre-innovation-sociale-ecologique.essec.edu\/index.php\/2025\/03\/17\/veille-n35\/","title":{"rendered":"Veille n*35 &#8211; Les actualit\u00e9s de f\u00e9vrier 2025"},"content":{"rendered":"<h3><b>Veille mensuelle fran\u00e7aise et internationale de l\u2019\u00e9valuation d\u2019impact social n\u00b035 &#8211; Actualit\u00e9s<\/b><\/h3>\n<p><i><span style=\"font-weight: 400;\">F\u00e9vrier 2025<\/span><\/i><\/p>\n<h3><span style=\"font-weight: 400;\">Panorama\u00a0<\/span><\/h3>\n<p><span style=\"font-weight: 400;\">Vous d\u00e9sirez contribuer \u00e0 la recherche vers une Transition Juste ? Vous \u00eates un acteur de l\u2019impact &#8211; entreprise\/op\u00e9rateur ou financeur\/investisseur?\u00a0<\/span><\/p>\n<p><b>R\u00e9pondez<\/b> <a href=\"https:\/\/urldefense.proofpoint.com\/v2\/url?u=https-3A__essec.qualtrics.com_jfe_form_SV-5F9tSWwahoUcgu1Vk&amp;d=DwMFAw&amp;c=oS_0xOYps7FNW56RWijYeQ&amp;r=QnE0Qx2pSw4HBHpBuH6a4RTvwBEMd31eqvDx5vPR7Cw&amp;m=uGLYcLbYZw92JB6Fjv0rCvBlywTABJR8sDnmU1uF-khOuQX-DSlUJIZH3m-pbAVG&amp;s=uX1JR43SP-8i4EWS-4kiZtsbRrONl3HoJ1HwinkVva8&amp;e=\" target=\"_blank\" rel=\"nofollow\"><b>au questionnaire du Panorama ESSEC\/Impact Tank 2025 <\/b><\/a><b>\u00a0!<\/b><\/p>\n<p><span style=\"font-weight: 400;\">L\u2019\u00e9dition 2025 du Panorama ESSEC\/Impact Tank portera notamment sur les pratiques d\u2019\u00e9valuation des dimensions sociales et\/ou environnementales pour une transition juste.<\/span><\/p>\n<h3><span style=\"font-weight: 400;\">\u00c9v\u00e9nements et actualit\u00e9s du secteur<\/span><\/h3>\n<p><i><span style=\"font-weight: 400;\">En France<\/span><\/i><\/p>\n<ul>\n<li style=\"font-weight: 400;\" aria-level=\"1\"><a href=\"https:\/\/www.univ-lyon2.fr\/sciences-et-societe\/boutique-des-sciences\/levaluation-dimpact-des-associations-quand-luniversite-sen-mele\" target=\"_blank\" rel=\"nofollow\">\u201cL\u2019\u00e9valuation d\u2019impact des associations : quand l\u2019universit\u00e9 s\u2019en m\u00eale\u201d<\/a> &#8211; Universit\u00e9 Lumi\u00e8re Lyon 2 \u2013 12 f\u00e9vrier<\/li>\n<\/ul>\n<p>Cet \u00e9v\u00e9nement a rassembl\u00e9 acteurs associatifs, \u00e9tudiants et chercheurs pour interroger les d\u00e9fis de l\u2019\u00e9valuation et de la mesure d\u2019impact social. Souvent men\u00e9e par des \u00e9tudiants, doctorants et chercheurs, pour des raisons de co\u00fbts notamment, l\u2019\u00e9valuation d\u2019impact social dans les associations fait parfois na\u00eetre malentendus et tensions. Les \u00e9changes ont port\u00e9 sur la formation des \u00e9tudiants, la pertinence des dispositifs existants et l\u2019accompagnement n\u00e9cessaire.<\/p>\n<ul>\n<li style=\"font-weight: 400;\" aria-level=\"1\"><span style=\"text-decoration: underline;\">\u201cL\u2019\u00c9valuation de l\u2019Impact Social et Environnemental (EISE) territorialis\u00e9e\u201d<\/span> &#8211; Centre Num\u00e9rique d&rsquo;Innovation Sociale Paris 8 \u2013 12 f\u00e9vrier<\/li>\n<\/ul>\n<p>Le premier groupe de travail sur l\u2019\u00c9valuation de l\u2019Impact Social et Environnemental (EISE) territorialis\u00e9e, initi\u00e9 par le Centre Num\u00e9rique d\u2019Innovation Sociale de Paris 8, a r\u00e9uni divers acteurs (chercheurs, institutions, associations, incubateurs). Cette premi\u00e8re r\u00e9union avait comme objectif d\u2019identifier les freins \u00e0 la mesure d\u2019impact et explorer des solutions. Les \u00e9changes ont port\u00e9 sur la d\u00e9finition d\u2019indicateurs, l\u2019accompagnement des structures et l\u2019articulation entre dynamiques locales et enjeux globaux.<\/p>\n<p><i><span style=\"font-weight: 400;\">A l&rsquo;international<\/span><\/i><\/p>\n<ul>\n<li><a href=\"https:\/\/ssir.org\/webinars\/entry\/impact-measurement-global-perspective\" target=\"_blank\" rel=\"nofollow\">Impact Measurement from a Global Perspective<\/a> &#8211; SSIR &#8211; 27 mars 2025<\/li>\n<\/ul>\n<p>Le 27 mars 2025 se tiendra un Webinaire international r\u00e9unissant des experts en mesure d&rsquo;impact pour d\u00e9crypter les enjeux actuels de l&rsquo;\u00e9valuation sociale. L&rsquo;\u00e9v\u00e9nement explorera des m\u00e9thodes concr\u00e8tes pour concilier exigences de reporting et maintient d\u2019indicateurs d\u2019impact robustes \u00e0 travers un partage de bonnes pratiques et des retours d&rsquo;exp\u00e9rience venant d\u2019Europe\/Asie\/Am\u00e9rique latine.<\/p>\n<h3><span style=\"font-weight: 400;\">Rapports d\u2019impact<\/span><\/h3>\n<p><i><span style=\"font-weight: 400;\">En France<\/span><\/i><\/p>\n<ul>\n<li><a href=\"https:\/\/www.avise.org\/ressources\/panorama-de-la-finance-impact-2024\" target=\"_blank\" rel=\"nofollow\">\u201cPanorama de la Finance \u00e0 impact 2024\u201d<\/a> &#8211; L\u2019Avise \u2013 Janvier 2025<\/li>\n<\/ul>\n<p>Cette \u00e9dition dresse un \u00e9tat des lieux de l\u2019investissement \u00e0 impact social et environnemental en France. Cette ann\u00e9e, l\u2019\u00e9tude int\u00e8gre pour la premi\u00e8re fois les investissements cot\u00e9s, refl\u00e9tant l\u2019\u00e9largissement du secteur. L\u2019\u00e9tude recense 92 acteurs g\u00e9rant 34,6 milliards d\u2019euros d\u2019actifs, dont 16,4 milliards d\u2019euros investis dans des organisations avec un impact social ou environnemental. En 2023, de nouveaux investissements \u00e0 hauteur de 4,2 milliards d\u2019euros ont permis de soutenir pr\u00e8s de 2 400 organisations.<\/p>\n<h3><span style=\"font-weight: 400;\">Publications<\/span><\/h3>\n<p><i><span style=\"font-weight: 400;\">En France<\/span><\/i><span style=\"font-weight: 400;\">\u00a0<\/span><\/p>\n<ul>\n<li style=\"font-weight: 400;\" aria-level=\"1\"><span style=\"font-weight: 400;\">\u00a0<\/span><a href=\"https:\/\/www.istegroup.com\/fr\/produit\/limpact-social-dans-les-organisations-solidaires\/\" target=\"_blank\" rel=\"nofollow\">\u201cL\u2019impact social dans les organisations solidaires &#8211; Valeurs et pratiques d\u2019\u00e9valuation\u201d<\/a> &#8211; ISTE Editions \u2013 Janvier 2025<\/li>\n<\/ul>\n<p>Ce livre, publi\u00e9 sous la direction de Julien Kleszczowski de l\u2019Universit\u00e9 de Lille et Nathalie Raulet-Croset de l\u2019Universit\u00e9 Paris I Panth\u00e9on-Sorbonne, explore l\u2019\u00e9valuation de l\u2019impact social dans les organisations de l\u2019\u00e9conomie sociale et solidaire \u00e0 travers une s\u00e9rie d\u2019\u00e9tudes de cas. Les chapitres analysent les pratiques, leurs limites et les d\u00e9bats qu\u2019elles suscitent.<\/p>\n<ul>\n<li style=\"font-weight: 400;\" aria-level=\"1\"><a href=\"https:\/\/ssir.org\/podcasts\/entry\/charitable-impact-complexity\" target=\"_blank\" rel=\"nofollow\">\u201cThe Complexity of Charitable Impact\u201d<\/a> &#8211; SSIR &#8211; 13 f\u00e9vrier 2025<\/li>\n<\/ul>\n<p>A travers plusieurs exemples (l\u2019apprentissage \u00e0 l\u2019\u00e9cole, l\u2019IA pr\u00e9dictive, les transferts mon\u00e9taires inclusifs\u2026), des experts d\u2019Oxfam, de la Raikes Foundation et de DAFGiving360 explorent la complexit\u00e9 inh\u00e9rente \u00e0 la question de l\u2019impact &#8211; comme les diff\u00e9rentes compr\u00e9hensions et attentes, la question du temps, les faux-semblants, le changement syst\u00e9mique etc.<\/p>\n<p><i><span style=\"font-weight: 400;\">A l\u2019international\u00a0<\/span><\/i><\/p>\n<ul>\n<li><a href=\"https:\/\/montrealethics.ai\/evaluating-the-social-impact-of-generative-ai-systems-in-systems-and-society\/\" target=\"_blank\" rel=\"nofollow\">\u201cEvaluating the Social Impact of Generative AI Systems in Systems and Society\u201d<\/a> &#8211; MAIEI &#8211; 14 f\u00e9vrier 2025<\/li>\n<\/ul>\n<p>L&rsquo;article propose un mod\u00e8le pour \u00e9valuer les impacts sociaux de l&rsquo;IA g\u00e9n\u00e9rative sur les interactions, les institutions et les dynamiques de pouvoir. Le mod\u00e8le permet de cadrer l\u2019analyse pour \u00e9viter \u201cd\u2019oublier\u201d les caract\u00e9ristiques cl\u00e9s de l\u2019IA sur lesquelles s\u2019interroger (biais, contenus, protection de donn\u00e9es, co\u00fbts environnementaux, etc.). Les auteurs soulignent le manque de transparence, l\u2019exclusion des communaut\u00e9s marginalis\u00e9es et la difficult\u00e9 de mener une \u00e9valuation standardis\u00e9e.<\/p>\n<ul>\n<li><a href=\"https:\/\/techimpact.org\/news\/towards-social-impact-striking-balance-between-nonprofit-capacity-building-evaluation\" target=\"_blank\" rel=\"nofollow\">\u201cTowards Social Impact: Striking the Balance between Nonprofit Capacity Building &amp; Evaluation\u201d<\/a> &#8211; 30 janvier 2025<\/li>\n<\/ul>\n<p>L&rsquo;article examine comment les organisations \u00e0 but non lucratif peuvent maximiser leur impact social en alignant leurs objectifs d\u2019impact avec le bon syst\u00e8me de collecte et d\u2019\u00e9valuation de donn\u00e9es (celui qui trouvera son sens aupr\u00e8s des \u00e9quipes et des b\u00e9n\u00e9ficiaires). Il met en lumi\u00e8re les d\u00e9fis auxquels ces organisations font face, tels que des ressources limit\u00e9es et une d\u00e9pendance aux financements restreints, qui freinent l&rsquo;innovation et l&rsquo;adaptabilit\u00e9.<\/p>\n<h3>Nouvelles du Labo<\/h3>\n<ul>\n<li><a href=\"https:\/\/www.fnac.com\/a20933131\/Elise-Leclerc-La-mesure-d-impact\" target=\"_blank\" rel=\"nofollow\">\u201cLa mesure d&rsquo;impact\u201d<\/a> &#8211; Elise Leclerc, Thierry Sibieude &#8211; Mars 2025<\/li>\n<\/ul>\n<p>Publi\u00e9 r\u00e9cemment par Elise Leclerc et Thierry Sibieude, ce livre encourage \u00e0 repenser comment on mesure la performance d&rsquo;une entreprise en y int\u00e9grant des aspects sociaux et environnementaux.<\/p>\n<h3><span style=\"font-weight: 400;\">Newsletters<\/span><\/h3>\n<ul>\n<li style=\"font-weight: 400;\" aria-level=\"1\"><a href=\"https:\/\/www.avise.org\/newsletters\" target=\"_blank\" rel=\"nofollow\"><span style=\"font-weight: 400;\">La newsletter de l\u2019Avise sur l\u2019\u00e9valuation d\u2019impact social en France<\/span><\/a><\/li>\n<li style=\"font-weight: 400;\" aria-level=\"1\"><a href=\"https:\/\/ssir.org\/email\" target=\"_blank\" rel=\"nofollow\"><span style=\"font-weight: 400;\">La newsletter de Stanford Social Innovation Review (SSIR)<\/span><\/a><\/li>\n<\/ul>\n<p><span style=\"font-weight: 400;\">Retrouvez tous les mois notre veille nationale et internationale sur l\u2019\u00e9valuation d&rsquo;impact social sur la page <\/span><a href=\"https:\/\/www.linkedin.com\/company\/42301082\/\" target=\"_blank\" rel=\"nofollow\"><span style=\"font-weight: 400;\">LinkedIn du Labo<\/span><\/a><span style=\"font-weight: 400;\">. Des questions ? Des propositions de contributions ou des solutions pour l\u2019\u00e9valuation d\u2019impact social ? Contactez-nous via<\/span> <a href=\"http:\/\/mailto:leclerc@essec.edu\" target=\"_blank\" rel=\"nofollow\"><span style=\"font-weight: 400;\">leclerc@essec.edu<\/span><\/a><span style=\"font-weight: 400;\">.<\/span><\/p>\n<p><span style=\"font-weight: 400;\">Note de Veille r\u00e9dig\u00e9e par <\/span><b>Islam Medjadba et Seif Mansour <\/b><span style=\"font-weight: 400;\">avec <\/span><b>Valentine Clerc <\/b>et<b> Lucie Mahe<\/b><span style=\"font-weight: 400;\"> et<\/span> <span style=\"font-weight: 400;\">sous la direction d\u2019<\/span><b>Elise Leclerc.<\/b><\/p>\n<p>&nbsp;<\/p>\n","protected":false},"excerpt":{"rendered":"<p>Veille mensuelle fran\u00e7aise et internationale de l\u2019\u00e9valuation d\u2019impact social n\u00b035 &#8211; Actualit\u00e9s F\u00e9vrier 2025 Panorama\u00a0 Vous d\u00e9sirez contribuer \u00e0 la recherche vers une Transition Juste ? Vous \u00eates un acteur de l\u2019impact &#8211; entreprise\/op\u00e9rateur ou financeur\/investisseur?\u00a0 R\u00e9pondez au questionnaire du Panorama ESSEC\/Impact Tank 2025 \u00a0! L\u2019\u00e9dition 2025 du Panorama ESSEC\/Impact Tank portera notamment sur les [&hellip;]<\/p>\n","protected":false},"author":2,"featured_media":0,"comment_status":"closed","ping_status":"open","sticky":false,"template":"","format":"standard","meta":{"_et_pb_use_builder":"","_et_pb_old_content":"","_et_gb_content_width":"","inline_featured_image":false},"categories":[29],"tags":[],"yoast_head":"<!-- This site is optimized with the Yoast SEO plugin v20.11 - https:\/\/yoast.com\/wordpress\/plugins\/seo\/ -->\n<title>Veille n*35 - Les actualit\u00e9s de f\u00e9vrier 2025 - Centre Innovation Sociale et Ecologique<\/title>\n<meta name=\"robots\" content=\"noindex, follow\" \/>\n<meta property=\"og:locale\" content=\"fr_FR\" \/>\n<meta property=\"og:type\" content=\"article\" \/>\n<meta property=\"og:title\" content=\"Veille n*35 - Les actualit\u00e9s de f\u00e9vrier 2025 - Centre Innovation Sociale et Ecologique\" \/>\n<meta property=\"og:description\" content=\"Veille mensuelle fran\u00e7aise et internationale de l\u2019\u00e9valuation d\u2019impact social n\u00b035 &#8211; Actualit\u00e9s F\u00e9vrier 2025 Panorama\u00a0 Vous d\u00e9sirez contribuer \u00e0 la recherche vers une Transition Juste ? Vous \u00eates un acteur de l\u2019impact &#8211; entreprise\/op\u00e9rateur ou financeur\/investisseur?\u00a0 R\u00e9pondez au questionnaire du Panorama ESSEC\/Impact Tank 2025 \u00a0! L\u2019\u00e9dition 2025 du Panorama ESSEC\/Impact Tank portera notamment sur les [&hellip;]\" \/>\n<meta property=\"og:url\" content=\"https:\/\/centre-innovation-sociale-ecologique.essec.edu\/index.php\/2025\/03\/17\/veille-n35\/\" \/>\n<meta property=\"og:site_name\" content=\"Centre Innovation Sociale et Ecologique\" \/>\n<meta property=\"article:published_time\" content=\"2025-03-17T14:57:40+00:00\" \/>\n<meta property=\"article:modified_time\" content=\"2025-03-19T11:03:16+00:00\" \/>\n<meta name=\"author\" content=\"Essec\" \/>\n<meta name=\"twitter:card\" content=\"summary_large_image\" \/>\n<meta name=\"twitter:label1\" content=\"\u00c9crit par\" \/>\n\t<meta name=\"twitter:data1\" content=\"Essec\" \/>\n\t<meta name=\"twitter:label2\" content=\"Dur\u00e9e de lecture estim\u00e9e\" \/>\n\t<meta name=\"twitter:data2\" content=\"5 minutes\" \/>\n<script type=\"application\/ld+json\" class=\"yoast-schema-graph\">{\"@context\":\"https:\/\/schema.org\",\"@graph\":[{\"@type\":\"Article\",\"@id\":\"https:\/\/centre-innovation-sociale-ecologique.essec.edu\/index.php\/2025\/03\/17\/veille-n35\/#article\",\"isPartOf\":{\"@id\":\"https:\/\/centre-innovation-sociale-ecologique.essec.edu\/index.php\/2025\/03\/17\/veille-n35\/\"},\"author\":{\"name\":\"Essec\",\"@id\":\"https:\/\/centre-innovation-sociale-ecologique.essec.edu\/#\/schema\/person\/ffb9b21a7056cc497e2fe8732aa91fcc\"},\"headline\":\"Veille n*35 &#8211; Les actualit\u00e9s de f\u00e9vrier 2025\",\"datePublished\":\"2025-03-17T14:57:40+00:00\",\"dateModified\":\"2025-03-19T11:03:16+00:00\",\"mainEntityOfPage\":{\"@id\":\"https:\/\/centre-innovation-sociale-ecologique.essec.edu\/index.php\/2025\/03\/17\/veille-n35\/\"},\"wordCount\":931,\"publisher\":{\"@id\":\"https:\/\/centre-innovation-sociale-ecologique.essec.edu\/#organization\"},\"articleSection\":[\"Non classifi\u00e9(e)\"],\"inLanguage\":\"fr-FR\"},{\"@type\":\"WebPage\",\"@id\":\"https:\/\/centre-innovation-sociale-ecologique.essec.edu\/index.php\/2025\/03\/17\/veille-n35\/\",\"url\":\"https:\/\/centre-innovation-sociale-ecologique.essec.edu\/index.php\/2025\/03\/17\/veille-n35\/\",\"name\":\"Veille n*35 - Les actualit\u00e9s de f\u00e9vrier 2025 - Centre Innovation Sociale et Ecologique\",\"isPartOf\":{\"@id\":\"https:\/\/centre-innovation-sociale-ecologique.essec.edu\/#website\"},\"datePublished\":\"2025-03-17T14:57:40+00:00\",\"dateModified\":\"2025-03-19T11:03:16+00:00\",\"breadcrumb\":{\"@id\":\"https:\/\/centre-innovation-sociale-ecologique.essec.edu\/index.php\/2025\/03\/17\/veille-n35\/#breadcrumb\"},\"inLanguage\":\"fr-FR\",\"potentialAction\":[{\"@type\":\"ReadAction\",\"target\":[\"https:\/\/centre-innovation-sociale-ecologique.essec.edu\/index.php\/2025\/03\/17\/veille-n35\/\"]}]},{\"@type\":\"BreadcrumbList\",\"@id\":\"https:\/\/centre-innovation-sociale-ecologique.essec.edu\/index.php\/2025\/03\/17\/veille-n35\/#breadcrumb\",\"itemListElement\":[{\"@type\":\"ListItem\",\"position\":1,\"name\":\"Home\",\"item\":\"https:\/\/centre-innovation-sociale-ecologique.essec.edu\/\"},{\"@type\":\"ListItem\",\"position\":2,\"name\":\"Veille n*35 &#8211; Les actualit\u00e9s de f\u00e9vrier 2025\"}]},{\"@type\":\"WebSite\",\"@id\":\"https:\/\/centre-innovation-sociale-ecologique.essec.edu\/#website\",\"url\":\"https:\/\/centre-innovation-sociale-ecologique.essec.edu\/\",\"name\":\"Centre Innovation Sociale et Ecologique\",\"description\":\"\",\"publisher\":{\"@id\":\"https:\/\/centre-innovation-sociale-ecologique.essec.edu\/#organization\"},\"potentialAction\":[{\"@type\":\"SearchAction\",\"target\":{\"@type\":\"EntryPoint\",\"urlTemplate\":\"https:\/\/centre-innovation-sociale-ecologique.essec.edu\/?s={search_term_string}\"},\"query-input\":\"required name=search_term_string\"}],\"inLanguage\":\"fr-FR\"},{\"@type\":\"Organization\",\"@id\":\"https:\/\/centre-innovation-sociale-ecologique.essec.edu\/#organization\",\"name\":\"Essec Business School\",\"url\":\"https:\/\/centre-innovation-sociale-ecologique.essec.edu\/\",\"logo\":{\"@type\":\"ImageObject\",\"inLanguage\":\"fr-FR\",\"@id\":\"https:\/\/centre-innovation-sociale-ecologique.essec.edu\/#\/schema\/logo\/image\/\",\"url\":\"https:\/\/impactinitiative.essec.edu\/wp-content\/uploads\/2020\/11\/ESSEC_BS_logo_BLANC.png\",\"contentUrl\":\"https:\/\/impactinitiative.essec.edu\/wp-content\/uploads\/2020\/11\/ESSEC_BS_logo_BLANC.png\",\"width\":546,\"height\":509,\"caption\":\"Essec Business School\"},\"image\":{\"@id\":\"https:\/\/centre-innovation-sociale-ecologique.essec.edu\/#\/schema\/logo\/image\/\"}},{\"@type\":\"Person\",\"@id\":\"https:\/\/centre-innovation-sociale-ecologique.essec.edu\/#\/schema\/person\/ffb9b21a7056cc497e2fe8732aa91fcc\",\"name\":\"Essec\",\"image\":{\"@type\":\"ImageObject\",\"inLanguage\":\"fr-FR\",\"@id\":\"https:\/\/centre-innovation-sociale-ecologique.essec.edu\/#\/schema\/person\/image\/\",\"url\":\"https:\/\/secure.gravatar.com\/avatar\/253b1a21aeb6e83a39f89170d50e3784?s=96&d=mm&r=g\",\"contentUrl\":\"https:\/\/secure.gravatar.com\/avatar\/253b1a21aeb6e83a39f89170d50e3784?s=96&d=mm&r=g\",\"caption\":\"Essec\"}}]}<\/script>\n<!-- \/ Yoast SEO plugin. -->","yoast_head_json":{"title":"Veille n*35 - Les actualit\u00e9s de f\u00e9vrier 2025 - Centre Innovation Sociale et Ecologique","robots":{"index":"noindex","follow":"follow"},"og_locale":"fr_FR","og_type":"article","og_title":"Veille n*35 - Les actualit\u00e9s de f\u00e9vrier 2025 - Centre Innovation Sociale et Ecologique","og_description":"Veille mensuelle fran\u00e7aise et internationale de l\u2019\u00e9valuation d\u2019impact social n\u00b035 &#8211; Actualit\u00e9s F\u00e9vrier 2025 Panorama\u00a0 Vous d\u00e9sirez contribuer \u00e0 la recherche vers une Transition Juste ? Vous \u00eates un acteur de l\u2019impact &#8211; entreprise\/op\u00e9rateur ou financeur\/investisseur?\u00a0 R\u00e9pondez au questionnaire du Panorama ESSEC\/Impact Tank 2025 \u00a0! L\u2019\u00e9dition 2025 du Panorama ESSEC\/Impact Tank portera notamment sur les [&hellip;]","og_url":"https:\/\/centre-innovation-sociale-ecologique.essec.edu\/index.php\/2025\/03\/17\/veille-n35\/","og_site_name":"Centre Innovation Sociale et Ecologique","article_published_time":"2025-03-17T14:57:40+00:00","article_modified_time":"2025-03-19T11:03:16+00:00","author":"Essec","twitter_card":"summary_large_image","twitter_misc":{"\u00c9crit par":"Essec","Dur\u00e9e de lecture estim\u00e9e":"5 minutes"},"schema":{"@context":"https:\/\/schema.org","@graph":[{"@type":"Article","@id":"https:\/\/centre-innovation-sociale-ecologique.essec.edu\/index.php\/2025\/03\/17\/veille-n35\/#article","isPartOf":{"@id":"https:\/\/centre-innovation-sociale-ecologique.essec.edu\/index.php\/2025\/03\/17\/veille-n35\/"},"author":{"name":"Essec","@id":"https:\/\/centre-innovation-sociale-ecologique.essec.edu\/#\/schema\/person\/ffb9b21a7056cc497e2fe8732aa91fcc"},"headline":"Veille n*35 &#8211; Les actualit\u00e9s de f\u00e9vrier 2025","datePublished":"2025-03-17T14:57:40+00:00","dateModified":"2025-03-19T11:03:16+00:00","mainEntityOfPage":{"@id":"https:\/\/centre-innovation-sociale-ecologique.essec.edu\/index.php\/2025\/03\/17\/veille-n35\/"},"wordCount":931,"publisher":{"@id":"https:\/\/centre-innovation-sociale-ecologique.essec.edu\/#organization"},"articleSection":["Non classifi\u00e9(e)"],"inLanguage":"fr-FR"},{"@type":"WebPage","@id":"https:\/\/centre-innovation-sociale-ecologique.essec.edu\/index.php\/2025\/03\/17\/veille-n35\/","url":"https:\/\/centre-innovation-sociale-ecologique.essec.edu\/index.php\/2025\/03\/17\/veille-n35\/","name":"Veille n*35 - Les actualit\u00e9s de f\u00e9vrier 2025 - Centre Innovation Sociale et Ecologique","isPartOf":{"@id":"https:\/\/centre-innovation-sociale-ecologique.essec.edu\/#website"},"datePublished":"2025-03-17T14:57:40+00:00","dateModified":"2025-03-19T11:03:16+00:00","breadcrumb":{"@id":"https:\/\/centre-innovation-sociale-ecologique.essec.edu\/index.php\/2025\/03\/17\/veille-n35\/#breadcrumb"},"inLanguage":"fr-FR","potentialAction":[{"@type":"ReadAction","target":["https:\/\/centre-innovation-sociale-ecologique.essec.edu\/index.php\/2025\/03\/17\/veille-n35\/"]}]},{"@type":"BreadcrumbList","@id":"https:\/\/centre-innovation-sociale-ecologique.essec.edu\/index.php\/2025\/03\/17\/veille-n35\/#breadcrumb","itemListElement":[{"@type":"ListItem","position":1,"name":"Home","item":"https:\/\/centre-innovation-sociale-ecologique.essec.edu\/"},{"@type":"ListItem","position":2,"name":"Veille n*35 &#8211; Les actualit\u00e9s de f\u00e9vrier 2025"}]},{"@type":"WebSite","@id":"https:\/\/centre-innovation-sociale-ecologique.essec.edu\/#website","url":"https:\/\/centre-innovation-sociale-ecologique.essec.edu\/","name":"Centre Innovation Sociale et Ecologique","description":"","publisher":{"@id":"https:\/\/centre-innovation-sociale-ecologique.essec.edu\/#organization"},"potentialAction":[{"@type":"SearchAction","target":{"@type":"EntryPoint","urlTemplate":"https:\/\/centre-innovation-sociale-ecologique.essec.edu\/?s={search_term_string}"},"query-input":"required name=search_term_string"}],"inLanguage":"fr-FR"},{"@type":"Organization","@id":"https:\/\/centre-innovation-sociale-ecologique.essec.edu\/#organization","name":"Essec Business School","url":"https:\/\/centre-innovation-sociale-ecologique.essec.edu\/","logo":{"@type":"ImageObject","inLanguage":"fr-FR","@id":"https:\/\/centre-innovation-sociale-ecologique.essec.edu\/#\/schema\/logo\/image\/","url":"https:\/\/impactinitiative.essec.edu\/wp-content\/uploads\/2020\/11\/ESSEC_BS_logo_BLANC.png","contentUrl":"https:\/\/impactinitiative.essec.edu\/wp-content\/uploads\/2020\/11\/ESSEC_BS_logo_BLANC.png","width":546,"height":509,"caption":"Essec Business School"},"image":{"@id":"https:\/\/centre-innovation-sociale-ecologique.essec.edu\/#\/schema\/logo\/image\/"}},{"@type":"Person","@id":"https:\/\/centre-innovation-sociale-ecologique.essec.edu\/#\/schema\/person\/ffb9b21a7056cc497e2fe8732aa91fcc","name":"Essec","image":{"@type":"ImageObject","inLanguage":"fr-FR","@id":"https:\/\/centre-innovation-sociale-ecologique.essec.edu\/#\/schema\/person\/image\/","url":"https:\/\/secure.gravatar.com\/avatar\/253b1a21aeb6e83a39f89170d50e3784?s=96&d=mm&r=g","contentUrl":"https:\/\/secure.gravatar.com\/avatar\/253b1a21aeb6e83a39f89170d50e3784?s=96&d=mm&r=g","caption":"Essec"}}]}},"_links":{"self":[{"href":"https:\/\/centre-innovation-sociale-ecologique.essec.edu\/index.php\/wp-json\/wp\/v2\/posts\/9650"}],"collection":[{"href":"https:\/\/centre-innovation-sociale-ecologique.essec.edu\/index.php\/wp-json\/wp\/v2\/posts"}],"about":[{"href":"https:\/\/centre-innovation-sociale-ecologique.essec.edu\/index.php\/wp-json\/wp\/v2\/types\/post"}],"author":[{"embeddable":true,"href":"https:\/\/centre-innovation-sociale-ecologique.essec.edu\/index.php\/wp-json\/wp\/v2\/users\/2"}],"replies":[{"embeddable":true,"href":"https:\/\/centre-innovation-sociale-ecologique.essec.edu\/index.php\/wp-json\/wp\/v2\/comments?post=9650"}],"version-history":[{"count":1,"href":"https:\/\/centre-innovation-sociale-ecologique.essec.edu\/index.php\/wp-json\/wp\/v2\/posts\/9650\/revisions"}],"predecessor-version":[{"id":9651,"href":"https:\/\/centre-innovation-sociale-ecologique.essec.edu\/index.php\/wp-json\/wp\/v2\/posts\/9650\/revisions\/9651"}],"wp:attachment":[{"href":"https:\/\/centre-innovation-sociale-ecologique.essec.edu\/index.php\/wp-json\/wp\/v2\/media?parent=9650"}],"wp:term":[{"taxonomy":"category","embeddable":true,"href":"https:\/\/centre-innovation-sociale-ecologique.essec.edu\/index.php\/wp-json\/wp\/v2\/categories?post=9650"},{"taxonomy":"post_tag","embeddable":true,"href":"https:\/\/centre-innovation-sociale-ecologique.essec.edu\/index.php\/wp-json\/wp\/v2\/tags?post=9650"}],"curies":[{"name":"wp","href":"https:\/\/api.w.org\/{rel}","templated":true}]}}