{"id":9614,"date":"2025-02-17T16:30:01","date_gmt":"2025-02-17T15:30:01","guid":{"rendered":"https:\/\/centre-innovation-sociale-ecologique.essec.edu\/?p=9614"},"modified":"2025-04-28T15:16:44","modified_gmt":"2025-04-28T13:16:44","slug":"veille-n34","status":"publish","type":"post","link":"https:\/\/centre-innovation-sociale-ecologique.essec.edu\/index.php\/2025\/02\/17\/veille-n34\/","title":{"rendered":"Veille n*34 &#8211; Les actualit\u00e9s de janvier 2025"},"content":{"rendered":"<h3><b>Veille mensuelle fran\u00e7aise et internationale de l\u2019\u00e9valuation d\u2019impact social n\u00b034 &#8211; Actualit\u00e9s<\/b><\/h3>\n<p><i><span style=\"font-weight: 400;\">Janvier 2025<\/span><\/i><\/p>\n<h3><span style=\"font-weight: 400;\">Panorama\u00a0<\/span><\/h3>\n<p><span style=\"font-weight: 400;\">Vous d\u00e9sirez contribuer \u00e0 la recherche vers une Transition Juste ? Vous \u00eates un acteur de l\u2019impact &#8211; entreprise\/op\u00e9rateur ou financeur\/investisseur?\u00a0<\/span><\/p>\n<p><b>R\u00e9pondez<\/b> <a href=\"https:\/\/urldefense.proofpoint.com\/v2\/url?u=https-3A__essec.qualtrics.com_jfe_form_SV-5F9tSWwahoUcgu1Vk&amp;d=DwMFAw&amp;c=oS_0xOYps7FNW56RWijYeQ&amp;r=QnE0Qx2pSw4HBHpBuH6a4RTvwBEMd31eqvDx5vPR7Cw&amp;m=uGLYcLbYZw92JB6Fjv0rCvBlywTABJR8sDnmU1uF-khOuQX-DSlUJIZH3m-pbAVG&amp;s=uX1JR43SP-8i4EWS-4kiZtsbRrONl3HoJ1HwinkVva8&amp;e=\" target=\"_blank\" rel=\"nofollow\"><b>au questionnaire du Panorama ESSEC\/Impact Tank 2025 <\/b><\/a><b>\u00a0!<\/b><\/p>\n<p><span style=\"font-weight: 400;\">L\u2019\u00e9dition 2025 du Panorama ESSEC\/Impact Tank portera notamment sur les pratiques d\u2019\u00e9valuation des dimensions sociales et\/ou environnementales pour une transition juste.<\/span><\/p>\n<h3><span style=\"font-weight: 400;\">\u00c9v\u00e9nements et actualit\u00e9s du secteur<\/span><\/h3>\n<p><i><span style=\"font-weight: 400;\">En France<\/span><\/i><\/p>\n<ul>\n<li style=\"font-weight: 400;\" aria-level=\"1\"><a href=\"https:\/\/www.linkedin.com\/posts\/federationsolidarite-paysdelaloire_mardi-7-janvier-2025-sest-tenue-la-journ%C3%A9e-activity-7282695545297506304-L-Zj?utm_source=share&amp;utm_medium=member_desktop\" target=\"_blank\" rel=\"nofollow\"><span style=\"font-weight: 400;\">\u201cImpact social et utilit\u00e9 sociale en Pays de la Loire : comment construire une d\u00e9marche commune entre acteurs de solidarit\u00e9 ?\u201d<\/span><\/a><span style=\"font-weight: 400;\"> &#8211; Journ\u00e9e r\u00e9gionale en Pays de la Loire &#8211; 7 janvier\u00a0<\/span><\/li>\n<\/ul>\n<p><span style=\"font-weight: 400;\">Cette Journ\u00e9e rassemblant 150 acteurs de la solidarit\u00e9 a \u00e9t\u00e9 rythm\u00e9e par des conf\u00e9rences, des ateliers sur la mise en place et les enjeux de la mesure d\u2019impact social et des temps d\u2019\u00e9changes. <\/span><span style=\"font-weight: 400;\">Les \u00e9changes ont mis en avant la volont\u00e9 de s&rsquo;extraire d&rsquo;une posture \u00e9valuative descendante, et d&rsquo;utiliser l&rsquo;\u00e9valuation d&rsquo;impact comme un outil de dialogue et de confiance renouvel\u00e9s, \u00e0 travers des modalit\u00e9s d\u2019\u00e9valuation d\u2019impact simplifi\u00e9es et mutualis\u00e9es.\u00a0<\/span><\/p>\n<ul>\n<li style=\"font-weight: 400;\" aria-level=\"1\"><a href=\"https:\/\/agirpourlatransition.ademe.fr\/entreprises\/aides-financieres\/20240917\/evaluation-dispositif-experimental-co3-co-construction-connaissances\" target=\"_blank\" rel=\"nofollow\"><span style=\"font-weight: 400;\">\u00c9valuation du dispositif exp\u00e9rimental CO3<\/span><\/a><span style=\"font-weight: 400;\"> &#8211; ADEME &#8211; 17 janvier<\/span><\/li>\n<\/ul>\n<p><span style=\"font-weight: 400;\">L\u2019ADEME a d\u00e9marr\u00e9 son travail de recherche participative sur l\u2019\u00e9valuation du programme CO3 de co-construction des connaissances pour la transition \u00e9cologique et solidaire. La r\u00e9union a tourn\u00e9 autour de la m\u00e9thode d&rsquo;\u00e9valuation du programme, bas\u00e9e sur une approche relationnelle, ou socio-anthropologique, qui serait compl\u00e9mentaire \u00e0 la mesure d\u2019impact soci\u00e9tal. Les r\u00e9sultats finaux seront diffus\u00e9s \u00e0 l\u2019automne 2025.\u00a0<\/span><\/p>\n<ul>\n<li style=\"font-weight: 400;\" aria-level=\"1\"><a href=\"https:\/\/www.sommetdelamesuredimpact.fr\/page\/2025\/\" target=\"_blank\" rel=\"nofollow\"><span style=\"font-weight: 400;\">Sommet de la mesure d\u2019impact<\/span><\/a><span style=\"font-weight: 400;\"> &#8211; Impact Tank &#8211; 16 mai\u00a0<\/span><\/li>\n<\/ul>\n<p><span style=\"font-weight: 400;\">La 3e \u00e9dition du Sommet de la mesure d\u2019impact organis\u00e9 par l\u2019Impact Tank au CESE aura lieu le 16 mai 2025.<\/span> <span style=\"font-weight: 400;\">Cette \u00e9dition portera sur la reconstruction du lien social et la lutte contre les id\u00e9es re\u00e7ues gr\u00e2ce \u00e0 la mesure d\u2019impact, sous le th\u00e8me \u201cRefaire soci\u00e9t\u00e9\u201d. Inscrivez-vous gratuitement d\u00e8s maintenant !\u00a0<\/span><\/p>\n<ul>\n<li style=\"font-weight: 400;\" aria-level=\"1\"><span style=\"font-weight: 400;\">\u201c<\/span><a href=\"https:\/\/0y0lx.mjt.lu\/nl3\/S-NynIHP7iq_7shQUkBTgQ?m=AWQAAGFiQq4AAc50iNYAAtSOFacAAYCthkgAnq48ACRI3wBnj7ZyTbYwbGapQAqDdldl06XTRgAh9y8&amp;b=6130fddc&amp;e=1c7b6ed9&amp;x=BvqEIkPpl3yTwSg_0nHS2w\" target=\"_blank\" rel=\"nofollow\"><span style=\"font-weight: 400;\">Taking Gender Into Account in Evaluation: from Theory to Practice<\/span><\/a><span style=\"font-weight: 400;\">\u201d<\/span><span style=\"font-weight: 400;\"> &#8211; SciencesPo &#8211; 6 f\u00e9vrier 2025<\/span><\/li>\n<\/ul>\n<p><span style=\"font-weight: 400;\">Les in\u00e9galit\u00e9s de genre persistent dans de nombreux domaines en Europe.\u00a0 Organis\u00e9 avec la Cit\u00e9 du genre et le Programme d&rsquo;\u00e9tudes de genre (Science Po), ce s\u00e9minaire pr\u00e9sentera des outils pour int\u00e9grer une perspective de genre dans les \u00e9valuations.\u00a0<\/span><\/p>\n<h3><span style=\"font-weight: 400;\">Rapports d\u2019impact<\/span><\/h3>\n<p><i><span style=\"font-weight: 400;\">En France<\/span><\/i><\/p>\n<ul>\n<li style=\"font-weight: 400;\" aria-level=\"1\"><a href=\"https:\/\/page.impacttrack.org\/impact-track\" target=\"_blank\" rel=\"nofollow\"><span style=\"font-weight: 400;\">Mesure d\u2019impact <\/span><\/a><span style=\"font-weight: 400;\">&#8211; Impact Track &#8211; janvier 2025<\/span><\/li>\n<\/ul>\n<p><span style=\"font-weight: 400;\">La plateforme Impact Track \u00e9value son propre impact ! Un utilisateur sur deux se sentirait capable de mener une d\u00e9marche d&rsquo;\u00e9valuation d&rsquo;impact en autonomie. 82% des utilisateurs ayant diffus\u00e9 leur page d\u2019impact estiment que la mesure d\u2019impact leur a permis de gagner en cr\u00e9dibilit\u00e9.\u00a0<\/span><\/p>\n<ul>\n<li style=\"font-weight: 400;\" aria-level=\"1\"><a href=\"https:\/\/www.linkedin.com\/posts\/improveassociation_quel-est-impact-dun-programme-de-sensibilisation-activity-7289932097253769216-gEbk?utm_source=share&amp;utm_medium=member_desktop\" target=\"_blank\" rel=\"nofollow\"><span style=\"font-weight: 400;\">Mesure d\u2019impact du projet <\/span><span style=\"font-weight: 400;\">Usages et Consciences de l&rsquo;Intelligence Artificielle de la Ligue de l\u2019Enseignement de la Gironde<\/span> <\/a><span style=\"font-weight: 400;\">&#8211; Improve\u00a0<\/span><\/li>\n<\/ul>\n<p><span style=\"font-weight: 400;\">Le cabinet Improve a \u00e9valu\u00e9 l\u2019impact d\u2019un programme de sensibilisation citoyenne aux intelligences artificielles aupr\u00e8s de jeunes de 8 \u00e0 18 ans. 80% des jeunes ont d\u00e9couvert les avantages de l\u2019intelligence artificielle et 60%, ses inconv\u00e9nients.<\/span><\/p>\n<ul>\n<li style=\"font-weight: 400;\" aria-level=\"1\"><a href=\"https:\/\/lesensdelecole.org\/wp-content\/uploads\/2024\/07\/23-24-Synthese-dimpact-Le-Sens-de-lEcole-Kimso.pdf\" target=\"_blank\" rel=\"nofollow\"><span style=\"font-weight: 400;\">\u00c9valuation d\u2019impact social de l\u2019association Le Sens de l&rsquo;\u00c9cole<\/span><\/a><span style=\"font-weight: 400;\"> &#8211; Kimso &#8211; mai 2024<\/span><\/li>\n<\/ul>\n<p><span style=\"font-weight: 400;\">L\u2019association Le Sens de l\u2019Ecole partage l\u2019\u00e9valuation d\u2019impact de ses ateliers de co-intervention en primaire qui visent \u00e0 r\u00e9ajuster certaines repr\u00e9sentations erron\u00e9es qui sont \u00e0 la racine des logiques d\u2019\u00e9chec chez les enfants. Ainsi, 94% des \u00e9l\u00e8ves ont une vision plus positive sur l\u2019\u00e9cole et voient l\u2019\u00e9cole comme une opportunit\u00e9, 89% des \u00e9l\u00e8ves adoptent un rapport constructif \u00e0 l\u2019erreur, et 76% des \u00e9l\u00e8ves s\u2019entraident et s\u2019encouragent davantage les uns et les autres.\u00a0<\/span><\/p>\n<p><i><span style=\"font-weight: 400;\">A l\u2019international<\/span><\/i><\/p>\n<ul>\n<li style=\"font-weight: 400;\" aria-level=\"1\"><span style=\"font-weight: 400;\">\u201c<\/span><a href=\"https:\/\/drive.google.com\/file\/d\/125KdbXsNOP411_ol66tR93wvll_d8Xb2\/view?usp=sharing\" target=\"_blank\" rel=\"nofollow\"><span style=\"font-weight: 400;\">The Social Risks of the Environmental Transition in Transportation<\/span><\/a><span style=\"font-weight: 400;\">\u201d &#8211;<\/span><span style=\"font-weight: 400;\"> HAL open science &#8211; d\u00e9cembre 2024<\/span><\/li>\n<\/ul>\n<p><span style=\"font-weight: 400;\">Le rapport se concentre sur les <\/span><b>risques sociaux<\/b><span style=\"font-weight: 400;\"> li\u00e9s \u00e0 la transition environnementale dans le secteur des transports en faisant une cartographie des risques. Il examine <\/span><b>plusieurs modes de transport<\/b><span style=\"font-weight: 400;\"> et <\/span><b>diff\u00e9rents types de populations affect\u00e9es<\/b><span style=\"font-weight: 400;\">. Le rapport classe les risques en<\/span><b> deux cat\u00e9gories principales, les risques directs <\/b><span style=\"font-weight: 400;\">(ex : temp\u00eates perturbant les moyens de transports)<\/span> <span style=\"font-weight: 400;\">et<\/span><b> indirects <\/b><span style=\"font-weight: 400;\">( ex : introduction possible d\u2019une taxe carbone sur les carburants maritimes, augmentant le co\u00fbt du fret, ce qui a un impact indirect sur les populations habitant sur des \u00eeles qui d\u00e9pendent fortement des importations).<\/span><\/p>\n<h3><span style=\"font-weight: 400;\">Publications<\/span><\/h3>\n<p><i><span style=\"font-weight: 400;\">En France<\/span><\/i><span style=\"font-weight: 400;\">\u00a0<\/span><\/p>\n<ul>\n<li style=\"font-weight: 400;\" aria-level=\"1\"><a href=\"https:\/\/www.istegroup.com\/fr\/produit\/une-societe-plus-inclusive-pour-les-personnes-dependantes-ou-handicapees\/\" target=\"_blank\" rel=\"nofollow\"><span style=\"font-weight: 400;\">\u00a0\u201cUne soci\u00e9t\u00e9 plus inclusive pour les personnes d\u00e9pendantes ou handicap\u00e9es\u201d, <\/span><i><span style=\"font-weight: 400;\">Sant\u00e9 et innovation, Volume 6<\/span><\/i><span style=\"font-weight: 400;\">,<\/span><\/a><span style=\"font-weight: 400;\"> &#8211; ISTE Editions &#8211; janvier 2025<\/span><\/li>\n<\/ul>\n<p><span style=\"font-weight: 400;\">La maison d\u2019\u00e9dition ISTE a publi\u00e9 son 6e volume de la s\u00e9rie <\/span><i><span style=\"font-weight: 400;\">Sant\u00e9 et innovation<\/span><\/i><span style=\"font-weight: 400;\">, intitul\u00e9 \u201cUne soci\u00e9t\u00e9 plus inclusive pour les personnes d\u00e9pendantes ou handicap\u00e9es\u201d. On y retrouve notamment un chapitre r\u00e9dig\u00e9 par le Laboratoire E&amp;MISE ESSEC (Elise Leclerc et Thierry Sibieude) \u00ab\u00a0Pourquoi et dans quelles conditions un pilotage de l\u2019activit\u00e9 par la gestion de l\u2019impact social est-elle pertinente pour les organisations de sant\u00e9 qui souhaitent innover ?\u00a0\u00bb, aux c\u00f4t\u00e9s des contributions de plus de 40 chercheurs.\u00a0<\/span><\/p>\n<p><i><span style=\"font-weight: 400;\">A l\u2019international\u00a0<\/span><\/i><\/p>\n<ul>\n<li style=\"font-weight: 400;\" aria-level=\"1\"><span style=\"font-weight: 400;\">\u201c<\/span><a href=\"https:\/\/ssir.org\/articles\/entry\/deep-listening-for-impact-measurement\" target=\"_blank\" rel=\"nofollow\"><span style=\"font-weight: 400;\">Deep Listening for Impact Measurement<\/span><\/a><span style=\"font-weight: 400;\">\u201d <\/span><span style=\"font-weight: 400;\">&#8211; SSIR &#8211; 6 janvier 2025<\/span><\/li>\n<\/ul>\n<p><span style=\"font-weight: 400;\">L&rsquo;article met en avant un nouvel exemple d\u2019utilisation de l\u2019intelligence artificielle dans l\u2019analyse d\u2019impact. L\u2019IA est utilis\u00e9e pour r\u00e9aliser une \u00e9coute approfondie d\u2019un grand volume de parties prenantes (plusieurs centaines) pour comprendre \u00e0 la fois ce qu\u2019ils disent et <\/span><i><span style=\"font-weight: 400;\">comment<\/span><\/i><span style=\"font-weight: 400;\"> ils le disent. D\u00e9crire ce qui semble \u00eatre un impact positif avec une voix neutre ou avec une voix enthousiaste par exemple, ne r\u00e9v\u00e8le pas la m\u00eame chose. <\/span><span style=\"font-weight: 400;\">Cette nuance peut \u00eatre saisie par l&rsquo;IA par le biais de traitement de grande base de donn\u00e9es qualitatives.<\/span><\/p>\n<ul>\n<li style=\"font-weight: 400;\" aria-level=\"1\"><span style=\"font-weight: 400;\">\u201c<\/span><a href=\"https:\/\/dobetter.esade.edu\/en\/impact-transformation\" target=\"_blank\" rel=\"nofollow\"><span style=\"font-weight: 400;\">Impact or transformation \u2014 which word brings us closer to the world we want?<\/span><\/a><span style=\"font-weight: 400;\">\u201d &#8211; Esade &#8211; 21 janvier 2025<\/span><\/li>\n<\/ul>\n<p><span style=\"font-weight: 400;\">L\u2019article met en lumi\u00e8re les limites qui peuvent \u00e9merger de l\u2019utilisation du mot <\/span><b>\u00ab\u00a0impact\u00a0\u00bb<\/b><span style=\"font-weight: 400;\">. Cet article explore le fait que l\u2019utiliser conduit parfois \u00e0 ignorer les dimensions structurelles des probl\u00e8mes. Plut\u00f4t que d\u2019abandonner le mot \u201cimpact\u201d, l\u2019article propose de l\u2019enrichir en int\u00e9grant des notions comme la <\/span><i><span style=\"font-weight: 400;\">transformation sociale<\/span><\/i><span style=\"font-weight: 400;\">, qui met l\u2019accent sur des changements profonds et durables.\u00a0<\/span><\/p>\n<h3><span style=\"font-weight: 400;\">Newsletters<\/span><\/h3>\n<ul>\n<li style=\"font-weight: 400;\" aria-level=\"1\"><a href=\"https:\/\/www.avise.org\/newsletters\" target=\"_blank\" rel=\"nofollow\"><span style=\"font-weight: 400;\">La newsletter de l\u2019Avise sur l\u2019\u00e9valuation d\u2019impact social en France<\/span><\/a><\/li>\n<li style=\"font-weight: 400;\" aria-level=\"1\"><a href=\"https:\/\/ssir.org\/email\" target=\"_blank\" rel=\"nofollow\"><span style=\"font-weight: 400;\">La newsletter de Stanford Social Innovation Review (SSIR)<\/span><\/a><\/li>\n<\/ul>\n<p><span style=\"font-weight: 400;\">Retrouvez tous les mois notre veille nationale et internationale sur l\u2019\u00e9valuation d&rsquo;impact social sur la page <\/span><a href=\"https:\/\/www.linkedin.com\/company\/42301082\/\" target=\"_blank\" rel=\"nofollow\"><span style=\"font-weight: 400;\">LinkedIn du Labo<\/span><\/a><span style=\"font-weight: 400;\">. Des questions ? Des propositions de contributions ou des solutions pour l\u2019\u00e9valuation d\u2019impact social ? Contactez-nous via<\/span> <a href=\"http:\/\/mailto:leclerc@essec.edu\" target=\"_blank\" rel=\"nofollow\"><span style=\"font-weight: 400;\">leclerc@essec.edu<\/span><\/a><span style=\"font-weight: 400;\">.<\/span><\/p>\n<p><span style=\"font-weight: 400;\">Note de Veille r\u00e9dig\u00e9e par <\/span><b>Islam Medjadba et Mila Lichtenberger <\/b><span style=\"font-weight: 400;\">avec <\/span><b>Valentine Clerc<\/b><span style=\"font-weight: 400;\"> et<\/span> <span style=\"font-weight: 400;\">sous la direction d\u2019<\/span><b>Elise Leclerc.<\/b><\/p>\n<p>&nbsp;<\/p>\n","protected":false},"excerpt":{"rendered":"<p>Veille mensuelle fran\u00e7aise et internationale de l\u2019\u00e9valuation d\u2019impact social n\u00b034 &#8211; Actualit\u00e9s Janvier 2025 Panorama\u00a0 Vous d\u00e9sirez contribuer \u00e0 la recherche vers une Transition Juste ? Vous \u00eates un acteur de l\u2019impact &#8211; entreprise\/op\u00e9rateur ou financeur\/investisseur?\u00a0 R\u00e9pondez au questionnaire du Panorama ESSEC\/Impact Tank 2025 \u00a0! L\u2019\u00e9dition 2025 du Panorama ESSEC\/Impact Tank portera notamment sur les [&hellip;]<\/p>\n","protected":false},"author":2,"featured_media":0,"comment_status":"closed","ping_status":"open","sticky":false,"template":"","format":"standard","meta":{"_et_pb_use_builder":"","_et_pb_old_content":"","_et_gb_content_width":"","inline_featured_image":false},"categories":[29],"tags":[],"yoast_head":"<!-- This site is optimized with the Yoast SEO plugin v20.11 - https:\/\/yoast.com\/wordpress\/plugins\/seo\/ -->\n<title>Veille n*34 - Les actualit\u00e9s de janvier 2025 - Centre Innovation Sociale et Ecologique<\/title>\n<meta name=\"robots\" content=\"noindex, follow\" \/>\n<meta property=\"og:locale\" content=\"fr_FR\" \/>\n<meta property=\"og:type\" content=\"article\" \/>\n<meta property=\"og:title\" content=\"Veille n*34 - Les actualit\u00e9s de janvier 2025 - Centre Innovation Sociale et Ecologique\" \/>\n<meta property=\"og:description\" content=\"Veille mensuelle fran\u00e7aise et internationale de l\u2019\u00e9valuation d\u2019impact social n\u00b034 &#8211; Actualit\u00e9s Janvier 2025 Panorama\u00a0 Vous d\u00e9sirez contribuer \u00e0 la recherche vers une Transition Juste ? Vous \u00eates un acteur de l\u2019impact &#8211; entreprise\/op\u00e9rateur ou financeur\/investisseur?\u00a0 R\u00e9pondez au questionnaire du Panorama ESSEC\/Impact Tank 2025 \u00a0! L\u2019\u00e9dition 2025 du Panorama ESSEC\/Impact Tank portera notamment sur les [&hellip;]\" \/>\n<meta property=\"og:url\" content=\"https:\/\/centre-innovation-sociale-ecologique.essec.edu\/index.php\/2025\/02\/17\/veille-n34\/\" \/>\n<meta property=\"og:site_name\" content=\"Centre Innovation Sociale et Ecologique\" \/>\n<meta property=\"article:published_time\" content=\"2025-02-17T15:30:01+00:00\" \/>\n<meta property=\"article:modified_time\" content=\"2025-04-28T13:16:44+00:00\" \/>\n<meta name=\"author\" content=\"Essec\" \/>\n<meta name=\"twitter:card\" content=\"summary_large_image\" \/>\n<meta name=\"twitter:label1\" content=\"\u00c9crit par\" \/>\n\t<meta name=\"twitter:data1\" content=\"Essec\" \/>\n\t<meta name=\"twitter:label2\" content=\"Dur\u00e9e de lecture estim\u00e9e\" \/>\n\t<meta name=\"twitter:data2\" content=\"6 minutes\" \/>\n<script type=\"application\/ld+json\" class=\"yoast-schema-graph\">{\"@context\":\"https:\/\/schema.org\",\"@graph\":[{\"@type\":\"Article\",\"@id\":\"https:\/\/centre-innovation-sociale-ecologique.essec.edu\/index.php\/2025\/02\/17\/veille-n34\/#article\",\"isPartOf\":{\"@id\":\"https:\/\/centre-innovation-sociale-ecologique.essec.edu\/index.php\/2025\/02\/17\/veille-n34\/\"},\"author\":{\"name\":\"Essec\",\"@id\":\"https:\/\/centre-innovation-sociale-ecologique.essec.edu\/#\/schema\/person\/ffb9b21a7056cc497e2fe8732aa91fcc\"},\"headline\":\"Veille n*34 &#8211; Les actualit\u00e9s de janvier 2025\",\"datePublished\":\"2025-02-17T15:30:01+00:00\",\"dateModified\":\"2025-04-28T13:16:44+00:00\",\"mainEntityOfPage\":{\"@id\":\"https:\/\/centre-innovation-sociale-ecologique.essec.edu\/index.php\/2025\/02\/17\/veille-n34\/\"},\"wordCount\":1134,\"publisher\":{\"@id\":\"https:\/\/centre-innovation-sociale-ecologique.essec.edu\/#organization\"},\"articleSection\":[\"Non classifi\u00e9(e)\"],\"inLanguage\":\"fr-FR\"},{\"@type\":\"WebPage\",\"@id\":\"https:\/\/centre-innovation-sociale-ecologique.essec.edu\/index.php\/2025\/02\/17\/veille-n34\/\",\"url\":\"https:\/\/centre-innovation-sociale-ecologique.essec.edu\/index.php\/2025\/02\/17\/veille-n34\/\",\"name\":\"Veille n*34 - Les actualit\u00e9s de janvier 2025 - Centre Innovation Sociale et Ecologique\",\"isPartOf\":{\"@id\":\"https:\/\/centre-innovation-sociale-ecologique.essec.edu\/#website\"},\"datePublished\":\"2025-02-17T15:30:01+00:00\",\"dateModified\":\"2025-04-28T13:16:44+00:00\",\"breadcrumb\":{\"@id\":\"https:\/\/centre-innovation-sociale-ecologique.essec.edu\/index.php\/2025\/02\/17\/veille-n34\/#breadcrumb\"},\"inLanguage\":\"fr-FR\",\"potentialAction\":[{\"@type\":\"ReadAction\",\"target\":[\"https:\/\/centre-innovation-sociale-ecologique.essec.edu\/index.php\/2025\/02\/17\/veille-n34\/\"]}]},{\"@type\":\"BreadcrumbList\",\"@id\":\"https:\/\/centre-innovation-sociale-ecologique.essec.edu\/index.php\/2025\/02\/17\/veille-n34\/#breadcrumb\",\"itemListElement\":[{\"@type\":\"ListItem\",\"position\":1,\"name\":\"Home\",\"item\":\"https:\/\/centre-innovation-sociale-ecologique.essec.edu\/\"},{\"@type\":\"ListItem\",\"position\":2,\"name\":\"Veille n*34 &#8211; Les actualit\u00e9s de janvier 2025\"}]},{\"@type\":\"WebSite\",\"@id\":\"https:\/\/centre-innovation-sociale-ecologique.essec.edu\/#website\",\"url\":\"https:\/\/centre-innovation-sociale-ecologique.essec.edu\/\",\"name\":\"Centre Innovation Sociale et Ecologique\",\"description\":\"\",\"publisher\":{\"@id\":\"https:\/\/centre-innovation-sociale-ecologique.essec.edu\/#organization\"},\"potentialAction\":[{\"@type\":\"SearchAction\",\"target\":{\"@type\":\"EntryPoint\",\"urlTemplate\":\"https:\/\/centre-innovation-sociale-ecologique.essec.edu\/?s={search_term_string}\"},\"query-input\":\"required name=search_term_string\"}],\"inLanguage\":\"fr-FR\"},{\"@type\":\"Organization\",\"@id\":\"https:\/\/centre-innovation-sociale-ecologique.essec.edu\/#organization\",\"name\":\"Essec Business School\",\"url\":\"https:\/\/centre-innovation-sociale-ecologique.essec.edu\/\",\"logo\":{\"@type\":\"ImageObject\",\"inLanguage\":\"fr-FR\",\"@id\":\"https:\/\/centre-innovation-sociale-ecologique.essec.edu\/#\/schema\/logo\/image\/\",\"url\":\"https:\/\/impactinitiative.essec.edu\/wp-content\/uploads\/2020\/11\/ESSEC_BS_logo_BLANC.png\",\"contentUrl\":\"https:\/\/impactinitiative.essec.edu\/wp-content\/uploads\/2020\/11\/ESSEC_BS_logo_BLANC.png\",\"width\":546,\"height\":509,\"caption\":\"Essec Business School\"},\"image\":{\"@id\":\"https:\/\/centre-innovation-sociale-ecologique.essec.edu\/#\/schema\/logo\/image\/\"}},{\"@type\":\"Person\",\"@id\":\"https:\/\/centre-innovation-sociale-ecologique.essec.edu\/#\/schema\/person\/ffb9b21a7056cc497e2fe8732aa91fcc\",\"name\":\"Essec\",\"image\":{\"@type\":\"ImageObject\",\"inLanguage\":\"fr-FR\",\"@id\":\"https:\/\/centre-innovation-sociale-ecologique.essec.edu\/#\/schema\/person\/image\/\",\"url\":\"https:\/\/secure.gravatar.com\/avatar\/253b1a21aeb6e83a39f89170d50e3784?s=96&d=mm&r=g\",\"contentUrl\":\"https:\/\/secure.gravatar.com\/avatar\/253b1a21aeb6e83a39f89170d50e3784?s=96&d=mm&r=g\",\"caption\":\"Essec\"}}]}<\/script>\n<!-- \/ Yoast SEO plugin. -->","yoast_head_json":{"title":"Veille n*34 - Les actualit\u00e9s de janvier 2025 - Centre Innovation Sociale et Ecologique","robots":{"index":"noindex","follow":"follow"},"og_locale":"fr_FR","og_type":"article","og_title":"Veille n*34 - Les actualit\u00e9s de janvier 2025 - Centre Innovation Sociale et Ecologique","og_description":"Veille mensuelle fran\u00e7aise et internationale de l\u2019\u00e9valuation d\u2019impact social n\u00b034 &#8211; Actualit\u00e9s Janvier 2025 Panorama\u00a0 Vous d\u00e9sirez contribuer \u00e0 la recherche vers une Transition Juste ? Vous \u00eates un acteur de l\u2019impact &#8211; entreprise\/op\u00e9rateur ou financeur\/investisseur?\u00a0 R\u00e9pondez au questionnaire du Panorama ESSEC\/Impact Tank 2025 \u00a0! L\u2019\u00e9dition 2025 du Panorama ESSEC\/Impact Tank portera notamment sur les [&hellip;]","og_url":"https:\/\/centre-innovation-sociale-ecologique.essec.edu\/index.php\/2025\/02\/17\/veille-n34\/","og_site_name":"Centre Innovation Sociale et Ecologique","article_published_time":"2025-02-17T15:30:01+00:00","article_modified_time":"2025-04-28T13:16:44+00:00","author":"Essec","twitter_card":"summary_large_image","twitter_misc":{"\u00c9crit par":"Essec","Dur\u00e9e de lecture estim\u00e9e":"6 minutes"},"schema":{"@context":"https:\/\/schema.org","@graph":[{"@type":"Article","@id":"https:\/\/centre-innovation-sociale-ecologique.essec.edu\/index.php\/2025\/02\/17\/veille-n34\/#article","isPartOf":{"@id":"https:\/\/centre-innovation-sociale-ecologique.essec.edu\/index.php\/2025\/02\/17\/veille-n34\/"},"author":{"name":"Essec","@id":"https:\/\/centre-innovation-sociale-ecologique.essec.edu\/#\/schema\/person\/ffb9b21a7056cc497e2fe8732aa91fcc"},"headline":"Veille n*34 &#8211; Les actualit\u00e9s de janvier 2025","datePublished":"2025-02-17T15:30:01+00:00","dateModified":"2025-04-28T13:16:44+00:00","mainEntityOfPage":{"@id":"https:\/\/centre-innovation-sociale-ecologique.essec.edu\/index.php\/2025\/02\/17\/veille-n34\/"},"wordCount":1134,"publisher":{"@id":"https:\/\/centre-innovation-sociale-ecologique.essec.edu\/#organization"},"articleSection":["Non classifi\u00e9(e)"],"inLanguage":"fr-FR"},{"@type":"WebPage","@id":"https:\/\/centre-innovation-sociale-ecologique.essec.edu\/index.php\/2025\/02\/17\/veille-n34\/","url":"https:\/\/centre-innovation-sociale-ecologique.essec.edu\/index.php\/2025\/02\/17\/veille-n34\/","name":"Veille n*34 - Les actualit\u00e9s de janvier 2025 - Centre Innovation Sociale et Ecologique","isPartOf":{"@id":"https:\/\/centre-innovation-sociale-ecologique.essec.edu\/#website"},"datePublished":"2025-02-17T15:30:01+00:00","dateModified":"2025-04-28T13:16:44+00:00","breadcrumb":{"@id":"https:\/\/centre-innovation-sociale-ecologique.essec.edu\/index.php\/2025\/02\/17\/veille-n34\/#breadcrumb"},"inLanguage":"fr-FR","potentialAction":[{"@type":"ReadAction","target":["https:\/\/centre-innovation-sociale-ecologique.essec.edu\/index.php\/2025\/02\/17\/veille-n34\/"]}]},{"@type":"BreadcrumbList","@id":"https:\/\/centre-innovation-sociale-ecologique.essec.edu\/index.php\/2025\/02\/17\/veille-n34\/#breadcrumb","itemListElement":[{"@type":"ListItem","position":1,"name":"Home","item":"https:\/\/centre-innovation-sociale-ecologique.essec.edu\/"},{"@type":"ListItem","position":2,"name":"Veille n*34 &#8211; Les actualit\u00e9s de janvier 2025"}]},{"@type":"WebSite","@id":"https:\/\/centre-innovation-sociale-ecologique.essec.edu\/#website","url":"https:\/\/centre-innovation-sociale-ecologique.essec.edu\/","name":"Centre Innovation Sociale et Ecologique","description":"","publisher":{"@id":"https:\/\/centre-innovation-sociale-ecologique.essec.edu\/#organization"},"potentialAction":[{"@type":"SearchAction","target":{"@type":"EntryPoint","urlTemplate":"https:\/\/centre-innovation-sociale-ecologique.essec.edu\/?s={search_term_string}"},"query-input":"required name=search_term_string"}],"inLanguage":"fr-FR"},{"@type":"Organization","@id":"https:\/\/centre-innovation-sociale-ecologique.essec.edu\/#organization","name":"Essec Business School","url":"https:\/\/centre-innovation-sociale-ecologique.essec.edu\/","logo":{"@type":"ImageObject","inLanguage":"fr-FR","@id":"https:\/\/centre-innovation-sociale-ecologique.essec.edu\/#\/schema\/logo\/image\/","url":"https:\/\/impactinitiative.essec.edu\/wp-content\/uploads\/2020\/11\/ESSEC_BS_logo_BLANC.png","contentUrl":"https:\/\/impactinitiative.essec.edu\/wp-content\/uploads\/2020\/11\/ESSEC_BS_logo_BLANC.png","width":546,"height":509,"caption":"Essec Business School"},"image":{"@id":"https:\/\/centre-innovation-sociale-ecologique.essec.edu\/#\/schema\/logo\/image\/"}},{"@type":"Person","@id":"https:\/\/centre-innovation-sociale-ecologique.essec.edu\/#\/schema\/person\/ffb9b21a7056cc497e2fe8732aa91fcc","name":"Essec","image":{"@type":"ImageObject","inLanguage":"fr-FR","@id":"https:\/\/centre-innovation-sociale-ecologique.essec.edu\/#\/schema\/person\/image\/","url":"https:\/\/secure.gravatar.com\/avatar\/253b1a21aeb6e83a39f89170d50e3784?s=96&d=mm&r=g","contentUrl":"https:\/\/secure.gravatar.com\/avatar\/253b1a21aeb6e83a39f89170d50e3784?s=96&d=mm&r=g","caption":"Essec"}}]}},"_links":{"self":[{"href":"https:\/\/centre-innovation-sociale-ecologique.essec.edu\/index.php\/wp-json\/wp\/v2\/posts\/9614"}],"collection":[{"href":"https:\/\/centre-innovation-sociale-ecologique.essec.edu\/index.php\/wp-json\/wp\/v2\/posts"}],"about":[{"href":"https:\/\/centre-innovation-sociale-ecologique.essec.edu\/index.php\/wp-json\/wp\/v2\/types\/post"}],"author":[{"embeddable":true,"href":"https:\/\/centre-innovation-sociale-ecologique.essec.edu\/index.php\/wp-json\/wp\/v2\/users\/2"}],"replies":[{"embeddable":true,"href":"https:\/\/centre-innovation-sociale-ecologique.essec.edu\/index.php\/wp-json\/wp\/v2\/comments?post=9614"}],"version-history":[{"count":2,"href":"https:\/\/centre-innovation-sociale-ecologique.essec.edu\/index.php\/wp-json\/wp\/v2\/posts\/9614\/revisions"}],"predecessor-version":[{"id":9616,"href":"https:\/\/centre-innovation-sociale-ecologique.essec.edu\/index.php\/wp-json\/wp\/v2\/posts\/9614\/revisions\/9616"}],"wp:attachment":[{"href":"https:\/\/centre-innovation-sociale-ecologique.essec.edu\/index.php\/wp-json\/wp\/v2\/media?parent=9614"}],"wp:term":[{"taxonomy":"category","embeddable":true,"href":"https:\/\/centre-innovation-sociale-ecologique.essec.edu\/index.php\/wp-json\/wp\/v2\/categories?post=9614"},{"taxonomy":"post_tag","embeddable":true,"href":"https:\/\/centre-innovation-sociale-ecologique.essec.edu\/index.php\/wp-json\/wp\/v2\/tags?post=9614"}],"curies":[{"name":"wp","href":"https:\/\/api.w.org\/{rel}","templated":true}]}}