{"id":8894,"date":"2024-02-26T14:48:14","date_gmt":"2024-02-26T13:48:14","guid":{"rendered":"https:\/\/centre-innovation-sociale-ecologique.essec.edu\/?p=8894"},"modified":"2024-02-26T14:48:19","modified_gmt":"2024-02-26T13:48:19","slug":"veille-n27-les-actualites-de-janvier-2024","status":"publish","type":"post","link":"https:\/\/centre-innovation-sociale-ecologique.essec.edu\/index.php\/2024\/02\/26\/veille-n27-les-actualites-de-janvier-2024\/","title":{"rendered":"Veille n\u00b027 : Les actualit\u00e9s de Janvier 2024"},"content":{"rendered":"<p>[et_pb_section fb_built=\u00a0\u00bb1&Prime; admin_label=\u00a0\u00bbsection\u00a0\u00bb _builder_version=\u00a0\u00bb4.16&Prime; custom_padding=\u00a0\u00bb1px|||||\u00a0\u00bb global_colors_info=\u00a0\u00bb{}\u00a0\u00bb][et_pb_row admin_label=\u00a0\u00bbrow\u00a0\u00bb _builder_version=\u00a0\u00bb4.16&Prime; background_size=\u00a0\u00bbinitial\u00a0\u00bb background_position=\u00a0\u00bbtop_left\u00a0\u00bb background_repeat=\u00a0\u00bbrepeat\u00a0\u00bb global_colors_info=\u00a0\u00bb{}\u00a0\u00bb][et_pb_column type=\u00a0\u00bb4_4&Prime; _builder_version=\u00a0\u00bb4.16&Prime; custom_padding=\u00a0\u00bb|||\u00a0\u00bb global_colors_info=\u00a0\u00bb{}\u00a0\u00bb custom_padding__hover=\u00a0\u00bb|||\u00a0\u00bb][et_pb_image src=\u00a0\u00bbhttps:\/\/centre-innovation-sociale-ecologique.essec.edu\/wp-content\/uploads\/2024\/02\/jason-goodman-Oalh2MojUuk-unsplash-scaled.jpg\u00a0\u00bb alt=\u00a0\u00bbObservatoire \u00e9valuation impact social\u00a0\u00bb title_text=\u00a0\u00bbjason-goodman-Oalh2MojUuk-unsplash\u00a0\u00bb _builder_version=\u00a0\u00bb4.21.0&Prime; _module_preset=\u00a0\u00bbdefault\u00a0\u00bb width=\u00a0\u00bb100%\u00a0\u00bb max_width=\u00a0\u00bb100%\u00a0\u00bb min_height=\u00a0\u00bb428px\u00a0\u00bb height=\u00a0\u00bb457px\u00a0\u00bb hover_enabled=\u00a0\u00bb0&Prime; global_colors_info=\u00a0\u00bb{}\u00a0\u00bb sticky_enabled=\u00a0\u00bb0&Prime; admin_label=\u00a0\u00bbImage\u00a0\u00bb][\/et_pb_image][et_pb_text _builder_version=\u00a0\u00bb4.21.0&Prime; _module_preset=\u00a0\u00bbdefault\u00a0\u00bb custom_padding=\u00a0\u00bb||3px|||\u00a0\u00bb hover_enabled=\u00a0\u00bb0&Prime; global_colors_info=\u00a0\u00bb{}\u00a0\u00bb sticky_enabled=\u00a0\u00bb0&Prime;]<\/p>\n<p><b>Veille mensuelle fran\u00e7aise et internationale de l\u2019\u00e9valuation d\u2019impact social n\u00b027 &#8211; Actualit\u00e9s<\/b><\/p>\n<p><i><span style=\"font-weight: 400;\">Janvier 2024<\/span><\/i><\/p>\n<p><b>\u00c9v\u00e9nements et actualit\u00e9s du secteur<\/b><\/p>\n<p><i><span style=\"font-weight: 400;\">En France<\/span><\/i><\/p>\n<ul>\n<li style=\"font-weight: 400;\" aria-level=\"1\"><span style=\"font-weight: 400;\">Lors des journ\u00e9es de <\/span><i><span style=\"font-weight: 400;\">l\u2019\u00e9conomie autrement,<\/span><\/i><span style=\"font-weight: 400;\"> organis\u00e9es par le m\u00e9dia Alternatives \u00c9conomiques, qui se sont d\u00e9roul\u00e9es \u00e0 Dijon les 24 et 25 novembre 2023, une table-ronde intitul\u00e9e \u00ab Impact social et environnemental : comment valoriser ce qui compte vraiment ? \u00bb s\u2019est int\u00e9ress\u00e9e \u00e0 la question de<\/span><a href=\"https:\/\/www.carenews.com\/carenews-pro\/news\/les-structures-de-l-economie-sociale-et-solidaire-ont-elles-interet-a-mesurer\" target=\"_blank\" rel=\"nofollow\"> <span style=\"font-weight: 400;\">la mesure d\u2019impact<\/span><\/a><span style=\"font-weight: 400;\"> et \u00e0 la pertinence d\u2019une telle d\u00e9marche pour les structures de l\u2019\u00e9conomie sociale et solidaire (ESS). On en conclut que pour rendre compte de la dynamique dans l\u2019ESS et<\/span><b> valoriser l\u2019activit\u00e9 des structures de l\u2019ESS<\/b><span style=\"font-weight: 400;\">, il est n\u00e9cessaire d\u2019<\/span><b>utiliser d\u2019autres indicateurs que la contribution des organisations au PIB et \u00e0 l\u2019emploi<\/b><span style=\"font-weight: 400;\">.<\/span><\/li>\n<li style=\"font-weight: 400;\" aria-level=\"1\"><span style=\"font-weight: 400;\">\u00a0<\/span><span style=\"font-weight: 400;\">Le cabinet de conseil Koreis a organis\u00e9<\/span><a href=\"https:\/\/chiche.makesense.org\/events\/e\/atelier-mesurer-limpact-social-de-son-activite-6536819d00345c0007ee5373\" target=\"_blank\" rel=\"nofollow\"> <span style=\"font-weight: 400;\">un atelier<\/span><\/a><span style=\"font-weight: 400;\"> mercredi 20 d\u00e9cembre dans ses locaux pour que les participants puissent mesurer l\u2019impact social de leur activit\u00e9. \u201c\u00catre entrepreneur social c\u2019est mettre l\u2019impact au c\u0153ur de son activit\u00e9\u201d. Mais comment le d\u00e9finir ? A quoi cela sert-il ? Comment le mesurer ? Quelles sont les d\u00e9marches ? Au programme de cet atelier : une pr\u00e9sentation des notions et enjeux de l\u2019\u00e9valuation d\u2019impact social, une description des principales \u00e9tapes d\u2019une d\u00e9marche d\u2019\u00e9valuation d\u2019impact et une pr\u00e9sentation des principaux outils et aide au choix en fonction du projet ainsi que des conseils pratiques pour les d\u00e9marches \u00e0 faire.<\/span><\/li>\n<li style=\"font-weight: 400;\" aria-level=\"1\"><span style=\"font-weight: 400;\">\u00ab Changer le syst\u00e8me ! \u00bb est le th\u00e8me de<\/span><a href=\"https:\/\/www.decideurs-magazine.com\/immobilier-public-environnement\/57305-sommet-de-la-mesure-d-impact-une-seconde-edition-pour-changer-le-systeme-2.html\" target=\"_blank\" rel=\"nofollow\"> <span style=\"font-weight: 400;\">la seconde \u00e9dition du Sommet de la Mesure d\u2019Impact<\/span><\/a><span style=\"font-weight: 400;\"> organis\u00e9 par l\u2019impact Tank, qui se tiendra le 18 avril 2024 au Conseil \u00e9conomique social et environnemental (Cese). \u201cAlors que 700 millions de personnes dans le monde sont encore dans l\u2019extr\u00eame pauvret\u00e9, la mesure d\u2019impact envisage l\u2019entreprise \u00e0 travers son r\u00f4le social et environnemental, sa responsabilit\u00e9 \u00e9conomique et financi\u00e8re, mais aussi politique vis-\u00e0-vis de l\u2019int\u00e9r\u00eat g\u00e9n\u00e9ral. Elle invite \u00e0 une vision syst\u00e9mique de l\u2019impact. Dans l\u2019acc\u00e8s \u00e0 la sant\u00e9, l\u2019\u00e9galit\u00e9 des chances, la coh\u00e9sion sociale, la lutte contre la pr\u00e9carit\u00e9, la biodiversit\u00e9 ou la protection de l\u2019environnement, l\u2019entreprise a un r\u00f4le politique \u00e0 jouer\u201d.<\/span><\/li>\n<li style=\"font-weight: 400;\" aria-level=\"1\"><a href=\"https:\/\/www.avise.org\/agenda\/un-appel-manifestation-dinterets-pour-experimenter-des-processus-evaluatifs-coconstruits\" target=\"_blank\" rel=\"nofollow\"><span style=\"font-weight: 400;\">Un Appel \u00e0 manifestation d\u2019int\u00e9r\u00eats<\/span><\/a><span style=\"font-weight: 400;\"> pour exp\u00e9rimenter des processus \u00e9valuatifs co-construits entre associations et pouvoirs publics est lanc\u00e9 par le Fonjep, en partenariat avec l\u2019Institut fran\u00e7ais du Monde Associatif. Il s&rsquo;adresse aux \u00e9quipes de recherche souhaitant exp\u00e9rimenter des processus \u00e9valuatifs co-construits entre associations et pouvoirs publics financeurs. L\u2019objectif est de r\u00e9v\u00e9ler la valeur cr\u00e9\u00e9e des actions men\u00e9es par les associations de jeunesse et d\u2019\u00e9ducation populaire afin de permettre la mise en discussion des apprentissages et la construction collective de strat\u00e9gies envers et avec les populations de leur territoire. Date limite pour d\u00e9poser sa candidature : jeudi 29 f\u00e9vrier 2024.<\/span><\/li>\n<li style=\"font-weight: 400;\" aria-level=\"1\"><span style=\"font-weight: 400;\">L&rsquo;Avise a organis\u00e9 le jeudi 7 d\u00e9cembre 2023<\/span><a href=\"https:\/\/www.avise.org\/actualites\/retour-sur-les-rencontres-nationales-des-acteurs-de-levaluation-de-limpact-social\" target=\"_blank\" rel=\"nofollow\"> <span style=\"font-weight: 400;\">les Rencontres nationales des acteurs de l&rsquo;\u00e9valuation de l&rsquo;impact social<\/span><\/a><span style=\"font-weight: 400;\">. Une cinquantaine d&rsquo;acteurs de l&rsquo;\u00e9valuation de l&rsquo;impact social \u00e9tait regroup\u00e9e \u00e0 la <\/span><a href=\"https:\/\/maisondelaconversation.org\/\" target=\"_blank\" rel=\"nofollow\"><span style=\"font-weight: 400;\">Maison de la Conversation<\/span><\/a><span style=\"font-weight: 400;\"> \u00e0 Paris pour une journ\u00e9e d&rsquo;\u00e9change sur six th\u00e9matiques diff\u00e9rentes ayant trait \u00e0 la mesure d\u2019impact social afin de favoriser le partage de connaissance et d\u00e9velopper les pratiques.<\/span><\/li>\n<\/ul>\n<p>&nbsp;<\/p>\n<p><i><span style=\"font-weight: 400;\">A l\u2019international\u00a0<\/span><\/i><\/p>\n<ul>\n<li style=\"font-weight: 400;\" aria-level=\"1\"><span style=\"font-weight: 400;\">L\u2019IAIA (International Association for Impact Assessment) propose plusieurs formations d\u00e9marrant en janvier et f\u00e9vrier autour de la r\u00e9alisation d\u2019\u00e9valuations d\u2019impact efficaces. Plus d\u2019informations et inscriptions <\/span><a href=\"https:\/\/www.iaia.org\/training-online.php\" target=\"_blank\" rel=\"nofollow\"><span style=\"font-weight: 400;\">ici<\/span><\/a><span style=\"font-weight: 400;\">.\u00a0<\/span><\/li>\n<li style=\"font-weight: 400;\" aria-level=\"1\"><span style=\"font-weight: 400;\">Social Value UK propose sa formation <\/span><a href=\"https:\/\/socialvalueuk.org\/online-social-value-and-sroi-practitioner-training\/\" target=\"_blank\" rel=\"nofollow\"><span style=\"font-weight: 400;\">\u201cSocial Value &amp; SROI practitioner \u00bb en ligne<\/span><\/a><span style=\"font-weight: 400;\"> et en pr\u00e9sentiel (en anglais), avec un format de cinq rencontres sur deux semaines. Les prochaines sessions d\u00e9marreront le 14 f\u00e9vrier et le 13 mars.\u00a0<\/span><\/li>\n<\/ul>\n<p>&nbsp;<\/p>\n<p><b>Rapports d\u2019impact<\/b><\/p>\n<p><i><span style=\"font-weight: 400;\">En France<\/span><\/i><\/p>\n<ul>\n<li style=\"font-weight: 400;\" aria-level=\"1\"><span style=\"font-weight: 400;\">En 2022, le Groupe ARES, accompagn\u00e9 par Ellyx, a entrepris<\/span><a href=\"https:\/\/www.avise.org\/ressources\/evaluation-dimpact-social-du-groupe-ares\" target=\"_blank\" rel=\"nofollow\"> <span style=\"font-weight: 400;\">une \u00e9valuation de son impact social<\/span><\/a><span style=\"font-weight: 400;\">, afin de mieux \u00e9valuer les progr\u00e8s r\u00e9alis\u00e9s par les personnes accompagn\u00e9es. Ce travail s\u2019est bas\u00e9 sur un travail collaboratif, notamment via un s\u00e9minaire interne qui a r\u00e9uni 240 salari\u00e9s permanents et a permis de cartographier les impacts recherch\u00e9s. Ce rapport complet permet de mieux comprendre les facteurs cl\u00e9s de r\u00e9ussite d\u2019un parcours d\u2019insertion.<\/span><\/li>\n<\/ul>\n<p>&nbsp;<\/p>\n<p><i><span style=\"font-weight: 400;\">A l\u2019international<\/span><\/i><\/p>\n<ul>\n<li style=\"font-weight: 400;\" aria-level=\"1\"><span style=\"font-weight: 400;\">Des chercheurs publient dans l\u2019American Economic Review une <\/span><a href=\"https:\/\/www.aeaweb.org\/articles?id=10.1257\/aeri.20220427\" target=\"_blank\" rel=\"nofollow\"><span style=\"font-weight: 400;\">\u00e9tude<\/span><\/a><span style=\"font-weight: 400;\"> portant sur l\u2019impact \u00e0 long terme d\u2019une th\u00e9rapie comportementale sur des hommes violents au Liberia. Dix ans apr\u00e8s l\u2019intervention, les comportements comme le vol ou le trafic de drogue avaient diminu\u00e9 plus qu\u2019apr\u00e8s un an.\u00a0<\/span><\/li>\n<li style=\"font-weight: 400;\" aria-level=\"1\"><span style=\"font-weight: 400;\">Gopinath Annadurai et Soham Sahoo de l\u2019Indian Institute of Management de Bangalore ont r\u00e9alis\u00e9 une <\/span><a href=\"https:\/\/www.isid.ac.in\/~acegd\/acegd2023\/papers\/GopinathAnnadurai.pdf\" target=\"_blank\" rel=\"nofollow\"><span style=\"font-weight: 400;\">\u00e9valuation d\u2019impact social portant le programme First-Generation Graduate Scholarship (FGGS)<\/span><\/a><span style=\"font-weight: 400;\">, lanc\u00e9 en 2010 dans l&rsquo;\u00c9tat indien du Tamil Nadu, qui vise \u00e0 dispenser de frais de scolarit\u00e9 les \u00e9tudiants de premi\u00e8re g\u00e9n\u00e9ration qui poursuivent des \u00e9tudes techniques dans les domaines de l&rsquo;ing\u00e9nierie, de la m\u00e9decine et de l&rsquo;agriculture. L\u2019\u00e9tude note que cette politique d&rsquo;inclusion s&rsquo;est traduite par une augmentation d&rsquo;environ 43 % du taux moyen d&rsquo;inscription aux cours professionnels et a conduit \u00e0 plus long terme \u00e0 une r\u00e9orientation des b\u00e9n\u00e9ficiaires vers le secteur des services.\u00a0<\/span><\/li>\n<li style=\"font-weight: 400;\" aria-level=\"1\"><span style=\"font-weight: 400;\">Scott E. Carrell (Universit\u00e9 du Texas) et Michal Kurlaender (Universit\u00e9 de Californie) publient dans l\u2019American Economic Journal un article intitul\u00e9 \u201c<\/span><a href=\"https:\/\/www.aeaweb.org\/articles?id=10.1257\/pol.20210699\" target=\"_blank\" rel=\"nofollow\"><span style=\"font-weight: 400;\">My Professor Cares: Experimental Evidence on the Role of Faculty Engagement\u201d<\/span><\/a><span style=\"font-weight: 400;\"> portant sur l\u2019impact de comportements sp\u00e9cifiques du corps enseignant \u00e0 l\u2019universit\u00e9 visant \u00e0 accro\u00eetre la r\u00e9ussite des \u00e9tudiants issus de groupes historiquement sous-repr\u00e9sent\u00e9s. Le programme a des effets positifs sur la perception plus positive du professeur et les notes obtenues par ces \u00e9l\u00e8ves. A plus long terme, les \u00e9tudiants participant au programme sont plus susceptibles de rester \u00e0 l&rsquo;universit\u00e9, et d\u2019obtenir leur dipl\u00f4me.\u00a0<\/span><\/li>\n<li style=\"font-weight: 400;\" aria-level=\"1\"><span style=\"font-weight: 400;\">Dans le cadre de son projet PIISE (P\u00e9dagogie Innovante et Impact Social en \u00c9ducation), l\u2019Institution Tahar Sebti (ITS) a d\u00e9voil\u00e9<\/span><a href=\"https:\/\/aujourdhui.ma\/societe\/pedagogie-360-linstitution-tahar-sebti-propose-un-nouveau-modele-decole-marocaine\" target=\"_blank\" rel=\"nofollow\"> <span style=\"font-weight: 400;\">les r\u00e9sultats d&rsquo;\u00e9valuation et mesure d&rsquo;impact<\/span><\/a><span style=\"font-weight: 400;\"> de sa m\u00e9thode p\u00e9dagogique jeudi 7 d\u00e9cembre 2023 \u00e0 Casablanca. S\u2019inscrivant dans une d\u00e9marche citoyenne, PIISE se veut un projet pilote innovant et f\u00e9d\u00e9rateur, visant \u00e0 promouvoir un mod\u00e8le d\u2019\u00e9cole inclusive, valorisant le capital humain dans sa globalit\u00e9 et le mettant au centre de sa m\u00e9thodologie. L\u2019approche globale \u00e9tant socioconstructiviste, PIISE int\u00e8gre des d\u00e9marches p\u00e9dagogiques modernes, innovantes, tenant compte des particularit\u00e9s et sp\u00e9cificit\u00e9s des apprenants. Cette vision ambitionne d\u2019inspirer l\u2019\u00e9cosyst\u00e8me \u00e9ducatif marocain et de s\u2019\u00e9tendre progressivement dans le pays.<\/span><\/li>\n<\/ul>\n<p>&nbsp;<\/p>\n<p><b>Publications<\/b><\/p>\n<p><i><span style=\"font-weight: 400;\">En France<\/span><\/i><span style=\"font-weight: 400;\">\u00a0<\/span><\/p>\n<ul>\n<li style=\"font-weight: 400;\" aria-level=\"1\"><span style=\"font-weight: 400;\">Dans un article du DM.COM est livr\u00e9<\/span><a href=\"https:\/\/www.dynamique-mag.com\/article\/top-10-methodes-pour-evaluer-lefficacite-de-votre-programme-de-rse\" target=\"_blank\" rel=\"nofollow\"> <span style=\"font-weight: 400;\">le top 10 des m\u00e9thodes<\/span><\/a><span style=\"font-weight: 400;\">, dont l\u2019\u00e9valuation de l\u2019impact social, pour \u00e9valuer l\u2019efficacit\u00e9 de son programme de responsabilit\u00e9 sociale d\u2019entreprise (RSE). Elles permettent de garantir que l\u2019entreprise contribue r\u00e9ellement au bien-\u00eatre de la soci\u00e9t\u00e9. L\u2019\u00e9valuation de l\u2019efficacit\u00e9 d\u2019un programme de RSE est un processus continu qui exige une approche globale. En utilisant ces m\u00e9thodes, l\u2019entreprise peut s\u2019assurer que ses actions en mati\u00e8re de RSE sont align\u00e9es avec ses objectifs.\u00a0<\/span><\/li>\n<li style=\"font-weight: 400;\" aria-level=\"1\"><span style=\"font-weight: 400;\">Dans un article de Basta magazine,<\/span><a href=\"https:\/\/basta.media\/les-contrats-a-impact-social-cheval-de-troie-financiarisation-des-associations\" target=\"_blank\" rel=\"nofollow\"><span style=\"font-weight: 400;\"> \u00abLes contrats \u00e0 impact social : cheval de Troie de la financiarisation des associations \u00bb<\/span><\/a><span style=\"font-weight: 400;\"> Marianne Langlet, du Collectif des associations citoyennes, fait une revue des \u00ab contrats \u00e0 impact social \u00bb que peuvent signer les associations avec des investisseurs pour de potentiels retours sur investissement. Selon l\u2019auteure, ils menacent l\u2019int\u00e9r\u00eat g\u00e9n\u00e9ral car ils portent une transformation profonde du r\u00f4le des associations et l\u2019\u00e9valuation par la mesure de l\u2019impact, d\u00e9sormais de plus en plus utilis\u00e9e dans les associations, marque cette transformation. Pour Marianne Langlet, \u201cl\u2019\u00e9valuation de l\u2019utilit\u00e9 sociale s\u2019efface au profit d\u2019un contr\u00f4le par la preuve de l\u2019impact d\u2019une action et aussi par la preuve que l\u2019argent plac\u00e9 rapporte ou non\u201d. Pour l\u2019auteure de cet article, cet outil est un cheval de Troie de la financiarisation des associations.\u00a0<\/span><\/li>\n<li style=\"font-weight: 400;\" aria-level=\"1\"><span style=\"font-weight: 400;\">Au sein de L\u00e9o Lagrange Petite Enfance,<\/span><a href=\"https:\/\/www.leolagrange.org\/focus-sur-lexperimentation-devaluation-dimpact-social-au-sein-de-leo-lagrange-petite-enfance\/\" target=\"_blank\" rel=\"nofollow\"> <span style=\"font-weight: 400;\">une d\u00e9marche d\u2019\u00e9valuation d\u2019impact social<\/span><\/a><span style=\"font-weight: 400;\"> a \u00e9t\u00e9 lanc\u00e9e de mars \u00e0 octobre 2023. L\u2019objectif de cette exp\u00e9rimentation est de valoriser l\u2019action de L\u00e9o Lagrange au sein de la petite enfance, l\u2019apport des valeurs de l\u2019\u00e9ducation populaire et ainsi les effets en termes d\u2019insertion, d\u2019inclusion ou encore d\u2019\u00e9galit\u00e9 sur le territoire. Cette d\u00e9marche d\u2019\u00e9valuation de l\u2019impact social repr\u00e9sente une opportunit\u00e9 pour d\u00e9montrer la valeur sociale cr\u00e9\u00e9e par les activit\u00e9s petite enfance de L\u00e9o Lagrange et pour mieux valoriser leur utilit\u00e9 sociale, aussi bien aupr\u00e8s des collectivit\u00e9s, que des parents ou des professionnels.\u00a0 Un bilan de cette d\u00e9marche d\u2019\u00e9valuation est en cours d\u2019\u00e9laboration et sera pr\u00e9sent\u00e9 au s\u00e9minaire petite enfance organis\u00e9 en direction des directeurs du r\u00e9seau L\u00e9o Lagrange les 23 et 24 novembre 2024 \u00e0 Vaulx-en-Velin.<\/span><\/li>\n<li style=\"font-weight: 400;\" aria-level=\"1\"><span style=\"font-weight: 400;\">S\u2019appuyant sur un mat\u00e9riau recueilli dans le cadre d\u2019une \u00e9tude commandit\u00e9e par la DARES, un article de la revue Travail et Emploi :<\/span><a href=\"https:\/\/dares.travail-emploi.gouv.fr\/publication\/territoires-zero-chomeur-de-longue-duree-rupture-ou-convergence-avec-linsertion-par\" target=\"_blank\" rel=\"nofollow\"> <span style=\"font-weight: 400;\">Territoires z\u00e9ro ch\u00f4meur de longue dur\u00e9e. Rupture ou convergence avec l\u2019insertion par l\u2019activit\u00e9 \u00e9conomique<\/span><\/a><span style=\"font-weight: 400;\"> ? s&rsquo;int\u00e9resse aux points communs et aux divergences entre l&rsquo;exp\u00e9rimentation territoires z\u00e9ro ch\u00f4meur de longue dur\u00e9e et les dispositifs de l&rsquo;insertion par l&rsquo;activit\u00e9 \u00e9conomique. A l\u2019issue de cette \u00e9tude il est mis en \u00e9vidence combien l\u2019ambition originelle du projet le positionne \u00e0 distance des \u00e9volutions de l\u2019insertion par l\u2019activit\u00e9 \u00e9conomique. Pour autant, l\u2019op\u00e9rationnalisation de l\u2019exp\u00e9rimentation produit des formes de convergence avec cette derni\u00e8re.<\/span><\/li>\n<li style=\"font-weight: 400;\" aria-level=\"1\"><span style=\"font-weight: 400;\">La publication<\/span><a href=\"https:\/\/www.avise.org\/ressources\/sapproprier-adopter-la-mesure-dimpact-social-quoi-faut-il-reflechir\" target=\"_blank\" rel=\"nofollow\"> <span style=\"font-weight: 400;\">\u00ab S\u2019approprier (adopter) la mesure d\u2019impact social : \u00e0 quoi faut-il r\u00e9fl\u00e9chir ? \u00bb<\/span><\/a><span style=\"font-weight: 400;\"> r\u00e9alis\u00e9e par la Chaire ESS de l&rsquo;Universit\u00e9 Lyon II, vise \u00e0 apporter des cl\u00e9s de compr\u00e9hension autour des principales questions li\u00e9es aux d\u00e9marches d&rsquo;\u00e9valuation. Ce quatri\u00e8me carnet de la chaire ESS de l&rsquo;Universit\u00e9 Lyon II propose de r\u00e9pondre aux questions <\/span><i><span style=\"font-weight: 400;\">Pourquoi ? Quoi ? Quand ? Qui ? Comment ?<\/span><\/i><span style=\"font-weight: 400;\"> pos\u00e9es dans les d\u00e9marches d&rsquo;\u00e9valuation de l&rsquo;impact social des entreprises de l&rsquo;ESS \u00e0 l\u2019\u00e9chelle de la m\u00e9tropole Lyonnaise et plus largement en Auvergne Rh\u00f4ne Alpes (AURA).<\/span><\/li>\n<\/ul>\n<p>&nbsp;<\/p>\n<p><i><span style=\"font-weight: 400;\">A l\u2019international\u00a0<\/span><\/i><\/p>\n<ul>\n<li style=\"font-weight: 400;\" aria-level=\"1\"><span style=\"font-weight: 400;\">Eval Academy propose un <\/span><a href=\"https:\/\/www.evalacademy.com\/articles\/stratified-random-sampling-in-evaluation?ss_source=sscampaigns&amp;ss_campaign_id=65837187e9bca32075a538a7&amp;ss_email_id=65a548849f437c493f720ea8&amp;ss_campaign_name=Don%E2%80%99t+miss+out+on+our+latest+evaluation+tips+and+tricks%21&amp;ss_campaign_sent_date=2024-01-15T15%3A00%3A55Z\" target=\"_blank\" rel=\"nofollow\"><span style=\"font-weight: 400;\">article m\u00e9thodologique<\/span><\/a><span style=\"font-weight: 400;\"> sur l\u2019\u00e9chantillonnage al\u00e9atoire stratifi\u00e9, une m\u00e9thode permettant d\u2019obtenir un \u00e9chantillon repr\u00e9sentatif d\u2019une population. Plut\u00f4t que de s\u00e9lectionner au hasard tous les membres d&rsquo;une population (comme dans l&rsquo;\u00e9chantillonnage al\u00e9atoire), l&rsquo;\u00e9chantillonnage stratifi\u00e9 divise la population concern\u00e9e en sous-groupes distincts ou strates sur la base de caract\u00e9ristiques d\u00e9sign\u00e9es. Une fois la population stratifi\u00e9e, un \u00e9chantillon al\u00e9atoire est pr\u00e9lev\u00e9 dans chacune des strates. Cela permet de s&rsquo;assurer que chaque sous-groupe est ad\u00e9quatement repr\u00e9sent\u00e9 dans l&rsquo;\u00e9chantillon final.<\/span><\/li>\n<li style=\"font-weight: 400;\" aria-level=\"1\"><span style=\"font-weight: 400;\">Lisa Hehenberger et Leonora Buckland publient un article intitul\u00e9 <\/span><a href=\"https:\/\/madoc.bib.uni-mannheim.de\/66239\/1\/9780192868343.pdf#page=157\" target=\"_blank\" rel=\"nofollow\"><span style=\"font-weight: 400;\">\u201cHow impact measurement fosters the social economy\u201d<\/span><\/a><span style=\"font-weight: 400;\"> dans lequel elles reviennent sur des enjeux cl\u00e9 li\u00e9s \u00e0 l\u2019\u00e9valuation d\u2019impact social\u00a0 avant de formuler des recommandations pour les d\u00e9cideurs politiques portant notamment sur l\u2019importance d\u2019un agenda de recherche sur le sujet.\u00a0<\/span><\/li>\n<li style=\"font-weight: 400;\" aria-level=\"1\"><span style=\"font-weight: 400;\">Dans un article de blog, 3ie (International Initiative for Impact Evaluation) pr\u00e9sente les <\/span><a href=\"https:\/\/www.3ieimpact.org\/blogs\/unveiling-trends-impact-evaluations-across-sub-saharan-africa\" target=\"_blank\" rel=\"nofollow\"><span style=\"font-weight: 400;\">tendances observ\u00e9es concernant la r\u00e9alisation d\u2019\u00e9valuations d\u2019impact social en Afrique sub-saharienne depuis 1990<\/span><\/a><span style=\"font-weight: 400;\">. On y observe une nette hausse des travaux r\u00e9alis\u00e9s \u00e0 partir de 2010, ainsi qu\u2019une concentration d&rsquo;\u00e9tudes produite dans des pays d\u2019Afrique de l\u2019Est.\u00a0<\/span><\/li>\n<li style=\"font-weight: 400;\" aria-level=\"1\"><span style=\"font-weight: 400;\">En 2021, l\u2019Association sud-africaine de suivi et d\u2019\u00e9valuation a organis\u00e9 un hackathon de l\u2019\u00e9valuation impliquant diverses parties prenantes dans des processus de co-cr\u00e9ation pour r\u00e9pondre \u00e0 des d\u00e9fis li\u00e9s \u00e0 l\u2019\u00e9valuation d\u2019impact. Un <\/span><a href=\"https:\/\/journals.sagepub.com\/doi\/pdf\/10.1177\/13563890231223174\" target=\"_blank\" rel=\"nofollow\"><span style=\"font-weight: 400;\">article<\/span><\/a><span style=\"font-weight: 400;\"> revient sur le d\u00e9roul\u00e9 de ce hackathon ainsi que ses facteurs cl\u00e9s de succ\u00e8s.<\/span><\/li>\n<\/ul>\n<p>&nbsp;<\/p>\n<p><b>Newsletters<\/b><\/p>\n<ul>\n<li style=\"font-weight: 400;\" aria-level=\"1\"><a href=\"https:\/\/www.avise.org\/newsletters\" target=\"_blank\" rel=\"nofollow\"><span style=\"font-weight: 400;\">La newsletter de l\u2019Avise sur l\u2019\u00e9valuation d\u2019impact social en France<\/span><\/a><\/li>\n<li style=\"font-weight: 400;\" aria-level=\"1\"><a href=\"https:\/\/ssir.org\/email\" target=\"_blank\" rel=\"nofollow\"><span style=\"font-weight: 400;\">La newsletter de Stanford Social Innovation Review (SSIR)<\/span><\/a><\/li>\n<\/ul>\n<p>&nbsp;<\/p>\n<p><span style=\"font-weight: 400;\">Retrouvez tous les mois notre veille internationale sur l\u2019\u00e9valuation d&rsquo;impact social sur la page <\/span><a href=\"https:\/\/www.linkedin.com\/company\/42301082\/\" target=\"_blank\" rel=\"nofollow\"><span style=\"font-weight: 400;\">LinkedIn du Labo<\/span><\/a><span style=\"font-weight: 400;\">. Des questions ? Des propositions de contributions ou des solutions pour l\u2019\u00e9valuation d\u2019impact social ? Contactez-nous via<\/span> <a href=\"http:\/\/mailto:leclerc@essec.edu\" target=\"_blank\" rel=\"nofollow\"><span style=\"font-weight: 400;\">leclerc@essec.edu<\/span><\/a><span style=\"font-weight: 400;\">\u00a0<\/span><\/p>\n<p><span style=\"font-weight: 400;\">Note de Veille r\u00e9dig\u00e9e par <\/span><b>Clara Cohade<\/b><span style=\"font-weight: 400;\"> et <\/span><b>Clara Brochard Kapela, <\/b><span style=\"font-weight: 400;\">sous la direction d\u2019<\/span><b>Elise Leclerc.<\/b><\/p>\n<p>[\/et_pb_text][\/et_pb_column][\/et_pb_row][\/et_pb_section]<\/p>\n","protected":false},"excerpt":{"rendered":"<p>Veille mensuelle fran\u00e7aise et internationale de l\u2019\u00e9valuation d\u2019impact social n\u00b027 &#8211; Actualit\u00e9s Janvier 2024 \u00c9v\u00e9nements et actualit\u00e9s du secteur En France Lors des journ\u00e9es de l\u2019\u00e9conomie autrement, organis\u00e9es par le m\u00e9dia Alternatives \u00c9conomiques, qui se sont d\u00e9roul\u00e9es \u00e0 Dijon les 24 et 25 novembre 2023, une table-ronde intitul\u00e9e \u00ab Impact social et environnemental : comment [&hellip;]<\/p>\n","protected":false},"author":2,"featured_media":0,"comment_status":"open","ping_status":"open","sticky":false,"template":"","format":"standard","meta":{"_et_pb_use_builder":"on","_et_pb_old_content":"","_et_gb_content_width":"","inline_featured_image":false},"categories":[1],"tags":[],"yoast_head":"<!-- This site is optimized with the Yoast SEO plugin v20.11 - https:\/\/yoast.com\/wordpress\/plugins\/seo\/ -->\n<title>Veille n\u00b027 : Les actualit\u00e9s de Janvier 2024 - Centre Innovation Sociale et Ecologique<\/title>\n<meta name=\"robots\" content=\"noindex, follow\" \/>\n<meta property=\"og:locale\" content=\"fr_FR\" \/>\n<meta property=\"og:type\" content=\"article\" \/>\n<meta property=\"og:title\" content=\"Veille n\u00b027 : Les actualit\u00e9s de Janvier 2024 - Centre Innovation Sociale et Ecologique\" \/>\n<meta property=\"og:description\" content=\"Veille mensuelle fran\u00e7aise et internationale de l\u2019\u00e9valuation d\u2019impact social n\u00b027 - Actualit\u00e9s Janvier 2024 \u00c9v\u00e9nements et actualit\u00e9s du secteur En France Lors des journ\u00e9es de l\u2019\u00e9conomie autrement, organis\u00e9es par le m\u00e9dia Alternatives \u00c9conomiques, qui se sont d\u00e9roul\u00e9es \u00e0 Dijon les 24 et 25 novembre 2023, une table-ronde intitul\u00e9e \u00ab Impact social et environnemental : comment [&hellip;]\" \/>\n<meta property=\"og:url\" content=\"https:\/\/centre-innovation-sociale-ecologique.essec.edu\/index.php\/2024\/02\/26\/veille-n27-les-actualites-de-janvier-2024\/\" \/>\n<meta property=\"og:site_name\" content=\"Centre Innovation Sociale et Ecologique\" \/>\n<meta property=\"article:published_time\" content=\"2024-02-26T13:48:14+00:00\" \/>\n<meta property=\"article:modified_time\" content=\"2024-02-26T13:48:19+00:00\" \/>\n<meta name=\"author\" content=\"Essec\" \/>\n<meta name=\"twitter:card\" content=\"summary_large_image\" \/>\n<meta name=\"twitter:label1\" content=\"\u00c9crit par\" \/>\n\t<meta name=\"twitter:data1\" content=\"Essec\" \/>\n\t<meta name=\"twitter:label2\" content=\"Dur\u00e9e de lecture estim\u00e9e\" \/>\n\t<meta name=\"twitter:data2\" content=\"11 minutes\" \/>\n<script type=\"application\/ld+json\" class=\"yoast-schema-graph\">{\"@context\":\"https:\/\/schema.org\",\"@graph\":[{\"@type\":\"Article\",\"@id\":\"https:\/\/centre-innovation-sociale-ecologique.essec.edu\/index.php\/2024\/02\/26\/veille-n27-les-actualites-de-janvier-2024\/#article\",\"isPartOf\":{\"@id\":\"https:\/\/centre-innovation-sociale-ecologique.essec.edu\/index.php\/2024\/02\/26\/veille-n27-les-actualites-de-janvier-2024\/\"},\"author\":{\"name\":\"Essec\",\"@id\":\"https:\/\/centre-innovation-sociale-ecologique.essec.edu\/#\/schema\/person\/ffb9b21a7056cc497e2fe8732aa91fcc\"},\"headline\":\"Veille n\u00b027 : Les actualit\u00e9s de Janvier 2024\",\"datePublished\":\"2024-02-26T13:48:14+00:00\",\"dateModified\":\"2024-02-26T13:48:19+00:00\",\"mainEntityOfPage\":{\"@id\":\"https:\/\/centre-innovation-sociale-ecologique.essec.edu\/index.php\/2024\/02\/26\/veille-n27-les-actualites-de-janvier-2024\/\"},\"wordCount\":2223,\"commentCount\":0,\"publisher\":{\"@id\":\"https:\/\/centre-innovation-sociale-ecologique.essec.edu\/#organization\"},\"inLanguage\":\"fr-FR\",\"potentialAction\":[{\"@type\":\"CommentAction\",\"name\":\"Comment\",\"target\":[\"https:\/\/centre-innovation-sociale-ecologique.essec.edu\/index.php\/2024\/02\/26\/veille-n27-les-actualites-de-janvier-2024\/#respond\"]}]},{\"@type\":\"WebPage\",\"@id\":\"https:\/\/centre-innovation-sociale-ecologique.essec.edu\/index.php\/2024\/02\/26\/veille-n27-les-actualites-de-janvier-2024\/\",\"url\":\"https:\/\/centre-innovation-sociale-ecologique.essec.edu\/index.php\/2024\/02\/26\/veille-n27-les-actualites-de-janvier-2024\/\",\"name\":\"Veille n\u00b027 : Les actualit\u00e9s de Janvier 2024 - Centre Innovation Sociale et Ecologique\",\"isPartOf\":{\"@id\":\"https:\/\/centre-innovation-sociale-ecologique.essec.edu\/#website\"},\"datePublished\":\"2024-02-26T13:48:14+00:00\",\"dateModified\":\"2024-02-26T13:48:19+00:00\",\"breadcrumb\":{\"@id\":\"https:\/\/centre-innovation-sociale-ecologique.essec.edu\/index.php\/2024\/02\/26\/veille-n27-les-actualites-de-janvier-2024\/#breadcrumb\"},\"inLanguage\":\"fr-FR\",\"potentialAction\":[{\"@type\":\"ReadAction\",\"target\":[\"https:\/\/centre-innovation-sociale-ecologique.essec.edu\/index.php\/2024\/02\/26\/veille-n27-les-actualites-de-janvier-2024\/\"]}]},{\"@type\":\"BreadcrumbList\",\"@id\":\"https:\/\/centre-innovation-sociale-ecologique.essec.edu\/index.php\/2024\/02\/26\/veille-n27-les-actualites-de-janvier-2024\/#breadcrumb\",\"itemListElement\":[{\"@type\":\"ListItem\",\"position\":1,\"name\":\"Home\",\"item\":\"https:\/\/centre-innovation-sociale-ecologique.essec.edu\/\"},{\"@type\":\"ListItem\",\"position\":2,\"name\":\"Veille n\u00b027 : Les actualit\u00e9s de Janvier 2024\"}]},{\"@type\":\"WebSite\",\"@id\":\"https:\/\/centre-innovation-sociale-ecologique.essec.edu\/#website\",\"url\":\"https:\/\/centre-innovation-sociale-ecologique.essec.edu\/\",\"name\":\"Centre Innovation Sociale et Ecologique\",\"description\":\"\",\"publisher\":{\"@id\":\"https:\/\/centre-innovation-sociale-ecologique.essec.edu\/#organization\"},\"potentialAction\":[{\"@type\":\"SearchAction\",\"target\":{\"@type\":\"EntryPoint\",\"urlTemplate\":\"https:\/\/centre-innovation-sociale-ecologique.essec.edu\/?s={search_term_string}\"},\"query-input\":\"required name=search_term_string\"}],\"inLanguage\":\"fr-FR\"},{\"@type\":\"Organization\",\"@id\":\"https:\/\/centre-innovation-sociale-ecologique.essec.edu\/#organization\",\"name\":\"Essec Business School\",\"url\":\"https:\/\/centre-innovation-sociale-ecologique.essec.edu\/\",\"logo\":{\"@type\":\"ImageObject\",\"inLanguage\":\"fr-FR\",\"@id\":\"https:\/\/centre-innovation-sociale-ecologique.essec.edu\/#\/schema\/logo\/image\/\",\"url\":\"https:\/\/impactinitiative.essec.edu\/wp-content\/uploads\/2020\/11\/ESSEC_BS_logo_BLANC.png\",\"contentUrl\":\"https:\/\/impactinitiative.essec.edu\/wp-content\/uploads\/2020\/11\/ESSEC_BS_logo_BLANC.png\",\"width\":546,\"height\":509,\"caption\":\"Essec Business School\"},\"image\":{\"@id\":\"https:\/\/centre-innovation-sociale-ecologique.essec.edu\/#\/schema\/logo\/image\/\"}},{\"@type\":\"Person\",\"@id\":\"https:\/\/centre-innovation-sociale-ecologique.essec.edu\/#\/schema\/person\/ffb9b21a7056cc497e2fe8732aa91fcc\",\"name\":\"Essec\",\"image\":{\"@type\":\"ImageObject\",\"inLanguage\":\"fr-FR\",\"@id\":\"https:\/\/centre-innovation-sociale-ecologique.essec.edu\/#\/schema\/person\/image\/\",\"url\":\"https:\/\/secure.gravatar.com\/avatar\/253b1a21aeb6e83a39f89170d50e3784?s=96&d=mm&r=g\",\"contentUrl\":\"https:\/\/secure.gravatar.com\/avatar\/253b1a21aeb6e83a39f89170d50e3784?s=96&d=mm&r=g\",\"caption\":\"Essec\"}}]}<\/script>\n<!-- \/ Yoast SEO plugin. -->","yoast_head_json":{"title":"Veille n\u00b027 : Les actualit\u00e9s de Janvier 2024 - Centre Innovation Sociale et Ecologique","robots":{"index":"noindex","follow":"follow"},"og_locale":"fr_FR","og_type":"article","og_title":"Veille n\u00b027 : Les actualit\u00e9s de Janvier 2024 - Centre Innovation Sociale et Ecologique","og_description":"Veille mensuelle fran\u00e7aise et internationale de l\u2019\u00e9valuation d\u2019impact social n\u00b027 - Actualit\u00e9s Janvier 2024 \u00c9v\u00e9nements et actualit\u00e9s du secteur En France Lors des journ\u00e9es de l\u2019\u00e9conomie autrement, organis\u00e9es par le m\u00e9dia Alternatives \u00c9conomiques, qui se sont d\u00e9roul\u00e9es \u00e0 Dijon les 24 et 25 novembre 2023, une table-ronde intitul\u00e9e \u00ab Impact social et environnemental : comment [&hellip;]","og_url":"https:\/\/centre-innovation-sociale-ecologique.essec.edu\/index.php\/2024\/02\/26\/veille-n27-les-actualites-de-janvier-2024\/","og_site_name":"Centre Innovation Sociale et Ecologique","article_published_time":"2024-02-26T13:48:14+00:00","article_modified_time":"2024-02-26T13:48:19+00:00","author":"Essec","twitter_card":"summary_large_image","twitter_misc":{"\u00c9crit par":"Essec","Dur\u00e9e de lecture estim\u00e9e":"11 minutes"},"schema":{"@context":"https:\/\/schema.org","@graph":[{"@type":"Article","@id":"https:\/\/centre-innovation-sociale-ecologique.essec.edu\/index.php\/2024\/02\/26\/veille-n27-les-actualites-de-janvier-2024\/#article","isPartOf":{"@id":"https:\/\/centre-innovation-sociale-ecologique.essec.edu\/index.php\/2024\/02\/26\/veille-n27-les-actualites-de-janvier-2024\/"},"author":{"name":"Essec","@id":"https:\/\/centre-innovation-sociale-ecologique.essec.edu\/#\/schema\/person\/ffb9b21a7056cc497e2fe8732aa91fcc"},"headline":"Veille n\u00b027 : Les actualit\u00e9s de Janvier 2024","datePublished":"2024-02-26T13:48:14+00:00","dateModified":"2024-02-26T13:48:19+00:00","mainEntityOfPage":{"@id":"https:\/\/centre-innovation-sociale-ecologique.essec.edu\/index.php\/2024\/02\/26\/veille-n27-les-actualites-de-janvier-2024\/"},"wordCount":2223,"commentCount":0,"publisher":{"@id":"https:\/\/centre-innovation-sociale-ecologique.essec.edu\/#organization"},"inLanguage":"fr-FR","potentialAction":[{"@type":"CommentAction","name":"Comment","target":["https:\/\/centre-innovation-sociale-ecologique.essec.edu\/index.php\/2024\/02\/26\/veille-n27-les-actualites-de-janvier-2024\/#respond"]}]},{"@type":"WebPage","@id":"https:\/\/centre-innovation-sociale-ecologique.essec.edu\/index.php\/2024\/02\/26\/veille-n27-les-actualites-de-janvier-2024\/","url":"https:\/\/centre-innovation-sociale-ecologique.essec.edu\/index.php\/2024\/02\/26\/veille-n27-les-actualites-de-janvier-2024\/","name":"Veille n\u00b027 : Les actualit\u00e9s de Janvier 2024 - Centre Innovation Sociale et Ecologique","isPartOf":{"@id":"https:\/\/centre-innovation-sociale-ecologique.essec.edu\/#website"},"datePublished":"2024-02-26T13:48:14+00:00","dateModified":"2024-02-26T13:48:19+00:00","breadcrumb":{"@id":"https:\/\/centre-innovation-sociale-ecologique.essec.edu\/index.php\/2024\/02\/26\/veille-n27-les-actualites-de-janvier-2024\/#breadcrumb"},"inLanguage":"fr-FR","potentialAction":[{"@type":"ReadAction","target":["https:\/\/centre-innovation-sociale-ecologique.essec.edu\/index.php\/2024\/02\/26\/veille-n27-les-actualites-de-janvier-2024\/"]}]},{"@type":"BreadcrumbList","@id":"https:\/\/centre-innovation-sociale-ecologique.essec.edu\/index.php\/2024\/02\/26\/veille-n27-les-actualites-de-janvier-2024\/#breadcrumb","itemListElement":[{"@type":"ListItem","position":1,"name":"Home","item":"https:\/\/centre-innovation-sociale-ecologique.essec.edu\/"},{"@type":"ListItem","position":2,"name":"Veille n\u00b027 : Les actualit\u00e9s de Janvier 2024"}]},{"@type":"WebSite","@id":"https:\/\/centre-innovation-sociale-ecologique.essec.edu\/#website","url":"https:\/\/centre-innovation-sociale-ecologique.essec.edu\/","name":"Centre Innovation Sociale et Ecologique","description":"","publisher":{"@id":"https:\/\/centre-innovation-sociale-ecologique.essec.edu\/#organization"},"potentialAction":[{"@type":"SearchAction","target":{"@type":"EntryPoint","urlTemplate":"https:\/\/centre-innovation-sociale-ecologique.essec.edu\/?s={search_term_string}"},"query-input":"required name=search_term_string"}],"inLanguage":"fr-FR"},{"@type":"Organization","@id":"https:\/\/centre-innovation-sociale-ecologique.essec.edu\/#organization","name":"Essec Business School","url":"https:\/\/centre-innovation-sociale-ecologique.essec.edu\/","logo":{"@type":"ImageObject","inLanguage":"fr-FR","@id":"https:\/\/centre-innovation-sociale-ecologique.essec.edu\/#\/schema\/logo\/image\/","url":"https:\/\/impactinitiative.essec.edu\/wp-content\/uploads\/2020\/11\/ESSEC_BS_logo_BLANC.png","contentUrl":"https:\/\/impactinitiative.essec.edu\/wp-content\/uploads\/2020\/11\/ESSEC_BS_logo_BLANC.png","width":546,"height":509,"caption":"Essec Business School"},"image":{"@id":"https:\/\/centre-innovation-sociale-ecologique.essec.edu\/#\/schema\/logo\/image\/"}},{"@type":"Person","@id":"https:\/\/centre-innovation-sociale-ecologique.essec.edu\/#\/schema\/person\/ffb9b21a7056cc497e2fe8732aa91fcc","name":"Essec","image":{"@type":"ImageObject","inLanguage":"fr-FR","@id":"https:\/\/centre-innovation-sociale-ecologique.essec.edu\/#\/schema\/person\/image\/","url":"https:\/\/secure.gravatar.com\/avatar\/253b1a21aeb6e83a39f89170d50e3784?s=96&d=mm&r=g","contentUrl":"https:\/\/secure.gravatar.com\/avatar\/253b1a21aeb6e83a39f89170d50e3784?s=96&d=mm&r=g","caption":"Essec"}}]}},"_links":{"self":[{"href":"https:\/\/centre-innovation-sociale-ecologique.essec.edu\/index.php\/wp-json\/wp\/v2\/posts\/8894"}],"collection":[{"href":"https:\/\/centre-innovation-sociale-ecologique.essec.edu\/index.php\/wp-json\/wp\/v2\/posts"}],"about":[{"href":"https:\/\/centre-innovation-sociale-ecologique.essec.edu\/index.php\/wp-json\/wp\/v2\/types\/post"}],"author":[{"embeddable":true,"href":"https:\/\/centre-innovation-sociale-ecologique.essec.edu\/index.php\/wp-json\/wp\/v2\/users\/2"}],"replies":[{"embeddable":true,"href":"https:\/\/centre-innovation-sociale-ecologique.essec.edu\/index.php\/wp-json\/wp\/v2\/comments?post=8894"}],"version-history":[{"count":10,"href":"https:\/\/centre-innovation-sociale-ecologique.essec.edu\/index.php\/wp-json\/wp\/v2\/posts\/8894\/revisions"}],"predecessor-version":[{"id":8914,"href":"https:\/\/centre-innovation-sociale-ecologique.essec.edu\/index.php\/wp-json\/wp\/v2\/posts\/8894\/revisions\/8914"}],"wp:attachment":[{"href":"https:\/\/centre-innovation-sociale-ecologique.essec.edu\/index.php\/wp-json\/wp\/v2\/media?parent=8894"}],"wp:term":[{"taxonomy":"category","embeddable":true,"href":"https:\/\/centre-innovation-sociale-ecologique.essec.edu\/index.php\/wp-json\/wp\/v2\/categories?post=8894"},{"taxonomy":"post_tag","embeddable":true,"href":"https:\/\/centre-innovation-sociale-ecologique.essec.edu\/index.php\/wp-json\/wp\/v2\/tags?post=8894"}],"curies":[{"name":"wp","href":"https:\/\/api.w.org\/{rel}","templated":true}]}}