{"id":8511,"date":"2023-07-25T02:32:39","date_gmt":"2023-07-25T00:32:39","guid":{"rendered":"https:\/\/centre-innovation-sociale-ecologique.essec.edu\/?p=8511"},"modified":"2023-07-25T02:43:27","modified_gmt":"2023-07-25T00:43:27","slug":"veille-n23-les-dernieres-actualites","status":"publish","type":"post","link":"https:\/\/centre-innovation-sociale-ecologique.essec.edu\/index.php\/2023\/07\/25\/veille-n23-les-dernieres-actualites\/","title":{"rendered":"Veille n\u00b023 : Les derni\u00e8res actualit\u00e9s"},"content":{"rendered":"<p>[et_pb_section fb_built=\u00a0\u00bb1&Prime; admin_label=\u00a0\u00bbsection\u00a0\u00bb _builder_version=\u00a0\u00bb4.16&Prime; custom_padding=\u00a0\u00bb1px|||||\u00a0\u00bb global_colors_info=\u00a0\u00bb{}\u00a0\u00bb][et_pb_row admin_label=\u00a0\u00bbrow\u00a0\u00bb _builder_version=\u00a0\u00bb4.16&Prime; background_size=\u00a0\u00bbinitial\u00a0\u00bb background_position=\u00a0\u00bbtop_left\u00a0\u00bb background_repeat=\u00a0\u00bbrepeat\u00a0\u00bb global_colors_info=\u00a0\u00bb{}\u00a0\u00bb][et_pb_column type=\u00a0\u00bb4_4&Prime; _builder_version=\u00a0\u00bb4.16&Prime; custom_padding=\u00a0\u00bb|||\u00a0\u00bb global_colors_info=\u00a0\u00bb{}\u00a0\u00bb custom_padding__hover=\u00a0\u00bb|||\u00a0\u00bb][et_pb_image src=\u00a0\u00bbhttps:\/\/centre-innovation-sociale-ecologique.essec.edu\/wp-content\/uploads\/2021\/11\/patrick-perkins-ETRPjvb0KM0-unsplash-scaled.jpg\u00a0\u00bb title_text=\u00a0\u00bbpatrick-perkins-ETRPjvb0KM0-unsplash\u00a0\u00bb _builder_version=\u00a0\u00bb4.21.0&Prime; _module_preset=\u00a0\u00bbdefault\u00a0\u00bb global_colors_info=\u00a0\u00bb{}\u00a0\u00bb][\/et_pb_image][et_pb_text _builder_version=\u00a0\u00bb4.21.0&Prime; _module_preset=\u00a0\u00bbdefault\u00a0\u00bb custom_padding=\u00a0\u00bb||3px|||\u00a0\u00bb global_colors_info=\u00a0\u00bb{}\u00a0\u00bb]<\/p>\n<p><i><span style=\"font-weight: 400;\">Juillet 2023<\/span><\/i><\/p>\n<p><b>\u00c9v\u00e9nements et actualit\u00e9s du secteur<\/b><\/p>\n<p><i><span style=\"font-weight: 400;\">En France<\/span><\/i><\/p>\n<ul>\n<li style=\"font-weight: 400;\" aria-level=\"1\"><span style=\"font-weight: 400;\">Interrog\u00e9 par <\/span><a href=\"https:\/\/www.ecofoot.fr\/\" target=\"_blank\" rel=\"nofollow\"><span style=\"font-weight: 400;\">Ecofoot<\/span><\/a><span style=\"font-weight: 400;\">, Yohan Penel, pr\u00e9sident de la F\u00e9d\u00e9ration Fran\u00e7aise de Badminton, revient sur les travaux engag\u00e9s par la <\/span><a href=\"https:\/\/www.ffbad.org\/\" target=\"_blank\" rel=\"nofollow\"><span style=\"font-weight: 400;\">FFBaD<\/span><\/a><span style=\"font-weight: 400;\"> afin de d\u00e9velopper et de mesurer l&rsquo;impact social de la pratique du badminton. Dans cette <\/span><a href=\"https:\/\/www.ecofoot.fr\/interview-yohan-penel-ffbad-performance-sociale-5654\/\" target=\"_blank\" rel=\"nofollow\"><span style=\"font-weight: 400;\">interview<\/span><\/a><span style=\"font-weight: 400;\">, Yohan Penel explique que la f\u00e9d\u00e9ration cherche \u00e0 r\u00e9pondre \u00e0 la question fondamentale de son utilit\u00e9 sociale et politique. La FFBaD travaille avec le <\/span><a href=\"https:\/\/impactinitiative.essec.edu\/index.php\/laboratoire-emise\/\" target=\"_blank\" rel=\"nofollow\"><span style=\"font-weight: 400;\">Laboratoire E&amp;MISE de l\u2019ESSEC<\/span><\/a><span style=\"font-weight: 400;\"> pour d\u00e9velopper un r\u00e9f\u00e9rentiel de mesure d&rsquo;impact de la pratique du badminton, afin d&rsquo;objectiver les b\u00e9n\u00e9fices sociaux et environnementaux de ce sport.\u00a0<\/span><\/li>\n<li style=\"font-weight: 400;\" aria-level=\"1\"><span style=\"font-weight: 400;\">Le 22 juin dernier s\u2019est d\u00e9roul\u00e9e l\u2019<\/span><a href=\"https:\/\/www.avise.org\/actualites\/levaluation-de-limpact-au-centre-des-debats-lors-de-lassemblee-generale-de-lavise\" target=\"_blank\" rel=\"nofollow\"><span style=\"font-weight: 400;\">Assembl\u00e9e g\u00e9n\u00e9rale de l&rsquo;Avise<\/span><\/a><span style=\"font-weight: 400;\">. L&rsquo;\u00e9valuation de l&rsquo;impact des entreprises de l&rsquo;\u00e9conomie sociale et solidaire (ESS) \u00e9tait au c\u0153ur des d\u00e9bats. Les structures de l&rsquo;ESS ont de plus en plus recours \u00e0 l&rsquo;\u00e9valuation de l&rsquo;impact social et environnemental mais il est difficile de standardiser l&rsquo;\u00e9valuation en raison des diff\u00e9rentes motivations et enjeux propres \u00e0 chaque acteur. On y apprend que des programmes de formation et d&rsquo;accompagnement collectif sont mis en place pour soutenir les entreprises de l&rsquo;ESS dans leurs d\u00e9marches d&rsquo;\u00e9valuation.\u00a0<\/span><\/li>\n<\/ul>\n<p>&nbsp;<\/p>\n<p><i><span style=\"font-weight: 400;\">A l\u2019international\u00a0<\/span><\/i><\/p>\n<ul>\n<li style=\"font-weight: 400;\" aria-level=\"1\"><span style=\"font-weight: 400;\">Fin mai, Social Value UK a <\/span><a href=\"https:\/\/socialvalueuk.org\/svuk-responds-to-the-procurement-bill\/\" target=\"_blank\" rel=\"nofollow\"><span style=\"font-weight: 400;\">r\u00e9agi \u00e0 la parution d\u2019un nouveau projet de loi relatif aux march\u00e9s publics<\/span><\/a><span style=\"font-weight: 400;\"> au Royaume-Uni. Celle-ci propose de passer de l&rsquo;offre \u00e9conomiquement la plus avantageuse \u00e0 l&rsquo;offre la plus avantageuse, ouvrant la porte \u00e0 la prise en compte d&rsquo;autres enjeux. Parmi les recommandations formul\u00e9es par Social Value UK figure celle de remplacer \u00ab\u00a0public benefit\u00a0\u00bb et \u00ab\u00a0value for money\u00a0\u00bb dans le projet de loi sur les march\u00e9s publics par le terme plus robuste de \u00ab\u00a0social value\u00a0\u00bb afin de garantir les meilleurs r\u00e9sultats pour les contribuables britanniques et la soci\u00e9t\u00e9 dans son ensemble.<\/span><\/li>\n<li style=\"font-weight: 400;\" aria-level=\"1\"><span style=\"font-weight: 400;\">Better Evaluation publie un nouvel outil intitul\u00e9 <\/span><a href=\"https:\/\/www.betterevaluation.org\/methods-approaches\/approaches\/outcome-harvesting\" target=\"_blank\" rel=\"nofollow\"><span style=\"font-weight: 400;\">Outcomes Harvesting<\/span><\/a><span style=\"font-weight: 400;\">.\u00a0 Contrairement \u00e0 la plupart des approches d&rsquo;\u00e9valuation, l&rsquo;Outcome Harvesting ne mesure pas les progr\u00e8s accomplis vers des objectifs ou des r\u00e9sultats pr\u00e9d\u00e9finis, mais recueille plut\u00f4t des preuves de ce qui a chang\u00e9 et, en remontant le fil du temps, d\u00e9termine si et comment une intervention a contribu\u00e9 \u00e0 ces changements. Les r\u00e9sultats peuvent \u00eatre positifs ou n\u00e9gatifs, voulus ou non, directs ou indirects, mais le lien entre l&rsquo;intervention et les r\u00e9sultats doit \u00eatre plausible.<\/span><\/li>\n<li style=\"font-weight: 400;\" aria-level=\"1\"><span style=\"font-weight: 400;\">Werner Schouten, directeur de l\u2019Impact Economy Foundation (Pays-Bas) publie dans la revue de la Rotterdam School of Management un article intitul\u00e9 \u201c<\/span><a href=\"https:\/\/www.rsm.nl\/erasmus-platform-for-sustainable-value-creation\/detail\/15529-why-the-cfo-should-become-a-chief-value-officer\/\" target=\"_blank\" rel=\"nofollow\"><span style=\"font-weight: 400;\">Why the CFO should become a Chief Value Officer.\u00a0\u00bb<\/span><\/a><span style=\"font-weight: 400;\"> Il y appelle \u00e0 red\u00e9finir la notion de valeur et mentionne notamment l\u2019initiative Impact Weighted Account comme un mod\u00e8le vers lequel tendre.<\/span><\/li>\n<li style=\"font-weight: 400;\" aria-level=\"1\"><span style=\"font-weight: 400;\">SoPact (Etats-Unis) a organis\u00e9 le 13 juin un webinaire intitul\u00e9 \u201cDeriving impact from multiple data sources.\u201d Apr\u00e8s avoir dress\u00e9 l\u2019\u00e9tat des lieux des d\u00e9fis caus\u00e9s, l\u2019organisation propose une solution pour centraliser ces diff\u00e9rentes sources de donn\u00e9es et en fluidifier le traitement. Le <\/span><a href=\"https:\/\/www.youtube.com\/watch?v=tkZqIV6KWkE&amp;list=PLUZhQX79v60X08_H0Zd3awtjG2Xnvi2C3&amp;index=2&amp;t=1386s\" target=\"_blank\" rel=\"nofollow\"><span style=\"font-weight: 400;\">replay<\/span><\/a><span style=\"font-weight: 400;\"> de la session est disponible en ligne.\u00a0<\/span><\/li>\n<\/ul>\n<ul>\n<li style=\"font-weight: 400;\" aria-level=\"1\"><span style=\"font-weight: 400;\">Social Value UK propose sa formation <\/span><a href=\"https:\/\/socialvalueuk.org\/online-social-value-and-sroi-practitioner-training\/\" target=\"_blank\" rel=\"nofollow\"><span style=\"font-weight: 400;\">\u201cValue &amp; SROI practitioner \u00bb en ligne<\/span><\/a><span style=\"font-weight: 400;\"> et en pr\u00e9sentiel, avec un format de cinq rencontres sur deux semaines. Les prochaines sessions d\u00e9marreront en juillet et septembre.\u00a0<\/span><\/li>\n<\/ul>\n<p>&nbsp;<\/p>\n<p><b>Rapports d\u2019impact<\/b><\/p>\n<p><i><span style=\"font-weight: 400;\">En France<\/span><\/i><\/p>\n<ul>\n<li style=\"font-weight: 400;\" aria-level=\"1\"><a href=\"https:\/\/www.resantevous.fr\/\" target=\"_blank\" rel=\"nofollow\"><span style=\"font-weight: 400;\">ReSant\u00e9-Vous<\/span><\/a><span style=\"font-weight: 400;\">, sp\u00e9cialiste du soutien \u00e0 l&rsquo;autonomie et du changement de regard sur la vieillesse, a r\u00e9alis\u00e9 une <\/span><a href=\"https:\/\/www.resantevous.fr\/blog\/actualites\/edito\/limpact-social-au-coeur-du-sens-de-notre-strategie-de-terrain\/\" target=\"_blank\" rel=\"nofollow\"><span style=\"font-weight: 400;\">\u00e9valuation de son impact social<\/span><\/a><span style=\"font-weight: 400;\"> dans le cadre du programme Size Up, accompagn\u00e9 par <\/span><a href=\"https:\/\/antropia-essec.fr\/\" target=\"_blank\" rel=\"nofollow\"><span style=\"font-weight: 400;\">Antropia ESSEC<\/span><\/a><span style=\"font-weight: 400;\">, le Labo E&amp;MISE ESSEC et <\/span><a href=\"https:\/\/atis-asso.org\/\" target=\"_blank\" rel=\"nofollow\"><span style=\"font-weight: 400;\">ATIS<\/span><\/a><span style=\"font-weight: 400;\">. Les r\u00e9sultats ont mis en \u00e9vidence un impact global et durable de leurs actions, confirmant ainsi leurs domaines d&rsquo;expertise. Dans leur dossier th\u00e9matique, ils pr\u00e9sentent les premiers r\u00e9sultats de cette mesure d&rsquo;impact social, tandis qu&rsquo;une interview touchante avec un cuisinier d&rsquo;EHPAD souligne l&rsquo;importance de trouver un sens valorisant dans le travail. Les projets inclusifs men\u00e9s par ReSant\u00e9-Vous, tels que des rassemblements d&rsquo;EHPAD et des initiatives sportives, illustrent l&rsquo;interconnexion avec les acteurs locaux.<\/span><\/li>\n<li style=\"font-weight: 400;\" aria-level=\"1\"><a href=\"https:\/\/www.klesia.fr\/\" target=\"_blank\" rel=\"nofollow\"><span style=\"font-weight: 400;\">KLESIA<\/span><\/a><span style=\"font-weight: 400;\"> a mis en place le programme <\/span><a href=\"https:\/\/www.transportezvousbien.fr\/\" target=\"_blank\" rel=\"nofollow\"><i><span style=\"font-weight: 400;\">Transportez-vous Bien<\/span><\/i><\/a><span style=\"font-weight: 400;\">, visant \u00e0 am\u00e9liorer la sant\u00e9 et la qualit\u00e9 de vie au travail des salari\u00e9s du secteur du transport. Dans le cadre de la <\/span><a href=\"https:\/\/page.impacttrack.org\/consultation-de-prevention-tvb\" target=\"_blank\" rel=\"nofollow\"><span style=\"font-weight: 400;\">mesure d&rsquo;impact social<\/span><\/a><span style=\"font-weight: 400;\"> de ce projet, KLESIA a utilis\u00e9 la plateforme digitale <\/span><a href=\"https:\/\/impacttrack.org\/fr\/\" target=\"_blank\" rel=\"nofollow\"><span style=\"font-weight: 400;\">Impact Track<\/span><\/a><span style=\"font-weight: 400;\"> et l\u2019appui m\u00e9thodologique du <\/span><a href=\"https:\/\/impactinitiative.essec.edu\/index.php\/laboratoire-emise\/\" target=\"_blank\" rel=\"nofollow\"><span style=\"font-weight: 400;\">Laboratoire E&amp;MISE de l\u2019ESSEC<\/span><\/a><span style=\"font-weight: 400;\"> pour \u00e9valuer les r\u00e9sultats du programme. Les donn\u00e9es recueillies ont d\u00e9montr\u00e9 que la consultation de pr\u00e9vention propos\u00e9e aux salari\u00e9s avait un impact significatif. Cette mesure d&rsquo;impact a permis d&rsquo;identifier des axes d&rsquo;am\u00e9lioration, tels que sensibiliser les m\u00e9decins \u00e0 la remise d&rsquo;un bilan complet et encourager les salari\u00e9s \u00e0 partager ce bilan avec un professionnel de sant\u00e9.\u00a0<\/span><\/li>\n<li style=\"font-weight: 400;\" aria-level=\"1\"><span style=\"font-weight: 400;\">En 2022, 8 structures d\u2019interm\u00e9diation de l\u2019engagement citoyen se f\u00e9d\u00e8rent pour cr\u00e9er le <\/span><a href=\"https:\/\/collectif-engagement.webflow.io\/\" target=\"_blank\" rel=\"nofollow\"><span style=\"font-weight: 400;\">Collectif des Acteurs de l&rsquo;Engagement<\/span><\/a><span style=\"font-weight: 400;\">. Soutenu par la <\/span><a href=\"https:\/\/www.corporate.bouyguestelecom.fr\/sengager-avec-les-associations\/la-fondation-bouygues-telecom\/\" target=\"_blank\" rel=\"nofollow\"><span style=\"font-weight: 400;\">Fondation Bouygues Telecom<\/span><\/a><span style=\"font-weight: 400;\">, le Collectif a r\u00e9alis\u00e9 son <\/span><a href=\"https:\/\/ressources.vendredi.cc\/hubfs\/2022%20Barom%C3%A8tre%20des%20impacts%20de%20lengagement.pdf\" target=\"_blank\" rel=\"nofollow\"><span style=\"font-weight: 400;\">\u00e9valuation d\u2019impact social<\/span><\/a><span style=\"font-weight: 400;\"> avec <\/span><a href=\"https:\/\/www.koreisconseil.com\/\" target=\"_blank\" rel=\"nofollow\"><span style=\"font-weight: 400;\">Koreis<\/span><\/a><span style=\"font-weight: 400;\">. Cet \u00e9tat des lieux r\u00e9v\u00e8le que 90% des volontaires qui s&rsquo;engagent pour la premi\u00e8re fois souhaitent continuer. <\/span><span style=\"font-weight: 400;\">Les volontaires se sentent plus utiles (84%), \u00e9panouis (68%) et acqui\u00e8rent de nouvelles comp\u00e9tences (57%). Les associations voient leur impact augmenter gr\u00e2ce aux volontaires (57%) et les entreprises constatent des impacts positifs tels que la sensibilisation des participants (90%), l&rsquo;\u00e9panouissement des collaborateurs (78%) et une meilleure attractivit\u00e9 (56%). <\/span><span style=\"font-weight: 400;\">Le Collectif des Acteurs de l&rsquo;Engagement continuera \u00e0 \u00e9tudier cet \u00e9lan tous les deux ans.<\/span><\/li>\n<\/ul>\n<p>&nbsp;<\/p>\n<p><i><span style=\"font-weight: 400;\">A l\u2019international<\/span><\/i><\/p>\n<p>&nbsp;<\/p>\n<ul>\n<li style=\"font-weight: 400;\" aria-level=\"1\"><span style=\"font-weight: 400;\">Le J-PAL (Etats-Unis) partage une <\/span><a href=\"https:\/\/www.povertyactionlab.org\/blog\/6-14-23\/improving-mental-health-low-and-middle-income-settings-key-findings-rigorous-research?utm_medium=Social&amp;utm_source=LinkedIn&amp;utm_campaign=blog&amp;utm_content=mental-health\" target=\"_blank\" rel=\"nofollow\"><span style=\"font-weight: 400;\">synth\u00e8se d\u2019\u00e9tudes conduites sur l\u2019am\u00e9lioration de la sant\u00e9 mentale dans les pays en d\u00e9veloppement<\/span><\/a><span style=\"font-weight: 400;\">.<\/span><span style=\"font-weight: 400;\"> Parmi les r\u00e9sultats cl\u00e9s, on peut lire que si la psychoth\u00e9rapie s&rsquo;est av\u00e9r\u00e9e efficace dans les pays \u00e0 revenu \u00e9lev\u00e9, il est n\u00e9cessaire d&rsquo;approfondir les recherches sur la mani\u00e8re d&rsquo;adapter ces interventions aux pays \u00e0 faible revenu ; que la technologie num\u00e9rique semble prometteuse, mais n\u2019est pour l\u2019instant pas utilis\u00e9e \u00e0 grande \u00e9chelle ; et que la collaboration des services de sant\u00e9 au sein d\u2019une communaut\u00e9 est efficace.<\/span><\/li>\n<li style=\"font-weight: 400;\" aria-level=\"1\"><span style=\"font-weight: 400;\">Joshua Hyman, d&rsquo;Amherst College (Etats-Unis) partage les r\u00e9sultats d\u2019une <\/span><a href=\"https:\/\/www.edworkingpapers.com\/sites\/default\/files\/ai23-793.pdf\" target=\"_blank\" rel=\"nofollow\"><span style=\"font-weight: 400;\">\u00e9tude randomis\u00e9e conduite dans 62 lyc\u00e9es du Michigan<\/span><\/a><span style=\"font-weight: 400;\"> et portant sur un dispositif d\u2019aide \u00e0 l\u2019orientation de lyc\u00e9ens directement par des professeurs, \u00e0 la place de conseillers d\u00e9di\u00e9s dont la pr\u00e9sence est rare dans les \u00e9tablissements. Le programme ne g\u00e9n\u00e8re aucun effet sur le nombre d&rsquo;\u00e9tudiants entrant \u00e0 l&rsquo;universit\u00e9, mais est \u00e0 l\u2019origine d\u2019une augmentation du nombre d&rsquo;\u00e9tudiants obtenant un dipl\u00f4me, en particulier chez les \u00e9tudiants \u00e0 faibles revenus.<\/span><\/li>\n<li style=\"font-weight: 400;\" aria-level=\"1\"><span style=\"font-weight: 400;\">Catarina Castro, Carla Cola\u00e7o, Clara Barata et Margarida Fonseca publient dans la revue de l\u2019association portugaise de psychologie une <\/span><a href=\"https:\/\/scholar.google.com\/scholar_url?url=https:\/\/revista.appsicologia.org\/index.php\/rpsicologia\/article\/download\/1854\/1092&amp;hl=fr&amp;sa=X&amp;d=15001105168627096930&amp;ei=Zp2DZOn3NJXKsQKBqYbAAg&amp;scisig=AGlGAw81d4RXTvcjtfrvBacJeve3&amp;oi=scholaralrt&amp;hist=zo9AVP8AAAAJ:6263406328818331862:AGlGAw8fGdOZJAVMm_R9_xaNEsys&amp;html=&amp;pos=1&amp;folt=kw\" target=\"_blank\" rel=\"nofollow\"><span style=\"font-weight: 400;\">\u00e9tude portant sur un programme de pr\u00e9vention de la violence dans les relations amoureuses chez les \u00e9l\u00e8ves du secondaire<\/span><\/a><span style=\"font-weight: 400;\">, Hands Project. Il est constitu\u00e9 d\u2019une br\u00e8ve intervention en classe qui cible les attitudes, les comp\u00e9tences personnelles et le r\u00f4le des t\u00e9moins dans les situations de violence dans les relations amoureuses avec les jeunes. L\u2019\u00e9tude quasi-exp\u00e9rimentale conduite a mis en avant des r\u00e9sultats positifs et significatifs sur la diminution de la tol\u00e9rance pour la violence physique envers les femmes dans le groupe d&rsquo;intervention par rapport au groupe t\u00e9moin.<\/span><\/li>\n<li style=\"font-weight: 400;\" aria-level=\"1\"><span style=\"font-weight: 400;\">Une coalition de chercheurs incluant le J-Pal a travaill\u00e9 sur <\/span><a href=\"https:\/\/www.povertyactionlab.org\/blog\/5-8-23\/20-20-tutor-calling-targeted-instruction-phone-boosts-learning-across-six-countries?utm_medium=Email&amp;utm_source=Global-Newsletter&amp;utm_campaign=June2023&amp;utm_content=\" target=\"_blank\" rel=\"nofollow\"><span style=\"font-weight: 400;\">l\u2019\u00e9valuation du programme ConnectEd<\/span><\/a><span style=\"font-weight: 400;\">, un programme de tutorat individuel par t\u00e9l\u00e9phone offrant \u00e0 des \u00e9l\u00e8ves de primaire chaque semaine des probl\u00e8mes de math\u00e9matiques par SMS ainsi qu&rsquo;une s\u00e9ance de tutorat par t\u00e9l\u00e9phone de vingt minutes. L\u2019\u00e9tude a port\u00e9 sur six pays (Inde, Kenya, N\u00e9pal, Philippines, Botswana et Ouganda) pour lesquels les modalit\u00e9s de l\u2019exp\u00e9rimentation ont vari\u00e9. Les r\u00e9sultats montrent que la combinaison d\u2019appels t\u00e9l\u00e9phoniques et de messages est la plus efficace, que le programme g\u00e9n\u00e8re les m\u00eames r\u00e9sultats qu\u2019il soit op\u00e9r\u00e9 par le gouvernement ou par des associations.<\/span><\/li>\n<\/ul>\n<p>&nbsp;<\/p>\n<p><b>Publications<\/b><\/p>\n<p><i><span style=\"font-weight: 400;\">En France<\/span><\/i><span style=\"font-weight: 400;\">\u00a0<\/span><\/p>\n<ul>\n<li style=\"font-weight: 400;\" aria-level=\"1\"><span style=\"font-weight: 400;\">Michele Fioretti, assistant professeur en \u00e9conomie \u00e0 Sciences Po, <\/span><a href=\"https:\/\/www.carenews.com\/carenews-info\/news\/michele-fioretti-laureat-du-prix-edmond-malinvaud-porte-un-regard-alternatif-sur\" target=\"_blank\" rel=\"nofollow\"><span style=\"font-weight: 400;\">s\u2019est entretenu avec Carenews<\/span><\/a><span style=\"font-weight: 400;\"> sur son \u00e9tude des strat\u00e9gies des entreprises en mati\u00e8re de responsabilit\u00e9 sociale. Dans son <\/span><a href=\"http:\/\/sciencespo.fr\/department-economics\/sites\/sciencespo.fr.department-economics\/files\/2020_fioretti_caring_or_pretending_to_care.pdf\" target=\"_blank\" rel=\"nofollow\"><span style=\"font-weight: 400;\">article prim\u00e9<\/span><\/a><span style=\"font-weight: 400;\">, il explore les motivations d&rsquo;une entreprise internationale dans sa recherche d&rsquo;impact social. Il souligne le d\u00e9fi de mesurer l&rsquo;impact social de mani\u00e8re comparable entre les entreprises. Fioretti propose de mesurer l&rsquo;impact social \u00e0 travers le bien-\u00eatre des parties prenantes, mais reconna\u00eet les difficult\u00e9s li\u00e9es \u00e0 la collecte de donn\u00e9es. Selon ses recherches, les incitations des entreprises \u00e0 avoir un impact social ne proviennent pas principalement des consommateurs, mais plut\u00f4t des avantages tels que l&rsquo;am\u00e9lioration de la productivit\u00e9 des travailleurs et des relations avec les fournisseurs. Il conclut en soulignant l&rsquo;importance de mesurer l&rsquo;impact social de mani\u00e8re continue plut\u00f4t que binaire, pour \u00e9viter le greenwashing et le social washing.<\/span><\/li>\n<li style=\"font-weight: 400;\" aria-level=\"1\"><a href=\"https:\/\/www.avise.org\/\" target=\"_blank\" rel=\"nofollow\"><span style=\"font-weight: 400;\">L\u2019Avise<\/span><\/a><span style=\"font-weight: 400;\"> a publi\u00e9 un <\/span><a href=\"https:\/\/www.avise.org\/actualites\/evaluer-limpact-de-projets-de-less-agissant-pour-un-numerique-inclusif\" target=\"_blank\" rel=\"nofollow\"><span style=\"font-weight: 400;\">article<\/span><\/a><span style=\"font-weight: 400;\"> sur les nouveaux besoins sociaux engendr\u00e9s par le num\u00e9rique et comment les entreprises de l&rsquo;\u00e9conomie sociale et solidaire y r\u00e9pondent. <\/span><span style=\"font-weight: 400;\">Pour \u00e9valuer l&rsquo;impact de ces projets visant un num\u00e9rique inclusif, il est crucial d&rsquo;adopter une approche structur\u00e9e et \u00e0 long terme.<\/span><span style=\"font-weight: 400;\"> Cet <\/span><a href=\"https:\/\/www.avise.org\/actualites\/evaluer-limpact-de-projets-de-less-agissant-pour-un-numerique-inclusif\" target=\"_blank\" rel=\"nofollow\"><span style=\"font-weight: 400;\">article<\/span><\/a><span style=\"font-weight: 400;\"> propose des exemples de d\u00e9marches et d&rsquo;indicateurs pour \u00e9valuer l&rsquo;impact de projets de l&rsquo;ESS dans deux domaines cl\u00e9s : la r\u00e9duction de la fracture num\u00e9rique et l&rsquo;accompagnement aux m\u00e9tiers du num\u00e9rique.\u00a0<\/span><\/li>\n<li style=\"font-weight: 400;\" aria-level=\"1\"><a href=\"https:\/\/paris.centres-sociaux.fr\/\" target=\"_blank\" rel=\"nofollow\"><span style=\"font-weight: 400;\">La F\u00e9d\u00e9ration des centres sociaux et socioculturels de Paris<\/span><\/a><span style=\"font-weight: 400;\"> a partag\u00e9 un <\/span><a href=\"https:\/\/paris.centres-sociaux.fr\/files\/2023\/05\/utilite-sociale.pdf\" target=\"_blank\" rel=\"nofollow\"><span style=\"font-weight: 400;\">rapport sur l\u2019int\u00e9r\u00eat de l&rsquo;\u00e9valuation d\u2019impact social<\/span><\/a><span style=\"font-weight: 400;\"> et en a profit\u00e9 pour partager les r\u00e9sultats de leur auto-\u00e9valuation. Ce rapport appuie sur la n\u00e9cessit\u00e9 de l&rsquo;\u00e9valuation d\u2019impact social pour la r\u00e9alisation de tels actions car elle permet de comprendre les effets directs et indirects d&rsquo;une activit\u00e9 sur un territoire donn\u00e9, de reprendre le contr\u00f4le du processus d&rsquo;\u00e9valuation, de favoriser la concertation et la co-construction entre les acteurs publics et ceux de l&rsquo;ESS. Pour les centres sociaux et socioculturels parisiens, une m\u00e9thode sp\u00e9cifique a \u00e9t\u00e9 d\u00e9velopp\u00e9e, bas\u00e9e sur 5 grandes familles d&rsquo;indicateurs. Cependant, des limites et des risques subsistent, notamment la n\u00e9cessit\u00e9 d&rsquo;une r\u00e9elle implication de toutes les parties prenantes et la n\u00e9cessit\u00e9 de prendre en compte la participation des habitants.\u00a0<\/span><\/li>\n<li style=\"font-weight: 400;\" aria-level=\"1\"><a href=\"https:\/\/paris.centres-sociaux.fr\/\" target=\"_blank\" rel=\"nofollow\"><span style=\"font-weight: 400;\">La F\u00e9d\u00e9ration des centres sociaux et socioculturels de Paris<\/span><\/a><span style=\"font-weight: 400;\"> a partag\u00e9 un <\/span><a href=\"https:\/\/paris.centres-sociaux.fr\/files\/2023\/05\/utilite-sociale.pdf\" target=\"_blank\" rel=\"nofollow\"><span style=\"font-weight: 400;\">rapport sur l\u2019int\u00e9r\u00eat de l&rsquo;\u00e9valuation d\u2019impact social<\/span><\/a><span style=\"font-weight: 400;\"> et en a profit\u00e9 pour partager les r\u00e9sultats de leur auto-\u00e9valuation. Ce rapport appuie sur la n\u00e9cessit\u00e9 de l&rsquo;\u00e9valuation d\u2019impact social pour la r\u00e9alisation de tels actions car elle permet de comprendre les effets directs et indirects d&rsquo;une activit\u00e9 sur un territoire donn\u00e9, de reprendre le contr\u00f4le du processus d&rsquo;\u00e9valuation, de favoriser la concertation et la co-construction entre les acteurs publics et ceux de l&rsquo;ESS. Pour les centres sociaux et socioculturels parisiens, une m\u00e9thode sp\u00e9cifique a \u00e9t\u00e9 d\u00e9velopp\u00e9e, bas\u00e9e sur 5 grandes familles d&rsquo;indicateurs. Cependant, des limites et des risques subsistent, notamment la n\u00e9cessit\u00e9 d&rsquo;une r\u00e9elle implication de toutes les parties prenantes et la n\u00e9cessit\u00e9 de prendre en compte la participation des habitants.\u00a0<\/span><\/li>\n<li style=\"font-weight: 400;\" aria-level=\"1\"><a href=\"https:\/\/www.la27eregion.fr\/\" target=\"_blank\" rel=\"nofollow\"><span style=\"font-weight: 400;\">La 27e R\u00e9gion<\/span><\/a><span style=\"font-weight: 400;\">, une organisation sp\u00e9cialis\u00e9e dans l&rsquo;innovation publique, a partag\u00e9 son <\/span><a href=\"https:\/\/www.la27eregion.fr\/et-si-apres-tout-levaluation-cetait-cool\/\" target=\"_blank\" rel=\"nofollow\"><span style=\"font-weight: 400;\">retour d\u2019exp\u00e9rience<\/span><\/a><span style=\"font-weight: 400;\"> sur le d\u00e9roul\u00e9 de leur \u00e9valuation d\u2019impact social, r\u00e9alis\u00e9e en collaboration avec <\/span><a href=\"https:\/\/www.quadrant-conseil.fr\/\" target=\"_blank\" rel=\"nofollow\"><span style=\"font-weight: 400;\">Quadrant Conseil<\/span><\/a><span style=\"font-weight: 400;\">. L\u2019objectif est de mieux comprendre et mesurer les effets de leurs actions, ainsi que pour concevoir de nouveaux programmes d&rsquo;innovation plus efficaces. Cela leur a permis de tester des hypoth\u00e8ses sur leurs actions entreprises et d&rsquo;am\u00e9liorer continuellement leur mod\u00e8le d&rsquo;innovation. Ils en concluent que cela atteste de la n\u00e9cessit\u00e9 de l&rsquo;adoption d&rsquo;une posture \u00e9valuative \u00e0 tous les niveaux d\u2019un projet.\u00a0<\/span><\/li>\n<\/ul>\n<p>&nbsp;<\/p>\n<p><i><span style=\"font-weight: 400;\">A l\u2019international\u00a0<\/span><\/i><\/p>\n<p>&nbsp;<\/p>\n<ul>\n<li style=\"font-weight: 400;\" aria-level=\"1\"><span style=\"font-weight: 400;\">Dans un article publi\u00e9 dans la SSIR intitul\u00e9 <\/span><a href=\"https:\/\/ssir.org\/articles\/entry\/measuring_narrative_change_moving_from_theory_to_practice\" target=\"_blank\" rel=\"nofollow\"><span style=\"font-weight: 400;\">\u201cMeasuring narrative change: moving from theory to practice\u201d<\/span><\/a><span style=\"font-weight: 400;\">, Brett Davidson plaide pour davantage d\u2019efforts d\u2019\u00e9valuation des \u201cchangements de r\u00e9cits\u201d (narrative change). En effet, deux objections traditionnelles \u00e0 la r\u00e9alisation de tels travaux sont le fait qu\u2019il s\u2019agisse de d\u00e9marches de tr\u00e8s long terme, et que le changement soit difficilement attribuable aux activit\u00e9s d\u2019un acteur dans ce sens. L\u2019auteur sugg\u00e8re une approche de la mesure bas\u00e9e sur l\u2019effet d&rsquo;entra\u00eenement (ripple effect) : une organisation peut commencer par mesurer des changement de langages, de r\u00e9f\u00e9rentiels dans sa sph\u00e8re directe, puis au fur et \u00e0 mesure qu\u2019elle ait plus de ressources \u00e0 y d\u00e9dier, \u00e9largir le p\u00e9rim\u00e8tre de son \u00e9valuation.\u00a0<\/span><\/li>\n<li style=\"font-weight: 400;\" aria-level=\"1\"><span style=\"font-weight: 400;\">Le Center for Evaluation Innovation (Etats-Unis) a partag\u00e9 un <\/span><a href=\"https:\/\/www.evaluationinnovation.org\/publication\/amplifying-nonprofit-voices-bridging-the-advocacy-evaluation-gap\/\" target=\"_blank\" rel=\"nofollow\"><span style=\"font-weight: 400;\">guide portant sur l\u2019\u00e9valuation des actions de plaidoyer.<\/span><\/a><span style=\"font-weight: 400;\"> Celui-ci a \u00e9t\u00e9 construit \u00e0 partir de la pratique existante d\u2019acteurs \u00e0 but non lucratif et\u00a0 propose des recommandations sur les pratiques et les objectifs de ce type d\u2019\u00e9valuation.\u00a0<\/span><\/li>\n<li style=\"font-weight: 400;\" aria-level=\"1\"><span style=\"font-weight: 400;\">EvalAcademy (Etats-Unis) propose un<\/span><a href=\"https:\/\/www.evalacademy.com\/articles\/how-to-combine-data-from-multiple-sources-for-cleaning-and-analysis?ss_source=sscampaigns&amp;ss_campaign_id=64766d5f0d468757f6511152&amp;ss_email_id=648b0b75a33d746edc0ff3df&amp;ss_campaign_name=Learn+how+to+make+your+next+evaluation+report+a+quality+one%21&amp;ss_campaign_sent_date=2023-06-15T13%3A03%3A11Z\" target=\"_blank\" rel=\"nofollow\"><span style=\"font-weight: 400;\"> tutoriel pour fusionner plusieurs bases de donn\u00e9es et les pr\u00e9parer pour l\u2019analyse<\/span><\/a><span style=\"font-weight: 400;\">.<\/span><\/li>\n<li style=\"font-weight: 400;\" aria-level=\"1\"><span style=\"font-weight: 400;\">Katherine Ruff, de la Carleton University (Canada) a r\u00e9dig\u00e9 dans le The Oxford Handbook of Governance and Public Management for Social Policy paru en mai un chapitre intitul\u00e9 <\/span><a href=\"https:\/\/academic.oup.com\/edited-volume\/46264\/chapter-abstract\/405493197?redirectedFrom=fulltext\" target=\"_blank\" rel=\"nofollow\"><span style=\"font-weight: 400;\">\u201cThe Whys and Hows of Impact Measurement Standards\u201d<\/span><\/a><span style=\"font-weight: 400;\"> passant en revue la litt\u00e9rature portant sur ce sujet et d\u00e9crivant la tension entre importance et difficult\u00e9 de cr\u00e9er ces standards.<\/span><\/li>\n<\/ul>\n<p>&nbsp;<\/p>\n<p><b>Newsletters<\/b><\/p>\n<ul>\n<li style=\"font-weight: 400;\" aria-level=\"1\"><a href=\"https:\/\/www.avise.org\/newsletters\" target=\"_blank\" rel=\"nofollow\"><span style=\"font-weight: 400;\">La newsletter de l\u2019Avise sur l\u2019\u00e9valuation d\u2019impact social en France<\/span><\/a><\/li>\n<li style=\"font-weight: 400;\" aria-level=\"1\"><a href=\"https:\/\/ssir.org\/email\" target=\"_blank\" rel=\"nofollow\"><span style=\"font-weight: 400;\">La newsletter de Stanford Social Innovation Review (SSIR)<\/span><\/a><\/li>\n<\/ul>\n<p>&nbsp;<\/p>\n<p><span style=\"font-weight: 400;\">Retrouvez tous les mois notre veille internationale sur l\u2019\u00e9valuation d&rsquo;impact social sur la page <\/span><a href=\"https:\/\/www.linkedin.com\/company\/42301082\/\" target=\"_blank\" rel=\"nofollow\"><span style=\"font-weight: 400;\">LinkedIn du Labo<\/span><\/a><span style=\"font-weight: 400;\">. Des questions ? Des propositions de contributions ou des solutions pour l\u2019\u00e9valuation d\u2019impact social ? Contactez-nous via<\/span> <a href=\"http:\/\/mailto:leclerc@essec.edu\/\" target=\"_blank\" rel=\"nofollow\"><span style=\"font-weight: 400;\">leclerc@essec.edu<\/span><\/a><span style=\"font-weight: 400;\">\u00a0<\/span><\/p>\n<p><span style=\"font-weight: 400;\">Note de Veille r\u00e9dig\u00e9e par <\/span><b>Clara Cohade<\/b><span style=\"font-weight: 400;\">, <\/span><b>Gaspard Cherruault, <\/b><span style=\"font-weight: 400;\">sous la direction d\u2019<\/span><b>Elise Leclerc.<\/b><\/p>\n<p>[\/et_pb_text][\/et_pb_column][\/et_pb_row][\/et_pb_section]<\/p>\n","protected":false},"excerpt":{"rendered":"<p>Juillet 2023 \u00c9v\u00e9nements et actualit\u00e9s du secteur En France Interrog\u00e9 par Ecofoot, Yohan Penel, pr\u00e9sident de la F\u00e9d\u00e9ration Fran\u00e7aise de Badminton, revient sur les travaux engag\u00e9s par la FFBaD afin de d\u00e9velopper et de mesurer l&rsquo;impact social de la pratique du badminton. Dans cette interview, Yohan Penel explique que la f\u00e9d\u00e9ration cherche \u00e0 r\u00e9pondre \u00e0 [&hellip;]<\/p>\n","protected":false},"author":2,"featured_media":0,"comment_status":"open","ping_status":"open","sticky":false,"template":"","format":"standard","meta":{"_et_pb_use_builder":"on","_et_pb_old_content":"","_et_gb_content_width":"","inline_featured_image":false},"categories":[1],"tags":[],"yoast_head":"<!-- This site is optimized with the Yoast SEO plugin v20.11 - https:\/\/yoast.com\/wordpress\/plugins\/seo\/ -->\n<title>Veille n\u00b023 : Les derni\u00e8res actualit\u00e9s - Centre Innovation Sociale et Ecologique<\/title>\n<meta name=\"robots\" content=\"noindex, follow\" \/>\n<meta property=\"og:locale\" content=\"fr_FR\" \/>\n<meta property=\"og:type\" content=\"article\" \/>\n<meta property=\"og:title\" content=\"Veille n\u00b023 : Les derni\u00e8res actualit\u00e9s - Centre Innovation Sociale et Ecologique\" \/>\n<meta property=\"og:description\" content=\"Juillet 2023 \u00c9v\u00e9nements et actualit\u00e9s du secteur En France Interrog\u00e9 par Ecofoot, Yohan Penel, pr\u00e9sident de la F\u00e9d\u00e9ration Fran\u00e7aise de Badminton, revient sur les travaux engag\u00e9s par la FFBaD afin de d\u00e9velopper et de mesurer l&#039;impact social de la pratique du badminton. Dans cette interview, Yohan Penel explique que la f\u00e9d\u00e9ration cherche \u00e0 r\u00e9pondre \u00e0 [&hellip;]\" \/>\n<meta property=\"og:url\" content=\"https:\/\/centre-innovation-sociale-ecologique.essec.edu\/index.php\/2023\/07\/25\/veille-n23-les-dernieres-actualites\/\" \/>\n<meta property=\"og:site_name\" content=\"Centre Innovation Sociale et Ecologique\" \/>\n<meta property=\"article:published_time\" content=\"2023-07-25T00:32:39+00:00\" \/>\n<meta property=\"article:modified_time\" content=\"2023-07-25T00:43:27+00:00\" \/>\n<meta name=\"author\" content=\"Essec\" \/>\n<meta name=\"twitter:card\" content=\"summary_large_image\" \/>\n<meta name=\"twitter:label1\" content=\"\u00c9crit par\" \/>\n\t<meta name=\"twitter:data1\" content=\"Essec\" \/>\n\t<meta name=\"twitter:label2\" content=\"Dur\u00e9e de lecture estim\u00e9e\" \/>\n\t<meta name=\"twitter:data2\" content=\"12 minutes\" \/>\n<script type=\"application\/ld+json\" class=\"yoast-schema-graph\">{\"@context\":\"https:\/\/schema.org\",\"@graph\":[{\"@type\":\"Article\",\"@id\":\"https:\/\/centre-innovation-sociale-ecologique.essec.edu\/index.php\/2023\/07\/25\/veille-n23-les-dernieres-actualites\/#article\",\"isPartOf\":{\"@id\":\"https:\/\/centre-innovation-sociale-ecologique.essec.edu\/index.php\/2023\/07\/25\/veille-n23-les-dernieres-actualites\/\"},\"author\":{\"name\":\"Essec\",\"@id\":\"https:\/\/centre-innovation-sociale-ecologique.essec.edu\/#\/schema\/person\/ffb9b21a7056cc497e2fe8732aa91fcc\"},\"headline\":\"Veille n\u00b023 : Les derni\u00e8res actualit\u00e9s\",\"datePublished\":\"2023-07-25T00:32:39+00:00\",\"dateModified\":\"2023-07-25T00:43:27+00:00\",\"mainEntityOfPage\":{\"@id\":\"https:\/\/centre-innovation-sociale-ecologique.essec.edu\/index.php\/2023\/07\/25\/veille-n23-les-dernieres-actualites\/\"},\"wordCount\":2462,\"commentCount\":0,\"publisher\":{\"@id\":\"https:\/\/centre-innovation-sociale-ecologique.essec.edu\/#organization\"},\"inLanguage\":\"fr-FR\",\"potentialAction\":[{\"@type\":\"CommentAction\",\"name\":\"Comment\",\"target\":[\"https:\/\/centre-innovation-sociale-ecologique.essec.edu\/index.php\/2023\/07\/25\/veille-n23-les-dernieres-actualites\/#respond\"]}]},{\"@type\":\"WebPage\",\"@id\":\"https:\/\/centre-innovation-sociale-ecologique.essec.edu\/index.php\/2023\/07\/25\/veille-n23-les-dernieres-actualites\/\",\"url\":\"https:\/\/centre-innovation-sociale-ecologique.essec.edu\/index.php\/2023\/07\/25\/veille-n23-les-dernieres-actualites\/\",\"name\":\"Veille n\u00b023 : Les derni\u00e8res actualit\u00e9s - Centre Innovation Sociale et Ecologique\",\"isPartOf\":{\"@id\":\"https:\/\/centre-innovation-sociale-ecologique.essec.edu\/#website\"},\"datePublished\":\"2023-07-25T00:32:39+00:00\",\"dateModified\":\"2023-07-25T00:43:27+00:00\",\"breadcrumb\":{\"@id\":\"https:\/\/centre-innovation-sociale-ecologique.essec.edu\/index.php\/2023\/07\/25\/veille-n23-les-dernieres-actualites\/#breadcrumb\"},\"inLanguage\":\"fr-FR\",\"potentialAction\":[{\"@type\":\"ReadAction\",\"target\":[\"https:\/\/centre-innovation-sociale-ecologique.essec.edu\/index.php\/2023\/07\/25\/veille-n23-les-dernieres-actualites\/\"]}]},{\"@type\":\"BreadcrumbList\",\"@id\":\"https:\/\/centre-innovation-sociale-ecologique.essec.edu\/index.php\/2023\/07\/25\/veille-n23-les-dernieres-actualites\/#breadcrumb\",\"itemListElement\":[{\"@type\":\"ListItem\",\"position\":1,\"name\":\"Home\",\"item\":\"https:\/\/centre-innovation-sociale-ecologique.essec.edu\/\"},{\"@type\":\"ListItem\",\"position\":2,\"name\":\"Veille n\u00b023 : Les derni\u00e8res actualit\u00e9s\"}]},{\"@type\":\"WebSite\",\"@id\":\"https:\/\/centre-innovation-sociale-ecologique.essec.edu\/#website\",\"url\":\"https:\/\/centre-innovation-sociale-ecologique.essec.edu\/\",\"name\":\"Centre Innovation Sociale et Ecologique\",\"description\":\"\",\"publisher\":{\"@id\":\"https:\/\/centre-innovation-sociale-ecologique.essec.edu\/#organization\"},\"potentialAction\":[{\"@type\":\"SearchAction\",\"target\":{\"@type\":\"EntryPoint\",\"urlTemplate\":\"https:\/\/centre-innovation-sociale-ecologique.essec.edu\/?s={search_term_string}\"},\"query-input\":\"required name=search_term_string\"}],\"inLanguage\":\"fr-FR\"},{\"@type\":\"Organization\",\"@id\":\"https:\/\/centre-innovation-sociale-ecologique.essec.edu\/#organization\",\"name\":\"Essec Business School\",\"url\":\"https:\/\/centre-innovation-sociale-ecologique.essec.edu\/\",\"logo\":{\"@type\":\"ImageObject\",\"inLanguage\":\"fr-FR\",\"@id\":\"https:\/\/centre-innovation-sociale-ecologique.essec.edu\/#\/schema\/logo\/image\/\",\"url\":\"https:\/\/impactinitiative.essec.edu\/wp-content\/uploads\/2020\/11\/ESSEC_BS_logo_BLANC.png\",\"contentUrl\":\"https:\/\/impactinitiative.essec.edu\/wp-content\/uploads\/2020\/11\/ESSEC_BS_logo_BLANC.png\",\"width\":546,\"height\":509,\"caption\":\"Essec Business School\"},\"image\":{\"@id\":\"https:\/\/centre-innovation-sociale-ecologique.essec.edu\/#\/schema\/logo\/image\/\"}},{\"@type\":\"Person\",\"@id\":\"https:\/\/centre-innovation-sociale-ecologique.essec.edu\/#\/schema\/person\/ffb9b21a7056cc497e2fe8732aa91fcc\",\"name\":\"Essec\",\"image\":{\"@type\":\"ImageObject\",\"inLanguage\":\"fr-FR\",\"@id\":\"https:\/\/centre-innovation-sociale-ecologique.essec.edu\/#\/schema\/person\/image\/\",\"url\":\"https:\/\/secure.gravatar.com\/avatar\/253b1a21aeb6e83a39f89170d50e3784?s=96&d=mm&r=g\",\"contentUrl\":\"https:\/\/secure.gravatar.com\/avatar\/253b1a21aeb6e83a39f89170d50e3784?s=96&d=mm&r=g\",\"caption\":\"Essec\"}}]}<\/script>\n<!-- \/ Yoast SEO plugin. -->","yoast_head_json":{"title":"Veille n\u00b023 : Les derni\u00e8res actualit\u00e9s - Centre Innovation Sociale et Ecologique","robots":{"index":"noindex","follow":"follow"},"og_locale":"fr_FR","og_type":"article","og_title":"Veille n\u00b023 : Les derni\u00e8res actualit\u00e9s - Centre Innovation Sociale et Ecologique","og_description":"Juillet 2023 \u00c9v\u00e9nements et actualit\u00e9s du secteur En France Interrog\u00e9 par Ecofoot, Yohan Penel, pr\u00e9sident de la F\u00e9d\u00e9ration Fran\u00e7aise de Badminton, revient sur les travaux engag\u00e9s par la FFBaD afin de d\u00e9velopper et de mesurer l'impact social de la pratique du badminton. Dans cette interview, Yohan Penel explique que la f\u00e9d\u00e9ration cherche \u00e0 r\u00e9pondre \u00e0 [&hellip;]","og_url":"https:\/\/centre-innovation-sociale-ecologique.essec.edu\/index.php\/2023\/07\/25\/veille-n23-les-dernieres-actualites\/","og_site_name":"Centre Innovation Sociale et Ecologique","article_published_time":"2023-07-25T00:32:39+00:00","article_modified_time":"2023-07-25T00:43:27+00:00","author":"Essec","twitter_card":"summary_large_image","twitter_misc":{"\u00c9crit par":"Essec","Dur\u00e9e de lecture estim\u00e9e":"12 minutes"},"schema":{"@context":"https:\/\/schema.org","@graph":[{"@type":"Article","@id":"https:\/\/centre-innovation-sociale-ecologique.essec.edu\/index.php\/2023\/07\/25\/veille-n23-les-dernieres-actualites\/#article","isPartOf":{"@id":"https:\/\/centre-innovation-sociale-ecologique.essec.edu\/index.php\/2023\/07\/25\/veille-n23-les-dernieres-actualites\/"},"author":{"name":"Essec","@id":"https:\/\/centre-innovation-sociale-ecologique.essec.edu\/#\/schema\/person\/ffb9b21a7056cc497e2fe8732aa91fcc"},"headline":"Veille n\u00b023 : Les derni\u00e8res actualit\u00e9s","datePublished":"2023-07-25T00:32:39+00:00","dateModified":"2023-07-25T00:43:27+00:00","mainEntityOfPage":{"@id":"https:\/\/centre-innovation-sociale-ecologique.essec.edu\/index.php\/2023\/07\/25\/veille-n23-les-dernieres-actualites\/"},"wordCount":2462,"commentCount":0,"publisher":{"@id":"https:\/\/centre-innovation-sociale-ecologique.essec.edu\/#organization"},"inLanguage":"fr-FR","potentialAction":[{"@type":"CommentAction","name":"Comment","target":["https:\/\/centre-innovation-sociale-ecologique.essec.edu\/index.php\/2023\/07\/25\/veille-n23-les-dernieres-actualites\/#respond"]}]},{"@type":"WebPage","@id":"https:\/\/centre-innovation-sociale-ecologique.essec.edu\/index.php\/2023\/07\/25\/veille-n23-les-dernieres-actualites\/","url":"https:\/\/centre-innovation-sociale-ecologique.essec.edu\/index.php\/2023\/07\/25\/veille-n23-les-dernieres-actualites\/","name":"Veille n\u00b023 : Les derni\u00e8res actualit\u00e9s - Centre Innovation Sociale et Ecologique","isPartOf":{"@id":"https:\/\/centre-innovation-sociale-ecologique.essec.edu\/#website"},"datePublished":"2023-07-25T00:32:39+00:00","dateModified":"2023-07-25T00:43:27+00:00","breadcrumb":{"@id":"https:\/\/centre-innovation-sociale-ecologique.essec.edu\/index.php\/2023\/07\/25\/veille-n23-les-dernieres-actualites\/#breadcrumb"},"inLanguage":"fr-FR","potentialAction":[{"@type":"ReadAction","target":["https:\/\/centre-innovation-sociale-ecologique.essec.edu\/index.php\/2023\/07\/25\/veille-n23-les-dernieres-actualites\/"]}]},{"@type":"BreadcrumbList","@id":"https:\/\/centre-innovation-sociale-ecologique.essec.edu\/index.php\/2023\/07\/25\/veille-n23-les-dernieres-actualites\/#breadcrumb","itemListElement":[{"@type":"ListItem","position":1,"name":"Home","item":"https:\/\/centre-innovation-sociale-ecologique.essec.edu\/"},{"@type":"ListItem","position":2,"name":"Veille n\u00b023 : Les derni\u00e8res actualit\u00e9s"}]},{"@type":"WebSite","@id":"https:\/\/centre-innovation-sociale-ecologique.essec.edu\/#website","url":"https:\/\/centre-innovation-sociale-ecologique.essec.edu\/","name":"Centre Innovation Sociale et Ecologique","description":"","publisher":{"@id":"https:\/\/centre-innovation-sociale-ecologique.essec.edu\/#organization"},"potentialAction":[{"@type":"SearchAction","target":{"@type":"EntryPoint","urlTemplate":"https:\/\/centre-innovation-sociale-ecologique.essec.edu\/?s={search_term_string}"},"query-input":"required name=search_term_string"}],"inLanguage":"fr-FR"},{"@type":"Organization","@id":"https:\/\/centre-innovation-sociale-ecologique.essec.edu\/#organization","name":"Essec Business School","url":"https:\/\/centre-innovation-sociale-ecologique.essec.edu\/","logo":{"@type":"ImageObject","inLanguage":"fr-FR","@id":"https:\/\/centre-innovation-sociale-ecologique.essec.edu\/#\/schema\/logo\/image\/","url":"https:\/\/impactinitiative.essec.edu\/wp-content\/uploads\/2020\/11\/ESSEC_BS_logo_BLANC.png","contentUrl":"https:\/\/impactinitiative.essec.edu\/wp-content\/uploads\/2020\/11\/ESSEC_BS_logo_BLANC.png","width":546,"height":509,"caption":"Essec Business School"},"image":{"@id":"https:\/\/centre-innovation-sociale-ecologique.essec.edu\/#\/schema\/logo\/image\/"}},{"@type":"Person","@id":"https:\/\/centre-innovation-sociale-ecologique.essec.edu\/#\/schema\/person\/ffb9b21a7056cc497e2fe8732aa91fcc","name":"Essec","image":{"@type":"ImageObject","inLanguage":"fr-FR","@id":"https:\/\/centre-innovation-sociale-ecologique.essec.edu\/#\/schema\/person\/image\/","url":"https:\/\/secure.gravatar.com\/avatar\/253b1a21aeb6e83a39f89170d50e3784?s=96&d=mm&r=g","contentUrl":"https:\/\/secure.gravatar.com\/avatar\/253b1a21aeb6e83a39f89170d50e3784?s=96&d=mm&r=g","caption":"Essec"}}]}},"_links":{"self":[{"href":"https:\/\/centre-innovation-sociale-ecologique.essec.edu\/index.php\/wp-json\/wp\/v2\/posts\/8511"}],"collection":[{"href":"https:\/\/centre-innovation-sociale-ecologique.essec.edu\/index.php\/wp-json\/wp\/v2\/posts"}],"about":[{"href":"https:\/\/centre-innovation-sociale-ecologique.essec.edu\/index.php\/wp-json\/wp\/v2\/types\/post"}],"author":[{"embeddable":true,"href":"https:\/\/centre-innovation-sociale-ecologique.essec.edu\/index.php\/wp-json\/wp\/v2\/users\/2"}],"replies":[{"embeddable":true,"href":"https:\/\/centre-innovation-sociale-ecologique.essec.edu\/index.php\/wp-json\/wp\/v2\/comments?post=8511"}],"version-history":[{"count":4,"href":"https:\/\/centre-innovation-sociale-ecologique.essec.edu\/index.php\/wp-json\/wp\/v2\/posts\/8511\/revisions"}],"predecessor-version":[{"id":8517,"href":"https:\/\/centre-innovation-sociale-ecologique.essec.edu\/index.php\/wp-json\/wp\/v2\/posts\/8511\/revisions\/8517"}],"wp:attachment":[{"href":"https:\/\/centre-innovation-sociale-ecologique.essec.edu\/index.php\/wp-json\/wp\/v2\/media?parent=8511"}],"wp:term":[{"taxonomy":"category","embeddable":true,"href":"https:\/\/centre-innovation-sociale-ecologique.essec.edu\/index.php\/wp-json\/wp\/v2\/categories?post=8511"},{"taxonomy":"post_tag","embeddable":true,"href":"https:\/\/centre-innovation-sociale-ecologique.essec.edu\/index.php\/wp-json\/wp\/v2\/tags?post=8511"}],"curies":[{"name":"wp","href":"https:\/\/api.w.org\/{rel}","templated":true}]}}