{"id":7392,"date":"2023-06-05T14:13:23","date_gmt":"2023-06-05T12:13:23","guid":{"rendered":"https:\/\/impactinitiative.essec.edu\/?p=7392"},"modified":"2023-06-05T14:34:25","modified_gmt":"2023-06-05T12:34:25","slug":"veille-n22-les-dernieres-actualites","status":"publish","type":"post","link":"https:\/\/centre-innovation-sociale-ecologique.essec.edu\/index.php\/2023\/06\/05\/veille-n22-les-dernieres-actualites\/","title":{"rendered":"Veille n\u00b022 : Les derni\u00e8res actualit\u00e9s"},"content":{"rendered":"<p>[et_pb_section fb_built=\u00a0\u00bb1&Prime; admin_label=\u00a0\u00bbsection\u00a0\u00bb _builder_version=\u00a0\u00bb4.16&Prime; custom_padding=\u00a0\u00bb1px|||||\u00a0\u00bb global_colors_info=\u00a0\u00bb{}\u00a0\u00bb][et_pb_row admin_label=\u00a0\u00bbrow\u00a0\u00bb _builder_version=\u00a0\u00bb4.16&Prime; background_size=\u00a0\u00bbinitial\u00a0\u00bb background_position=\u00a0\u00bbtop_left\u00a0\u00bb background_repeat=\u00a0\u00bbrepeat\u00a0\u00bb global_colors_info=\u00a0\u00bb{}\u00a0\u00bb][et_pb_column type=\u00a0\u00bb4_4&Prime; _builder_version=\u00a0\u00bb4.16&Prime; custom_padding=\u00a0\u00bb|||\u00a0\u00bb global_colors_info=\u00a0\u00bb{}\u00a0\u00bb custom_padding__hover=\u00a0\u00bb|||\u00a0\u00bb][et_pb_image src=\u00a0\u00bbhttps:\/\/impactinitiative.essec.edu\/wp-content\/uploads\/2023\/06\/Design-sans-titre.png\u00a0\u00bb title_text=\u00a0\u00bbDesign sans titre\u00a0\u00bb _builder_version=\u00a0\u00bb4.21.0&Prime; _module_preset=\u00a0\u00bbdefault\u00a0\u00bb global_colors_info=\u00a0\u00bb{}\u00a0\u00bb][\/et_pb_image][et_pb_text _builder_version=\u00a0\u00bb4.21.0&Prime; _module_preset=\u00a0\u00bbdefault\u00a0\u00bb custom_padding=\u00a0\u00bb||3px|||\u00a0\u00bb hover_enabled=\u00a0\u00bb0&Prime; global_colors_info=\u00a0\u00bb{}\u00a0\u00bb sticky_enabled=\u00a0\u00bb0&Prime;]<\/p>\n<p><i><span style=\"font-weight: 400;\">Juin 2023<\/span><\/i><\/p>\n<p><b>\u00c9v\u00e9nements et actualit\u00e9s du secteur<\/b><\/p>\n<p><i><span style=\"font-weight: 400;\">En France<\/span><\/i><\/p>\n<ul>\n<li style=\"list-style-type: none;\">\n<ul>\n<li style=\"font-weight: 400;\" aria-level=\"1\"><span style=\"font-weight: 400;\">La <\/span><a href=\"https:\/\/www.avise.org\/actualites\/3eme-reunion-des-petits-dejeuners-de-la-mesure-dimpact\" target=\"_blank\" rel=\"nofollow\"><span style=\"font-weight: 400;\">3e \u00e9dition des Petits-d\u00e9jeuners de la mesure d\u2019impact<\/span><\/a><span style=\"font-weight: 400;\"> a eu lieu mardi 23 mai \u00e0 9 heures au <\/span><a href=\"https:\/\/www.lamachinedumoulinrouge.com\/le-bar-a-bulles\/\" target=\"_blank\" rel=\"nofollow\"><span style=\"font-weight: 400;\">Bar \u00e0 Bulles<\/span><\/a><span style=\"font-weight: 400;\">, \u00e0 Paris XVIII<\/span><span style=\"font-weight: 400;\">e<\/span><span style=\"font-weight: 400;\">. Cette session du groupe d\u2019\u00e9change port\u00e9 par <\/span><a href=\"https:\/\/www.convergences.org\/\" target=\"_blank\" rel=\"nofollow\"><span style=\"font-weight: 400;\">Convergences<\/span><\/a><span style=\"font-weight: 400;\"> et coanim\u00e9 par l\u2019<\/span><a href=\"https:\/\/www.avise.org\/\" target=\"_blank\" rel=\"nofollow\"><span style=\"font-weight: 400;\">Avise<\/span><\/a><span style=\"font-weight: 400;\"> et <\/span><a href=\"https:\/\/im-prove.fr\/\" target=\"_blank\" rel=\"nofollow\"><span style=\"font-weight: 400;\">Improve<\/span><\/a><span style=\"font-weight: 400;\">, a eu comme fil rouge les th\u00e9matiques suivantes : \u201cMesurer l\u2019impact territorial\u201d et \u201cInt\u00e9grer la biodiversit\u00e9 dans sa mesure d\u2019impact environnemental\u201d.<\/span><\/li>\n<li style=\"font-weight: 400;\" aria-level=\"1\"><span style=\"font-weight: 400;\">Le J-Pal Europe organise les 22 et 23 juin prochains un colloque au Coll\u00e8ge de France intitul\u00e9 <\/span><a href=\"https:\/\/www.povertyactionlab.org\/event\/science-and-fight-against-poverty-how-far-have-we-come-20-years-and-whats-next\" target=\"_blank\" rel=\"nofollow\"><span style=\"font-weight: 400;\">\u201cScience and the Fight against Poverty: How Far Have We Come in 20 Years and What&rsquo;s Next?<\/span><\/a><span style=\"font-weight: 400;\">. Ouvert au grand public, ce colloque de deux jours se concentrera sur la mani\u00e8re dont l&rsquo;innovation et les preuves scientifiques font progresser la lutte mondiale contre la pauvret\u00e9. L&rsquo;\u00e9v\u00e9nement r\u00e9unira des chercheurs, des d\u00e9cideurs politiques, des innovateurs sociaux ainsi que des bailleurs de fonds. Le 22 juin, l&rsquo;accent sera mis sur l&rsquo;Europe, et la journ\u00e9e du 23 juin sera consacr\u00e9e aux d\u00e9fis de la r\u00e9duction de la pauvret\u00e9 dans le monde.<\/span><\/li>\n<li style=\"font-weight: 400;\" aria-level=\"1\"><span style=\"font-weight: 400;\">\u00c0 l&rsquo;occasion du changement de gouvernance du <\/span><a href=\"https:\/\/www.impactfrance.eco\/\" target=\"_blank\" rel=\"nofollow\"><span style=\"font-weight: 400;\">Mouvement Impact France<\/span><\/a><span style=\"font-weight: 400;\"> (MIF), la nouvelle pr\u00e9sidence, compos\u00e9e de Julia Faure et Daniel Demurger, a \u00e9t\u00e9 interview\u00e9e dans l&rsquo;\u00e9mission aux heures de grande \u00e9coute <\/span><a href=\"https:\/\/www.tf1.fr\/tmc\/quotidien-avec-yann-barthes\" target=\"_blank\" rel=\"nofollow\"><i><span style=\"font-weight: 400;\">Quotidien<\/span><\/i><\/a><span style=\"font-weight: 400;\">. Le duo a fait part de sa vision pour Impact France sous leur r\u00e9gime en soulignant l\u2019importance de la mesure d\u2019impact. Le <\/span><i><span style=\"font-weight: 400;\">replay<\/span><\/i><span style=\"font-weight: 400;\"> est \u00e0 retrouver <\/span><a href=\"https:\/\/www.tf1.fr\/tmc\/quotidien-avec-yann-barthes\/videos\/invites-julia-faure-et-pascal-demurger-presentent-leur-programme-pour-une-economie-francaise-a-impact-positif-partie-2-85076548.html?playlist=quotidien-les-interviews-36571914\" target=\"_blank\" rel=\"nofollow\"><span style=\"font-weight: 400;\">ici<\/span><\/a><span style=\"font-weight: 400;\">.<\/span><\/li>\n<li style=\"font-weight: 400;\" aria-level=\"1\"><a href=\"https:\/\/antropia-essec.fr\/\" target=\"_blank\" rel=\"nofollow\"><span style=\"font-weight: 400;\">Antropia ESSEC<\/span><\/a><span style=\"font-weight: 400;\"> a organis\u00e9 le 22 mars dernier un atelier-d\u00e9bat autour de l&rsquo;\u00e9volution de l&rsquo;\u00e9valuation d&rsquo;impact social en France au cours des 15 derni\u00e8res ann\u00e9es, de sa pratique exp\u00e9rimentale \u00e0 son int\u00e9gration croissante dans la vie des organisations en passant par l&rsquo;\u00e9mergence d&rsquo;acteurs ax\u00e9s sur l&rsquo;impact et les attentes accrues des financeurs. Cet atelier-d\u00e9bat, r\u00e9unissant le gratin de la mesure d\u2019impact sociale, a explor\u00e9 comment l&rsquo;\u00e9valuation d&rsquo;impact social peut aider \u00e0 changer le monde, en mettant en \u00e9vidence les approches de pilotage par l&rsquo;\u00e9valuation d&rsquo;impact ainsi que la diffusion d&rsquo;une culture d&rsquo;\u00e9valuation d&rsquo;impact social. L&rsquo;\u00e9v\u00e8nement s\u2019est d\u00e9roul\u00e9 au site ex\u00e9cutif de l\u2019ESSEC Business School au CNIT et \u00e9tait retransmis en direct sur <\/span><a href=\"https:\/\/www.youtube.com\/@essec\" target=\"_blank\" rel=\"nofollow\"><span style=\"font-weight: 400;\">leur cha\u00eene Youtube<\/span><\/a><span style=\"font-weight: 400;\"> et son <\/span><i><span style=\"font-weight: 400;\">replay<\/span><\/i><span style=\"font-weight: 400;\"> est disponible <\/span><a href=\"https:\/\/www.youtube.com\/watch?v=o9P8h5oDrpk\" target=\"_blank\" rel=\"nofollow\"><span style=\"font-weight: 400;\">dessus<\/span><\/a><span style=\"font-weight: 400;\">.<\/span><\/li>\n<li style=\"font-weight: 400;\" aria-level=\"1\"><span style=\"font-weight: 400;\">Le m\u00e9dia Carenews a publi\u00e9 la 3<\/span><span style=\"font-weight: 400;\">e<\/span><span style=\"font-weight: 400;\"> \u00e9dition de son Top 50 de l\u2019entrepreneuriat \u00e0 impact. 212 laur\u00e9ats r\u00e9partis dans 10 cat\u00e9gories d\u2019impact ont \u00e9t\u00e9 \u00e9valu\u00e9s par le biais d\u2019une m\u00e9thodologie rigoureuse construite avec Thierry Sibieude, cofondateur de la <\/span><a href=\"https:\/\/chaire-innovation-sociale.essec.edu\/\" target=\"_blank\" rel=\"nofollow\"><span style=\"font-weight: 400;\">Chaire d&rsquo;innovation sociale de l&rsquo;ESSEC<\/span><\/a><span style=\"font-weight: 400;\">, et le cabinet <\/span><a href=\"https:\/\/www.haatch.fr\/\" target=\"_blank\" rel=\"nofollow\"><span style=\"font-weight: 400;\">Haatch<\/span><\/a><span style=\"font-weight: 400;\"> a \u00e9t\u00e9 charg\u00e9 de la collecte et l\u2019analyse des donn\u00e9es. Enfin, un jury d\u2019experts a \u00e9t\u00e9 mis en place pour d\u00e9partager les laur\u00e9ats avec des scores sensiblement proches. Chaque cat\u00e9gorie est accompagn\u00e9e d\u2019une mise en contexte par un acteur de l\u2019impact dans le domaine et chaque pensionnaire du Top 50 y est pr\u00e9sent\u00e9. Allez d\u00e9couvrir le fleuron de l\u2019impact avec cette promotion 2022 <\/span><a href=\"https:\/\/contenu.carenews.com\/top-50-2022\" target=\"_blank\" rel=\"nofollow\"><span style=\"font-weight: 400;\">ici<\/span><\/a><span style=\"font-weight: 400;\"> !<\/span><\/li>\n<li style=\"font-weight: 400;\" aria-level=\"1\"><span style=\"font-weight: 400;\">Retrouvez le 8 juin 2023 la c\u00e9l\u00e9bration des 10 ans du National Advisory Board (NAB) France. \u00c0 l&rsquo;initiative de <\/span><a href=\"https:\/\/www.finance-fair.org\/fr\" target=\"_blank\" rel=\"nofollow\"><span style=\"font-weight: 400;\">FAIR<\/span><\/a><span style=\"font-weight: 400;\">, de <\/span><a href=\"https:\/\/www.franceinvest.eu\/\" target=\"_blank\" rel=\"nofollow\"><span style=\"font-weight: 400;\">France Invest<\/span><\/a><span style=\"font-weight: 400;\"> et du <\/span><a href=\"https:\/\/www.frenchsif.org\/isr_esg\/\" target=\"_blank\" rel=\"nofollow\"><span style=\"font-weight: 400;\">FIR<\/span><\/a><span style=\"font-weight: 400;\">, venez passer la matin\u00e9e \u00e0 la <\/span><a href=\"https:\/\/www.caissedesdepots.fr\/\" target=\"_blank\" rel=\"nofollow\"><span style=\"font-weight: 400;\">Caisse des D\u00e9p\u00f4ts<\/span><\/a><span style=\"font-weight: 400;\"> pour \u00e9changer autour de l\u2019investissement \u00e0 impact en compagnie de Sir Ronald Cohen et bien d\u2019autres experts internationaux. Inscrivez-vous d\u00e8s maintenant pour r\u00e9server vos places <\/span><a href=\"https:\/\/mailchi.mp\/frenchsif.org\/les-dix-anx-du-nab-france?e=[UNIQID]\" target=\"_blank\" rel=\"nofollow\"><span style=\"font-weight: 400;\">ici<\/span><\/a><span style=\"font-weight: 400;\"> !\u00a0<\/span><span style=\"font-weight: 400;\"><\/span><\/li>\n<\/ul>\n<\/li>\n<\/ul>\n<p><i><span style=\"font-weight: 400;\"><\/span><\/i><\/p>\n<p><i><span style=\"font-weight: 400;\">A l\u2019international\u00a0<\/span><\/i><\/p>\n<ul>\n<li style=\"list-style-type: none;\">\n<ul>\n<li style=\"font-weight: 400;\" aria-level=\"1\"><span style=\"font-weight: 400;\">La Commission europ\u00e9enne a propos\u00e9 le 22 mars dernier <\/span><a href=\"https:\/\/eeb.org\/protecting-consumers-new-eu-laws-set-to-curtail-greenwashing-and-boost-repair\/\" target=\"_blank\" rel=\"nofollow\"><span style=\"font-weight: 400;\">une nouvelle directive pour lutter contre le greenwashing <\/span><\/a><span style=\"font-weight: 400;\">. La directive \u201cGreen claim\u201d pr\u00e9cise les obligations des entreprises en mati\u00e8re de transparence et d\u2019\u00e9valuation quant \u00e0 l\u2019impact environnemental de leurs produits.<\/span><\/li>\n<li style=\"font-weight: 400;\" aria-level=\"1\"><span style=\"font-weight: 400;\">Innovations for Poverty Action (IPA) et Abdul Latif Jameel Poverty Action Lab (J-PAL) ont re\u00e7u conjointement une subvention de 10 millions de dollars de la Fondation IKEA pour cr\u00e9er le premier fonds de recherche au monde d\u00e9di\u00e9 \u00e0 la production de donn\u00e9es probantes sur les programmes pour les populations d\u00e9plac\u00e9es et les communaut\u00e9s d&rsquo;accueil. L&rsquo;objectif de ce fonds est d&rsquo;\u00e9clairer la conception de politiques et de programmes qui permettent aux r\u00e9fugi\u00e9s et aux autres personnes contraintes de fuir de reconstruire leur vie, de cr\u00e9er des moyens de subsistance durables et de parvenir \u00e0 l&rsquo;autosuffisance. Un premier<\/span><a href=\"https:\/\/poverty-action.org\/displaced-livelihoods-initiative\" target=\"_blank\" rel=\"nofollow\"><span style=\"font-weight: 400;\"> appel \u00e0 projets<\/span><\/a><span style=\"font-weight: 400;\"> a \u00e9t\u00e9 lanc\u00e9.<\/span><\/li>\n<li style=\"font-weight: 400;\" aria-level=\"1\"><span style=\"font-weight: 400;\">Abhijit Banerjee et Esther Duflo, laur\u00e9ats du prix Nobel et professeurs au Massachusetts Institute of Technology proposent une session en ligne du cours payant \u201cGood Economics for Hard Times\u201d (un <\/span><a href=\"https:\/\/en.wikipedia.org\/wiki\/Good_Economics_for_Hard_Times#:~:text=Good%20Economics%20for%20Hard%20Times%3A%20Better%20Answers%20to%20Our%20Biggest,and%20Allen%20Lane%20(UK).\" target=\"_blank\" rel=\"nofollow\"><span style=\"font-weight: 400;\">livre \u00e9ponyme<\/span><\/a><span style=\"font-weight: 400;\"> existe \u00e9galement) \u00e0 partir du 30 mai. D\u2019une dur\u00e9e de 11 semaines, ce cours aborde les sujets de l\u2019usage des donn\u00e9es pour s&rsquo;attaquer \u00e0 certaines probl\u00e9matiques sociales, de ce \u00e0 quoi ressemble la recherche \u00e9conomique actuelle et de comment les outils modernes des \u00e9conomistes peuvent servir la soci\u00e9t\u00e9. Plus d\u2019informations <\/span><a href=\"https:\/\/mitxonline.mit.edu\/courses\/course-v1:MITxT+14.009x\/\" target=\"_blank\" rel=\"nofollow\"><span style=\"font-weight: 400;\">ici<\/span><\/a><span style=\"font-weight: 400;\">. Le MIT propose \u00e9galement un cours suivant les m\u00eames modalit\u00e9s, intitul\u00e9 <\/span><a href=\"https:\/\/mitxonline.mit.edu\/courses\/course-v1:MITxT+14.310x\/\" target=\"_blank\" rel=\"nofollow\"><span style=\"font-weight: 400;\">\u201cData analysis for social scientists.<\/span><\/a><span style=\"font-weight: 400;\">\u201d<\/span><\/li>\n<li style=\"font-weight: 400;\" aria-level=\"1\"><span style=\"font-weight: 400;\">Social Value UK propose sa formation <\/span><a href=\"https:\/\/socialvalueuk.org\/online-social-value-and-sroi-practitioner-training\/\" target=\"_blank\" rel=\"nofollow\"><span style=\"font-weight: 400;\">\u201cValue &amp; SROI practitioner \u00bb en ligne<\/span><\/a><span style=\"font-weight: 400;\">, avec un format de cinq rencontres sur deux semaines. Une <\/span><a href=\"https:\/\/socialvalueuk.org\/in-person-social-value-and-sroi-practitioner-training\/\" target=\"_blank\" rel=\"nofollow\"><span style=\"font-weight: 400;\">session non-virtuelle<\/span><\/a><span style=\"font-weight: 400;\"> aura lieu \u00e0 Londres \u00e0 partir du 20 juin.\u00a0<\/span><\/li>\n<\/ul>\n<\/li>\n<\/ul>\n<p><b>Rapports d\u2019impact<\/b><\/p>\n<p><i><span style=\"font-weight: 400;\">En France<\/span><\/i><span style=\"font-weight: 400;\"><\/span><\/p>\n<ul>\n<li style=\"list-style-type: none;\">\n<ul>\n<li style=\"font-weight: 400;\" aria-level=\"1\"><span style=\"font-weight: 400;\">Le J-Pal a travaill\u00e9 sur la sensibilisation \u00e0 la pollution li\u00e9e au chauffage au bois en France, au cours d\u2019une exp\u00e9rience durant laquelle un groupe a re\u00e7u des informations de sensibilisation g\u00e9n\u00e9rale, tandis que l\u2019autre a re\u00e7u des informations adapt\u00e9es \u00e0 la consommation de leur foyer. Ce dernier groupe a chang\u00e9 son comportement. Les conclusions de cette exp\u00e9rimentation sont disponibles <\/span><a href=\"https:\/\/www.povertyactionlab.org\/publication\/wood-burning-improving-pollution-awareness?utm_source=jpal&amp;utm_medium=email&amp;utm_campaign=wood-burning-briefcase\" target=\"_blank\" rel=\"nofollow\"><span style=\"font-weight: 400;\">en ligne<\/span><\/a><span style=\"font-weight: 400;\">.<\/span><\/li>\n<li style=\"font-weight: 400;\" aria-level=\"1\"><span style=\"font-weight: 400;\">Koreis a publi\u00e9 une courte synth\u00e8se d\u2019une <\/span><a href=\"https:\/\/drive.google.com\/file\/d\/1_0nhZyG4D7xVVc9aLc892CEelZAxmIbF\/view\" target=\"_blank\" rel=\"nofollow\"><span style=\"font-weight: 400;\">mesure d\u2019impact pour le programme Agir pour l&rsquo;entrepreneuriat f\u00e9minin 91<\/span><\/a><span style=\"font-weight: 400;\"> de l\u2019association de conseil et d\u2019accompagnement <\/span><a href=\"https:\/\/www.rec-innovation.org\/\" target=\"_blank\" rel=\"nofollow\"><span style=\"font-weight: 400;\">REC Innovation<\/span><\/a><span style=\"font-weight: 400;\">. Par le biais de questionnaires, les laur\u00e9ates expriment leur satisfaction sur l\u2019efficacit\u00e9 du programme avec 92% des laur\u00e9ates r\u00e9pondantes qui affirment que le programme a contribu\u00e9 \u00e0 la structuration de leur projet et 84% \u00e0 son d\u00e9veloppement. De mani\u00e8re plus factuelle, le budget des projets des laur\u00e9ates a augment\u00e9 de 36% entre 2021 et 2022 et le chiffre d&rsquo;affaires de 36%, avec au total plus de 200 emplois cr\u00e9\u00e9s par les structures accompagn\u00e9es. Les r\u00e9sultats mis en avant dans ce rapport permettront de mettre en avant l\u2019efficacit\u00e9 du programme et de convaincre de nouvelles entrepreneuses de candidater pour la future promotion.<\/span><\/li>\n<li style=\"font-weight: 400;\" aria-level=\"1\"><span style=\"font-weight: 400;\">Le cabinet EY a \u00e9t\u00e9 missionn\u00e9 par La Fran\u00e7aise des Jeux pour r\u00e9aliser le <\/span><a href=\"https:\/\/www.groupefdj.com\/fr\/fondation\/lessentiel-2022.html\" target=\"_blank\" rel=\"nofollow\"><span style=\"font-weight: 400;\">rapport annuel<\/span><\/a><span style=\"font-weight: 400;\"> de leur <\/span><a href=\"https:\/\/www.groupefdj.com\/fr\/fondation.html\" target=\"_blank\" rel=\"nofollow\"><span style=\"font-weight: 400;\">Fondation d\u2019entreprise<\/span><\/a><span style=\"font-weight: 400;\">. Dans ce dernier, le cabinet EY a produit une mesure de son impact social sur leurs 5 derni\u00e8res ann\u00e9es d\u2019activit\u00e9 ainsi qu\u2019un SROI : 3,4 euros sont cr\u00e9\u00e9s pour chaque euro de soutien aux associations par la Fondation FDJ. Ces \u00e9tudes sont au centre de ce rapport et sont une nouvelle preuve de la d\u00e9mocratisation de la mesure d\u2019impact sociale en France.\u00a0<\/span><\/li>\n<li style=\"font-weight: 400;\" aria-level=\"1\"><a href=\"https:\/\/andes-france.com\/\" target=\"_blank\" rel=\"nofollow\"><span style=\"font-weight: 400;\">L\u2019Association Nationale Des \u00c9piceries Solidaires <\/span><\/a><span style=\"font-weight: 400;\">(ANDES), a publi\u00e9, \u00e0 l\u2019aide du <\/span><a href=\"https:\/\/consulting.groupe-sos.org\/\" target=\"_blank\" rel=\"nofollow\"><span style=\"font-weight: 400;\">Groupe SOS &#8211; Consulting<\/span><\/a><span style=\"font-weight: 400;\"> et <\/span><a href=\"https:\/\/impacttrack.org\/fr\/\" target=\"_blank\" rel=\"nofollow\"><span style=\"font-weight: 400;\">Impact Track<\/span><\/a><span style=\"font-weight: 400;\">, la premi\u00e8re <\/span><a href=\"https:\/\/andes-france.com\/nos-actions\/les-epiceries-solidaires\/impact-epiceries-solidaires\/\" target=\"_blank\" rel=\"nofollow\"><span style=\"font-weight: 400;\">\u00e9tude sur l\u2019impact\u00a0 social des \u00e9piceries solidaires<\/span><\/a><span style=\"font-weight: 400;\">. Cette \u00e9tude se base sur des enqu\u00eates men\u00e9es en 2020, donc particuli\u00e8rement impact\u00e9es par la crise sanitaire, mais se base sur une m\u00e9thodologie solide et transparente avec une approche qualitative, par le biais d\u2019entretiens t\u00e9l\u00e9phoniques, et une approche quantitative avec la r\u00e9daction d\u2019un questionnaire. Au total, 456 b\u00e9n\u00e9ficiaires des \u00e9piceries solidaires ont \u00e9t\u00e9 mobilis\u00e9s pour 38 \u00e9piceries solidaires r\u00e9parties sur toute la France m\u00e9tropolitaine et les DROM. Les b\u00e9n\u00e9ficiaires de cette aide alimentaire sont majoritairement des populations pr\u00e9caires (travailleurs aux revenus modestes, des familles monoparentales, des \u00e9tudiants ou des personnes \u00e2g\u00e9es avec des petites retraites). Cinq principaux impacts sur ces b\u00e9n\u00e9ficiaires ont \u00e9t\u00e9 particuli\u00e8rement mis en avant : l\u2019acc\u00e8s \u00e0 une alimentation de qualit\u00e9 et diversifi\u00e9e, un renforcement du lien social et une sortie de l\u2019isolement, une am\u00e9lioration de l\u2019estime de soi, de l\u2019autonomie et du pouvoir d\u2019agir, un renforcement de la capacit\u00e9 \u00e0 surmonter les difficult\u00e9s financi\u00e8res et l\u2019am\u00e9lioration de l\u2019acc\u00e8s aux droits et \u00e0 l\u2019information.<\/span><\/li>\n<li style=\"font-weight: 400;\" aria-level=\"1\"><span style=\"font-weight: 400;\">Sous la forme de 6 observations non-participantes et 41 entretiens semi-directifs, l\u2019<\/span><a href=\"https:\/\/agencephare.com\/\" target=\"_blank\" rel=\"nofollow\"><span style=\"font-weight: 400;\">Agence Phare<\/span><\/a><span style=\"font-weight: 400;\"> a r\u00e9alis\u00e9, avec le soutien de la <\/span><a href=\"https:\/\/fondation-mnh.fr\/\" target=\"_blank\" rel=\"nofollow\"><span style=\"font-weight: 400;\">fondation MNH<\/span><\/a><span style=\"font-weight: 400;\">,\u00a0 <\/span><a href=\"https:\/\/fondation-mnh.fr\/wp-content\/uploads\/2023\/03\/Synthese-Eval-Impact-Social_FondationARHM__FondationMNH_AgencePhare.pdf\" target=\"_blank\" rel=\"nofollow\"><span style=\"font-weight: 400;\">la mesure d\u2019impact social du projet \u201cAmbassadeur Sant\u00e9 mentale\u201d<\/span><\/a><span style=\"font-weight: 400;\"> de la <\/span><a href=\"https:\/\/www.fondationarhm.fr\/\" target=\"_blank\" rel=\"nofollow\"><span style=\"font-weight: 400;\">fondation ARHM<\/span><\/a><span style=\"font-weight: 400;\">. Les r\u00e9sultats appuient sur les effets b\u00e9n\u00e9fiques de ces interventions dites \u201cpaires-\u00e0-paires\u201d, que ce soit pour le jeune b\u00e9n\u00e9vole intervenant qui va d\u00e9velopper et acqu\u00e9rir de nouvelles comp\u00e9tences et connaissances, que pour le jeune sensibilis\u00e9 par l\u2019intervention qui va pouvoir s\u2019ouvrir sur la sant\u00e9 mentale et d\u00e9couvrir des structures de pr\u00e9vention et de soin ainsi que des concepts psycho-sociaux. Enfin, les professionnels des structures d\u2019accueil sont aussi sensibilis\u00e9s \u00e0 ces probl\u00e9matiques psychosociales rarement abord\u00e9es et ont acc\u00e8s \u00e0 des informations utiles et re-mobilisables.<\/span><\/li>\n<li style=\"font-weight: 400;\" aria-level=\"1\"><a href=\"https:\/\/energie-partagee.org\/\" target=\"_blank\" rel=\"nofollow\"><span style=\"font-weight: 400;\">\u00c9nergie Partag\u00e9e<\/span><\/a><span style=\"font-weight: 400;\"> publie une <\/span><a href=\"https:\/\/energie-partagee.org\/etude-lenergie-citoyenne-quest-ce-que-ca-change-focus-sur-limpact-social-de-lenergie-citoyenne\/\" target=\"_blank\" rel=\"nofollow\"><span style=\"font-weight: 400;\">mesure d\u2019impact pour les projets citoyens d\u2019\u00e9nergie renouvelable<\/span><\/a><span style=\"font-weight: 400;\"> ainsi qu\u2019un r\u00e9f\u00e9rentiel d\u2019auto-\u00e9valuation de l\u2019impact social pour de tels projets ou initiatives citoyens. En utilisant les r\u00e9sultats d\u2019un questionnaire partag\u00e9 \u00e0 l\u2019ensemble des personnes impliqu\u00e9es dans des projets citoyens de production d\u2019\u00e9nergie renouvelable, \u00c9nergie Partag\u00e9e observe que les impacts vont bien au-del\u00e0 d\u2019une simple production d\u2019\u00e9nergie propre et de retomb\u00e9es \u00e9conomiques des projets classiques d\u2019\u00e9nergie renouvelable. Ces initiatives s&rsquo;accompagnent d\u2019abord d\u2019une v\u00e9ritable mont\u00e9e en comp\u00e9tences sur la transition \u00e9nerg\u00e9tique et de connaissances territoriales pour les acteurs locaux. De plus, c\u2019est un vecteur fort d\u2019implication et de sensibilisation citoyenne dans les politiques \u00e9nerg\u00e9tiques et environnementales. Enfin, cela permet de cr\u00e9er de nouvelles collaborations multi-acteurs, exp\u00e9rimenter une autre mani\u00e8re de travailler et est un rem\u00e8de au sentiment d\u2019impuissance face \u00e0 l\u2019urgence climatique. Le r\u00e9f\u00e9rentiel d\u2019auto-\u00e9valuation aborde cinq dimensions : l\u2019implication citoyenne, la production \u00e9nerg\u00e9tique locale, la coop\u00e9ration transversale, les retomb\u00e9es \u00e9conomiques locales et la r\u00e9silience territoriale.<\/span><\/li>\n<li style=\"font-weight: 400;\" aria-level=\"1\"><a href=\"https:\/\/www.label-emmaus.co\/fr\/\" target=\"_blank\" rel=\"nofollow\"><span style=\"font-weight: 400;\">Label Emma\u00fcs<\/span><\/a><span style=\"font-weight: 400;\"> a publi\u00e9 son <\/span><a href=\"https:\/\/www.label-emmaus.co\/static\/presse\/rapports_impact\/Rapport_Impacts_2022_label_emmaus.pdf\" target=\"_blank\" rel=\"nofollow\"><span style=\"font-weight: 400;\">rapport d\u2019impact<\/span><\/a><span style=\"font-weight: 400;\"> social et \u00e9cologique annuel pour 2022. La plateforme d\u2019e-commerce d\u2019Emma\u00fcs a depuis sa formation, entre autres, cr\u00e9\u00e9 plus de 500 emplois, dont 300 en insertion et form\u00e9 plus 1500 personnes aux m\u00e9tiers du e-commerce, dont plus de 800 en insertion. Une table ronde a aussi \u00e9t\u00e9 organis\u00e9e et diffus\u00e9e sur LinkedIn pour \u00e9changer autour de ces chiffres et le replay est disponible <\/span><a href=\"https:\/\/www.linkedin.com\/video\/live\/urn:li:ugcPost:7054092738085933056\/?actorCompanyId=10808749\" target=\"_blank\" rel=\"nofollow\"><span style=\"font-weight: 400;\">ici<\/span><\/a><span style=\"font-weight: 400;\">.<\/span><\/li>\n<\/ul>\n<\/li>\n<\/ul>\n<p><i><span style=\"font-weight: 400;\">A l\u2019international<\/span><\/i><\/p>\n<ul>\n<li style=\"list-style-type: none;\">\n<ul>\n<li style=\"font-weight: 400;\" aria-level=\"1\"><span style=\"font-weight: 400;\">Un article de la revue HKS documente l&rsquo;<\/span><a href=\"https:\/\/papers.ssrn.com\/sol3\/papers.cfm?abstract_id=4344196\" target=\"_blank\" rel=\"nofollow\"><span style=\"font-weight: 400;\">existence d&rsquo;un \u00ab\u00a0effet de formalit\u00e9\u00a0\u00bb dans les communications gouvernementales.<\/span><\/a><span style=\"font-weight: 400;\"> \u00c0 travers trois \u00e9tudes en ligne et trois exp\u00e9riences sur le terrain dans diff\u00e9rents contextes politiques, les chercheurs ont montr\u00e9 que les communications gouvernementales formelles sont plus efficaces pour influencer le comportement des r\u00e9sidents que les communications gouvernementales informelles. Les destinataires consid\u00e8rent la source d&rsquo;une lettre formelle comme plus comp\u00e9tente et plus digne de confiance, et consid\u00e8rent la demande elle-m\u00eame comme plus importante pour prendre des mesures, bien qu&rsquo;il n&rsquo;y ait pas de changement dans la compr\u00e9hension ni dans la facilit\u00e9 per\u00e7ue \u00e0 prendre ces mesures.\u00a0<\/span><\/li>\n<li style=\"font-weight: 400;\" aria-level=\"1\"><span style=\"font-weight: 400;\">Le Quarterly Journal of Economics publie les r\u00e9sultats d\u2019une <\/span><a href=\"https:\/\/academic.oup.com\/qje\/article-abstract\/138\/1\/151\/6726652?redirectedFrom=fulltext\" target=\"_blank\" rel=\"nofollow\"><span style=\"font-weight: 400;\">\u00e9tude men\u00e9e en Turquie sur l\u2019am\u00e9lioration de l\u2019atmosph\u00e8re relationnelle sur le lieu de travail<\/span><\/a><span style=\"font-weight: 400;\">. Le programme,\u00a0 \u00e9valu\u00e9 de fa\u00e7on randomis\u00e9e encourage les comportements sociaux et l&rsquo;utilisation d&rsquo;un langage professionnel. Les r\u00e9sultats indiquent que les entreprises b\u00e9n\u00e9ficiaires du programme sont moins susceptibles de se s\u00e9parer de leurs employ\u00e9s au niveau de la direction, que moins d&#8217;employ\u00e9s manquent d&rsquo;aide professionnelle et personnelle et que les r\u00e9seaux de soutien sont plus d\u00e9velopp\u00e9s.<\/span><\/li>\n<li style=\"font-weight: 400;\" aria-level=\"1\"><span style=\"font-weight: 400;\">Des chercheurs de Brown University (Etats-Unis) ont r\u00e9alis\u00e9 une <\/span><a href=\"https:\/\/edworkingpapers.com\/ai23-745\" target=\"_blank\" rel=\"nofollow\"><span style=\"font-weight: 400;\">\u00e9valuation randomis\u00e9e du programme \u201cDetroit Promise Path,\u201d<\/span><\/a><span style=\"font-weight: 400;\"> visant \u00e0 soutenir les \u00e9tudiants \u00e0 faibles revenus des \u201ccommunity colleges\u201d dans la poursuite de leurs \u00e9tudes. Ce programme a \u00e9t\u00e9 con\u00e7u pour compl\u00e9ter la bourse College Promise, en offrant aux \u00e9tudiants un accompagnement, un suivi pendant l\u2019\u00e9t\u00e9 et des incitations financi\u00e8res. L&rsquo;\u00e9valuation a montr\u00e9 que les \u00e9tudiants b\u00e9n\u00e9ficiant du programme s&rsquo;inscrivaient \u00e0 un plus grand nombre de cours et obtenaient plus de cr\u00e9dits que ceux b\u00e9n\u00e9ficiant uniquement de la bourse. Cependant, au bout de trois ans, il n&rsquo;y avait pas d&rsquo;impact perceptible sur les dipl\u00f4mes obtenus.<\/span><\/li>\n<li style=\"font-weight: 400;\" aria-level=\"1\"><span style=\"font-weight: 400;\">La revue Public Money and Management publie une <\/span><a href=\"https:\/\/www.tandfonline.com\/doi\/abs\/10.1080\/09540962.2023.2199365\" target=\"_blank\" rel=\"nofollow\"><span style=\"font-weight: 400;\">\u00e9tude sur le syst\u00e8me int\u00e9gr\u00e9 de sant\u00e9 frontalier du Br\u00e9sil (SIS-Fronteiras)<\/span><\/a><span style=\"font-weight: 400;\">. Des techniques d&rsquo;appariement des scores de tendance et de comparaison des diff\u00e9rences ont \u00e9t\u00e9 appliqu\u00e9es pour analyser les indicateurs de sant\u00e9 des 588 municipalit\u00e9s situ\u00e9es dans la bande frontali\u00e8re du Br\u00e9sil. Ensuite, les auteurs ont men\u00e9 et analys\u00e9 23 entretiens et 12 groupes de discussion. Les r\u00e9sultats sugg\u00e8rent que l&rsquo;inad\u00e9quation du mod\u00e8le de gouvernance explique l&rsquo;\u00e9chec de l&rsquo;am\u00e9lioration des conditions de sant\u00e9 dans ces zones. Cet article nous permet d&rsquo;approfondir la compr\u00e9hension des politiques publiques et, en particulier, des interventions de sant\u00e9 publique dans les r\u00e9gions frontali\u00e8res.<\/span><span style=\"font-weight: 400;\"><\/span><\/li>\n<\/ul>\n<\/li>\n<\/ul>\n<p><span style=\"font-weight: 400;\"><\/span><\/p>\n<ul>\n<li style=\"list-style-type: none;\"><b><\/b><\/li>\n<li style=\"list-style-type: none;\"><b><\/b><\/li>\n<li style=\"list-style-type: none;\"><b><\/b><\/li>\n<li style=\"list-style-type: none;\"><b>Publications<\/b><\/li>\n<\/ul>\n<p><i><span style=\"font-weight: 400;\">En France<\/span><\/i><span style=\"font-weight: 400;\">\u00a0<\/span><\/p>\n<ul>\n<li style=\"list-style-type: none;\">\n<ul>\n<li style=\"font-weight: 400;\" aria-level=\"1\"><span style=\"font-weight: 400;\">La Direction de la recherche, des \u00e9tudes, de l\u2019\u00e9valuation et des statistiques a publi\u00e9 les derniers chiffres cl\u00e9s sur le handicap dans son dernier <\/span><a href=\"https:\/\/drees.solidarites-sante.gouv.fr\/publications-communique-de-presse\/panoramas-de-la-drees\/le-handicap-en-chiffres-edition-2023#:~:text=En%202021%2C%206%2C8%20millions,d'un%20probl%C3%A8me%20de%20sant%C3%A9.\" target=\"_blank\" rel=\"nofollow\"><span style=\"font-weight: 400;\">panorama<\/span><\/a><span style=\"font-weight: 400;\">. Cette publication, d\u00e9coup\u00e9e en 28 fiches inscrites dans 6 chapitres, d\u00e9taille de mani\u00e8re exhaustive un grand nombre d&rsquo;unit\u00e9s de mesure de l\u2019\u00e9valuation du handicap en France gr\u00e2ce aux \u00e9tudes statistiques les plus r\u00e9centes sur le sujet. Enfin, vous pourrez pour la premi\u00e8re fois, retrouver dans ce rapport, la traduction FALC (Facile \u00e0 lire et \u00e0 comprendre) d\u2019une \u00e9tude de la DREES sur le th\u00e8me des adultes handicap\u00e9s accueillis dans les \u00e9tablissements et services m\u00e9dico-sociaux.<\/span><\/li>\n<li style=\"font-weight: 400;\" aria-level=\"1\"><span style=\"font-weight: 400;\">\u00c0 l\u2019occasion de 25 ans de travaux au service de la finance \u00e0 impact social, le collectif FAIR publie un <\/span><a href=\"https:\/\/www.finance-fair.org\/fr\/actualites\/regards-du-conseil-scientifique-sur-les-25-ans-du-label-finansol\" target=\"_blank\" rel=\"nofollow\"><span style=\"font-weight: 400;\">livret de leur conseil scientifique<\/span><\/a><span style=\"font-weight: 400;\">. Dans cette publication, vous pourrez d\u00e9couvrir les analyses de nombreux acteurs de la finance \u00e0 impact. C\u00f4t\u00e9 mesure \u00e0 impact social, vous pourrez retrouver le regard expert d\u2019Elise Leclerc et Thierry Sibieude sur l\u2019apport des Objectifs de D\u00e9veloppement Durable (ODD) en termes d\u2019\u00e9chelle d\u2019\u00e9valuation pour l&rsquo;impact social.<\/span><\/li>\n<\/ul>\n<\/li>\n<\/ul>\n<p><i><span style=\"font-weight: 400;\">A l\u2019international\u00a0<\/span><\/i><\/p>\n<ul>\n<li style=\"list-style-type: none;\">\n<ul>\n<li style=\"font-weight: 400;\" aria-level=\"1\"><span style=\"font-weight: 400;\">Lisa Hehenberger (Esade) publie dans la SSIR une tribune intitul\u00e9e \u201c<\/span><a href=\"https:\/\/ssir.org\/articles\/entry\/prioritizing_impact_measurement_in_the_funding_of_social_innovation\" target=\"_blank\" rel=\"nofollow\"><span style=\"font-weight: 400;\">Prioritizing Impact Measurement in the Funding of Social Innovation<\/span><\/a><span style=\"font-weight: 400;\">,\u201d encourageant les bailleurs de fonds \u00e0 int\u00e9grer davantage les donn\u00e9es d\u2019impact social \u00e0 la gestion de leur activit\u00e9 et \u00e0 mettre les b\u00e9n\u00e9ficiaires de leurs actions au coeur de leurs pratiques.<\/span><\/li>\n<li style=\"font-weight: 400;\" aria-level=\"1\"><span style=\"font-weight: 400;\">En \u00e9cho, Kevin Starr (pr\u00e9sident de la fondation Mulago, Etats-Unis) a r\u00e9dig\u00e9 dans la m\u00eame revue l\u2019article \u201c<\/span><a href=\"https:\/\/ssir.org\/articles\/entry\/dont_feed_the_zombies\" target=\"_blank\" rel=\"nofollow\"><span style=\"font-weight: 400;\">Don\u2019t Feed the Zombies<\/span><\/a><span style=\"font-weight: 400;\">\u201d &#8211; les zombies \u00e9tant des associations qui desservent la cause pour laquelle elles sont engag\u00e9es. Le pilotage de l\u2019impact social est selon l\u2019auteur la solution pour limiter le d\u00e9veloppement de ces zombies, et pour les financeurs un moyen de s\u2019assurer de ne pas les soutenir.\u00a0<\/span><\/li>\n<li style=\"font-weight: 400;\" aria-level=\"1\"><span style=\"font-weight: 400;\">BetterEvaluation (Australie) recense dans un article de blog des <\/span><a href=\"https:\/\/www.betterevaluation.org\/blog\/new-pathway-how-can-funders-support-meaningful-monitoring-evaluation-learning-practice-field\" target=\"_blank\" rel=\"nofollow\"><span style=\"font-weight: 400;\">bonnes pratiques<\/span><\/a><span style=\"font-weight: 400;\"> \u00e0 destination de bailleurs de fonds pour soutenir des pratiques de suivi, d&rsquo;\u00e9valuation et d&rsquo;apprentissage sur le terrain.<\/span><\/li>\n<li style=\"font-weight: 400;\" aria-level=\"1\"><span style=\"font-weight: 400;\">Le Canadian Partnership for Women and Children\u2019s Health partage un guide intitul\u00e9 <\/span><a href=\"https:\/\/www.researchgate.net\/publication\/369998284_Ethics_in_MEAL_for_Health_and_Rights_Programming_A_Short_Guide\" target=\"_blank\" rel=\"nofollow\"><span style=\"font-weight: 400;\">\u201cEthics in MEAL for Health and Rights Programming: A Short Guide\u201d<\/span><\/a><span style=\"font-weight: 400;\">. Ce guide recense des consid\u00e9rations \u00e9thiques \u00e0 prendre en compte \u00e0 diff\u00e9rentes phases de l\u2019\u00e9valuation d\u2019impact de projets li\u00e9s \u00e0 la sant\u00e9.\u00a0<\/span><\/li>\n<li style=\"font-weight: 400;\" aria-level=\"1\"><span style=\"font-weight: 400;\">Thomas B. Fischer, chercheur \u00e0 l\u2019universit\u00e9 de Liverpool, a men\u00e9 une <\/span><a href=\"https:\/\/www.tandfonline.com\/doi\/full\/10.1080\/14615517.2023.2198839?src=\" target=\"_blank\" rel=\"nofollow\"><span style=\"font-weight: 400;\">enqu\u00eate internationale sur la simplification des \u00e9valuations<\/span><\/a><span style=\"font-weight: 400;\"> environnementales et autres (incluant les \u00e9valuations d\u2019impact sociales). 45 praticiens de l\u2019\u00e9valuation d\u2019impact y ont particip\u00e9 et les r\u00e9sultats indiquent que si, dans environ trois quarts des cas, des efforts de simplification sont en cours ou pr\u00e9vus, notamment en ce qui concerne la r\u00e9duction des co\u00fbts et du temps n\u00e9cessaires aux \u00e9valuations. Pour deux tiers des d\u00e9veloppements contraires ont \u00e9galement \u00e9t\u00e9 signal\u00e9s. Ceux-ci portent notamment sur l&rsquo;extension des exigences existantes, comme la prise en compte d&rsquo;autres aspects dans les \u00e9valuations et la couverture d&rsquo;actions suppl\u00e9mentaires soumises \u00e0 l&rsquo;\u00e9valuation.<\/span><\/li>\n<li style=\"font-weight: 400;\" aria-level=\"1\"><span style=\"font-weight: 400;\">Dans le cadre de son action \u00ab\u00a0Promouvoir les \u00e9cosyst\u00e8mes de l&rsquo;\u00e9conomie sociale et solidaire\u00a0\u00bb, l&rsquo;OCDE publie un nouveau <\/span><a href=\"https:\/\/www.oecd-ilibrary.org\/urban-rural-and-regional-development\/policy-guide-on-social-impact-measurement-for-the-social-and-solidarity-economy_270c7194-en\" target=\"_blank\" rel=\"nofollow\"><span style=\"font-weight: 400;\">guide sur l\u2019\u00e9valuation d\u2019impact social de l\u2019\u00e9conomie sociale et solidaire<\/span><\/a><span style=\"font-weight: 400;\">. Ce guide s&rsquo;appuie sur un exercice de cartographie et sur des exemples de bonnes pratiques provenant de plus de 33 pays et explique comment les d\u00e9cideurs politiques peuvent soutenir la mesure de l&rsquo;impact social pour l&rsquo;\u00e9conomie sociale et solidaire.\u00a0<\/span><\/li>\n<li style=\"font-weight: 400;\" aria-level=\"1\"><span style=\"font-weight: 400;\">Le CEDIL (Royaume-Uni) a financ\u00e9 plusieurs \u00e9tudes qui utilisent des m\u00e9thodes d&rsquo;apprentissage automatique (machine learning) pour optimiser les conclusions tir\u00e9es d\u2019\u00e9valuations d&rsquo;impact conduites sur des programmes de d\u00e9veloppement complexes impliquant un suivi des participants dans le temps. L\u2019objectif de cette d\u00e9marche est que les approches d&rsquo;apprentissage automatique permettent de d\u00e9couvrir de nouvelles perspectives sur la variation des r\u00e9ponses aux interventions et sur les m\u00e9canismes de causalit\u00e9 possibles, et le CEDIL en partage les premiers apprentissages dans un <\/span><a href=\"https:\/\/policycommons.net\/artifacts\/3535205\/cedil-lessons-learned-paper-3-machine-learning\/4336418\/\" target=\"_blank\" rel=\"nofollow\"><span style=\"font-weight: 400;\">document de travail<\/span><\/a><span style=\"font-weight: 400;\">.<\/span><\/li>\n<\/ul>\n<\/li>\n<\/ul>\n<p><span style=\"font-weight: 400;\"><\/span><\/p>\n<p><b>Newsletters<\/b><\/p>\n<ul>\n<li style=\"font-weight: 400;\" aria-level=\"1\"><a href=\"https:\/\/www.avise.org\/newsletters\" target=\"_blank\" rel=\"nofollow\"><span style=\"font-weight: 400;\">La newsletter de l\u2019Avise sur l\u2019\u00e9valuation d\u2019impact social en France<\/span><\/a><\/li>\n<li style=\"font-weight: 400;\" aria-level=\"1\"><a href=\"https:\/\/ssir.org\/email\" target=\"_blank\" rel=\"nofollow\"><span style=\"font-weight: 400;\">La newsletter de Stanford Social Innovation Review (SSIR)<\/span><\/a><\/li>\n<\/ul>\n<p><span style=\"font-weight: 400;\">Retrouvez tous les mois notre veille internationale sur l\u2019\u00e9valuation d&rsquo;impact social sur la page <\/span><a href=\"https:\/\/www.linkedin.com\/company\/42301082\/\" target=\"_blank\" rel=\"nofollow\"><span style=\"font-weight: 400;\">LinkedIn du Labo<\/span><\/a><span style=\"font-weight: 400;\">. <\/span><\/p>\n<p><span style=\"font-weight: 400;\">Des questions ? Des propositions de contributions ou des solutions pour l\u2019\u00e9valuation d\u2019impact social ? Contactez-nous via<\/span> <a href=\"http:\/\/mailto:leclerc@essec.edu\/\" target=\"_blank\" rel=\"nofollow\"><span style=\"font-weight: 400;\">leclerc@essec.edu<\/span><\/a><span style=\"font-weight: 400;\">\u00a0<\/span><\/p>\n<p><span><span style=\"font-weight: 400;\">Note de Veille r\u00e9dig\u00e9e par <\/span><b>Clara Cohade<\/b><span style=\"font-weight: 400;\">, <\/span><b>Gaspard Cherruault, <\/b><span style=\"font-weight: 400;\">sous la direction d\u2019<\/span><b>Elise Leclerc.<\/b><\/span><\/p>\n<p>[\/et_pb_text][\/et_pb_column][\/et_pb_row][\/et_pb_section]<\/p>\n","protected":false},"excerpt":{"rendered":"<p>Juin 2023 \u00c9v\u00e9nements et actualit\u00e9s du secteur En France La 3e \u00e9dition des Petits-d\u00e9jeuners de la mesure d\u2019impact a eu lieu mardi 23 mai \u00e0 9 heures au Bar \u00e0 Bulles, \u00e0 Paris XVIIIe. Cette session du groupe d\u2019\u00e9change port\u00e9 par Convergences et coanim\u00e9 par l\u2019Avise et Improve, a eu comme fil rouge les th\u00e9matiques [&hellip;]<\/p>\n","protected":false},"author":2,"featured_media":0,"comment_status":"open","ping_status":"open","sticky":false,"template":"","format":"standard","meta":{"_et_pb_use_builder":"on","_et_pb_old_content":"","_et_gb_content_width":"","inline_featured_image":false},"categories":[1],"tags":[],"yoast_head":"<!-- This site is optimized with the Yoast SEO plugin v20.11 - https:\/\/yoast.com\/wordpress\/plugins\/seo\/ -->\n<title>Veille n\u00b022 : Les derni\u00e8res actualit\u00e9s - Centre Innovation Sociale et Ecologique<\/title>\n<meta name=\"robots\" content=\"noindex, follow\" \/>\n<meta property=\"og:locale\" content=\"fr_FR\" \/>\n<meta property=\"og:type\" content=\"article\" \/>\n<meta property=\"og:title\" content=\"Veille n\u00b022 : Les derni\u00e8res actualit\u00e9s - Centre Innovation Sociale et Ecologique\" \/>\n<meta property=\"og:description\" content=\"Juin 2023 \u00c9v\u00e9nements et actualit\u00e9s du secteur En France La 3e \u00e9dition des Petits-d\u00e9jeuners de la mesure d\u2019impact a eu lieu mardi 23 mai \u00e0 9 heures au Bar \u00e0 Bulles, \u00e0 Paris XVIIIe. Cette session du groupe d\u2019\u00e9change port\u00e9 par Convergences et coanim\u00e9 par l\u2019Avise et Improve, a eu comme fil rouge les th\u00e9matiques [&hellip;]\" \/>\n<meta property=\"og:url\" content=\"https:\/\/centre-innovation-sociale-ecologique.essec.edu\/index.php\/2023\/06\/05\/veille-n22-les-dernieres-actualites\/\" \/>\n<meta property=\"og:site_name\" content=\"Centre Innovation Sociale et Ecologique\" \/>\n<meta property=\"article:published_time\" content=\"2023-06-05T12:13:23+00:00\" \/>\n<meta property=\"article:modified_time\" content=\"2023-06-05T12:34:25+00:00\" \/>\n<meta name=\"author\" content=\"Essec\" \/>\n<meta name=\"twitter:card\" content=\"summary_large_image\" \/>\n<meta name=\"twitter:label1\" content=\"\u00c9crit par\" \/>\n\t<meta name=\"twitter:data1\" content=\"Essec\" \/>\n\t<meta name=\"twitter:label2\" content=\"Dur\u00e9e de lecture estim\u00e9e\" \/>\n\t<meta name=\"twitter:data2\" content=\"15 minutes\" \/>\n<script type=\"application\/ld+json\" class=\"yoast-schema-graph\">{\"@context\":\"https:\/\/schema.org\",\"@graph\":[{\"@type\":\"Article\",\"@id\":\"https:\/\/centre-innovation-sociale-ecologique.essec.edu\/index.php\/2023\/06\/05\/veille-n22-les-dernieres-actualites\/#article\",\"isPartOf\":{\"@id\":\"https:\/\/centre-innovation-sociale-ecologique.essec.edu\/index.php\/2023\/06\/05\/veille-n22-les-dernieres-actualites\/\"},\"author\":{\"name\":\"Essec\",\"@id\":\"https:\/\/centre-innovation-sociale-ecologique.essec.edu\/#\/schema\/person\/ffb9b21a7056cc497e2fe8732aa91fcc\"},\"headline\":\"Veille n\u00b022 : Les derni\u00e8res actualit\u00e9s\",\"datePublished\":\"2023-06-05T12:13:23+00:00\",\"dateModified\":\"2023-06-05T12:34:25+00:00\",\"mainEntityOfPage\":{\"@id\":\"https:\/\/centre-innovation-sociale-ecologique.essec.edu\/index.php\/2023\/06\/05\/veille-n22-les-dernieres-actualites\/\"},\"wordCount\":3096,\"commentCount\":0,\"publisher\":{\"@id\":\"https:\/\/centre-innovation-sociale-ecologique.essec.edu\/#organization\"},\"inLanguage\":\"fr-FR\",\"potentialAction\":[{\"@type\":\"CommentAction\",\"name\":\"Comment\",\"target\":[\"https:\/\/centre-innovation-sociale-ecologique.essec.edu\/index.php\/2023\/06\/05\/veille-n22-les-dernieres-actualites\/#respond\"]}]},{\"@type\":\"WebPage\",\"@id\":\"https:\/\/centre-innovation-sociale-ecologique.essec.edu\/index.php\/2023\/06\/05\/veille-n22-les-dernieres-actualites\/\",\"url\":\"https:\/\/centre-innovation-sociale-ecologique.essec.edu\/index.php\/2023\/06\/05\/veille-n22-les-dernieres-actualites\/\",\"name\":\"Veille n\u00b022 : Les derni\u00e8res actualit\u00e9s - Centre Innovation Sociale et Ecologique\",\"isPartOf\":{\"@id\":\"https:\/\/centre-innovation-sociale-ecologique.essec.edu\/#website\"},\"datePublished\":\"2023-06-05T12:13:23+00:00\",\"dateModified\":\"2023-06-05T12:34:25+00:00\",\"breadcrumb\":{\"@id\":\"https:\/\/centre-innovation-sociale-ecologique.essec.edu\/index.php\/2023\/06\/05\/veille-n22-les-dernieres-actualites\/#breadcrumb\"},\"inLanguage\":\"fr-FR\",\"potentialAction\":[{\"@type\":\"ReadAction\",\"target\":[\"https:\/\/centre-innovation-sociale-ecologique.essec.edu\/index.php\/2023\/06\/05\/veille-n22-les-dernieres-actualites\/\"]}]},{\"@type\":\"BreadcrumbList\",\"@id\":\"https:\/\/centre-innovation-sociale-ecologique.essec.edu\/index.php\/2023\/06\/05\/veille-n22-les-dernieres-actualites\/#breadcrumb\",\"itemListElement\":[{\"@type\":\"ListItem\",\"position\":1,\"name\":\"Home\",\"item\":\"https:\/\/centre-innovation-sociale-ecologique.essec.edu\/\"},{\"@type\":\"ListItem\",\"position\":2,\"name\":\"Veille n\u00b022 : Les derni\u00e8res actualit\u00e9s\"}]},{\"@type\":\"WebSite\",\"@id\":\"https:\/\/centre-innovation-sociale-ecologique.essec.edu\/#website\",\"url\":\"https:\/\/centre-innovation-sociale-ecologique.essec.edu\/\",\"name\":\"Centre Innovation Sociale et Ecologique\",\"description\":\"\",\"publisher\":{\"@id\":\"https:\/\/centre-innovation-sociale-ecologique.essec.edu\/#organization\"},\"potentialAction\":[{\"@type\":\"SearchAction\",\"target\":{\"@type\":\"EntryPoint\",\"urlTemplate\":\"https:\/\/centre-innovation-sociale-ecologique.essec.edu\/?s={search_term_string}\"},\"query-input\":\"required name=search_term_string\"}],\"inLanguage\":\"fr-FR\"},{\"@type\":\"Organization\",\"@id\":\"https:\/\/centre-innovation-sociale-ecologique.essec.edu\/#organization\",\"name\":\"Essec Business School\",\"url\":\"https:\/\/centre-innovation-sociale-ecologique.essec.edu\/\",\"logo\":{\"@type\":\"ImageObject\",\"inLanguage\":\"fr-FR\",\"@id\":\"https:\/\/centre-innovation-sociale-ecologique.essec.edu\/#\/schema\/logo\/image\/\",\"url\":\"https:\/\/impactinitiative.essec.edu\/wp-content\/uploads\/2020\/11\/ESSEC_BS_logo_BLANC.png\",\"contentUrl\":\"https:\/\/impactinitiative.essec.edu\/wp-content\/uploads\/2020\/11\/ESSEC_BS_logo_BLANC.png\",\"width\":546,\"height\":509,\"caption\":\"Essec Business School\"},\"image\":{\"@id\":\"https:\/\/centre-innovation-sociale-ecologique.essec.edu\/#\/schema\/logo\/image\/\"}},{\"@type\":\"Person\",\"@id\":\"https:\/\/centre-innovation-sociale-ecologique.essec.edu\/#\/schema\/person\/ffb9b21a7056cc497e2fe8732aa91fcc\",\"name\":\"Essec\",\"image\":{\"@type\":\"ImageObject\",\"inLanguage\":\"fr-FR\",\"@id\":\"https:\/\/centre-innovation-sociale-ecologique.essec.edu\/#\/schema\/person\/image\/\",\"url\":\"https:\/\/secure.gravatar.com\/avatar\/253b1a21aeb6e83a39f89170d50e3784?s=96&d=mm&r=g\",\"contentUrl\":\"https:\/\/secure.gravatar.com\/avatar\/253b1a21aeb6e83a39f89170d50e3784?s=96&d=mm&r=g\",\"caption\":\"Essec\"}}]}<\/script>\n<!-- \/ Yoast SEO plugin. -->","yoast_head_json":{"title":"Veille n\u00b022 : Les derni\u00e8res actualit\u00e9s - Centre Innovation Sociale et Ecologique","robots":{"index":"noindex","follow":"follow"},"og_locale":"fr_FR","og_type":"article","og_title":"Veille n\u00b022 : Les derni\u00e8res actualit\u00e9s - Centre Innovation Sociale et Ecologique","og_description":"Juin 2023 \u00c9v\u00e9nements et actualit\u00e9s du secteur En France La 3e \u00e9dition des Petits-d\u00e9jeuners de la mesure d\u2019impact a eu lieu mardi 23 mai \u00e0 9 heures au Bar \u00e0 Bulles, \u00e0 Paris XVIIIe. Cette session du groupe d\u2019\u00e9change port\u00e9 par Convergences et coanim\u00e9 par l\u2019Avise et Improve, a eu comme fil rouge les th\u00e9matiques [&hellip;]","og_url":"https:\/\/centre-innovation-sociale-ecologique.essec.edu\/index.php\/2023\/06\/05\/veille-n22-les-dernieres-actualites\/","og_site_name":"Centre Innovation Sociale et Ecologique","article_published_time":"2023-06-05T12:13:23+00:00","article_modified_time":"2023-06-05T12:34:25+00:00","author":"Essec","twitter_card":"summary_large_image","twitter_misc":{"\u00c9crit par":"Essec","Dur\u00e9e de lecture estim\u00e9e":"15 minutes"},"schema":{"@context":"https:\/\/schema.org","@graph":[{"@type":"Article","@id":"https:\/\/centre-innovation-sociale-ecologique.essec.edu\/index.php\/2023\/06\/05\/veille-n22-les-dernieres-actualites\/#article","isPartOf":{"@id":"https:\/\/centre-innovation-sociale-ecologique.essec.edu\/index.php\/2023\/06\/05\/veille-n22-les-dernieres-actualites\/"},"author":{"name":"Essec","@id":"https:\/\/centre-innovation-sociale-ecologique.essec.edu\/#\/schema\/person\/ffb9b21a7056cc497e2fe8732aa91fcc"},"headline":"Veille n\u00b022 : Les derni\u00e8res actualit\u00e9s","datePublished":"2023-06-05T12:13:23+00:00","dateModified":"2023-06-05T12:34:25+00:00","mainEntityOfPage":{"@id":"https:\/\/centre-innovation-sociale-ecologique.essec.edu\/index.php\/2023\/06\/05\/veille-n22-les-dernieres-actualites\/"},"wordCount":3096,"commentCount":0,"publisher":{"@id":"https:\/\/centre-innovation-sociale-ecologique.essec.edu\/#organization"},"inLanguage":"fr-FR","potentialAction":[{"@type":"CommentAction","name":"Comment","target":["https:\/\/centre-innovation-sociale-ecologique.essec.edu\/index.php\/2023\/06\/05\/veille-n22-les-dernieres-actualites\/#respond"]}]},{"@type":"WebPage","@id":"https:\/\/centre-innovation-sociale-ecologique.essec.edu\/index.php\/2023\/06\/05\/veille-n22-les-dernieres-actualites\/","url":"https:\/\/centre-innovation-sociale-ecologique.essec.edu\/index.php\/2023\/06\/05\/veille-n22-les-dernieres-actualites\/","name":"Veille n\u00b022 : Les derni\u00e8res actualit\u00e9s - Centre Innovation Sociale et Ecologique","isPartOf":{"@id":"https:\/\/centre-innovation-sociale-ecologique.essec.edu\/#website"},"datePublished":"2023-06-05T12:13:23+00:00","dateModified":"2023-06-05T12:34:25+00:00","breadcrumb":{"@id":"https:\/\/centre-innovation-sociale-ecologique.essec.edu\/index.php\/2023\/06\/05\/veille-n22-les-dernieres-actualites\/#breadcrumb"},"inLanguage":"fr-FR","potentialAction":[{"@type":"ReadAction","target":["https:\/\/centre-innovation-sociale-ecologique.essec.edu\/index.php\/2023\/06\/05\/veille-n22-les-dernieres-actualites\/"]}]},{"@type":"BreadcrumbList","@id":"https:\/\/centre-innovation-sociale-ecologique.essec.edu\/index.php\/2023\/06\/05\/veille-n22-les-dernieres-actualites\/#breadcrumb","itemListElement":[{"@type":"ListItem","position":1,"name":"Home","item":"https:\/\/centre-innovation-sociale-ecologique.essec.edu\/"},{"@type":"ListItem","position":2,"name":"Veille n\u00b022 : Les derni\u00e8res actualit\u00e9s"}]},{"@type":"WebSite","@id":"https:\/\/centre-innovation-sociale-ecologique.essec.edu\/#website","url":"https:\/\/centre-innovation-sociale-ecologique.essec.edu\/","name":"Centre Innovation Sociale et Ecologique","description":"","publisher":{"@id":"https:\/\/centre-innovation-sociale-ecologique.essec.edu\/#organization"},"potentialAction":[{"@type":"SearchAction","target":{"@type":"EntryPoint","urlTemplate":"https:\/\/centre-innovation-sociale-ecologique.essec.edu\/?s={search_term_string}"},"query-input":"required name=search_term_string"}],"inLanguage":"fr-FR"},{"@type":"Organization","@id":"https:\/\/centre-innovation-sociale-ecologique.essec.edu\/#organization","name":"Essec Business School","url":"https:\/\/centre-innovation-sociale-ecologique.essec.edu\/","logo":{"@type":"ImageObject","inLanguage":"fr-FR","@id":"https:\/\/centre-innovation-sociale-ecologique.essec.edu\/#\/schema\/logo\/image\/","url":"https:\/\/impactinitiative.essec.edu\/wp-content\/uploads\/2020\/11\/ESSEC_BS_logo_BLANC.png","contentUrl":"https:\/\/impactinitiative.essec.edu\/wp-content\/uploads\/2020\/11\/ESSEC_BS_logo_BLANC.png","width":546,"height":509,"caption":"Essec Business School"},"image":{"@id":"https:\/\/centre-innovation-sociale-ecologique.essec.edu\/#\/schema\/logo\/image\/"}},{"@type":"Person","@id":"https:\/\/centre-innovation-sociale-ecologique.essec.edu\/#\/schema\/person\/ffb9b21a7056cc497e2fe8732aa91fcc","name":"Essec","image":{"@type":"ImageObject","inLanguage":"fr-FR","@id":"https:\/\/centre-innovation-sociale-ecologique.essec.edu\/#\/schema\/person\/image\/","url":"https:\/\/secure.gravatar.com\/avatar\/253b1a21aeb6e83a39f89170d50e3784?s=96&d=mm&r=g","contentUrl":"https:\/\/secure.gravatar.com\/avatar\/253b1a21aeb6e83a39f89170d50e3784?s=96&d=mm&r=g","caption":"Essec"}}]}},"_links":{"self":[{"href":"https:\/\/centre-innovation-sociale-ecologique.essec.edu\/index.php\/wp-json\/wp\/v2\/posts\/7392"}],"collection":[{"href":"https:\/\/centre-innovation-sociale-ecologique.essec.edu\/index.php\/wp-json\/wp\/v2\/posts"}],"about":[{"href":"https:\/\/centre-innovation-sociale-ecologique.essec.edu\/index.php\/wp-json\/wp\/v2\/types\/post"}],"author":[{"embeddable":true,"href":"https:\/\/centre-innovation-sociale-ecologique.essec.edu\/index.php\/wp-json\/wp\/v2\/users\/2"}],"replies":[{"embeddable":true,"href":"https:\/\/centre-innovation-sociale-ecologique.essec.edu\/index.php\/wp-json\/wp\/v2\/comments?post=7392"}],"version-history":[{"count":4,"href":"https:\/\/centre-innovation-sociale-ecologique.essec.edu\/index.php\/wp-json\/wp\/v2\/posts\/7392\/revisions"}],"predecessor-version":[{"id":7403,"href":"https:\/\/centre-innovation-sociale-ecologique.essec.edu\/index.php\/wp-json\/wp\/v2\/posts\/7392\/revisions\/7403"}],"wp:attachment":[{"href":"https:\/\/centre-innovation-sociale-ecologique.essec.edu\/index.php\/wp-json\/wp\/v2\/media?parent=7392"}],"wp:term":[{"taxonomy":"category","embeddable":true,"href":"https:\/\/centre-innovation-sociale-ecologique.essec.edu\/index.php\/wp-json\/wp\/v2\/categories?post=7392"},{"taxonomy":"post_tag","embeddable":true,"href":"https:\/\/centre-innovation-sociale-ecologique.essec.edu\/index.php\/wp-json\/wp\/v2\/tags?post=7392"}],"curies":[{"name":"wp","href":"https:\/\/api.w.org\/{rel}","templated":true}]}}