{"id":6806,"date":"2023-04-01T11:20:19","date_gmt":"2023-04-01T09:20:19","guid":{"rendered":"https:\/\/impactinitiative.essec.edu\/?p=6806"},"modified":"2025-06-05T10:19:05","modified_gmt":"2025-06-05T08:19:05","slug":"veille-n21-les-dernieres-actualites","status":"publish","type":"post","link":"https:\/\/centre-innovation-sociale-ecologique.essec.edu\/index.php\/2023\/04\/01\/veille-n21-les-dernieres-actualites\/","title":{"rendered":"Veille n\u00b021 : Les derni\u00e8res actualit\u00e9s"},"content":{"rendered":"<p>[et_pb_section fb_built=\u00a0\u00bb1&Prime; admin_label=\u00a0\u00bbsection\u00a0\u00bb _builder_version=\u00a0\u00bb4.16&Prime; custom_padding=\u00a0\u00bb1px|||||\u00a0\u00bb global_colors_info=\u00a0\u00bb{}\u00a0\u00bb][et_pb_row admin_label=\u00a0\u00bbrow\u00a0\u00bb _builder_version=\u00a0\u00bb4.16&Prime; background_size=\u00a0\u00bbinitial\u00a0\u00bb background_position=\u00a0\u00bbtop_left\u00a0\u00bb background_repeat=\u00a0\u00bbrepeat\u00a0\u00bb global_colors_info=\u00a0\u00bb{}\u00a0\u00bb][et_pb_column type=\u00a0\u00bb4_4&Prime; _builder_version=\u00a0\u00bb4.16&Prime; custom_padding=\u00a0\u00bb|||\u00a0\u00bb global_colors_info=\u00a0\u00bb{}\u00a0\u00bb custom_padding__hover=\u00a0\u00bb|||\u00a0\u00bb][et_pb_image src=\u00a0\u00bbhttps:\/\/impactinitiative.essec.edu\/wp-content\/uploads\/2023\/04\/ESSEC-IMPACT-INITIATIVE.png\u00a0\u00bb title_text=\u00a0\u00bbESSEC IMPACT INITIATIVE\u00a0\u00bb _builder_version=\u00a0\u00bb4.18.0&Prime; _module_preset=\u00a0\u00bbdefault\u00a0\u00bb global_colors_info=\u00a0\u00bb{}\u00a0\u00bb][\/et_pb_image][et_pb_text _builder_version=\u00a0\u00bb4.18.0&Prime; _module_preset=\u00a0\u00bbdefault\u00a0\u00bb global_colors_info=\u00a0\u00bb{}\u00a0\u00bb]<\/p>\n<p><i><span style=\"font-weight: 400;\">F\u00e9vrier-Mars 2023<\/span><\/i><\/p>\n<p><b>\u00c9v\u00e9nements et actualit\u00e9s du secteur<\/b><\/p>\n<p><i><span style=\"font-weight: 400;\">En France<\/span><\/i><\/p>\n<ul>\n<li style=\"list-style-type: none;\">\n<ul>\n<li style=\"font-weight: 400;\" aria-level=\"1\"><span style=\"font-weight: 400;\">La deuxi\u00e8me session du <\/span><a href=\"https:\/\/www.eventbrite.fr\/e\/billets-petit-dejeuner-de-la-mesure-dimpact-2-531981118847\" target=\"_blank\" rel=\"nofollow\"><span style=\"font-weight: 400;\">Petit d\u00e9jeuner de la mesure d&rsquo;impact<\/span><\/a><span style=\"font-weight: 400;\"> 2023 co-anim\u00e9 par Convergences, l\u2019Avise et Improve aura lieu jeudi 23 mars prochain avec pour objectif d\u2019approfondir les r\u00e9flexions autour des angles morts des approches de la mesure d\u2019impact.\u00a0<\/span><\/li>\n<li style=\"font-weight: 400;\" aria-level=\"1\"><span style=\"font-weight: 400;\">L\u2019Avise, qui porte le Fonds social europ\u00e9en + (FSE+) au niveau fran\u00e7ais, lance un <\/span><a href=\"https:\/\/www.avise.org\/actualites\/concevoir-experimenter-et-diffuser-des-outils-et-des-demarches-devaluation-dimpact-social\" target=\"_blank\" rel=\"nofollow\"><span style=\"font-weight: 400;\">nouvel appel \u00e0 projets<\/span><\/a><span style=\"font-weight: 400;\"> \u00e0 destination des acteurs de l\u2019ESS pour \u201csoutenir la conception, l\u2019exp\u00e9rimentation et la diffusion des outils et d\u00e9marches d\u2019\u00e9valuation d\u2019impact social\u201d. Cet appel \u00e0 projet vise particuli\u00e8rement le d\u00e9veloppement de pratiques d\u2019\u00e9valuation dans des secteurs ou sur probl\u00e9matiques sociales ou environnementales pour lesquels les d\u00e9marches \u00e9valuatives sont encore rares.<\/span><\/li>\n<li style=\"font-weight: 400;\" aria-level=\"1\"><span style=\"font-weight: 400;\">Le Sommet de la mesure d\u2019impact organis\u00e9 par l\u2019Impact Tank a eu lieu le 13 f\u00e9vrier \u00e0 l\u2019Assembl\u00e9e nationale et a rassembl\u00e9 plusieurs centaines de participants. Le replay est disponible <\/span><a href=\"https:\/\/www.youtube.com\/watch?v=CYVeGBNQ7GM&amp;feature=youtu.be\" target=\"_blank\" rel=\"nofollow\"><span style=\"font-weight: 400;\">ici<\/span><\/a><span style=\"font-weight: 400;\">.<\/span><\/li>\n<li style=\"font-weight: 400;\" aria-level=\"1\"><span style=\"font-weight: 400;\">La <\/span><a href=\"https:\/\/www.fondationcaritasfrance.org\/\" target=\"_blank\" rel=\"nofollow\"><span style=\"font-weight: 400;\">Fondation Caritas France<\/span><\/a><span style=\"font-weight: 400;\"> a lanc\u00e9 le programme Acteurs de Transition-s pour accompagner et soutenir sur trois ans, huit associations et entreprises de l\u2019insertion sociale dans le but de faire des plus fragiles, les acteurs de la transition \u00e9cologique de demain. Pour cela, les laur\u00e9ats obtiendront une aide aide financi\u00e8re \u00e0 hauteur de 45\u00a0000\u20ac par an et par laur\u00e9at ainsi que le financement d\u2019accompagnements, tels que la mesure d\u2019impact social, qui sera r\u00e9alis\u00e9e par <\/span><a href=\"https:\/\/kimso.fr\/\" target=\"_blank\" rel=\"nofollow\"><span style=\"font-weight: 400;\">Kimso<\/span><\/a><span style=\"font-weight: 400;\">.<\/span><\/li>\n<li style=\"font-weight: 400;\" aria-level=\"1\"><span style=\"font-weight: 400;\">Le 17 janvier, <\/span><a href=\"https:\/\/lementorat.fr\/\" target=\"_blank\" rel=\"nofollow\"><span style=\"font-weight: 400;\">Collectif Mentorat<\/span><\/a><span style=\"font-weight: 400;\"> a organis\u00e9 un Webinaire pour d\u00e9crypter les impacts et accompagner le d\u00e9ploiement de programmes. Pendant une heure, les participants ont pu \u00e9changer en pr\u00e9sence de Charlotte Caubel, secr\u00e9taire d\u2019\u00c9tat charg\u00e9e de l\u2019Enfance, sur l\u2019impact social du mentorat propos\u00e9 aux jeunes de l\u2019Aide Sociale \u00e0 l\u2019Enfance. Une am\u00e9lioration de la scolarit\u00e9, de l\u2019ambition et la projection professionnelle, du quotidien et de la situation sociale et affective ont \u00e9t\u00e9 observ\u00e9es et quantifi\u00e9es. Le replay est disponible <\/span><a href=\"https:\/\/www.youtube.com\/watch?v=Mf-KIh5MeCk&amp;t=2s\" target=\"_blank\" rel=\"nofollow\"><span style=\"font-weight: 400;\">ici<\/span><\/a><span style=\"font-weight: 400;\">.<\/span><\/li>\n<li style=\"font-weight: 400;\" aria-level=\"1\"><span style=\"font-weight: 400;\">L\u2019<\/span><a href=\"https:\/\/agencephare.com\/\" target=\"_blank\" rel=\"nofollow\"><span style=\"font-weight: 400;\">Agence Phare<\/span><\/a><span style=\"font-weight: 400;\"> propose des <\/span><a href=\"https:\/\/www.pie.paris\/notre-accompagnement\/conseil-dla\/\" target=\"_blank\" rel=\"nofollow\"><span style=\"font-weight: 400;\">formations<\/span><\/a><span style=\"font-weight: 400;\"> sur comment \u00e9valuer son impact social dans le cadre d\u2019un accompagnement collectif mis en place par <\/span><a href=\"https:\/\/www.pie.paris\/\" target=\"_blank\" rel=\"nofollow\"><span style=\"font-weight: 400;\">Paris Initiative Entreprise<\/span><\/a><span style=\"font-weight: 400;\">. Cette introduction \u00e0 la m\u00e9thodologie de l\u2019\u00e9valuation d\u2019impact social sera \u00e0 destination des associations parisiennes et se d\u00e9roulera en octobre et novembre 2023.<\/span><\/li>\n<\/ul>\n<\/li>\n<\/ul>\n<p><i><span style=\"font-weight: 400;\">A l\u2019international\u00a0<\/span><\/i><\/p>\n<ul>\n<li style=\"list-style-type: none;\">\n<ul>\n<li style=\"font-weight: 400;\" aria-level=\"1\"><span style=\"font-weight: 400;\">Le J-Pal <\/span><a href=\"https:\/\/www.povertyactionlab.org\/2022\/improving-lives-through-evidence?utm_source=newsletter&amp;utm_medium=email&amp;utm_campaign=feb23\" target=\"_blank\" rel=\"nofollow\"><span style=\"font-weight: 400;\">f\u00eate cette ann\u00e9e ses 20 ans<\/span><\/a><span style=\"font-weight: 400;\"> et dresse \u00e0 cette occasion un bilan des actions effectu\u00e9es : plus de 1640 \u00e9tudes ont \u00e9t\u00e9 conduites par un r\u00e9seau de chercheurs dans 95 pays. L\u2019organisme a form\u00e9 plus de 20000 personnes \u00e0 l\u2019\u00e9valuation randomis\u00e9e et nou\u00e9 des partenariats avec plus de 25 gouvernements pour mettre l\u2019\u00e9valuation d\u2019impact au c\u0153ur de la cr\u00e9ation de politiques publiques contre la pauvret\u00e9.\u00a0<\/span><\/li>\n<li style=\"font-weight: 400;\" aria-level=\"1\"><span style=\"font-weight: 400;\">Social Value International a organis\u00e9 en f\u00e9vrier une <\/span><a href=\"https:\/\/www.socialvalueint.org\/consultation\" target=\"_blank\" rel=\"nofollow\"><span style=\"font-weight: 400;\">consultation autour des \u201cDrafts Standards,\u201d<\/span><\/a><span style=\"font-weight: 400;\"> un document exposant, pour chacun des huit principes de SVI, les actions qu&rsquo;un praticien doit entreprendre afin de r\u00e9pondre \u00e0 ces principes, au-del\u00e0 de la formalisation d\u2019un rapport.\u00a0<\/span><\/li>\n<li style=\"font-weight: 400;\" aria-level=\"1\"><span style=\"font-weight: 400;\">L\u2019IAIA (International Association for Impact Assessment) propose deux cours en ligne intitul\u00e9s \u201cUne \u00e9valuation d\u2019impact plus efficace : outils pour une argumentation plus solide et une r\u00e9daction plus claire\u201d et \u201cUn engagement efficace dans l&rsquo;\u00e9valuation d&rsquo;impact : travailler selon les normes internationales\u201d (en anglais) \u00e0 partir des 14 mars et 21 mars 2023 respectivement. Plus d\u2019informations <\/span><a href=\"https:\/\/www.iaia.org\/training-online.php?_zs=uj6mc&amp;_zl=jdEQ3\" target=\"_blank\" rel=\"nofollow\"><span style=\"font-weight: 400;\">ici<\/span><\/a><span style=\"font-weight: 400;\">.<\/span><\/li>\n<li style=\"font-weight: 400;\" aria-level=\"1\"><span style=\"font-weight: 400;\">GEI annonce la prochaine \u00e9dition de la <\/span><a href=\"https:\/\/mailchi.mp\/67085621f588\/gei-newsletter-december-5374161\" target=\"_blank\" rel=\"nofollow\"><span style=\"font-weight: 400;\">gLOCAL Evaluation Week du 29 mai au 2 juin 2023<\/span><\/a><span style=\"font-weight: 400;\">.\u00a0<\/span><\/li>\n<li style=\"font-weight: 400;\" aria-level=\"1\"><span style=\"font-weight: 400;\">Social Value UK<\/span> <span style=\"font-weight: 400;\">propose sa <\/span><a href=\"https:\/\/socialvalueuk.org\/online-accredited-social-value-and-sroi-practitioner-training\/#structure\" target=\"_blank\" rel=\"nofollow\"><span style=\"font-weight: 400;\">formation \u201cValue &amp; SROI practitioner\u00a0\u00bb en ligne,<\/span><\/a><span style=\"font-weight: 400;\"> avec un format de cinq rencontres sur deux semaines. Les prochaines sessions d\u00e9marreront les 25 avril et 15 mai prochains.\u00a0<\/span><\/li>\n<\/ul>\n<\/li>\n<\/ul>\n<p style=\"padding-left: 40px;\">\n<p><b>Rapports d\u2019impact<\/b><\/p>\n<p><i><span style=\"font-weight: 400;\">En France<\/span><\/i><\/p>\n<ul>\n<li style=\"list-style-type: none;\">\n<ul>\n<li style=\"font-weight: 400;\" aria-level=\"1\"><span style=\"font-weight: 400;\">L\u2019institut <\/span><a href=\"https:\/\/breakpoverty.com\/\" target=\"_blank\" rel=\"nofollow\"><span style=\"font-weight: 400;\">Break Poverty<\/span><\/a><span style=\"font-weight: 400;\"> a publi\u00e9 ce mois-ci, son rapport d&rsquo;<\/span><a href=\"https:\/\/www.dat-france.org\/jcms\/p_2004346\/fr\/notre-impact\" target=\"_blank\" rel=\"nofollow\"><span style=\"font-weight: 400;\">impact annuel 2022<\/span><\/a><span style=\"font-weight: 400;\"> sur le programme<\/span><span style=\"font-weight: 400;\"> DAT<\/span><span style=\"font-weight: 400;\"> (Dotation d\u2019Action Territoriale)<\/span> <span style=\"font-weight: 400;\">et <\/span><span style=\"font-weight: 400;\">men\u00e9 par le cabinet d\u2019\u00e9valuation d\u2019impact social <\/span><a href=\"https:\/\/www.koreisconseil.com\/\" target=\"_blank\" rel=\"nofollow\"><span style=\"font-weight: 400;\">Koreis<\/span><\/a><span style=\"font-weight: 400;\">. Trois axes principaux de b\u00e9n\u00e9fices ont \u00e9t\u00e9 d\u00e9gag\u00e9s : un renforcement des capacit\u00e9s d\u2019action des associations partenaires, une sensibilisation des entreprises locales sur le m\u00e9c\u00e9nat et l\u2019accompagnement des jeunes. Au total, plus de 40 territoires et 12 000 jeunes ont pu b\u00e9n\u00e9ficier du programme, avec un objectif de 100 000 jeunes \u00e0 l\u2019horizon 2028.\u00a0<\/span><\/li>\n<li style=\"font-weight: 400;\" aria-level=\"1\"><span style=\"font-weight: 400;\">L\u2019<\/span><a href=\"https:\/\/agencephare.com\/\" target=\"_blank\" rel=\"nofollow\"><span style=\"font-weight: 400;\">Agence Phare<\/span><\/a><span style=\"font-weight: 400;\"> a restitu\u00e9 l&rsquo;<\/span><a href=\"https:\/\/agencephare.com\/missions\/numerique-a-l-ecole\/\" target=\"_blank\" rel=\"nofollow\"><span style=\"font-weight: 400;\">\u00e9valuation<\/span><\/a><span style=\"font-weight: 400;\"> du plan de d\u00e9ploiement num\u00e9rique scolaire \u00e0 Saint-Quentin en Yvelines. En lien avec l\u2019\u00c9ducation nationale, cette commune a lanc\u00e9 un plan d\u2019\u00e9quipement num\u00e9rique et de formation pour ses \u00e9coles maternelles et \u00e9l\u00e9mentaires. Cette \u00e9valuation vise \u00e0 mieux comprendre l\u2019apport du num\u00e9rique aux pratiques p\u00e9dagogiques mais aussi les conditions d\u2019int\u00e9gration des ces\u00a0 nouveaux outils \u00e0 l\u2019apprentissage et les usages qui en sont faits.<\/span><span style=\"font-weight: 400;\"><\/span><\/li>\n<\/ul>\n<\/li>\n<\/ul>\n<p>&nbsp;<\/p>\n<p><i><span style=\"font-weight: 400;\">A l\u2019international<\/span><\/i><\/p>\n<ul>\n<li style=\"list-style-type: none;\">\n<ul>\n<li style=\"font-weight: 400;\" aria-level=\"1\"><span style=\"font-weight: 400;\">Cleber Lopes et Rafael Rossato, de l\u2019Universidade Estadual de Londrina, publient <\/span><a href=\"https:\/\/www.scielo.br\/j\/ep\/a\/WKSVkX7LfNVtNHVMMD5hvMC\/abstract\/?lang=en#\" target=\"_blank\" rel=\"nofollow\"><span style=\"font-weight: 400;\">l\u2019\u00e9valuation d\u2019impact d\u2019un programme nomm\u00e9 Escola Segura<\/span><\/a><span style=\"font-weight: 400;\">, mis en place dans l\u2019\u00e9tat du Parana (Br\u00e9sil) en 2019 pour mettre fin aux violences dans les \u00e9coles en embauchant des policiers militaires \u00e0 la retraite pour travailler \u00e0 leur pr\u00e9vention. Les donn\u00e9es d&rsquo;une enqu\u00eate de victimisation men\u00e9e dans l&rsquo;\u00e9cole \u00e9tudi\u00e9e et dans une autre \u00e9cole similaire qui n&rsquo;a pas b\u00e9n\u00e9fici\u00e9 du programme sont utilis\u00e9es. Les r\u00e9sultats montrent que l&rsquo;Escola Segura n&rsquo;a pas d&rsquo;impact sur les variables analys\u00e9es (sentiment de s\u00e9curit\u00e9, victimisation, graffitis et consommation de drogues illicites).<\/span><\/li>\n<li style=\"font-weight: 400;\" aria-level=\"1\"><span style=\"font-weight: 400;\">L\u2019envoi de SMS sugg\u00e9rant des activit\u00e9s ludiques et p\u00e9dagogiques aux parents peut-il am\u00e9liorer le d\u00e9veloppement du langage des enfants ? Susanna Loeb (Stanford), Michala Iben Riis-Vestergaard (J-Pal) et Marianne Simonsen (Aarhus University) ont \u00e9tudi\u00e9 le<\/span><a href=\"https:\/\/www.povertyactionlab.org\/sites\/default\/files\/research-paper\/WP4438_Supporting-Language-Development-through-a-Texting-Program-in-Denmark_Loeb-et-al_Jan2023.pdf\" target=\"_blank\" rel=\"nofollow\"><span style=\"font-weight: 400;\"> programme Tipsbytext propos\u00e9 aux parents d&rsquo;enfants \u00e2g\u00e9s de 3 \u00e0 6 ans dans des \u00e9coles maternelles danoises<\/span><\/a><span style=\"font-weight: 400;\">. Bien que le programme ait \u00e9t\u00e9 g\u00e9n\u00e9ralement appr\u00e9ci\u00e9 par les parents et qu&rsquo;il ait \u00e9t\u00e9 mis en \u0153uvre comme pr\u00e9vu avec un taux d&rsquo;abandon relativement faible, il n&rsquo;a pas eu d&rsquo;effet sur le d\u00e9veloppement du langage des enfants.\u00a0<\/span><\/li>\n<li style=\"font-weight: 400;\" aria-level=\"1\"><span style=\"font-weight: 400;\">Emoha a r\u00e9alis\u00e9 l<\/span><a href=\"https:\/\/www.linkedin.com\/feed\/update\/urn:li:activity:7024287381646114816\/?utm_source=share&amp;utm_medium=member_desktop\" target=\"_blank\" rel=\"nofollow\"><span style=\"font-weight: 400;\">\u2019\u00e9valuation du programme \u00e9ducatif EJO<\/span><\/a><span style=\"font-weight: 400;\">, d\u00e9ploy\u00e9 par PLAY International au Burundi, au S\u00e9n\u00e9gal, au Liberia et au Kosovo, et soutenu par l\u2019Agence Fran\u00e7aise de D\u00e9veloppement. EJO est un programme de formation aspirant \u00e0 renforcer les comp\u00e9tences p\u00e9dagogiques et didactiques des acteurs \u00e9ducatifs locaux via l&rsquo;apprentissage de jeux socio-sportifs, afin de travailler avec les enfants \u00e0 partir de 6 ans \u00e0 leur \u00e9veil th\u00e9matique sur des sujets clefs et contemporains et leur d\u00e9veloppement et renforcement de comp\u00e9tences psychosociales. Le rapport d\u2019\u00e9valuation a pu mettre en lumi\u00e8re les effets du programme tant sur les acteurs \u00e9ducatifs form\u00e9s, que sur les enfants b\u00e9n\u00e9ficiaires de s\u00e9ances d&rsquo;\u00e9ducation par le sport, mais aussi sur les communaut\u00e9s locales qui profitent indirectement de l&rsquo;impl\u00e9mentation d&rsquo;EJO.<\/span><\/li>\n<\/ul>\n<\/li>\n<\/ul>\n<p style=\"padding-left: 40px;\">\n<p style=\"padding-left: 40px;\"><b>Publications<\/b><\/p>\n<p><i><span style=\"font-weight: 400;\">En France<\/span><\/i><span style=\"font-weight: 400;\">\u00a0<\/span><\/p>\n<ul>\n<li style=\"list-style-type: none;\">\n<ul>\n<li style=\"font-weight: 400;\" aria-level=\"1\"><span style=\"font-weight: 400;\">France Strat\u00e9gie a publi\u00e9 un <\/span><a href=\"https:\/\/drive.google.com\/file\/d\/1Nqx6HrLYvXKk0JmupxPjptENhTXUDOnP\/view\" target=\"_blank\" rel=\"nofollow\"><span style=\"font-weight: 400;\">rapport intitul\u00e9 \u201cImpact, responsabilit\u00e9 et performance globale\u201d<\/span><\/a><span style=\"font-weight: 400;\">. Les auteurs reviennent sur les sp\u00e9cificit\u00e9s de l\u2019\u00e9valuation des politiques publiques et de l\u2019\u00e9valuation d\u2019impact dans l\u2019ESS. Ils font \u00e9galement la distinction entre diff\u00e9rents usages du terme \u00ab impact \u00bb dans le champ de la RSE, qu\u2019il s\u2019agisse de l\u2019impact des produits et activit\u00e9s des entreprises ou de l\u2019impact entendu comme une contribution intentionnelle des entreprises \u00e0 des enjeux soci\u00e9taux. Le rapport aborde aussi les enjeux m\u00e9thodologiques de l\u2019\u00e9valuation d\u2019impact et notamment les questions des indicateurs et de la mon\u00e9tarisation.<\/span><\/li>\n<li style=\"font-weight: 400;\" aria-level=\"1\"><span style=\"font-weight: 400;\">Fair publie <\/span><a href=\"https:\/\/www.finance-fair.org\/sites\/default\/files\/2023-02\/Guide%20-%20Mise%20en%20place%20d%27un%20CI%20-%202023.pdf\" target=\"_blank\" rel=\"nofollow\"><span style=\"font-weight: 400;\">une r\u00e9flexion<\/span><\/a><span style=\"font-weight: 400;\"> sur ce qu\u2019est un contrat \u00e0 impact rigoureux. L\u2019une des conditions r\u00e9side dans l\u2019\u00e9valuation d&rsquo;impact, qui suppose d\u2019envisager le cadre \u00e9valuation en partant des probl\u00e9matiques sociales, en r\u00e9alisant une th\u00e9orie du changement coh\u00e9rente, en impliquant les parties prenantes, en adaptant la d\u00e9marche \u00e9valuative au caract\u00e8re exp\u00e9rimental du CI, notamment en limitant le nombre des indicateurs \u00e9tudi\u00e9s, en int\u00e9grant une d\u00e9marche quantitative pour mesurer les r\u00e9sultats et en adoptant d\u00e8s le d\u00e9part une r\u00e9flexion sur la p\u00e9rennisation du projet et du suivi de son impact.<\/span><\/li>\n<li style=\"font-weight: 400;\" aria-level=\"1\"><span style=\"font-weight: 400;\">Les \u00c9chos a mis en ligne <\/span><a href=\"https:\/\/www.lesechos.fr\/idees-debats\/cercle\/opinion-pib-ou-en-sont-les-indicateurs-alternatifs-1902484\" target=\"_blank\" rel=\"nofollow\"><span style=\"font-weight: 400;\">une tribune<\/span><\/a><span style=\"font-weight: 400;\"> sur le th\u00e8me des mesures alternatives de la croissance. En effet, aujourd&rsquo;hui le PIB ne repr\u00e9sente que partiellement la dynamique d\u2019un pays en se focalisant uniquement sur une croissance mat\u00e9rielle, sans prendre en compte les in\u00e9galit\u00e9s, la durabilit\u00e9 environnementale, la qualit\u00e9 de vie, la sant\u00e9 ou encore le bien-\u00eatre social. Des indicateurs sociaux alternatifs et leurs mesures sont mis en avant pour compl\u00e9ter le PIB et le rendre plus juste dans l&rsquo;objectif de s\u2019assurer qu\u2019une croissance \u00e9conomique s\u2019accompagne d\u2019un impact positif sur la soci\u00e9t\u00e9.<\/span><\/li>\n<li style=\"font-weight: 400;\" aria-level=\"1\"><span style=\"font-weight: 400;\">Cyrille Tassart r\u00e9alise une <\/span><a href=\"https:\/\/hushed-preface-271.notion.site\/Partie-0-L-esprit-de-l-Approche-Syst-mique-870789de65cb49ea91205530e2b95b15\" target=\"_blank\" rel=\"nofollow\"><span style=\"font-weight: 400;\">recherche-action sur l\u2019approche syst\u00e9mique<\/span><\/a><span style=\"font-weight: 400;\"> appliqu\u00e9e aux associations qu\u2019il d\u00e9finit comme une mani\u00e8re\u00a0 \u00ab\u00a0d\u2019aborder, de chercher \u00e0 comprendre diff\u00e9remment un besoin social\u00a0 et peut \u00eatre am\u00e9liorer ses modes d\u2019actions ou en trouver de nouveaux ;\u00a0 le tout \u00e0 l\u2019aide de la pens\u00e9e syst\u00e9mique\u00a0\u00bb. Il y questionne notamment le r\u00f4le d\u2019avocat des associations qu\u2019endossent souvent les \u00e9valuateurs d\u2019impact social en fournissant des preuves de leur impact. Se faisant, selon lui, ils rendent difficile la prise en compte d\u2019un changement syst\u00e9mique dans la mesure o\u00f9 les associations se sentent renforc\u00e9es dans leur recherche d\u2019un impact direct, qui ne contribue en r\u00e9alit\u00e9 que peu \u00e0 r\u00e9soudre r\u00e9ellement une probl\u00e9matique sociale.<\/span><\/li>\n<li style=\"font-weight: 400;\" aria-level=\"1\"><span style=\"font-weight: 400;\">Le nouvel \u00c9conomiste propose une <\/span><a href=\"https:\/\/www.lenouveleconomiste.fr\/lesdossiers\/rassurer-les-donateurs-mais-a-quel-prix\/\" target=\"_blank\" rel=\"nofollow\"><span style=\"font-weight: 400;\">r\u00e9flexion<\/span><\/a><span style=\"font-weight: 400;\"> sur l\u2019importance pour les associations d\u2019\u00eatre transparentes financi\u00e8rement. En plus d\u2019obligations l\u00e9gales, une demande grandissante des donateurs s\u2019observe. En effet, les donateurs sont de plus en plus soucieux de la fa\u00e7on dont leurs dons sont utilis\u00e9s. Cependant, cette transparence a un co\u00fbt et un \u00e9quilibre doit \u00eatre trouv\u00e9 entre transparence et gestion efficace des co\u00fbts. Les \u00e9tudes d\u2019impact social sont devenues incontournables pour financer durablement de tels programmes car elles permettent de maximiser leur impact tout en permettant de rassurer les donateurs et d\u2019en attirer de nouveaux.<\/span><\/li>\n<li style=\"font-weight: 400;\" aria-level=\"1\"><a href=\"https:\/\/www.choiseul.info\/\" target=\"_blank\" rel=\"nofollow\"><span style=\"font-weight: 400;\">L\u2019institut Choiseul<\/span><\/a><span style=\"font-weight: 400;\"> a publi\u00e9 une <\/span><a href=\"https:\/\/www.choiseul-france.com\/wp-content\/uploads\/2023\/02\/Cap-sur-un-leadership-a-impact-Institut-Choiseul.pdf\" target=\"_blank\" rel=\"nofollow\"><span style=\"font-weight: 400;\">\u00e9tude<\/span><\/a><span style=\"font-weight: 400;\"> sur le th\u00e8me d\u2019une probl\u00e9matique de plus en plus pr\u00e9sente chez les dirigeants : l\u2019impact. On retrouve retrouve tout au long de cette \u00e9tude conseils et bonnes pratiques,comme par exemple une introduction \u00e0 la mesure d&rsquo;impact, dans le but d\u2019inspirer les entrepreneurs d\u2019aujourd\u2019hui et de demain \u00e0 proposer un \u201cLeadership d\u2019impact\u201d.<\/span><\/li>\n<li style=\"font-weight: 400;\" aria-level=\"1\"><span style=\"font-weight: 400;\">\u00c0 l&rsquo;occasion du prix de l\u2019Entrepreneur social, le Boston Consulting Group \u00e0 publi\u00e9 son <\/span><a href=\"https:\/\/web-assets.bcg.com\/6a\/0f\/d89e05b74cefab11d6dcd8c79a53\/etude-licornes-a-impact-bcg-x-impact-france-x-essec.pdf\" target=\"_blank\" rel=\"nofollow\"><span style=\"font-weight: 400;\">Rapport sur les Licornes \u00e0 impact<\/span><\/a><span style=\"font-weight: 400;\">. Une licorne \u00e0 impact d\u00e9signe une start-up \u00e0 impact avec \u00e0 la fois un fort potentiel de croissance mais aussi un fort apport social et\/ou environnemental. Dans ce rapport, BCG en collaboration avec <\/span><a href=\"https:\/\/www.impactfrance.eco\/\" target=\"_blank\" rel=\"nofollow\"><span style=\"font-weight: 400;\">Mouvement Impact France<\/span><\/a><span style=\"font-weight: 400;\"> et le Laboratoire E&amp;MISE de l\u2019ESSEC propose un crit\u00e8re concret pour mesure cet impact : les co\u00fbts que ces entreprises \u00e9vitent \u00e0 la soci\u00e9t\u00e9 (ou SROI) remplace alors la valorisation financi\u00e8re de la d\u00e9finition classique d\u2019une licorne dans le monde de l\u2019entreprenariat. L\u2019objectif avec cette nouvelle d\u00e9finition est de faire \u00e9merger les premi\u00e8res Licornes d\u2019ici 2030 et le rapport en profite pour couvrir d\u00e9j\u00e0 un panel de 11 start-up \u00e0 impact, social, environnemental et sur la sant\u00e9.<\/span><\/li>\n<li style=\"font-weight: 400;\" aria-level=\"1\"><span style=\"font-weight: 400;\">Les associations sont-elles pouss\u00e9es vers le march\u00e9 ? C\u2019est en tout cas le constat de l\u2019observatoire citoyen de la marchandisation et des associations dans son premier <\/span><a href=\"http:\/\/www.associations-citoyennes.net\/wp-content\/uploads\/2023\/02\/RapportMarchandisation-web-17f%C3%A9v2023.pdf\" target=\"_blank\" rel=\"nofollow\"><span style=\"font-weight: 400;\">rapport annuel<\/span><\/a><span style=\"font-weight: 400;\">. N\u00e9 d\u2019un besoin de comprendre les logiques de march\u00e9 dans le paysage associatif, cet observatoire citoyen propose une liste exhaustive des diff\u00e9rents investissements \u00e0 impact en France ainsi qu\u2019une analyse commune sur le processus de marchandisation, le financement et les diff\u00e9rentes logiques de march\u00e9 qui traversent le monde associatif. Une partie enti\u00e8re de ce rapport est d\u00e9di\u00e9e \u00e0 une proposition critique de la mesure d\u2019impact social dans le contexte associatif.<\/span><\/li>\n<\/ul>\n<\/li>\n<\/ul>\n<p><i><span style=\"font-weight: 400;\">A l\u2019international\u00a0<\/span><\/i><\/p>\n<ul>\n<li>\n<ul>\n<li style=\"font-weight: 400;\" aria-level=\"1\"><span style=\"font-weight: 400;\">Mario La Torre et Sabrina Leo, de l\u2019Universit\u00e9 de Rome (Italie), publient un ouvrage intitul\u00e9 \u201c<\/span><a href=\"https:\/\/books.google.fr\/books?hl=fr&amp;lr=&amp;id=X8KrEAAAQBAJ&amp;oi=fnd&amp;pg=PR5&amp;dq=%22impact+measurement%22&amp;ots=6PFMES1PaY&amp;sig=q_LhdK_ni442lAIgxuwhFTLlJFU&amp;redir_esc=y#v=onepage&amp;q=%22impact%20measurement%22&amp;f=false\" target=\"_blank\" rel=\"nofollow\"><span style=\"font-weight: 400;\">Contemporary Issues in Sustainable Finance, Exploring Performance, Impact Measurement and Financial Inclusion,<\/span><\/a><span style=\"font-weight: 400;\">\u201d incluant deux articles portant sur la mesure de l\u2019impact dans l\u2019investissement (<\/span><a href=\"https:\/\/link.springer.com\/chapter\/10.1007\/978-3-031-22539-0_2\" target=\"_blank\" rel=\"nofollow\"><span style=\"font-weight: 400;\">How to Scale Impact Measurement? Evaluating the Application of the Synthetic Control Method in Impact Measurement<\/span><\/a><span style=\"font-weight: 400;\"> et <\/span><a href=\"https:\/\/link.springer.com\/chapter\/10.1007\/978-3-031-22539-0_3\" target=\"_blank\" rel=\"nofollow\"><span style=\"font-weight: 400;\">Impact Investments Measurement: Bridging Research and Practice<\/span><\/a><span style=\"font-weight: 400;\">).<\/span><\/li>\n<li style=\"font-weight: 400;\" aria-level=\"1\"><span style=\"font-weight: 400;\">Comment le changement s&rsquo;op\u00e8re-t-il dans des contextes complexes et dynamiques ? C&rsquo;est \u00e0 cette question que cherche \u00e0 r\u00e9pondre la m\u00e9thode du suivi des processus (\u00ab\u00a0Process tracing\u00a0\u00bb) pr\u00e9sent\u00e9e par Jewlya Lynn, Jennifer Byers et Sarah Stachowiak dans un <\/span><a href=\"https:\/\/www.evaluationinnovation.org\/publication\/how-to-do-process-tracing-a-method-for-testing-how-change-happened-in-complex-and-dynamic-settings\/\" target=\"_blank\" rel=\"nofollow\"><span style=\"font-weight: 400;\">document publi\u00e9 par le Center for Evaluation Innovation<\/span><\/a><span style=\"font-weight: 400;\"> (Etats-Unis). Les autrices ont r\u00e9dig\u00e9 cette note pour aider les acteurs \u00e0 op\u00e9rationnaliser les concepts et \u00e0 conna\u00eetre les \u00e9tapes pratiques pour utiliser cette m\u00e9thode plus facilement.<\/span><\/li>\n<li style=\"font-weight: 400;\" aria-level=\"1\"><span style=\"font-weight: 400;\">Le J-Pal (Etats-Unis) publie un <\/span><a href=\"https:\/\/www.povertyactionlab.org\/blog\/2-10-23\/long-run-outcomes-measuring-program-effectiveness-over-time?utm_source=newsletter&amp;utm_medium=email&amp;utm_campaign=feb23\" target=\"_blank\" rel=\"nofollow\"><span style=\"font-weight: 400;\">article de blog<\/span><\/a><span style=\"font-weight: 400;\"> sur la mesure des r\u00e9sultats de long terme bas\u00e9 sur son exp\u00e9rience du sujet. Apr\u00e8s avoir d\u00e9fini ce qu\u2019est un r\u00e9sultat de long terme (en reprenant les travaux de Bougen et al. qui retiennent 10 ans ou plus apr\u00e8s l\u2019intervention) et pourquoi il est int\u00e9ressant de le mesurer, des exemples de tendances observ\u00e9es sont donn\u00e9es. Les r\u00e9sultats \u00e0 long terme de certaines \u00e9tudes commencent notamment \u00e0 r\u00e9v\u00e9ler des effets diff\u00e9rentiels entre les groupes trait\u00e9s, notamment en fonction du sexe. Les autrices donnent enfin des pistes m\u00e9thodologiques pour int\u00e9grer la collecte de r\u00e9sultats de long terme au design des \u00e9tudes.\u00a0<\/span><\/li>\n<li style=\"font-weight: 400;\" aria-level=\"1\"><span style=\"font-weight: 400;\">Lisa Hehenberger (Espagne) publie dans la Stanford Social Innovation Review un article intitul\u00e9 <\/span><a href=\"https:\/\/ssir.org\/articles\/entry\/prioritizing_impact_measurement_in_the_funding_of_social_innovation\" target=\"_blank\" rel=\"nofollow\"><span style=\"font-weight: 400;\">\u00ab\u00a0Prioritizing Impact Measurement in the Funding of Social Innovation,\u00a0\u00bb<\/span><\/a><span style=\"font-weight: 400;\"> dans lequel elle revient sur les pratiques d\u2019\u00e9valuation d\u2019impact des investisseurs et des subventionneurs, ainsi que sur les principaux enjeux \u00e0 l\u2019oeuvre : d\u00e9veloppement de normes d&rsquo;impact et de comptabilit\u00e9 d&rsquo;impact ou la n\u00e9cessit\u00e9 de construire la transparence et une culture de l&rsquo;apprentissage.<\/span><\/li>\n<li style=\"font-weight: 400;\" aria-level=\"1\"><span style=\"font-weight: 400;\">EvalAcademy (Canada) publie un <\/span><a href=\"https:\/\/www.evalacademy.com\/resources\/program-evaluation-scoping-guide\" target=\"_blank\" rel=\"nofollow\"><span style=\"font-weight: 400;\">guide de cadrage \u00e0 destination des \u00e9valuateurs<\/span><\/a><span style=\"font-weight: 400;\">, recensant les questions que les \u00e9valuateurs peuvent poser aux gestionnaires de programme ou \u00e0 d&rsquo;autres parties prenantes pour mieux comprendre la port\u00e9e du programme et de son \u00e9valuation.<\/span><\/li>\n<li style=\"font-weight: 400;\" aria-level=\"1\"><span style=\"font-weight: 400;\">BetterEvaluation (Etats-Unis) propose des conseils \u00e0 destination des \u00e9valuateurs pour <\/span><a href=\"https:\/\/www.betterevaluation.org\/blog\/writing-for-utilisation\" target=\"_blank\" rel=\"nofollow\"><span style=\"font-weight: 400;\">am\u00e9liorer la fa\u00e7on dont ils communiquent leurs r\u00e9sultats.<\/span><\/a><span style=\"font-weight: 400;\"> Il s&rsquo;agit notamment d&rsquo;identifier les messages les plus importants, d&rsquo;axer la structure du rapport sur ces messages, de se d\u00e9barrasser des d\u00e9tails sans importance, de veiller \u00e0 la coh\u00e9rence de leurs conclusions et de r\u00e9diger avec clart\u00e9.<\/span><\/li>\n<\/ul>\n<\/li>\n<\/ul>\n<p><b>Newsletters<\/b><\/p>\n<ul>\n<li style=\"font-weight: 400;\" aria-level=\"1\"><a href=\"https:\/\/www.avise.org\/newsletters\" target=\"_blank\" rel=\"nofollow\"><span style=\"font-weight: 400;\">La newsletter de l\u2019Avise sur l\u2019\u00e9valuation d\u2019impact social en France<\/span><\/a><\/li>\n<li style=\"font-weight: 400;\" aria-level=\"1\"><a href=\"https:\/\/ssir.org\/email\" target=\"_blank\" rel=\"nofollow\"><span style=\"font-weight: 400;\">La newsletter de Stanford Social Innovation Review (SSIR)<\/span><\/a><\/li>\n<\/ul>\n<p>&nbsp;<\/p>\n<p dir=\"ltr\"><span>Retrouvez tous les mois notre veille internationale sur l\u2019\u00e9valuation d&rsquo;impact social sur la page <\/span><a href=\"https:\/\/www.linkedin.com\/company\/42301082\/\" target=\"_blank\" data-saferedirecturl=\"https:\/\/www.google.com\/url?q=https:\/\/www.linkedin.com\/company\/42301082\/&amp;source=gmail&amp;ust=1680684922568000&amp;usg=AOvVaw2wfd6u1vgV-xcwtxet2OGM\" rel=\"noopener nofollow\"><span>LinkedIn du Labo<\/span><\/a><span>. <\/span><\/p>\n<p dir=\"ltr\"><span>Des questions ? Des propositions de contributions ou des solutions pour l\u2019\u00e9valuation d\u2019impact social ? Contactez-nous via<\/span><a href=\"http:\/\/mailto:louis.raynauddelage@essec.edu\/\" target=\"_blank\" data-saferedirecturl=\"https:\/\/www.google.com\/url?q=http:\/\/mailto:louis.raynauddelage@essec.edu&amp;source=gmail&amp;ust=1680684922568000&amp;usg=AOvVaw3FcEtZt99d1d5_sBtOqy2b\" rel=\"noopener nofollow\"><span> <\/span><\/a><a href=\"http:\/\/mailto:leclerc@essec.edu\/\" target=\"_blank\" data-saferedirecturl=\"https:\/\/www.google.com\/url?q=http:\/\/mailto:leclerc@essec.edu&amp;source=gmail&amp;ust=1680684922568000&amp;usg=AOvVaw2o_c5L_3SmdbFgKGcVNHsy\" rel=\"noopener nofollow\"><span>leclerc@essec.edu<\/span><\/a><span>\u00a0<\/span><\/p>\n<p><span>Note de Veille r\u00e9dig\u00e9e par <\/span><strong>Clara Cohade, Gaspard Cherruault <\/strong><span>et <\/span><span><strong>Louis Raynaud de Lage<\/strong>, <\/span><span>sous la direction d\u2019<\/span><strong>Elise Leclerc.<\/strong><\/p>\n<p>[\/et_pb_text][\/et_pb_column][\/et_pb_row][\/et_pb_section]<\/p>\n","protected":false},"excerpt":{"rendered":"<p>F\u00e9vrier-Mars 2023 \u00c9v\u00e9nements et actualit\u00e9s du secteur En France La deuxi\u00e8me session du Petit d\u00e9jeuner de la mesure d&rsquo;impact 2023 co-anim\u00e9 par Convergences, l\u2019Avise et Improve aura lieu jeudi 23 mars prochain avec pour objectif d\u2019approfondir les r\u00e9flexions autour des angles morts des approches de la mesure d\u2019impact.\u00a0 L\u2019Avise, qui porte le Fonds social europ\u00e9en [&hellip;]<\/p>\n","protected":false},"author":2,"featured_media":0,"comment_status":"closed","ping_status":"open","sticky":false,"template":"","format":"standard","meta":{"_et_pb_use_builder":"on","_et_pb_old_content":"","_et_gb_content_width":"","inline_featured_image":false},"categories":[1],"tags":[],"yoast_head":"<!-- This site is optimized with the Yoast SEO plugin v20.11 - https:\/\/yoast.com\/wordpress\/plugins\/seo\/ -->\n<title>Veille n\u00b021 : Les derni\u00e8res actualit\u00e9s - Centre Innovation Sociale et Ecologique<\/title>\n<meta name=\"robots\" content=\"noindex, follow\" \/>\n<meta property=\"og:locale\" content=\"fr_FR\" \/>\n<meta property=\"og:type\" content=\"article\" \/>\n<meta property=\"og:title\" content=\"Veille n\u00b021 : Les derni\u00e8res actualit\u00e9s - Centre Innovation Sociale et Ecologique\" \/>\n<meta property=\"og:description\" content=\"F\u00e9vrier-Mars 2023 \u00c9v\u00e9nements et actualit\u00e9s du secteur En France La deuxi\u00e8me session du Petit d\u00e9jeuner de la mesure d&#039;impact 2023 co-anim\u00e9 par Convergences, l\u2019Avise et Improve aura lieu jeudi 23 mars prochain avec pour objectif d\u2019approfondir les r\u00e9flexions autour des angles morts des approches de la mesure d\u2019impact.\u00a0 L\u2019Avise, qui porte le Fonds social europ\u00e9en [&hellip;]\" \/>\n<meta property=\"og:url\" content=\"https:\/\/centre-innovation-sociale-ecologique.essec.edu\/index.php\/2023\/04\/01\/veille-n21-les-dernieres-actualites\/\" \/>\n<meta property=\"og:site_name\" content=\"Centre Innovation Sociale et Ecologique\" \/>\n<meta property=\"article:published_time\" content=\"2023-04-01T09:20:19+00:00\" \/>\n<meta property=\"article:modified_time\" content=\"2025-06-05T08:19:05+00:00\" \/>\n<meta name=\"author\" content=\"Essec\" \/>\n<meta name=\"twitter:card\" content=\"summary_large_image\" \/>\n<meta name=\"twitter:label1\" content=\"\u00c9crit par\" \/>\n\t<meta name=\"twitter:data1\" content=\"Essec\" \/>\n\t<meta name=\"twitter:label2\" content=\"Dur\u00e9e de lecture estim\u00e9e\" \/>\n\t<meta name=\"twitter:data2\" content=\"13 minutes\" \/>\n<script type=\"application\/ld+json\" class=\"yoast-schema-graph\">{\"@context\":\"https:\/\/schema.org\",\"@graph\":[{\"@type\":\"Article\",\"@id\":\"https:\/\/centre-innovation-sociale-ecologique.essec.edu\/index.php\/2023\/04\/01\/veille-n21-les-dernieres-actualites\/#article\",\"isPartOf\":{\"@id\":\"https:\/\/centre-innovation-sociale-ecologique.essec.edu\/index.php\/2023\/04\/01\/veille-n21-les-dernieres-actualites\/\"},\"author\":{\"name\":\"Essec\",\"@id\":\"https:\/\/centre-innovation-sociale-ecologique.essec.edu\/#\/schema\/person\/ffb9b21a7056cc497e2fe8732aa91fcc\"},\"headline\":\"Veille n\u00b021 : Les derni\u00e8res actualit\u00e9s\",\"datePublished\":\"2023-04-01T09:20:19+00:00\",\"dateModified\":\"2025-06-05T08:19:05+00:00\",\"mainEntityOfPage\":{\"@id\":\"https:\/\/centre-innovation-sociale-ecologique.essec.edu\/index.php\/2023\/04\/01\/veille-n21-les-dernieres-actualites\/\"},\"wordCount\":2630,\"publisher\":{\"@id\":\"https:\/\/centre-innovation-sociale-ecologique.essec.edu\/#organization\"},\"inLanguage\":\"fr-FR\"},{\"@type\":\"WebPage\",\"@id\":\"https:\/\/centre-innovation-sociale-ecologique.essec.edu\/index.php\/2023\/04\/01\/veille-n21-les-dernieres-actualites\/\",\"url\":\"https:\/\/centre-innovation-sociale-ecologique.essec.edu\/index.php\/2023\/04\/01\/veille-n21-les-dernieres-actualites\/\",\"name\":\"Veille n\u00b021 : Les derni\u00e8res actualit\u00e9s - Centre Innovation Sociale et Ecologique\",\"isPartOf\":{\"@id\":\"https:\/\/centre-innovation-sociale-ecologique.essec.edu\/#website\"},\"datePublished\":\"2023-04-01T09:20:19+00:00\",\"dateModified\":\"2025-06-05T08:19:05+00:00\",\"breadcrumb\":{\"@id\":\"https:\/\/centre-innovation-sociale-ecologique.essec.edu\/index.php\/2023\/04\/01\/veille-n21-les-dernieres-actualites\/#breadcrumb\"},\"inLanguage\":\"fr-FR\",\"potentialAction\":[{\"@type\":\"ReadAction\",\"target\":[\"https:\/\/centre-innovation-sociale-ecologique.essec.edu\/index.php\/2023\/04\/01\/veille-n21-les-dernieres-actualites\/\"]}]},{\"@type\":\"BreadcrumbList\",\"@id\":\"https:\/\/centre-innovation-sociale-ecologique.essec.edu\/index.php\/2023\/04\/01\/veille-n21-les-dernieres-actualites\/#breadcrumb\",\"itemListElement\":[{\"@type\":\"ListItem\",\"position\":1,\"name\":\"Home\",\"item\":\"https:\/\/centre-innovation-sociale-ecologique.essec.edu\/\"},{\"@type\":\"ListItem\",\"position\":2,\"name\":\"Veille n\u00b021 : Les derni\u00e8res actualit\u00e9s\"}]},{\"@type\":\"WebSite\",\"@id\":\"https:\/\/centre-innovation-sociale-ecologique.essec.edu\/#website\",\"url\":\"https:\/\/centre-innovation-sociale-ecologique.essec.edu\/\",\"name\":\"Centre Innovation Sociale et Ecologique\",\"description\":\"\",\"publisher\":{\"@id\":\"https:\/\/centre-innovation-sociale-ecologique.essec.edu\/#organization\"},\"potentialAction\":[{\"@type\":\"SearchAction\",\"target\":{\"@type\":\"EntryPoint\",\"urlTemplate\":\"https:\/\/centre-innovation-sociale-ecologique.essec.edu\/?s={search_term_string}\"},\"query-input\":\"required name=search_term_string\"}],\"inLanguage\":\"fr-FR\"},{\"@type\":\"Organization\",\"@id\":\"https:\/\/centre-innovation-sociale-ecologique.essec.edu\/#organization\",\"name\":\"Essec Business School\",\"url\":\"https:\/\/centre-innovation-sociale-ecologique.essec.edu\/\",\"logo\":{\"@type\":\"ImageObject\",\"inLanguage\":\"fr-FR\",\"@id\":\"https:\/\/centre-innovation-sociale-ecologique.essec.edu\/#\/schema\/logo\/image\/\",\"url\":\"https:\/\/impactinitiative.essec.edu\/wp-content\/uploads\/2020\/11\/ESSEC_BS_logo_BLANC.png\",\"contentUrl\":\"https:\/\/impactinitiative.essec.edu\/wp-content\/uploads\/2020\/11\/ESSEC_BS_logo_BLANC.png\",\"width\":546,\"height\":509,\"caption\":\"Essec Business School\"},\"image\":{\"@id\":\"https:\/\/centre-innovation-sociale-ecologique.essec.edu\/#\/schema\/logo\/image\/\"}},{\"@type\":\"Person\",\"@id\":\"https:\/\/centre-innovation-sociale-ecologique.essec.edu\/#\/schema\/person\/ffb9b21a7056cc497e2fe8732aa91fcc\",\"name\":\"Essec\",\"image\":{\"@type\":\"ImageObject\",\"inLanguage\":\"fr-FR\",\"@id\":\"https:\/\/centre-innovation-sociale-ecologique.essec.edu\/#\/schema\/person\/image\/\",\"url\":\"https:\/\/secure.gravatar.com\/avatar\/253b1a21aeb6e83a39f89170d50e3784?s=96&d=mm&r=g\",\"contentUrl\":\"https:\/\/secure.gravatar.com\/avatar\/253b1a21aeb6e83a39f89170d50e3784?s=96&d=mm&r=g\",\"caption\":\"Essec\"}}]}<\/script>\n<!-- \/ Yoast SEO plugin. -->","yoast_head_json":{"title":"Veille n\u00b021 : Les derni\u00e8res actualit\u00e9s - Centre Innovation Sociale et Ecologique","robots":{"index":"noindex","follow":"follow"},"og_locale":"fr_FR","og_type":"article","og_title":"Veille n\u00b021 : Les derni\u00e8res actualit\u00e9s - Centre Innovation Sociale et Ecologique","og_description":"F\u00e9vrier-Mars 2023 \u00c9v\u00e9nements et actualit\u00e9s du secteur En France La deuxi\u00e8me session du Petit d\u00e9jeuner de la mesure d'impact 2023 co-anim\u00e9 par Convergences, l\u2019Avise et Improve aura lieu jeudi 23 mars prochain avec pour objectif d\u2019approfondir les r\u00e9flexions autour des angles morts des approches de la mesure d\u2019impact.\u00a0 L\u2019Avise, qui porte le Fonds social europ\u00e9en [&hellip;]","og_url":"https:\/\/centre-innovation-sociale-ecologique.essec.edu\/index.php\/2023\/04\/01\/veille-n21-les-dernieres-actualites\/","og_site_name":"Centre Innovation Sociale et Ecologique","article_published_time":"2023-04-01T09:20:19+00:00","article_modified_time":"2025-06-05T08:19:05+00:00","author":"Essec","twitter_card":"summary_large_image","twitter_misc":{"\u00c9crit par":"Essec","Dur\u00e9e de lecture estim\u00e9e":"13 minutes"},"schema":{"@context":"https:\/\/schema.org","@graph":[{"@type":"Article","@id":"https:\/\/centre-innovation-sociale-ecologique.essec.edu\/index.php\/2023\/04\/01\/veille-n21-les-dernieres-actualites\/#article","isPartOf":{"@id":"https:\/\/centre-innovation-sociale-ecologique.essec.edu\/index.php\/2023\/04\/01\/veille-n21-les-dernieres-actualites\/"},"author":{"name":"Essec","@id":"https:\/\/centre-innovation-sociale-ecologique.essec.edu\/#\/schema\/person\/ffb9b21a7056cc497e2fe8732aa91fcc"},"headline":"Veille n\u00b021 : Les derni\u00e8res actualit\u00e9s","datePublished":"2023-04-01T09:20:19+00:00","dateModified":"2025-06-05T08:19:05+00:00","mainEntityOfPage":{"@id":"https:\/\/centre-innovation-sociale-ecologique.essec.edu\/index.php\/2023\/04\/01\/veille-n21-les-dernieres-actualites\/"},"wordCount":2630,"publisher":{"@id":"https:\/\/centre-innovation-sociale-ecologique.essec.edu\/#organization"},"inLanguage":"fr-FR"},{"@type":"WebPage","@id":"https:\/\/centre-innovation-sociale-ecologique.essec.edu\/index.php\/2023\/04\/01\/veille-n21-les-dernieres-actualites\/","url":"https:\/\/centre-innovation-sociale-ecologique.essec.edu\/index.php\/2023\/04\/01\/veille-n21-les-dernieres-actualites\/","name":"Veille n\u00b021 : Les derni\u00e8res actualit\u00e9s - Centre Innovation Sociale et Ecologique","isPartOf":{"@id":"https:\/\/centre-innovation-sociale-ecologique.essec.edu\/#website"},"datePublished":"2023-04-01T09:20:19+00:00","dateModified":"2025-06-05T08:19:05+00:00","breadcrumb":{"@id":"https:\/\/centre-innovation-sociale-ecologique.essec.edu\/index.php\/2023\/04\/01\/veille-n21-les-dernieres-actualites\/#breadcrumb"},"inLanguage":"fr-FR","potentialAction":[{"@type":"ReadAction","target":["https:\/\/centre-innovation-sociale-ecologique.essec.edu\/index.php\/2023\/04\/01\/veille-n21-les-dernieres-actualites\/"]}]},{"@type":"BreadcrumbList","@id":"https:\/\/centre-innovation-sociale-ecologique.essec.edu\/index.php\/2023\/04\/01\/veille-n21-les-dernieres-actualites\/#breadcrumb","itemListElement":[{"@type":"ListItem","position":1,"name":"Home","item":"https:\/\/centre-innovation-sociale-ecologique.essec.edu\/"},{"@type":"ListItem","position":2,"name":"Veille n\u00b021 : Les derni\u00e8res actualit\u00e9s"}]},{"@type":"WebSite","@id":"https:\/\/centre-innovation-sociale-ecologique.essec.edu\/#website","url":"https:\/\/centre-innovation-sociale-ecologique.essec.edu\/","name":"Centre Innovation Sociale et Ecologique","description":"","publisher":{"@id":"https:\/\/centre-innovation-sociale-ecologique.essec.edu\/#organization"},"potentialAction":[{"@type":"SearchAction","target":{"@type":"EntryPoint","urlTemplate":"https:\/\/centre-innovation-sociale-ecologique.essec.edu\/?s={search_term_string}"},"query-input":"required name=search_term_string"}],"inLanguage":"fr-FR"},{"@type":"Organization","@id":"https:\/\/centre-innovation-sociale-ecologique.essec.edu\/#organization","name":"Essec Business School","url":"https:\/\/centre-innovation-sociale-ecologique.essec.edu\/","logo":{"@type":"ImageObject","inLanguage":"fr-FR","@id":"https:\/\/centre-innovation-sociale-ecologique.essec.edu\/#\/schema\/logo\/image\/","url":"https:\/\/impactinitiative.essec.edu\/wp-content\/uploads\/2020\/11\/ESSEC_BS_logo_BLANC.png","contentUrl":"https:\/\/impactinitiative.essec.edu\/wp-content\/uploads\/2020\/11\/ESSEC_BS_logo_BLANC.png","width":546,"height":509,"caption":"Essec Business School"},"image":{"@id":"https:\/\/centre-innovation-sociale-ecologique.essec.edu\/#\/schema\/logo\/image\/"}},{"@type":"Person","@id":"https:\/\/centre-innovation-sociale-ecologique.essec.edu\/#\/schema\/person\/ffb9b21a7056cc497e2fe8732aa91fcc","name":"Essec","image":{"@type":"ImageObject","inLanguage":"fr-FR","@id":"https:\/\/centre-innovation-sociale-ecologique.essec.edu\/#\/schema\/person\/image\/","url":"https:\/\/secure.gravatar.com\/avatar\/253b1a21aeb6e83a39f89170d50e3784?s=96&d=mm&r=g","contentUrl":"https:\/\/secure.gravatar.com\/avatar\/253b1a21aeb6e83a39f89170d50e3784?s=96&d=mm&r=g","caption":"Essec"}}]}},"_links":{"self":[{"href":"https:\/\/centre-innovation-sociale-ecologique.essec.edu\/index.php\/wp-json\/wp\/v2\/posts\/6806"}],"collection":[{"href":"https:\/\/centre-innovation-sociale-ecologique.essec.edu\/index.php\/wp-json\/wp\/v2\/posts"}],"about":[{"href":"https:\/\/centre-innovation-sociale-ecologique.essec.edu\/index.php\/wp-json\/wp\/v2\/types\/post"}],"author":[{"embeddable":true,"href":"https:\/\/centre-innovation-sociale-ecologique.essec.edu\/index.php\/wp-json\/wp\/v2\/users\/2"}],"replies":[{"embeddable":true,"href":"https:\/\/centre-innovation-sociale-ecologique.essec.edu\/index.php\/wp-json\/wp\/v2\/comments?post=6806"}],"version-history":[{"count":6,"href":"https:\/\/centre-innovation-sociale-ecologique.essec.edu\/index.php\/wp-json\/wp\/v2\/posts\/6806\/revisions"}],"predecessor-version":[{"id":6861,"href":"https:\/\/centre-innovation-sociale-ecologique.essec.edu\/index.php\/wp-json\/wp\/v2\/posts\/6806\/revisions\/6861"}],"wp:attachment":[{"href":"https:\/\/centre-innovation-sociale-ecologique.essec.edu\/index.php\/wp-json\/wp\/v2\/media?parent=6806"}],"wp:term":[{"taxonomy":"category","embeddable":true,"href":"https:\/\/centre-innovation-sociale-ecologique.essec.edu\/index.php\/wp-json\/wp\/v2\/categories?post=6806"},{"taxonomy":"post_tag","embeddable":true,"href":"https:\/\/centre-innovation-sociale-ecologique.essec.edu\/index.php\/wp-json\/wp\/v2\/tags?post=6806"}],"curies":[{"name":"wp","href":"https:\/\/api.w.org\/{rel}","templated":true}]}}