{"id":6196,"date":"2023-02-06T22:21:34","date_gmt":"2023-02-06T21:21:34","guid":{"rendered":"https:\/\/impactinitiative.essec.edu\/?p=6196"},"modified":"2025-06-05T10:19:28","modified_gmt":"2025-06-05T08:19:28","slug":"veille-n20-les-dernieres-actualites","status":"publish","type":"post","link":"https:\/\/centre-innovation-sociale-ecologique.essec.edu\/index.php\/2023\/02\/06\/veille-n20-les-dernieres-actualites\/","title":{"rendered":"Veille n\u00b020 : Les derni\u00e8res actualit\u00e9s"},"content":{"rendered":"<p>[et_pb_section fb_built=\u00a0\u00bb1&Prime; admin_label=\u00a0\u00bbsection\u00a0\u00bb _builder_version=\u00a0\u00bb4.16&Prime; custom_padding=\u00a0\u00bb1px|||||\u00a0\u00bb global_colors_info=\u00a0\u00bb{}\u00a0\u00bb][et_pb_row admin_label=\u00a0\u00bbrow\u00a0\u00bb _builder_version=\u00a0\u00bb4.16&Prime; background_size=\u00a0\u00bbinitial\u00a0\u00bb background_position=\u00a0\u00bbtop_left\u00a0\u00bb background_repeat=\u00a0\u00bbrepeat\u00a0\u00bb global_colors_info=\u00a0\u00bb{}\u00a0\u00bb][et_pb_column type=\u00a0\u00bb4_4&Prime; _builder_version=\u00a0\u00bb4.16&Prime; custom_padding=\u00a0\u00bb|||\u00a0\u00bb global_colors_info=\u00a0\u00bb{}\u00a0\u00bb custom_padding__hover=\u00a0\u00bb|||\u00a0\u00bb][et_pb_image src=\u00a0\u00bbhttps:\/\/impactinitiative.essec.edu\/wp-content\/uploads\/2023\/02\/ESSEC-IMPACT-INITIATIVE-2.png\u00a0\u00bb title_text=\u00a0\u00bbESSEC IMPACT INITIATIVE-2&Prime; _builder_version=\u00a0\u00bb4.18.0&Prime; _module_preset=\u00a0\u00bbdefault\u00a0\u00bb global_colors_info=\u00a0\u00bb{}\u00a0\u00bb][\/et_pb_image][et_pb_text _builder_version=\u00a0\u00bb4.18.0&Prime; _module_preset=\u00a0\u00bbdefault\u00a0\u00bb global_colors_info=\u00a0\u00bb{}\u00a0\u00bb]<\/p>\n<p><i><span style=\"font-weight: 400;\">D\u00e9cembre 2022 &#8211; Janvier 2023<\/span><\/i><\/p>\n<p><b>\u00c9v\u00e9nements et actualit\u00e9s du secteur<\/b><\/p>\n<p><i><span style=\"font-weight: 400;\">En France<\/span><\/i><\/p>\n<ul>\n<li style=\"font-weight: 400;\" aria-level=\"1\"><span style=\"font-weight: 400;\">Le 16 janvier s\u2019est tenue une <\/span><a href=\"https:\/\/www.linkedin.com\/posts\/global-shapers-paris_%C3%A0-vos-agendas-pour-2023-notre-premi%C3%A8re-activity-7010618635551440896-M9NM\/?utm_source=share&amp;utm_medium=member_desktop\" target=\"_blank\" rel=\"nofollow\"><span style=\"font-weight: 400;\">rencontre organis\u00e9e<\/span><\/a><span style=\"font-weight: 400;\"> par <\/span><a href=\"https:\/\/www.globalshapers.org\/\" target=\"_blank\" rel=\"nofollow\"><span style=\"font-weight: 400;\">Global Shapers<\/span><\/a><span style=\"font-weight: 400;\"> Paris sur le sujet: \u201cEngagement Soci\u00e9tal des Entreprises : Comment le Mesurer ?\u201d anim\u00e9e par Emeline Stievenart, Experte en \u00c9valuation d&rsquo;Impact Social. La discussion a port\u00e9 sur la d\u00e9finition de l\u2019impact soci\u00e9tal d\u2019une entreprise, sur la mise en place d\u2019une vraie strat\u00e9gie sur le sujet et l\u2019\u00e9tat de l\u2019art des pratiques aujourd\u2019hui.<\/span><\/li>\n<li style=\"font-weight: 400;\" aria-level=\"1\"><span style=\"font-weight: 400;\">Le 26 janvier avait lieu<\/span><a href=\"https:\/\/www.linkedin.com\/posts\/improveassociation_ess-impact-impactsocial-activity-7024741360393977856-JLZ8?utm_source=share&amp;utm_medium=member_desktop\" target=\"_blank\" rel=\"nofollow\"><span style=\"font-weight: 400;\"> la rentr\u00e9e des Petits d\u00e9jeuners de la mesure d\u2019impact<\/span><\/a><span style=\"font-weight: 400;\"> de Convergences, co-anim\u00e9s par l\u2019Avise et Improve. La prochaine rencontre aura lieu le 23 mars.<\/span><\/li>\n<li style=\"font-weight: 400;\" aria-level=\"1\"><span style=\"font-weight: 400;\">StoneSoup a lanc\u00e9 la <\/span><a href=\"https:\/\/www.linkedin.com\/posts\/stone-soup-consulting_recipes-for-impact-2023-stone-soup-pro-bono-activity-7008723175085600768-FAFU\/?utm_source=share&amp;utm_medium=member_desktop\" target=\"_blank\" rel=\"nofollow\"><span style=\"font-weight: 400;\">deuxi\u00e8me \u00e9dition de \u00ab\u00a0Recipes for Impact\u00a0\u00bb<\/span><\/a><span style=\"font-weight: 400;\">, un programme de mentorat pro bono qui vise \u00e0 soutenir les petites organisations et les entreprises sociales qui se concentrent sp\u00e9cifiquement sur la d\u00e9fense et la promotion des droits de l&rsquo;homme dans le monde. 15 consultants de Stone Soup offriront des sessions de mentorat pro bono \u00e0 8 organisations, notamment en mati\u00e8re d\u2019\u00e9valuation d\u2019impact social.<\/span><\/li>\n<li style=\"font-weight: 400;\" aria-level=\"1\"><span style=\"font-weight: 400;\">Circul\u2019R a partag\u00e9 <\/span><a href=\"http:\/\/cutt.ly\/40jIlRs\" target=\"_blank\" rel=\"nofollow\"><span style=\"font-weight: 400;\">le replay<\/span><\/a><span style=\"font-weight: 400;\"> d\u2019un webinaire intitul\u00e9 : \u201ccomment mesurer efficacement l\u2019impact de sa strat\u00e9gie \u00e9conomie circulaire\u201d ?\u00a0 Il a \u00e9t\u00e9 l\u2019occasion d\u2019annoncer le lancement de la prochaine Fabrique Circul\u2019R consacr\u00e9e au sujet de la mesure de la circularit\u00e9 avec trois objectifs : \u201csoutenir le pilotage op\u00e9rationnel de la transition circulaire des entreprises en leur permettant de mieux mesurer la circularit\u00e9, pr\u00e9parer la mise en conformit\u00e9 de leur reporting extra-financier avec les r\u00e9glementations europ\u00e9ennes et fran\u00e7aises \u00e0 venir et prouver la pertinence financi\u00e8re et carbone des projets circulaires\u201d.\u00a0 Circul\u2019R annoncera prochainement les candidats retenus pour participer \u00e0 cette Fabrique.<\/span><\/li>\n<li style=\"font-weight: 400;\" aria-level=\"1\"><span style=\"font-weight: 400;\">Le 1er f\u00e9vrier, makesense a anim\u00e9 <\/span><a href=\"https:\/\/events.makesense.org\/fr\/e\/evaluation-de-la-qualite-de-la-prise-en-charge-des-aines-en-etablissements-et-gestion-des-risques-qui-y-sont-lies-63b802d45e7bab000765c4cc\" target=\"_blank\" rel=\"nofollow\"><span style=\"font-weight: 400;\">un webinaire<\/span><\/a><span style=\"font-weight: 400;\"> sur la prise en charge des \u201cain\u00e9s\u201d dans des \u00e9tablissements sp\u00e9cialis\u00e9s avec Habitat inclusif, Arbitryum et Swiss Life. Cet \u00e9change porte sur \u201cla mani\u00e8re dont nous accompagnons les soignants \u00e0 prendre soin de leurs a\u00een\u00e9s \u00bb et aborde notamment la question de la gestion des risques et du suivi et de la mesure d\u2019impact.<\/span><\/li>\n<li style=\"font-weight: 400;\" aria-level=\"1\"><span style=\"font-weight: 400;\">Le collectif Territoires Solidaires (compos\u00e9 de AG2R La Mondiale, L\u2019Avise, Bleu Blanc Z\u00e8bre, La Croix-Rouge fran\u00e7aise, Croix-Rouge Insertion, Familles Rurales, Kawaa et Yes We Camp) organise <\/span><a href=\"https:\/\/www.eventbrite.fr\/e\/billets-la-mesure-dimpact-dans-linnovation-sociale-passage-oblige-511791049807\" target=\"_blank\" rel=\"nofollow\"><span style=\"font-weight: 400;\">un webinaire<\/span><\/a><span style=\"font-weight: 400;\"> le 9 f\u00e9vrier sur le th\u00e8me : \u201cLa mesure d\u2019impact dans l\u2019innovation sociale, passage oblig\u00e9 ?\u201d. Seront notamment abord\u00e9es les questions de l\u2019int\u00e9r\u00eat de mettre en place une mesure d\u2019impact social, de ses modalit\u00e9s et de sa temporalit\u00e9.<\/span><\/li>\n<li style=\"font-weight: 400;\" aria-level=\"1\"><a href=\"https:\/\/impact-tank.org\/sommet\/\" target=\"_blank\" rel=\"nofollow\"><span style=\"font-weight: 400;\">Le Sommet de la mesure d\u2019impact<\/span><\/a><span style=\"font-weight: 400;\"> organis\u00e9 par l\u2019Impact Tank a lieu le 13 f\u00e9vrier \u00e0 l\u2019Assembl\u00e9e nationale. Avec pr\u00e8s de 150 intervenants, de nombreux temps d\u2019\u00e9change sont organis\u00e9s sur diff\u00e9rents sujets qui n\u00e9cessitent la mise en \u0153uvre de la mesure d\u2019impact : inclusion num\u00e9rique, aide sociale \u00e0 l\u2019enfance, bien vieillir, etc. Il sera notamment l\u2019occasion de pr\u00e9senter les r\u00e9sultats du Panorama de l\u2019\u00e9valuation d\u2019impact social 2022 r\u00e9alis\u00e9 par le Laboratoire E&amp;MISE ESSEC et l\u2019Impact Tank.<\/span><\/li>\n<\/ul>\n<p>&nbsp;<\/p>\n<p><i><span style=\"font-weight: 400;\">A l\u2019international\u00a0<\/span><\/i><\/p>\n<ul>\n<li><span style=\"font-weight: 400;\">Social Value International a publi\u00e9 les enregistrements vid\u00e9o des <\/span><a href=\"https:\/\/www.youtube.com\/watch?v=iej4BKOPM8s\" target=\"_blank\" rel=\"nofollow\"><span style=\"font-weight: 400;\">allocutions de bienvenue et d&rsquo;ouverture<\/span><\/a><span style=\"font-weight: 400;\"> ainsi que la <\/span><a href=\"https:\/\/www.youtube.com\/watch?v=nNQw6zGzAr4\" target=\"_blank\" rel=\"nofollow\"><span style=\"font-weight: 400;\">pl\u00e9ni\u00e8re d&rsquo;ouverture<\/span><\/a><span style=\"font-weight: 400;\"> de la conf\u00e9rence Social Value Matters Europe qui a eu lieu \u00e0 Turin, en Italie, les 24 et 25 octobre 2022. La pl\u00e9ni\u00e8re d&rsquo;ouverture s&rsquo;intitule \u00ab\u00a0L&rsquo;\u00e9valuation d&rsquo;impact : un outil pour soutenir le plan pour une nouvelle \u00e9conomie sociale\u00a0\u00bb et \u00e9voque le r\u00f4le de la discipline dans le partage de bonnes pratiques \u00e0 l&rsquo;\u00e9chelle europ\u00e9enne.<\/span><\/li>\n<li><span style=\"font-weight: 400;\">Le Pioneers Post a r\u00e9alis\u00e9 un entretien (en acc\u00e8s restreint) de Sir Ronald Cohen publi\u00e9 sous le titre <\/span><a href=\"https:\/\/www.pioneerspost.com\/news-views\/20221221\/sir-ronald-cohen-interview\" target=\"_blank\" rel=\"nofollow\"><span style=\"font-weight: 400;\">\u201cLa transparence va perturber les entreprises ayant un impact n\u00e9gatif.<\/span><\/a><span style=\"font-weight: 400;\">\u201d dans lequel le chercheur invite \u00e0 mesurer les r\u00e9sultats des entreprises par ses impacts sociaux et environnementaux.\u00a0<\/span><\/li>\n<li><span style=\"font-weight: 400;\">SoPact (Etats-Unis) a propos\u00e9 le 31 janvier un webinaire portant sur l\u2019importance de la propri\u00e9t\u00e9 des donn\u00e9es (\u201cThe Importance of Data Ownership in 2023\u201d). Celui-ci s\u2019adresse \u00e0 des entrepreneurs cherchant \u00e0 construire une strat\u00e9gie de suivi de leur impact social et son enregistrement est disponible <\/span><a href=\"https:\/\/www.youtube.com\/watch?v=CYnKEXapKUY\" target=\"_blank\" rel=\"nofollow\"><span style=\"font-weight: 400;\">ici<\/span><\/a><span style=\"font-weight: 400;\">.\u00a0<\/span><\/li>\n<li><span style=\"font-weight: 400;\">Le TIESS (Canada) et la Chaire de recherche sur la transition \u00e9cologique de l\u2019UQAM proposent un \u201cSalade et savoir\u201d le 10 f\u00e9vrier \u00e0 18h (heure fran\u00e7aise) sur le sujet de l\u2019\u00e9valuation des initiatives d\u2019alimentation.\u00a0 Deux \u00e9tudiantes de la Chaire, Andr\u00e9e-Ann Rouleau et Myl\u00e8ne Arbour, pr\u00e9senteront les r\u00e9sultats de leurs travaux en lien avec l\u2019\u00e9valuation d\u2019initiatives en alimentation \u00e0 Montr\u00e9al. Plus d\u2019informations et inscriptions <\/span><a href=\"https:\/\/www.eventbrite.ca\/e\/inscription-salade-et-savoir-evaluation-et-systeme-alimentaire-montrealais-513097046077\" target=\"_blank\" rel=\"nofollow\"><span style=\"font-weight: 400;\">ici<\/span><\/a><span style=\"font-weight: 400;\">.\u00a0<\/span><\/li>\n<li><span style=\"font-weight: 400;\">Le CEDIL (Royaume-Uni) organise sa <\/span><a href=\"https:\/\/www.eventbrite.co.uk\/e\/innovations-in-impact-evaluation-what-have-we-learned-tickets-516976359207\" target=\"_blank\" rel=\"nofollow\"><span style=\"font-weight: 400;\">conf\u00e9rence annuelle du 21 au 24 f\u00e9vrier<\/span><\/a><span style=\"font-weight: 400;\"> en ligne sur le th\u00e8me \u201cInnovations dans l&rsquo;\u00e9valuation d&rsquo;impact : qu&rsquo;avons-nous appris ?.\u201d Les quatre sessions incluront des discussions de groupe et des pr\u00e9sentations d\u2019experts sur\u00a0 l&rsquo;avenir de l&rsquo;\u00e9valuation d&rsquo;impact et les le\u00e7ons apprises sur l&rsquo;utilisation d&rsquo;un \u00e9ventail de m\u00e9thodes pour \u00e9valuer l\u2019impact, en particulier dans les contextes humanitaires.<\/span><\/li>\n<li><span style=\"font-weight: 400;\">L\u2019ISDC (International Security and Development Center, Royaume-Uni) organise un atelier en ligne intitul\u00e9 \u201c<\/span><a href=\"https:\/\/isdc.org\/events\/conducting-rigorous-impact-evaluations-in-humanitarian-and-conflict-affected-settings-a-research-to-practice-training-workshop\/\" target=\"_blank\" rel=\"nofollow\"><span style=\"font-weight: 400;\">Conducting Rigorous Impact Evaluations in Humanitarian Emergencies and Conflict Settings: A Research-to-Practice Training Workshop<\/span><\/a><span style=\"font-weight: 400;\">\u201d du 14 au 16 mars prochain. Son objectif est de fournir un aper\u00e7u g\u00e9n\u00e9ral des outils et des donn\u00e9es n\u00e9cessaires \u00e0 la conduite de ces \u00e9valuations, de discuter des solutions th\u00e9oriques et pratiques aux d\u00e9fis pos\u00e9s par la conception et la conduite de ces \u00e9valuations, et de renforcer la collaboration entre la recherche et la pratique pour capitaliser sur ce sujet.\u00a0<\/span><\/li>\n<li><span style=\"font-weight: 400;\">L\u2019IAIA (International Association for Impact Assessment) propose un cours en ligne intitul\u00e9 \u201cUne \u00e9valuation d\u2019impact plus efficace : outils pour une argumentation plus solide et une r\u00e9daction plus claire\u201d (en anglais) \u00e0 partir du 14 mars 2023. Ce cours vise \u00e0 aider \u00e0 raisonner plus clairement et \u00e0 r\u00e9diger des analyses d&rsquo;impact plus efficaces.\u00a0 Plus d\u2019informations <\/span><a href=\"https:\/\/www.iaia.org\/training-online-details.php?ID=5\" target=\"_blank\" rel=\"nofollow\"><span style=\"font-weight: 400;\">ici<\/span><\/a><span style=\"font-weight: 400;\">.<\/span><\/li>\n<li style=\"list-style-type: none;\">\n<ul><\/ul>\n<\/li>\n<\/ul>\n<p>&nbsp;<\/p>\n<p><b>Rapports d\u2019impact<\/b><\/p>\n<p><i><span style=\"font-weight: 400;\">En France<\/span><\/i><\/p>\n<ul>\n<li style=\"font-weight: 400;\" aria-level=\"1\"><span style=\"font-weight: 400;\">Kimso a accompagn\u00e9 l\u2019association Benenova dans le cadre d\u2019une formation-action pour r\u00e9aliser son <\/span><a href=\"https:\/\/fr.calameo.com\/read\/006309910686dde82e377\" target=\"_blank\" rel=\"nofollow\"><span style=\"font-weight: 400;\">\u00e9valuation d\u2019impact social<\/span><\/a><span style=\"font-weight: 400;\">. L\u2019\u00e9tude montre que 43% des personnes interrog\u00e9es ont v\u00e9cu leur premi\u00e8re exp\u00e9rience de b\u00e9n\u00e9volat avec Benenova. Une personne sur quatre s\u2019engage r\u00e9guli\u00e8rement aupr\u00e8s d\u2019une association gr\u00e2ce \u00e0 Benenova. Pour 94% des personnes interrog\u00e9es, des b\u00e9n\u00e9voles, le b\u00e9n\u00e9volat participe \u00e0 leur bien-\u00eatre. 58% ont chang\u00e9 de regard sur certains publics ou certains enjeux sociaux ou environnementaux. Du point de vue des associations, 98% d\u2019entre elles d\u00e9clarent trouver des b\u00e9n\u00e9voles plus facilement et rapidement. 61% d\u00e9veloppent de nouvelles activit\u00e9s ou renforcent l\u2019existant.<\/span><\/li>\n<li style=\"font-weight: 400;\" aria-level=\"1\"><span style=\"font-weight: 400;\">Improve a accompagn\u00e9 l\u2019Association Nationale des Compagnons B\u00e2tisseurs dans <\/span><a href=\"https:\/\/www.linkedin.com\/posts\/compagnons-batisseurs-ile-de-france_cbinfo-30-impact-de-l-ara-activity-7021878350331695104-nLiJ?utm_source=share&amp;utm_medium=member_desktop\" target=\"_blank\" rel=\"nofollow\"><span style=\"font-weight: 400;\">l\u2019\u00e9valuation d\u2019impact social du projet CapaCit\u00e9<\/span><\/a><span style=\"font-weight: 400;\">, laur\u00e9at de l\u2019AMI TremplinAsso. Ce projet d\u00e9ploie l\u2019auto-r\u00e9habilitation accompagn\u00e9e dans 80 Quartiers prioritaires de la politique de la ville (QPV). Il consiste \u00e0 rendre les habitants acteurs de la r\u00e9novation de leur lieu de vie, que ce soit dans leur propre logement, chez un voisin,ou au sein d\u2019un chantier solidaire dans un espaces collectif. Le projet propose aussi aux habitants des formations au bricolage ou la mise \u00e0 disposition d\u2019outils n\u00e9cessaires aux travaux. L\u2019\u00e9tude a permis de d\u00e9montrer une am\u00e9lioration des conditions de\u00a0 vie : 89% des b\u00e9n\u00e9ficiaires se sentent mieux dans leur logement. L\u2019\u00e9tude met aussi en avant une augmentation de la capacit\u00e9 d\u2019agir : 81% des b\u00e9n\u00e9ficiaires d\u00e9clarent avoir pris conscience de ce qu\u2019ils \u00e9taient capables de faire. Par ailleurs, 70% des bailleurs consid\u00e8rent comme tr\u00e8s probable une diminution de leurs co\u00fbts li\u00e9s aux travaux et \u00e0 la gestion locative<\/span><\/li>\n<li style=\"font-weight: 400;\" aria-level=\"1\"><span style=\"font-weight: 400;\">Financ\u00e9e par la Fondation nehs, l&rsquo;Agence Phare a men\u00e9 <\/span><a href=\"https:\/\/www.carenews.com\/fondation-nehs-dominique-beneteau\/news\/impact-social-g-i-h-bichat-decouvrez-les-impacts-de-la\" target=\"_blank\" rel=\"nofollow\"><span style=\"font-weight: 400;\">l\u2019\u00e9valuation d\u2019impact social d\u2019une formation<\/span><\/a><span style=\"font-weight: 400;\"> au GIH Bichat qui vise \u00e0 am\u00e9liorer chez les soignants les pratiques de d\u00e9pistage des femmes \u00e0 risque de Mutilation G\u00e9nitale F\u00e9minine (MGF) et \u00e0 favoriser leur acc\u00e8s \u00e0 une prise en charge adapt\u00e9e. Cette formation permet d\u2019abord de renforcer les connaissances th\u00e9oriques et pratiques sur les MGF. Elle favorise l\u2019am\u00e9lioration des pratiques et postures professionnelles en consultation, l\u2019am\u00e9lioration de l\u2019accompagnement pluridisciplinaire des femmes qui ont v\u00e9cu une MGF et contribue \u00e0 la pr\u00e9vention des pratiques de MGF.<\/span><\/li>\n<li style=\"font-weight: 400;\" aria-level=\"1\"><span style=\"font-weight: 400;\">EcolHuma publie <\/span><a href=\"https:\/\/drive.google.com\/file\/d\/18gsI-ABIfPcALwk6L0rxiExTEKXTx2Au\/view\" target=\"_blank\" rel=\"nofollow\"><span style=\"font-weight: 400;\">son rapport d\u2019impact<\/span><\/a><span style=\"font-weight: 400;\"> qui d\u00e9taille notamment les r\u00e9sultats d\u2019une \u00e9tude men\u00e9e dans l\u2019objectif d\u2019\u00e9valuer les effets de la plateforme \u00catrePROF sur le d\u00e9veloppement professionnel des enseignants. Cette \u00e9valuation, avec une double approche qualitative et quantitative, a mis en \u00e9vidence une augmentation du sentiment d\u2019efficacit\u00e9 des enseignants, une am\u00e9lioration des pratiques p\u00e9dagogiques en classe et une augmentation du temps d\u2019apprentissage des \u00e9l\u00e8ves conduisant \u00e0 une am\u00e9lioration des r\u00e9sultats scolaires des \u00e9l\u00e8ves.<\/span><\/li>\n<li style=\"font-weight: 400;\" aria-level=\"1\"><span style=\"font-weight: 400;\">La Fondation FDJ a men\u00e9 avec EY <\/span><a href=\"https:\/\/www.carenews.com\/fondation-fdj\/news\/charles-lantieri-une-attention-particuliere-sera-donnee-a-la-jeunesse-fragilisee\" target=\"_blank\" rel=\"nofollow\"><span style=\"font-weight: 400;\">une \u00e9valuation<\/span><\/a><span style=\"font-weight: 400;\"> concernant l\u2019impact de l\u2019ensemble des actions de la Fondation sur les cinq derni\u00e8res ann\u00e9es. L\u2019\u00e9tude met en avant de mesurer que chaque euro engag\u00e9 par la Fondation a g\u00e9n\u00e9r\u00e9 3,4 euros de cr\u00e9ation de valeur sociale pour la soci\u00e9t\u00e9. La fondation a aussi r\u00e9alis\u00e9 la mesure de l\u2019impact de de son action de la Fondation sur les b\u00e9n\u00e9ficiaires. Ainsi le soutien de la Fondation a contribu\u00e9 \u00e0 permettre \u00e0 des associations d\u2019agir aupr\u00e8s de 300 000 b\u00e9n\u00e9ficiaires dont 84 % se sentent davantage motiv\u00e9s \u00e0 l\u2019issue de l\u2019accompagnement dont ils ont b\u00e9n\u00e9fici\u00e9s.<\/span><\/li>\n<li style=\"font-weight: 400;\" aria-level=\"1\"><span style=\"font-weight: 400;\">Le Service Civique Solidarit\u00e9 Seniors (SC2S), qui se fixe pour ambition de mobiliser, 10 000 jeunes en Service Civique aupr\u00e8s de 200 000 personnes \u00e2g\u00e9es d\u2019ici 2026, est accompagn\u00e9 par le Laboratoire E&amp;MISE de l\u2019ESSEC pour <\/span><a href=\"https:\/\/newsroom.malakoffhumanis.com\/actualites\/limpact-social-du-service-civique-solidarite-seniors-mis-en-lumiere-par-une-nouvelle-evaluation-587a-63a59.html\" target=\"_blank\" rel=\"nofollow\"><span style=\"font-weight: 400;\">\u00e9valuer son impact social<\/span><\/a><span style=\"font-weight: 400;\">, avec le soutien\u00a0 de Malakoff Humanis.\u00a0 L\u2019\u00e9tude met en avant que SC2S permet de rompre l\u2019isolement de 71% des s\u00e9niors interrog\u00e9s \u00e0 domicile et en \u00e9tablissement. 65% des seniors interrog\u00e9s d\u00e9clarent avoir un meilleur moral gr\u00e2ce \u00e0 la pr\u00e9sence des jeunes. Le programme a aussi un effet sur le lien interg\u00e9n\u00e9rationnel : 43% des seniors ont le sentiment d\u2019avoir chang\u00e9 de regard sur la jeunesse et de mieux la conna\u00eetre. SC2S a \u00e9galement des effets positifs sur les jeunes en service civique : un tiers des jeunes en Service Civique interrog\u00e9s souhaite continuer de s\u2019engager dans le m\u00e9dico-social, principalement aupr\u00e8s des \u201cain\u00e9s\u201d. 87% d\u2019entre eux d\u00e9clarent \u00e9galement s\u2019\u00eatre sentis utiles lors de leur Service Civique et 86% disent qu\u2019ils ont d\u00e9velopp\u00e9 des comp\u00e9tences.<\/span><\/li>\n<li style=\"font-weight: 400;\" aria-level=\"1\"><span style=\"font-weight: 400;\">Kimso a r\u00e9alis\u00e9 <\/span><a href=\"https:\/\/www.linkedin.com\/posts\/kimso_infographie-kimso-notre-impact-activity-7001544813296656384-oGz2?utm_source=share&amp;utm_medium=member_desktop\" target=\"_blank\" rel=\"nofollow\"><span style=\"font-weight: 400;\">une \u00e9tude<\/span><\/a><span style=\"font-weight: 400;\"> pour mesurer les effets de son propre accompagnement sur ses clients. Il en ressort que 94% des clients interrog\u00e9s ont am\u00e9lior\u00e9 leurs connaissances sur l&rsquo;\u00e9valuation d&rsquo;impact, 78% ont int\u00e9gr\u00e9 l\u2019\u00e9valuation dans leurs pratiques. 52% ont convaincu de nouveaux partenaires et financeurs.<\/span><\/li>\n<\/ul>\n<p>&nbsp;<\/p>\n<p><i><span style=\"font-weight: 400;\">A l\u2019international<\/span><\/i><\/p>\n<p>&nbsp;<\/p>\n<ul>\n<li style=\"font-weight: 400;\" aria-level=\"1\"><span style=\"font-weight: 400;\">Kiva, organisation \u00e0 but non lucratif qui permet aux internautes de pr\u00eater de l&rsquo;argent \u00e0 des institutions de microcr\u00e9dit dans des pays en voie de d\u00e9veloppement, a partag\u00e9 les r\u00e9sultats d\u2019une <\/span><a href=\"https:\/\/www.kiva.org\/blog\/how-kiva-is-impacting-financial-outcomes-for-us-borrowers?&amp;utm_medium=ownedsocial&amp;utm_source=linkedin&amp;utm_campaign=evergreen&amp;utm_content=60-db-us-research\" target=\"_blank\" rel=\"nofollow\"><span style=\"font-weight: 400;\">\u00e9valuation de son impact social conduite par le cabinet sp\u00e9cialis\u00e9 60_Decibels<\/span><\/a><span style=\"font-weight: 400;\">. Parmi les r\u00e9sultats cl\u00e9 figurent l\u2019acc\u00e8s \u00e0 des financements pour des personnes qui en sont \u00e9loign\u00e9es, l\u2019effet de levier cr\u00e9\u00e9 par les pr\u00eats accord\u00e9s par Kiva et la hausse du sentiment de confiance des propri\u00e9taires d\u2019entreprises ayant b\u00e9n\u00e9fici\u00e9 des pr\u00eats.<\/span><\/li>\n<li style=\"font-weight: 400;\" aria-level=\"1\"><span style=\"font-weight: 400;\">Martin Abel, Eliana Carranza, Kimberly Geronimo, et Maria Elena Ortega publient pour la Banque Mondiale une <\/span><a href=\"https:\/\/documents1.worldbank.org\/curated\/en\/099638511172227750\/pdf\/IDU0f413d1c0085320451a0b09205fa6e11c0977.pdf\" target=\"_blank\" rel=\"nofollow\"><span style=\"font-weight: 400;\">\u00e9tude portant sur le r\u00f4le des incitations salariales temporaires pour encourager le travail formel au Mexique<\/span><\/a><span style=\"font-weight: 400;\">. Les emplois de premier \u00e9chelon du secteur formel offrent des salaires de d\u00e9part faibles mais une croissance substantielle ensuite. En combinant des donn\u00e9es d&rsquo;enqu\u00eate et des donn\u00e9es de s\u00e9curit\u00e9 sociale, les chercheurs notent que le versement d\u2019une incitation salariale pendant six mois accro\u00eet l&#8217;emploi formel des dipl\u00f4m\u00e9s de l&rsquo;enseignement professionnel de 4,2 points de pourcentage (14,5 %) par rapport \u00e0 l&rsquo;ann\u00e9e pr\u00e9c\u00e9dente au cours des deux premi\u00e8res ann\u00e9es, gr\u00e2ce \u00e0 une augmentation de 5 points de pourcentage (25 %) de l&#8217;emploi formel chez les dipl\u00f4m\u00e9s de l&rsquo;enseignement professionnel.<\/span><\/li>\n<li style=\"font-weight: 400;\" aria-level=\"1\"><span style=\"font-weight: 400;\">Des chercheurs de la London School of Economics ont \u00e9tudi\u00e9 une<\/span><a href=\"https:\/\/www.povertyactionlab.org\/sites\/default\/files\/research-paper\/WP4921-Can-grit-be-taught-in-Macedonia_Carneiro-et-al-Oct2022.pdf\" target=\"_blank\" rel=\"nofollow\"><span style=\"font-weight: 400;\"> intervention ayant eu lieu en Mac\u00e9doine du Nord visant \u00e0 enseigner \u00e0 des enfants au primaire la pers\u00e9v\u00e9rance <\/span><i><span style=\"font-weight: 400;\">(grit)<\/span><\/i><\/a> <span style=\"font-weight: 400;\">(d\u00e9fini comme la capacit\u00e9 de maintenir l&rsquo;effort et l&rsquo;int\u00e9r\u00eat vers des objectifs \u00e0 long terme). A l\u2019aide d\u2019un essai contr\u00f4l\u00e9 randomis\u00e9 sur environ 33 000 \u00e9l\u00e8ves r\u00e9partis dans 350 \u00e9coles, les chercheurs ont mis en \u00e9vidence que les \u00e9l\u00e8ves expos\u00e9s signalent des am\u00e9liorations de leur capacit\u00e9 d&rsquo;autor\u00e9gulation, par rapport aux \u00e9l\u00e8ves du groupe t\u00e9moin. Les impacts sur les \u00e9l\u00e8ves sont plus importants lorsque les \u00e9l\u00e8ves et les enseignants sont expos\u00e9s au parcours que lorsque seuls les \u00e9l\u00e8ves en b\u00e9n\u00e9ficient. Cependant, les \u00e9l\u00e8ves ayant b\u00e9n\u00e9fici\u00e9 de l\u2019intervention obtiennent un score plus faible sur la dimension de la constance de leur motivation, ce qui sugg\u00e8re qu&rsquo;ils sont moins enclins \u00e0 maintenir leur int\u00e9r\u00eat pour un objectif pendant de longues p\u00e9riodes.<\/span><\/li>\n<li style=\"font-weight: 400;\" aria-level=\"1\"><span style=\"font-weight: 400;\">Quel est<\/span><a href=\"https:\/\/www.sciencedirect.com\/science\/article\/pii\/S0360131522002767\" target=\"_blank\" rel=\"nofollow\"><span style=\"font-weight: 400;\"> l\u2019impact d\u2019un cours sur l&rsquo;usage\u00a0 des smartphone propos\u00e9s \u00e0 des coll\u00e9giens en Italie<\/span><\/a><span style=\"font-weight: 400;\"> ? Marco Guia, Tiziano Gerosa, Gianluca Argentina et Lucilla Losic se sont pench\u00e9s sur cette question en r\u00e9alisant un essai contr\u00f4l\u00e9 randomis\u00e9 aupr\u00e8s de 3659 \u00e9tudiants, en mesurant l&rsquo;utilisation probl\u00e9matique des smartphones, la comp\u00e9tence num\u00e9rique et le bien-\u00eatre g\u00e9n\u00e9ral. Les \u00e9l\u00e8ves ayant b\u00e9n\u00e9fici\u00e9 de l\u2019intervention montrent une diminution significative de l&rsquo;utilisation probl\u00e9matique des smartphones ; mais aucune augmentation de la comp\u00e9tence num\u00e9rique et du bien-\u00eatre.<\/span><\/li>\n<li style=\"font-weight: 400;\" aria-level=\"1\"><span style=\"font-weight: 400;\">Pour comprendre l&rsquo;impact des programmes de master internationaux propos\u00e9s par l&rsquo;Institut de politique de d\u00e9veloppement de l&rsquo;Universit\u00e9 d&rsquo;Anvers, <\/span><a href=\"https:\/\/www.sciencedirect.com\/science\/article\/pii\/S0149718923000058\" target=\"_blank\" rel=\"nofollow\"><span style=\"font-weight: 400;\">une \u00e9valuation a \u00e9t\u00e9 entreprise.<\/span><\/a><span style=\"font-weight: 400;\"> Une th\u00e9orie du changement\u00a0 a \u00e9t\u00e9 \u00e9labor\u00e9e, distinguant trois niveaux d&rsquo;impact (individuel, organisationnel et soci\u00e9tal), quatre dimensions d&rsquo;apprentissage (connaissances, comp\u00e9tences, attitudes et r\u00e9seaux) et cinq voies implicites (agent de changement, r\u00e9seau social, \u00e9largissement de l&rsquo;acc\u00e8s, diversit\u00e9 acad\u00e9mique, compr\u00e9hension internationale). Une approche mixte a \u00e9t\u00e9 adopt\u00e9e pour valider la th\u00e9orie du changement, combinant une approche du changement le plus significatif, une cat\u00e9gorisation et une analyse de texte de 101 histoires d&rsquo;impact d&rsquo;anciens \u00e9l\u00e8ves. Les r\u00e9sultats d\u00e9montrent l&rsquo;importance des trois niveaux d&rsquo;impact et des quatre dimensions d&rsquo;apprentissage pour saisir l&rsquo;impact du programme.\u00a0<\/span><\/li>\n<\/ul>\n<ul><\/ul>\n<p>&nbsp;<\/p>\n<p><b>Publications<\/b><\/p>\n<p><i><span style=\"font-weight: 400;\">En France<\/span><\/i><span style=\"font-weight: 400;\">\u00a0<\/span><\/p>\n<ul>\n<li style=\"font-weight: 400;\" aria-level=\"1\"><span style=\"font-weight: 400;\">Olivier Palluault et Laura Douchet (Ellyx) publient dans la revue <\/span><i><span style=\"font-weight: 400;\">Education Permanente<\/span><\/i><span style=\"font-weight: 400;\"> un article intitul\u00e9 \u201c<\/span><a href=\"https:\/\/www-cairn-info.ezp.essec.fr\/revue-education-permanente-2022-4-page-79.htm\" target=\"_blank\" rel=\"nofollow\"><span style=\"font-weight: 400;\">Accompagner et former \u00e0 l\u2019innovation sociale de rupture<\/span><\/a><span style=\"font-weight: 400;\">\u201d (2022). A partir de l\u2019exp\u00e9rience d\u2019Ellyx et de celle du Laboratoire Commun ANR Destins, ils y d\u00e9veloppent l\u2019id\u00e9e que l\u2019ESS est devenue un \u00e9cosyst\u00e8me propice aux d\u00e9veloppement d\u2019innovations en r\u00e9ponse \u00e0 des probl\u00e9matiques sociales peu ou pas satisfaites par le secteur public ou par les acteurs priv\u00e9s lucratifs. Les auteurs relisent tout d\u2019abord l\u2019\u00e9volution des besoins en formation au sein de l\u2019ESS. Apr\u00e8s une premi\u00e8re p\u00e9riode de structuration focalis\u00e9e sur les grandes familles juridiques de l\u2019ESS dans les ann\u00e9es 1990 et une seconde sur l\u2019\u00e9mergence de l\u2019entrepreneuriat social dans les ann\u00e9es 2000, nous assisterions d\u00e9sormais \u00e0 une troisi\u00e8me phase de structuration au sein de l\u2019ESS, amorc\u00e9e notamment par l\u2019aggravation de certains besoins sociaux et par le recul de l\u2019Etat-Providence. L\u2019ESS serait ainsi entr\u00e9e dans une \u00e8re de coop\u00e9ration impliquant largement les parties prenantes d\u2019un projet, notamment les acteurs publics, mais aussi les acteurs priv\u00e9s ou les b\u00e9n\u00e9ficiaires eux-m\u00eames. Cette nouvelle \u00e8re n\u00e9cessiterait alors d\u2019accompagner les acteurs de l\u2019ESS dans l\u2019acquisition de nouveaux savoir-faire et savoir-\u00eatre tels que la m\u00e9diation ou la cr\u00e9ativit\u00e9.\u00a0 Afin d\u2019accompagner les acteurs de l\u2019ESS dans ce changement de paradigme, le Labcom Destins a test\u00e9 cinq cat\u00e9gories d\u2019outils au service de l\u2019accompagnement de \u201cl\u2019innovation sociale de rupture\u201d\u00a0 : 1. la formalisation de la recherche et d\u00e9veloppement (R&amp;D) sociale envisag\u00e9e comme la production de connaissances autant que d\u2019actions innovantes ; 2. l\u2019appel \u00e0 commun pour faire coop\u00e9rer des collectifs d\u2019acteurs ; 3. la conception d\u2019une grille <\/span><a href=\"https:\/\/www.ellyx.fr\/wp-content\/uploads\/2022\/06\/Article-grille-SRL.pdf\" target=\"_blank\" rel=\"nofollow\"><i><span style=\"font-weight: 400;\">Societal Readiness Levels<\/span><\/i><\/a><span style=\"font-weight: 400;\">, permettant d\u2019appr\u00e9hender la trajectoire et la maturit\u00e9 d\u2019une innovation sociale ; 4. les leviers de mise en \u0153uvre de l\u2019innovation sociale (ex : facilitation de l\u2019\u00e9mergence, consolidation, etc.) ; 5. les nouvelles approches de mesure d\u2019impact social privil\u00e9giant la dimension syst\u00e9mique et collective de l\u2019impact \u00e0 l\u2019attribution de celui-ci \u00e0 une organisation en particulier.\u00a0<\/span><\/li>\n<li style=\"font-weight: 400;\" aria-level=\"1\"><span style=\"font-weight: 400;\">Improve partage une <\/span><a href=\"https:\/\/im-prove.fr\/article\/anonymat-evaluation-quelle-importance-en-evaluation-dimpact\/\" target=\"_blank\" rel=\"nofollow\"><span style=\"font-weight: 400;\">r\u00e9flexion sur l\u2019anonymat des donn\u00e9es<\/span><\/a><span style=\"font-weight: 400;\"> en \u00e9valuation d\u2019impact social. L\u2019article fait la promotion de l\u2019anonymat comme moyen efficace d\u2019assurer la fiabilit\u00e9 des r\u00e9sultats. En effet, dans les \u00e9tudes, le biais de d\u00e9sirabilit\u00e9 sociale, c&rsquo;est-\u00e0 -dire le fait de vouloir se pr\u00e9senter sous son meilleur jour \u00e0 l\u2019enqu\u00eateur, est plus fort si la personne se sait identifi\u00e9e. L\u2019anonymat permet donc d\u2019avoir des retours des personnes interrog\u00e9es plus proches de la r\u00e9alit\u00e9. L\u2019anonymat est en revanche difficile \u00e0 mettre en place, notamment quand la collecte de donn\u00e9es n\u00e9cessite la pr\u00e9sence d\u2019un enqu\u00eateur. C\u2019est donc \u00e0 ce dernier de garantir le caract\u00e8re confidentiel des donn\u00e9es qu\u2019il collecte et d\u2019\u00e9viter que les r\u00e9pondants puissent \u00eatre identifi\u00e9s. Si les \u00e9chantillons sont restreints, il convient notamment d\u2019\u00e9viter d\u2019utiliser les initiales des pr\u00e9noms ou noms ou de les d\u00e9signer par leurs caract\u00e9ristiques.<\/span><\/li>\n<li style=\"font-weight: 400;\" aria-level=\"1\"><span style=\"font-weight: 400;\">Antoine Sire et Maha Keramane, de BNP Paribas, ont publi\u00e9 <\/span><a href=\"https:\/\/www.lopinion.fr\/economie\/investissements-a-impact-il-faut-accelerer-la-tribune-dantoine-sire-et-de-maha-keramane\" target=\"_blank\" rel=\"nofollow\"><span style=\"font-weight: 400;\">une Tribune dans l\u2019Opinion<\/span><\/a><span style=\"font-weight: 400;\"> invitant \u00e0 acc\u00e9l\u00e9rer le mouvement de l\u2019investissement \u00e0 impact, plus durable et plus exigeant que celui consistant \u00e0 prendre uniquement en compte les risques ESG dans une d\u00e9marche de r\u00e9duction des externalit\u00e9s n\u00e9gatives. Il s\u2019agit donc de \u201cg\u00e9n\u00e9rer des impacts positifs en fl\u00e9chant les investissements sur des entreprises ou des projets d\u00e9di\u00e9s \u00e0 la transformation de notre monde\u201d. Pour y parvenir, la mesure d\u2019impact est l\u2019un des trois piliers de cette finance \u00e0 d\u00e9velopper.<\/span><\/li>\n<li style=\"font-weight: 400;\" aria-level=\"1\"><span style=\"font-weight: 400;\">Carenews publie le <\/span><a href=\"https:\/\/www.carenews.com\/benevity\/news\/le-mecenat-de-competences-comme-porte-etendard-de-l-engagement-des-employes\" target=\"_blank\" rel=\"nofollow\"><span style=\"font-weight: 400;\">r\u00e9sum\u00e9 d\u2019un \u00e9change dans le cadre des Rencontres Benevity 2022<\/span><\/a><span style=\"font-weight: 400;\"> sur le m\u00e9c\u00e9nat de comp\u00e9tences. L\u2019article met en \u00e9vidence l\u2019acc\u00e9l\u00e9ration de cette\u00a0 tendance depuis quelques ann\u00e9es. Le m\u00e9c\u00e9nat de comp\u00e9tences est \u00e0 la fois une r\u00e9ponse aux besoins de comp\u00e9tences des associations, de sens des salari\u00e9s et d\u2019engagement entreprises. Pour autant, l\u2019impact r\u00e9el doit rester la vraie finalit\u00e9. Pour y parvenir, Carenews, Pro Bono Lab et Servier listent plusieurs enseignements parmi lesquels on retrouve le fait de prioriser les besoins des associations, d\u2019int\u00e9grer le m\u00e9c\u00e9nat de comp\u00e9tences dans la strat\u00e9gie RSE d\u2019ensemble de l\u2019entreprise, de co-construire le programme de m\u00e9c\u00e9nat et d\u2019anticiper la mesure d\u2019impact social d\u00e8s le d\u00e9part du programme pour qu\u2019elle soit pertinente.\u00a0<\/span><\/li>\n<li style=\"font-weight: 400;\" aria-level=\"1\"><span style=\"font-weight: 400;\">Apr\u00e8s 5 ans de travaux sur la premi\u00e8re \u00e9tude d\u2019impact de l\u2019ODD 17 \u00e0 l\u2019\u00e9chelle de la France,\u00a0 l\u2019Observatoire des partenariats co-port\u00e9 par le Rameau et la Caisse des D\u00e9p\u00f4ts publie <\/span><a href=\"https:\/\/www.lerameau.fr\/wp-content\/uploads\/2023\/01\/230119_CDD_Leviers_changement_syst_P.pdf\" target=\"_blank\" rel=\"nofollow\"><span style=\"font-weight: 400;\">un cahier de recherche conclusif \u00ab ODD 17 : les leviers d\u2019un changement syst\u00e9mique \u00bb<\/span><\/a><span style=\"font-weight: 400;\">. L\u2019\u00e9tude montre que les alliances d\u2019int\u00e9r\u00eat g\u00e9n\u00e9ral entre collectivit\u00e9s, entreprises et associations sont sources d\u2019innovation sociale et territoriale, contribuent \u00e0 la performance des organisations et cr\u00e9ent de la confiance dans les projets \u00e0 l\u2019\u00e9chelle collective et individuelle.<\/span><\/li>\n<\/ul>\n<ul>\n<li><span style=\"font-weight: 400;\">Thomas Delahais, Fiona Ottaviani, Annabelle Berthaud et H\u00e9l\u00e8ne Clot publient <a href=\"https:\/\/www.sciencedirect.com\/science\/article\/abs\/pii\/S0149718923000149?via%3Dihub\" target=\"_blank\" rel=\"nofollow\">un article<\/a> dont l\u2019objectif est, au travers de l\u2019exemple des indicateurs du bien \u00eatre soutenable et territorialis\u00e9 (IBEST) cr\u00e9\u00e9s \u00e0 Grenoble, de mettre en \u00e9vidence comment une d\u00e9marche d\u00e9di\u00e9e \u00e0 la conception d&rsquo;indicateurs dits \u201calternatifs\u201d peut soutenir la pratique de l&rsquo;\u00e9valuation et ainsi contribuer \u00e0 un meilleur dialogue entre \u00e9valuateurs et partisans de ces indicateurs. Derni\u00e8rement, l\u2019IBEST a \u00e9t\u00e9 utilis\u00e9 dans trois \u00e9valuations, qui avaient toutes pour objectif d\u2019interroger les politiques publiques et d&rsquo;\u00e9valuer les interventions au prisme de la contribution au bien-\u00eatre des populations touch\u00e9es. Les r\u00e9sultats de la recherche montrent que les travaux men\u00e9s dans le cadre de ce type de projet peuvent alimenter toutes les \u00e9tapes d&rsquo;une \u00e9valuation. Il est donc dans l&rsquo;int\u00e9r\u00eat des \u00e9valuateurs d&rsquo;int\u00e9grer ces approches d&rsquo;indicateurs alternatifs dans l&rsquo;\u00e9valuation. De plus, cet enrichissement de l&rsquo;\u00e9valuation pourrait \u00eatre utile pour d\u2019autres structures qui ont d\u00e9velopp\u00e9 ou souhaitent d\u00e9velopper des indicateurs de bien-\u00eatre pour soutenir l&rsquo;\u00e9laboration de politiques alternatives.<\/span><\/li>\n<\/ul>\n<p>&nbsp;<\/p>\n<p><i><span style=\"font-weight: 400;\">A l\u2019international\u00a0<\/span><\/i><\/p>\n<ul>\n<li><span style=\"font-weight: 400;\">3ie partage sur son blog un billet portant sur <\/span><a href=\"https:\/\/www.3ieimpact.org\/blogs\/one-small-step-norway-one-giant-leap-evidence-informed-decision-making-norwegian-aid\" target=\"_blank\" rel=\"nofollow\"><span style=\"font-weight: 400;\">deux nouvelles li\u00e9es \u00e0 l&#8217;emploi de donn\u00e9es dans la cr\u00e9ation de politiques publiques en Norv\u00e8ge<\/span><\/a><span style=\"font-weight: 400;\">. Le budget national norv\u00e9gien pour 2023, r\u00e9cemment publi\u00e9, stipule que la coop\u00e9ration norv\u00e9gienne au d\u00e9veloppement (Norad) doit rester de haute qualit\u00e9 et \u00eatre bas\u00e9e sur la connaissance. Le minist\u00e8re travaille actuellement au renforcement et au d\u00e9veloppement de syst\u00e8mes et de m\u00e9thodes permettant de mieux mesurer et analyser les r\u00e9sultats. En plus de ce document d&rsquo;orientation g\u00e9n\u00e9ral, le gouvernement norv\u00e9gien a r\u00e9cemment lanc\u00e9 sa politique de s\u00e9curit\u00e9 alimentaire qui souligne l&rsquo;importance de s&rsquo;appuyer sur les preuves issues des \u00e9valuations d&rsquo;impact et de processus pour s&rsquo;assurer que les efforts d\u00e9ploy\u00e9s ont l&rsquo;effet positif le plus important possible.<\/span><\/li>\n<li><span style=\"font-weight: 400;\">Mathilde Pellizzari, chercheuse du centre de Sociologie de l\u2019Innovation des Mines de Paris, publie sur le site Government Outcomes Lab de l\u2019Universit\u00e9 d&rsquo;Oxford un article portant intitul\u00e9 <\/span><a href=\"https:\/\/golab.bsg.ox.ac.uk\/community\/blogs\/The-sociology-of-value-creation\/\" target=\"_blank\" rel=\"nofollow\"><span style=\"font-weight: 400;\">\u201cLa sociologie de la cr\u00e9ation de valeur : l&rsquo;interaction entre la mesure et la formation de la valeur publique\u201d<\/span><\/a><span style=\"font-weight: 400;\">. Apr\u00e8s avoir expos\u00e9 plusieurs mani\u00e8res de d\u00e9finir la valeur sociale, elle conclut que les d\u00e9cideurs doivent \u00eatre conscients de la mani\u00e8re dont le processus d&rsquo;\u00e9valuation des r\u00e9sultats sociaux et \u00e9conomiques fa\u00e7onne la valeur et les activit\u00e9s r\u00e9elles visant \u00e0 produire.<\/span><\/li>\n<li><span style=\"font-weight: 400;\">V\u00e9ronica Escudero, chercheuse \u00e0 l\u2019Organisation internationale du Travail a r\u00e9dig\u00e9 dans l\u2019ouvrage \u201cGlobal Labour in Distress, Volume II\u201d un chapitre intitul\u00e9 \u201c<\/span><a href=\"https:\/\/link.springer.com\/chapter\/10.1007\/978-3-030-89265-4_26\" target=\"_blank\" rel=\"nofollow\"><span style=\"font-weight: 400;\">How Impact Evaluation Is Shaping the Design of Labour Market Policies<\/span><\/a><span style=\"font-weight: 400;\">,\u201d dans lequel elle passe en revue les progr\u00e8s r\u00e9alis\u00e9s jusqu&rsquo;\u00e0 pr\u00e9sent dans la litt\u00e9rature sur l&rsquo;\u00e9valuation d&rsquo;impact en mettant l&rsquo;accent sur l&rsquo;\u00e9conomie du travail ; avant d&rsquo;examiner les obstacles que la profession de l&rsquo;\u00e9valuation d&rsquo;impact doit surmonter pour parvenir \u00e0 une utilisation encore plus large des techniques d&rsquo;\u00e9valuation qui continuent \u00e0 fa\u00e7onner la conception des politiques du march\u00e9 du travail.<\/span><\/li>\n<li><span style=\"font-weight: 400;\">Le CIRIEC (Centre International de Recherches et d\u2019Information sur l\u2019Economie Publique, Sociale et Coop\u00e9rative de l\u2019Universit\u00e9 de Li\u00e8ge) publie un papier intitul\u00e9 <\/span><a href=\"https:\/\/www.ciriec.uliege.be\/wp-content\/uploads\/2022\/12\/WP2022-06.pdf\" target=\"_blank\" rel=\"nofollow\"><span style=\"font-weight: 400;\">\u201cDe l'\u00a0\u00bbimpact social\u00a0\u00bb \u00e0 la \u00ab\u00a0valeur sociale\u00a0\u00bb : une approche holistique de la mesure de la \u00ab\u00a0valeur sociale\u00a0\u00bb de l&rsquo;ESS,\u201d<\/span><\/a><span style=\"font-weight: 400;\"> revenant sur l\u2019extension de l\u2019\u00e9valuation au secteur de l\u2019\u00e9conomie sociale et solidaire, et plaidant pour l&rsquo;adoption d&rsquo;une approche plus large de la de la contribution de l&rsquo;ESS \u00e0 la communaut\u00e9 locale (et \u00e0 la soci\u00e9t\u00e9 dans son ensemble) que celle impliqu\u00e9e par le terme impact. Il propose un cadre conceptuel bas\u00e9 sur la notion de \u00ab\u00a0valeur sociale\u00a0\u00bb, qui n\u00e9cessite de consid\u00e9rer la valeur de la contribution de l&rsquo;ESS (Bouchard, M. J. ed., 2009) li\u00e9e \u00e0 la pr\u00e9sence de l&rsquo;organisation elle-m\u00eame et non seulement de ses activit\u00e9s.\u00a0<\/span><\/li>\n<li style=\"list-style-type: none;\">\n<ul><\/ul>\n<\/li>\n<\/ul>\n<p><b>Newsletters<\/b><\/p>\n<ul>\n<li style=\"font-weight: 400;\" aria-level=\"1\"><a href=\"https:\/\/www.avise.org\/newsletters\" target=\"_blank\" rel=\"nofollow\"><span style=\"font-weight: 400;\">La newsletter de l\u2019Avise sur l\u2019\u00e9valuation d\u2019impact social en France<\/span><\/a><\/li>\n<li style=\"font-weight: 400;\" aria-level=\"1\"><a href=\"https:\/\/ssir.org\/email\" target=\"_blank\" rel=\"nofollow\"><span style=\"font-weight: 400;\">La newsletter de Stanford Social Innovation Review (SSIR)<\/span><\/a><\/li>\n<\/ul>\n<p>&nbsp;<\/p>\n<p><span style=\"font-weight: 400;\">Retrouvez tous les mois notre veille internationale sur l\u2019\u00e9valuation d&rsquo;impact social sur la page <\/span><a href=\"https:\/\/www.linkedin.com\/company\/42301082\/\" target=\"_blank\" rel=\"nofollow\"><span style=\"font-weight: 400;\">LinkedIn du Labo<\/span><\/a><span style=\"font-weight: 400;\">. <\/span><\/p>\n<p><span style=\"font-weight: 400;\">Des questions ? Des propositions de contributions ou des solutions pour l\u2019\u00e9valuation d\u2019impact social ? Contactez-nous via<\/span><a href=\"http:\/\/mailto:louis.raynauddelage@essec.edu\" target=\"_blank\" rel=\"nofollow\"> <span style=\"font-weight: 400;\">louis.raynauddelage@essec.edu<\/span><\/a><span style=\"font-weight: 400;\"> ou <\/span><a href=\"http:\/\/mailto:leclerc@essec.edu\" target=\"_blank\" rel=\"nofollow\"><span style=\"font-weight: 400;\">leclerc@essec.edu<\/span><\/a><span style=\"font-weight: 400;\">\u00a0<\/span><\/p>\n<p><span style=\"font-weight: 400;\">Note de Veille r\u00e9dig\u00e9e par <\/span><b>Clara Cohade<\/b><span style=\"font-weight: 400;\"> et <\/span><b>Louis Raynaud de Lage, <\/b><span style=\"font-weight: 400;\">sous la direction d\u2019<\/span><b>Elise Leclerc.<\/b><\/p>\n<p>[\/et_pb_text][\/et_pb_column][\/et_pb_row][\/et_pb_section]<\/p>\n","protected":false},"excerpt":{"rendered":"<p>D\u00e9cembre 2022 &#8211; Janvier 2023 \u00c9v\u00e9nements et actualit\u00e9s du secteur En France Le 16 janvier s\u2019est tenue une rencontre organis\u00e9e par Global Shapers Paris sur le sujet: \u201cEngagement Soci\u00e9tal des Entreprises : Comment le Mesurer ?\u201d anim\u00e9e par Emeline Stievenart, Experte en \u00c9valuation d&rsquo;Impact Social. La discussion a port\u00e9 sur la d\u00e9finition de l\u2019impact soci\u00e9tal [&hellip;]<\/p>\n","protected":false},"author":2,"featured_media":0,"comment_status":"closed","ping_status":"open","sticky":false,"template":"","format":"standard","meta":{"_et_pb_use_builder":"on","_et_pb_old_content":"","_et_gb_content_width":"","inline_featured_image":false},"categories":[1],"tags":[],"yoast_head":"<!-- This site is optimized with the Yoast SEO plugin v20.11 - https:\/\/yoast.com\/wordpress\/plugins\/seo\/ -->\n<title>Veille n\u00b020 : Les derni\u00e8res actualit\u00e9s - Centre Innovation Sociale et Ecologique<\/title>\n<meta name=\"robots\" content=\"noindex, follow\" \/>\n<meta property=\"og:locale\" content=\"fr_FR\" \/>\n<meta property=\"og:type\" content=\"article\" \/>\n<meta property=\"og:title\" content=\"Veille n\u00b020 : Les derni\u00e8res actualit\u00e9s - Centre Innovation Sociale et Ecologique\" \/>\n<meta property=\"og:description\" content=\"D\u00e9cembre 2022 - Janvier 2023 \u00c9v\u00e9nements et actualit\u00e9s du secteur En France Le 16 janvier s\u2019est tenue une rencontre organis\u00e9e par Global Shapers Paris sur le sujet: \u201cEngagement Soci\u00e9tal des Entreprises : Comment le Mesurer ?\u201d anim\u00e9e par Emeline Stievenart, Experte en \u00c9valuation d&#039;Impact Social. La discussion a port\u00e9 sur la d\u00e9finition de l\u2019impact soci\u00e9tal [&hellip;]\" \/>\n<meta property=\"og:url\" content=\"https:\/\/centre-innovation-sociale-ecologique.essec.edu\/index.php\/2023\/02\/06\/veille-n20-les-dernieres-actualites\/\" \/>\n<meta property=\"og:site_name\" content=\"Centre Innovation Sociale et Ecologique\" \/>\n<meta property=\"article:published_time\" content=\"2023-02-06T21:21:34+00:00\" \/>\n<meta property=\"article:modified_time\" content=\"2025-06-05T08:19:28+00:00\" \/>\n<meta name=\"author\" content=\"Essec\" \/>\n<meta name=\"twitter:card\" content=\"summary_large_image\" \/>\n<meta name=\"twitter:label1\" content=\"\u00c9crit par\" \/>\n\t<meta name=\"twitter:data1\" content=\"Essec\" \/>\n\t<meta name=\"twitter:label2\" content=\"Dur\u00e9e de lecture estim\u00e9e\" \/>\n\t<meta name=\"twitter:data2\" content=\"21 minutes\" \/>\n<script type=\"application\/ld+json\" class=\"yoast-schema-graph\">{\"@context\":\"https:\/\/schema.org\",\"@graph\":[{\"@type\":\"Article\",\"@id\":\"https:\/\/centre-innovation-sociale-ecologique.essec.edu\/index.php\/2023\/02\/06\/veille-n20-les-dernieres-actualites\/#article\",\"isPartOf\":{\"@id\":\"https:\/\/centre-innovation-sociale-ecologique.essec.edu\/index.php\/2023\/02\/06\/veille-n20-les-dernieres-actualites\/\"},\"author\":{\"name\":\"Essec\",\"@id\":\"https:\/\/centre-innovation-sociale-ecologique.essec.edu\/#\/schema\/person\/ffb9b21a7056cc497e2fe8732aa91fcc\"},\"headline\":\"Veille n\u00b020 : Les derni\u00e8res actualit\u00e9s\",\"datePublished\":\"2023-02-06T21:21:34+00:00\",\"dateModified\":\"2025-06-05T08:19:28+00:00\",\"mainEntityOfPage\":{\"@id\":\"https:\/\/centre-innovation-sociale-ecologique.essec.edu\/index.php\/2023\/02\/06\/veille-n20-les-dernieres-actualites\/\"},\"wordCount\":4223,\"publisher\":{\"@id\":\"https:\/\/centre-innovation-sociale-ecologique.essec.edu\/#organization\"},\"inLanguage\":\"fr-FR\"},{\"@type\":\"WebPage\",\"@id\":\"https:\/\/centre-innovation-sociale-ecologique.essec.edu\/index.php\/2023\/02\/06\/veille-n20-les-dernieres-actualites\/\",\"url\":\"https:\/\/centre-innovation-sociale-ecologique.essec.edu\/index.php\/2023\/02\/06\/veille-n20-les-dernieres-actualites\/\",\"name\":\"Veille n\u00b020 : Les derni\u00e8res actualit\u00e9s - Centre Innovation Sociale et Ecologique\",\"isPartOf\":{\"@id\":\"https:\/\/centre-innovation-sociale-ecologique.essec.edu\/#website\"},\"datePublished\":\"2023-02-06T21:21:34+00:00\",\"dateModified\":\"2025-06-05T08:19:28+00:00\",\"breadcrumb\":{\"@id\":\"https:\/\/centre-innovation-sociale-ecologique.essec.edu\/index.php\/2023\/02\/06\/veille-n20-les-dernieres-actualites\/#breadcrumb\"},\"inLanguage\":\"fr-FR\",\"potentialAction\":[{\"@type\":\"ReadAction\",\"target\":[\"https:\/\/centre-innovation-sociale-ecologique.essec.edu\/index.php\/2023\/02\/06\/veille-n20-les-dernieres-actualites\/\"]}]},{\"@type\":\"BreadcrumbList\",\"@id\":\"https:\/\/centre-innovation-sociale-ecologique.essec.edu\/index.php\/2023\/02\/06\/veille-n20-les-dernieres-actualites\/#breadcrumb\",\"itemListElement\":[{\"@type\":\"ListItem\",\"position\":1,\"name\":\"Home\",\"item\":\"https:\/\/centre-innovation-sociale-ecologique.essec.edu\/\"},{\"@type\":\"ListItem\",\"position\":2,\"name\":\"Veille n\u00b020 : Les derni\u00e8res actualit\u00e9s\"}]},{\"@type\":\"WebSite\",\"@id\":\"https:\/\/centre-innovation-sociale-ecologique.essec.edu\/#website\",\"url\":\"https:\/\/centre-innovation-sociale-ecologique.essec.edu\/\",\"name\":\"Centre Innovation Sociale et Ecologique\",\"description\":\"\",\"publisher\":{\"@id\":\"https:\/\/centre-innovation-sociale-ecologique.essec.edu\/#organization\"},\"potentialAction\":[{\"@type\":\"SearchAction\",\"target\":{\"@type\":\"EntryPoint\",\"urlTemplate\":\"https:\/\/centre-innovation-sociale-ecologique.essec.edu\/?s={search_term_string}\"},\"query-input\":\"required name=search_term_string\"}],\"inLanguage\":\"fr-FR\"},{\"@type\":\"Organization\",\"@id\":\"https:\/\/centre-innovation-sociale-ecologique.essec.edu\/#organization\",\"name\":\"Essec Business School\",\"url\":\"https:\/\/centre-innovation-sociale-ecologique.essec.edu\/\",\"logo\":{\"@type\":\"ImageObject\",\"inLanguage\":\"fr-FR\",\"@id\":\"https:\/\/centre-innovation-sociale-ecologique.essec.edu\/#\/schema\/logo\/image\/\",\"url\":\"https:\/\/impactinitiative.essec.edu\/wp-content\/uploads\/2020\/11\/ESSEC_BS_logo_BLANC.png\",\"contentUrl\":\"https:\/\/impactinitiative.essec.edu\/wp-content\/uploads\/2020\/11\/ESSEC_BS_logo_BLANC.png\",\"width\":546,\"height\":509,\"caption\":\"Essec Business School\"},\"image\":{\"@id\":\"https:\/\/centre-innovation-sociale-ecologique.essec.edu\/#\/schema\/logo\/image\/\"}},{\"@type\":\"Person\",\"@id\":\"https:\/\/centre-innovation-sociale-ecologique.essec.edu\/#\/schema\/person\/ffb9b21a7056cc497e2fe8732aa91fcc\",\"name\":\"Essec\",\"image\":{\"@type\":\"ImageObject\",\"inLanguage\":\"fr-FR\",\"@id\":\"https:\/\/centre-innovation-sociale-ecologique.essec.edu\/#\/schema\/person\/image\/\",\"url\":\"https:\/\/secure.gravatar.com\/avatar\/253b1a21aeb6e83a39f89170d50e3784?s=96&d=mm&r=g\",\"contentUrl\":\"https:\/\/secure.gravatar.com\/avatar\/253b1a21aeb6e83a39f89170d50e3784?s=96&d=mm&r=g\",\"caption\":\"Essec\"}}]}<\/script>\n<!-- \/ Yoast SEO plugin. -->","yoast_head_json":{"title":"Veille n\u00b020 : Les derni\u00e8res actualit\u00e9s - Centre Innovation Sociale et Ecologique","robots":{"index":"noindex","follow":"follow"},"og_locale":"fr_FR","og_type":"article","og_title":"Veille n\u00b020 : Les derni\u00e8res actualit\u00e9s - Centre Innovation Sociale et Ecologique","og_description":"D\u00e9cembre 2022 - Janvier 2023 \u00c9v\u00e9nements et actualit\u00e9s du secteur En France Le 16 janvier s\u2019est tenue une rencontre organis\u00e9e par Global Shapers Paris sur le sujet: \u201cEngagement Soci\u00e9tal des Entreprises : Comment le Mesurer ?\u201d anim\u00e9e par Emeline Stievenart, Experte en \u00c9valuation d'Impact Social. La discussion a port\u00e9 sur la d\u00e9finition de l\u2019impact soci\u00e9tal [&hellip;]","og_url":"https:\/\/centre-innovation-sociale-ecologique.essec.edu\/index.php\/2023\/02\/06\/veille-n20-les-dernieres-actualites\/","og_site_name":"Centre Innovation Sociale et Ecologique","article_published_time":"2023-02-06T21:21:34+00:00","article_modified_time":"2025-06-05T08:19:28+00:00","author":"Essec","twitter_card":"summary_large_image","twitter_misc":{"\u00c9crit par":"Essec","Dur\u00e9e de lecture estim\u00e9e":"21 minutes"},"schema":{"@context":"https:\/\/schema.org","@graph":[{"@type":"Article","@id":"https:\/\/centre-innovation-sociale-ecologique.essec.edu\/index.php\/2023\/02\/06\/veille-n20-les-dernieres-actualites\/#article","isPartOf":{"@id":"https:\/\/centre-innovation-sociale-ecologique.essec.edu\/index.php\/2023\/02\/06\/veille-n20-les-dernieres-actualites\/"},"author":{"name":"Essec","@id":"https:\/\/centre-innovation-sociale-ecologique.essec.edu\/#\/schema\/person\/ffb9b21a7056cc497e2fe8732aa91fcc"},"headline":"Veille n\u00b020 : Les derni\u00e8res actualit\u00e9s","datePublished":"2023-02-06T21:21:34+00:00","dateModified":"2025-06-05T08:19:28+00:00","mainEntityOfPage":{"@id":"https:\/\/centre-innovation-sociale-ecologique.essec.edu\/index.php\/2023\/02\/06\/veille-n20-les-dernieres-actualites\/"},"wordCount":4223,"publisher":{"@id":"https:\/\/centre-innovation-sociale-ecologique.essec.edu\/#organization"},"inLanguage":"fr-FR"},{"@type":"WebPage","@id":"https:\/\/centre-innovation-sociale-ecologique.essec.edu\/index.php\/2023\/02\/06\/veille-n20-les-dernieres-actualites\/","url":"https:\/\/centre-innovation-sociale-ecologique.essec.edu\/index.php\/2023\/02\/06\/veille-n20-les-dernieres-actualites\/","name":"Veille n\u00b020 : Les derni\u00e8res actualit\u00e9s - Centre Innovation Sociale et Ecologique","isPartOf":{"@id":"https:\/\/centre-innovation-sociale-ecologique.essec.edu\/#website"},"datePublished":"2023-02-06T21:21:34+00:00","dateModified":"2025-06-05T08:19:28+00:00","breadcrumb":{"@id":"https:\/\/centre-innovation-sociale-ecologique.essec.edu\/index.php\/2023\/02\/06\/veille-n20-les-dernieres-actualites\/#breadcrumb"},"inLanguage":"fr-FR","potentialAction":[{"@type":"ReadAction","target":["https:\/\/centre-innovation-sociale-ecologique.essec.edu\/index.php\/2023\/02\/06\/veille-n20-les-dernieres-actualites\/"]}]},{"@type":"BreadcrumbList","@id":"https:\/\/centre-innovation-sociale-ecologique.essec.edu\/index.php\/2023\/02\/06\/veille-n20-les-dernieres-actualites\/#breadcrumb","itemListElement":[{"@type":"ListItem","position":1,"name":"Home","item":"https:\/\/centre-innovation-sociale-ecologique.essec.edu\/"},{"@type":"ListItem","position":2,"name":"Veille n\u00b020 : Les derni\u00e8res actualit\u00e9s"}]},{"@type":"WebSite","@id":"https:\/\/centre-innovation-sociale-ecologique.essec.edu\/#website","url":"https:\/\/centre-innovation-sociale-ecologique.essec.edu\/","name":"Centre Innovation Sociale et Ecologique","description":"","publisher":{"@id":"https:\/\/centre-innovation-sociale-ecologique.essec.edu\/#organization"},"potentialAction":[{"@type":"SearchAction","target":{"@type":"EntryPoint","urlTemplate":"https:\/\/centre-innovation-sociale-ecologique.essec.edu\/?s={search_term_string}"},"query-input":"required name=search_term_string"}],"inLanguage":"fr-FR"},{"@type":"Organization","@id":"https:\/\/centre-innovation-sociale-ecologique.essec.edu\/#organization","name":"Essec Business School","url":"https:\/\/centre-innovation-sociale-ecologique.essec.edu\/","logo":{"@type":"ImageObject","inLanguage":"fr-FR","@id":"https:\/\/centre-innovation-sociale-ecologique.essec.edu\/#\/schema\/logo\/image\/","url":"https:\/\/impactinitiative.essec.edu\/wp-content\/uploads\/2020\/11\/ESSEC_BS_logo_BLANC.png","contentUrl":"https:\/\/impactinitiative.essec.edu\/wp-content\/uploads\/2020\/11\/ESSEC_BS_logo_BLANC.png","width":546,"height":509,"caption":"Essec Business School"},"image":{"@id":"https:\/\/centre-innovation-sociale-ecologique.essec.edu\/#\/schema\/logo\/image\/"}},{"@type":"Person","@id":"https:\/\/centre-innovation-sociale-ecologique.essec.edu\/#\/schema\/person\/ffb9b21a7056cc497e2fe8732aa91fcc","name":"Essec","image":{"@type":"ImageObject","inLanguage":"fr-FR","@id":"https:\/\/centre-innovation-sociale-ecologique.essec.edu\/#\/schema\/person\/image\/","url":"https:\/\/secure.gravatar.com\/avatar\/253b1a21aeb6e83a39f89170d50e3784?s=96&d=mm&r=g","contentUrl":"https:\/\/secure.gravatar.com\/avatar\/253b1a21aeb6e83a39f89170d50e3784?s=96&d=mm&r=g","caption":"Essec"}}]}},"_links":{"self":[{"href":"https:\/\/centre-innovation-sociale-ecologique.essec.edu\/index.php\/wp-json\/wp\/v2\/posts\/6196"}],"collection":[{"href":"https:\/\/centre-innovation-sociale-ecologique.essec.edu\/index.php\/wp-json\/wp\/v2\/posts"}],"about":[{"href":"https:\/\/centre-innovation-sociale-ecologique.essec.edu\/index.php\/wp-json\/wp\/v2\/types\/post"}],"author":[{"embeddable":true,"href":"https:\/\/centre-innovation-sociale-ecologique.essec.edu\/index.php\/wp-json\/wp\/v2\/users\/2"}],"replies":[{"embeddable":true,"href":"https:\/\/centre-innovation-sociale-ecologique.essec.edu\/index.php\/wp-json\/wp\/v2\/comments?post=6196"}],"version-history":[{"count":5,"href":"https:\/\/centre-innovation-sociale-ecologique.essec.edu\/index.php\/wp-json\/wp\/v2\/posts\/6196\/revisions"}],"predecessor-version":[{"id":6211,"href":"https:\/\/centre-innovation-sociale-ecologique.essec.edu\/index.php\/wp-json\/wp\/v2\/posts\/6196\/revisions\/6211"}],"wp:attachment":[{"href":"https:\/\/centre-innovation-sociale-ecologique.essec.edu\/index.php\/wp-json\/wp\/v2\/media?parent=6196"}],"wp:term":[{"taxonomy":"category","embeddable":true,"href":"https:\/\/centre-innovation-sociale-ecologique.essec.edu\/index.php\/wp-json\/wp\/v2\/categories?post=6196"},{"taxonomy":"post_tag","embeddable":true,"href":"https:\/\/centre-innovation-sociale-ecologique.essec.edu\/index.php\/wp-json\/wp\/v2\/tags?post=6196"}],"curies":[{"name":"wp","href":"https:\/\/api.w.org\/{rel}","templated":true}]}}