{"id":5560,"date":"2023-01-19T10:36:49","date_gmt":"2023-01-19T09:36:49","guid":{"rendered":"https:\/\/impactinitiative.essec.edu\/?p=5560"},"modified":"2025-06-05T10:19:33","modified_gmt":"2025-06-05T08:19:33","slug":"responsabilite-sociale-de-lentreprise","status":"publish","type":"post","link":"https:\/\/centre-innovation-sociale-ecologique.essec.edu\/index.php\/2023\/01\/19\/responsabilite-sociale-de-lentreprise\/","title":{"rendered":"Responsabilit\u00e9 Sociale de l\u2019Entreprise"},"content":{"rendered":"<p>[et_pb_section fb_built=\u00a0\u00bb1&Prime; admin_label=\u00a0\u00bbSection\u00a0\u00bb _builder_version=\u00a0\u00bb4.18.0&Prime; min_height=\u00a0\u00bb326.8px\u00a0\u00bb collapsed=\u00a0\u00bboff\u00a0\u00bb global_colors_info=\u00a0\u00bb{}\u00a0\u00bb][et_pb_row column_structure=\u00a0\u00bb2_5,3_5&Prime; _builder_version=\u00a0\u00bb4.18.0&Prime; _module_preset=\u00a0\u00bbdefault\u00a0\u00bb custom_margin=\u00a0\u00bb-32px|auto|-152px|auto||\u00a0\u00bb global_colors_info=\u00a0\u00bb{}\u00a0\u00bb][et_pb_column type=\u00a0\u00bb2_5&Prime; _builder_version=\u00a0\u00bb4.18.0&Prime; _module_preset=\u00a0\u00bbdefault\u00a0\u00bb global_colors_info=\u00a0\u00bb{}\u00a0\u00bb][et_pb_image src=\u00a0\u00bbhttps:\/\/impactinitiative.essec.edu\/wp-content\/uploads\/2022\/11\/Capture-de\u0301cran-2022-11-26-a\u0300-11.25.14.png\u00a0\u00bb alt=\u00a0\u00bbpodcast\u00a0\u00bb title_text=\u00a0\u00bbCapture d\u2019e\u0301cran 2022-11-26 a\u0300 11.25.14&Prime; _builder_version=\u00a0\u00bb4.18.0&Prime; _module_preset=\u00a0\u00bbdefault\u00a0\u00bb global_colors_info=\u00a0\u00bb{}\u00a0\u00bb][\/et_pb_image][\/et_pb_column][et_pb_column type=\u00a0\u00bb3_5&Prime; _builder_version=\u00a0\u00bb4.18.0&Prime; _module_preset=\u00a0\u00bbdefault\u00a0\u00bb global_colors_info=\u00a0\u00bb{}\u00a0\u00bb][et_pb_text _builder_version=\u00a0\u00bb4.18.0&Prime; _module_preset=\u00a0\u00bbdefault\u00a0\u00bb width=\u00a0\u00bb100%\u00a0\u00bb global_colors_info=\u00a0\u00bb{}\u00a0\u00bb]<\/p>\n<div>\n<div>\n<div data-ultimate-target=\".uvc-heading.ultimate-heading-78675fb0ffc22b2ea h2\" data-responsive-json-new=\"{&quot;font-size&quot;:&quot;desktop:30px;&quot;,&quot;line-height&quot;:&quot;&quot;}\">\n<div>\n<div>\n<div>\n<div>\n<blockquote>\n<p><em>L\u2019id\u00e9e que les entreprises doivent s\u2019investir dans les probl\u00e9matiques sociales et environnementales apparait dans les ann\u00e9es 1950. Aujourd\u2019hui, gr\u00e2ce \u00e0 l\u2019\u00e9volution du cadre juridique et \u00e0 la pression exerc\u00e9e par les consommateurs, de nombreuses entreprises d\u00e9veloppent une v\u00e9ritable politique de Responsabilit\u00e9 sociale de l\u2019entreprise (RSE), faisant alors apparaitre des pratiques ayant pour but de respecter les principes du d\u00e9veloppement durable. La Responsabilit\u00e9 sociale des entreprises peut \u00eatre d\u00e9finie comme toutes les mesures mises en place pour le respect des principes du d\u00e9veloppement durable dans l\u2019activit\u00e9 de l\u2019entreprise .<\/em><\/p>\n<\/blockquote>\n<\/div>\n<\/div>\n<\/div>\n<\/div>\n<\/div>\n<\/div>\n<\/div>\n<p>[\/et_pb_text][\/et_pb_column][\/et_pb_row][\/et_pb_section][et_pb_section fb_built=\u00a0\u00bb1&Prime; _builder_version=\u00a0\u00bb4.16&Prime; _module_preset=\u00a0\u00bbdefault\u00a0\u00bb max_width=\u00a0\u00bb100%\u00a0\u00bb custom_padding=\u00a0\u00bb0px||0px|||\u00a0\u00bb collapsed=\u00a0\u00bboff\u00a0\u00bb global_colors_info=\u00a0\u00bb{}\u00a0\u00bb][et_pb_row column_structure=\u00a0\u00bb2_3,1_3&Prime; _builder_version=\u00a0\u00bb4.16&Prime; _module_preset=\u00a0\u00bbdefault\u00a0\u00bb global_colors_info=\u00a0\u00bb{}\u00a0\u00bb][et_pb_column type=\u00a0\u00bb2_3&Prime; _builder_version=\u00a0\u00bb4.18.0&Prime; _module_preset=\u00a0\u00bbdefault\u00a0\u00bb global_colors_info=\u00a0\u00bb{}\u00a0\u00bb][et_pb_text _builder_version=\u00a0\u00bb4.18.0&Prime; _module_preset=\u00a0\u00bbdefault\u00a0\u00bb text_font_size=\u00a0\u00bb20px\u00a0\u00bb global_colors_info=\u00a0\u00bb{}\u00a0\u00bb]<\/p>\n<h2><span style=\"color: #00b2e8;\"><strong>Qu&rsquo;est-ce que le d\u00e9veloppement durable ?<\/strong><\/span><\/h2>\n<p style=\"text-align: justify;\">\n<p style=\"text-align: justify;\">D\u00e9fini par le rapport Brundtland, le d\u00e9veloppement durable \u00ab\u00a0r\u00e9pond aux besoins du pr\u00e9sent sans compromettre la possibilit\u00e9 pour les g\u00e9n\u00e9rations \u00e0 venir de satisfaire les leurs, \u00e0 commencer par ceux des plus pauvres\u00a0\u00bb.<\/p>\n<p style=\"text-align: justify;\">Les trois piliers du d\u00e9veloppement durable concernent les aspects \u00e9conomiques, sociaux et environnementaux des activit\u00e9s humaines.<\/p>\n<p style=\"text-align: justify;\">(Sch\u00e9ma inspir\u00e9 des travaux de Ren\u00e9 Passet)<\/p>\n<p>[\/et_pb_text][\/et_pb_column][et_pb_column type=\u00a0\u00bb1_3&Prime; _builder_version=\u00a0\u00bb4.16&Prime; _module_preset=\u00a0\u00bbdefault\u00a0\u00bb global_colors_info=\u00a0\u00bb{}\u00a0\u00bb][et_pb_image src=\u00a0\u00bbhttps:\/\/impactinitiative.essec.edu\/wp-content\/uploads\/2021\/05\/schema-developpement-durable-e1594392808518-300&#215;286-1.png\u00a0\u00bb alt=\u00a0\u00bbResponsabilit\u00e9 Sociale de l\u2019Entreprise\u00a0\u00bb title_text=\u00a0\u00bbschema-developpement-durable-e1594392808518-300&#215;286&Prime; _builder_version=\u00a0\u00bb4.16&Prime; _module_preset=\u00a0\u00bbdefault\u00a0\u00bb global_colors_info=\u00a0\u00bb{}\u00a0\u00bb][\/et_pb_image][\/et_pb_column][\/et_pb_row][et_pb_row _builder_version=\u00a0\u00bb4.16&Prime; _module_preset=\u00a0\u00bbdefault\u00a0\u00bb max_width=\u00a0\u00bb100%\u00a0\u00bb global_colors_info=\u00a0\u00bb{}\u00a0\u00bb][et_pb_column type=\u00a0\u00bb4_4&Prime; _builder_version=\u00a0\u00bb4.16&Prime; _module_preset=\u00a0\u00bbdefault\u00a0\u00bb global_colors_info=\u00a0\u00bb{}\u00a0\u00bb][et_pb_text _builder_version=\u00a0\u00bb4.16&Prime; _module_preset=\u00a0\u00bbdefault\u00a0\u00bb text_font_size=\u00a0\u00bb20px\u00a0\u00bb header_2_font=\u00a0\u00bb|700|||||||\u00a0\u00bb header_2_text_color=\u00a0\u00bb#00b2e8&Prime; header_2_font_size=\u00a0\u00bb24px\u00a0\u00bb header_3_font=\u00a0\u00bb|700|||||||\u00a0\u00bb header_3_text_color=\u00a0\u00bb#00b2e8&Prime; header_3_font_size=\u00a0\u00bb24px\u00a0\u00bb custom_margin=\u00a0\u00bb22px|||||\u00a0\u00bb global_colors_info=\u00a0\u00bb{}\u00a0\u00bb]<\/p>\n<div class=\"vc_row wpb_row vc_row-fluid vc_custom_1602580241515\">\n<div class=\"wpb_column vc_column_container vc_col-sm-12\" data-apr-column-width=\"yes\">\n<div class=\"vc_column-inner \">\n<div class=\"wpb_wrapper\">\n<div id=\"ultimate-heading-32315fb0351b3724d\" class=\"uvc-heading ult-adjust-bottom-margin ultimate-heading-32315fb0351b3724d uvc-21 \" data-hspacer=\"no_spacer\" data-halign=\"left\">\n<div class=\"uvc-main-heading ult-responsive\" data-ultimate-target=\".uvc-heading.ultimate-heading-32315fb0351b3724d h2\" data-responsive-json-new=\"{&quot;font-size&quot;:&quot;desktop:30px;&quot;,&quot;line-height&quot;:&quot;&quot;}\">\n<h2><span style=\"font-size: 16px;\">\u00a0<\/span><\/h2>\n<\/div>\n<\/div>\n<\/div>\n<\/div>\n<\/div>\n<\/div>\n<div id=\"ultimate-heading-25955fb0239c17d07\" class=\"uvc-heading ult-adjust-bottom-margin ultimate-heading-25955fb0239c17d07 uvc-5442 \" data-hspacer=\"no_spacer\" data-halign=\"left\">\n<div class=\"uvc-main-heading ult-responsive\" data-ultimate-target=\".uvc-heading.ultimate-heading-25955fb0239c17d07 h2\" data-responsive-json-new=\"{&quot;font-size&quot;:&quot;desktop:22px;&quot;,&quot;line-height&quot;:&quot;&quot;}\">\n<div id=\"ultimate-heading-14145fb0351b37788\" class=\"uvc-heading ult-adjust-bottom-margin ultimate-heading-14145fb0351b37788 uvc-497 \" data-hspacer=\"no_spacer\" data-halign=\"left\">\n<div class=\"uvc-main-heading ult-responsive\" data-ultimate-target=\".uvc-heading.ultimate-heading-14145fb0351b37788 h2\" data-responsive-json-new=\"{&quot;font-size&quot;:&quot;desktop:22px;&quot;,&quot;line-height&quot;:&quot;&quot;}\">\n<div id=\"ultimate-heading-50085fb0351b37a0c\" class=\"uvc-heading ult-adjust-bottom-margin ultimate-heading-50085fb0351b37a0c uvc-2592 \" data-hspacer=\"no_spacer\" data-halign=\"left\">\n<div class=\"uvc-main-heading ult-responsive\" data-ultimate-target=\".uvc-heading.ultimate-heading-50085fb0351b37a0c h2\" data-responsive-json-new=\"{&quot;font-size&quot;:&quot;desktop:22px;&quot;,&quot;line-height&quot;:&quot;&quot;}\">\n<div id=\"ultimate-heading-48945fb0f33ee613d\" class=\"uvc-heading ult-adjust-bottom-margin ultimate-heading-48945fb0f33ee613d uvc-1549 \" data-hspacer=\"no_spacer\" data-halign=\"left\">\n<div class=\"uvc-main-heading ult-responsive\" data-ultimate-target=\".uvc-heading.ultimate-heading-48945fb0f33ee613d h2\" data-responsive-json-new=\"{&quot;font-size&quot;:&quot;desktop:22px;&quot;,&quot;line-height&quot;:&quot;&quot;}\">\n<div id=\"ultimate-heading-43865fb0f89e1b102\" class=\"uvc-heading ult-adjust-bottom-margin ultimate-heading-43865fb0f89e1b102 uvc-9633 \" data-hspacer=\"no_spacer\" data-halign=\"left\">\n<div class=\"uvc-main-heading ult-responsive\" data-ultimate-target=\".uvc-heading.ultimate-heading-43865fb0f89e1b102 h2\" data-responsive-json-new=\"{&quot;font-size&quot;:&quot;desktop:22px;&quot;,&quot;line-height&quot;:&quot;&quot;}\">\n<h2>D\u00e9finition de la Responsabilit\u00e9 sociale de l\u2019entreprise (RSE)<\/h2>\n<\/div>\n<\/div>\n<\/div>\n<\/div>\n<\/div>\n<\/div>\n<\/div>\n<\/div>\n<p>&nbsp;<\/p>\n<\/div>\n<\/div>\n<ul>\n<li>\n<p style=\"text-align: justify;\">La Responsabilit\u00e9 sociale de l\u2019entreprise (RSE) parfois \u00e9galement appel\u00e9e Responsabilit\u00e9 soci\u00e9tale de l\u2019entreprise est d\u00e9finie selon la norme ISO 26\u00a0000 comme \u00e9tant\u00a0:<\/p>\n<p style=\"text-align: justify;\">\u00ab la responsabilit\u00e9 d\u2019une organisation vis-\u00e0-vis des impacts de ses d\u00e9cisions et de ses activit\u00e9s sur la soci\u00e9t\u00e9 et sur l\u2019environnement, se traduisant par un comportement transparent et \u00e9thique qui :<\/p>\n<ul style=\"text-align: justify;\">\n<li><strong>contribue au d\u00e9veloppement durable<\/strong><span>\u00a0<\/span>y compris \u00e0 la sant\u00e9 et au bien-\u00eatre de la soci\u00e9t\u00e9<\/li>\n<li>prend en compte<span>\u00a0<\/span><strong>les attentes des parties prenantes<\/strong><\/li>\n<li><strong>respecte les lois<span>\u00a0<\/span><\/strong>en vigueur et est compatible avec les normes internationales<\/li>\n<li>est<span>\u00a0<\/span><strong>int\u00e9gr\u00e9 dans l\u2019ensemble de l\u2019organisation<\/strong><span>\u00a0<\/span>et mis en \u0153uvre dans ses relations\u00a0\u00bb<\/li>\n<\/ul>\n<p style=\"text-align: justify;\">La d\u00e9marche RSE d\u2019une entreprise repr\u00e9sente donc l\u2019ensemble des modalit\u00e9s de prise en compte et de mise en \u0153uvre des dimensions du d\u00e9veloppement durable. Dans le cadre d\u2019actions RSE, des partenariats sont souvent nou\u00e9s avec des acteurs de l\u2019\u00e9conomie sociale. <strong><a href=\"https:\/\/impactinitiative.essec.edu\/index.php\/les-partenariats-qui-changent-le-monde-alliances-innovantes-entre-entreprises-et-associations\/\" target=\"_blank\" rel=\"nofollow\">Le MOOC \u00ab Les partenariats qui changent le monde\u00bb<\/a><\/strong>\u00a0d\u00e9taille ces alliances.<\/p>\n<\/li>\n<\/ul>\n<p>[\/et_pb_text][et_pb_text _builder_version=\u00a0\u00bb4.16&Prime; _module_preset=\u00a0\u00bbdefault\u00a0\u00bb text_font_size=\u00a0\u00bb20px\u00a0\u00bb header_2_font=\u00a0\u00bb|700|||||||\u00a0\u00bb header_2_text_color=\u00a0\u00bb#00b2e8&Prime; header_2_font_size=\u00a0\u00bb24px\u00a0\u00bb header_3_font=\u00a0\u00bb|700|||||||\u00a0\u00bb header_3_text_color=\u00a0\u00bb#00b2e8&Prime; header_3_font_size=\u00a0\u00bb24px\u00a0\u00bb custom_margin=\u00a0\u00bb22px|||||\u00a0\u00bb global_colors_info=\u00a0\u00bb{}\u00a0\u00bb]<\/p>\n<div class=\"vc_row wpb_row vc_row-fluid vc_custom_1602580241515\">\n<div class=\"wpb_column vc_column_container vc_col-sm-12\" data-apr-column-width=\"yes\">\n<div class=\"vc_column-inner \">\n<div class=\"wpb_wrapper\">\n<div id=\"ultimate-heading-32315fb0351b3724d\" class=\"uvc-heading ult-adjust-bottom-margin ultimate-heading-32315fb0351b3724d uvc-21 \" data-hspacer=\"no_spacer\" data-halign=\"left\">\n<div class=\"uvc-main-heading ult-responsive\" data-ultimate-target=\".uvc-heading.ultimate-heading-32315fb0351b3724d h2\" data-responsive-json-new=\"{&quot;font-size&quot;:&quot;desktop:30px;&quot;,&quot;line-height&quot;:&quot;&quot;}\">\n<h2><span style=\"font-size: 16px;\">\u00a0<\/span><\/h2>\n<\/div>\n<\/div>\n<\/div>\n<\/div>\n<\/div>\n<\/div>\n<div id=\"ultimate-heading-25955fb0239c17d07\" class=\"uvc-heading ult-adjust-bottom-margin ultimate-heading-25955fb0239c17d07 uvc-5442 \" data-hspacer=\"no_spacer\" data-halign=\"left\">\n<div class=\"uvc-main-heading ult-responsive\" data-ultimate-target=\".uvc-heading.ultimate-heading-25955fb0239c17d07 h2\" data-responsive-json-new=\"{&quot;font-size&quot;:&quot;desktop:22px;&quot;,&quot;line-height&quot;:&quot;&quot;}\">\n<div id=\"ultimate-heading-14145fb0351b37788\" class=\"uvc-heading ult-adjust-bottom-margin ultimate-heading-14145fb0351b37788 uvc-497 \" data-hspacer=\"no_spacer\" data-halign=\"left\">\n<div class=\"uvc-main-heading ult-responsive\" data-ultimate-target=\".uvc-heading.ultimate-heading-14145fb0351b37788 h2\" data-responsive-json-new=\"{&quot;font-size&quot;:&quot;desktop:22px;&quot;,&quot;line-height&quot;:&quot;&quot;}\">\n<div id=\"ultimate-heading-50085fb0351b37a0c\" class=\"uvc-heading ult-adjust-bottom-margin ultimate-heading-50085fb0351b37a0c uvc-2592 \" data-hspacer=\"no_spacer\" data-halign=\"left\">\n<div class=\"uvc-main-heading ult-responsive\" data-ultimate-target=\".uvc-heading.ultimate-heading-50085fb0351b37a0c h2\" data-responsive-json-new=\"{&quot;font-size&quot;:&quot;desktop:22px;&quot;,&quot;line-height&quot;:&quot;&quot;}\">\n<div id=\"ultimate-heading-48945fb0f33ee613d\" class=\"uvc-heading ult-adjust-bottom-margin ultimate-heading-48945fb0f33ee613d uvc-1549 \" data-hspacer=\"no_spacer\" data-halign=\"left\">\n<div class=\"uvc-main-heading ult-responsive\" data-ultimate-target=\".uvc-heading.ultimate-heading-48945fb0f33ee613d h2\" data-responsive-json-new=\"{&quot;font-size&quot;:&quot;desktop:22px;&quot;,&quot;line-height&quot;:&quot;&quot;}\">\n<div id=\"ultimate-heading-43865fb0f89e1b102\" class=\"uvc-heading ult-adjust-bottom-margin ultimate-heading-43865fb0f89e1b102 uvc-9633 \" data-hspacer=\"no_spacer\" data-halign=\"left\">\n<div class=\"uvc-main-heading ult-responsive\" data-ultimate-target=\".uvc-heading.ultimate-heading-43865fb0f89e1b102 h2\" data-responsive-json-new=\"{&quot;font-size&quot;:&quot;desktop:22px;&quot;,&quot;line-height&quot;:&quot;&quot;}\">\n<div id=\"ultimate-heading-70865fb0f89e1b431\" class=\"uvc-heading ult-adjust-bottom-margin ultimate-heading-70865fb0f89e1b431 uvc-6788 \" data-hspacer=\"no_spacer\" data-halign=\"left\">\n<div class=\"uvc-main-heading ult-responsive\" data-ultimate-target=\".uvc-heading.ultimate-heading-70865fb0f89e1b431 h2\" data-responsive-json-new=\"{&quot;font-size&quot;:&quot;desktop:22px;&quot;,&quot;line-height&quot;:&quot;&quot;}\">\n<h2>Les obligations l\u00e9gales en France en mati\u00e8re de RSE<\/h2>\n<\/div>\n<\/div>\n<\/div>\n<\/div>\n<\/div>\n<\/div>\n<\/div>\n<\/div>\n<\/div>\n<\/div>\n<p>&nbsp;<\/p>\n<p style=\"text-align: justify;\">Les soci\u00e9t\u00e9s cot\u00e9es ainsi que celles poss\u00e9dant plus de 500 employ\u00e9s et un total de bilan exc\u00e9dant 100 millions d\u2019euros, sont dans l\u2019obligation de r\u00e9aliser un rapport extra-financier. Ce rapport doit contenir 42 items organis\u00e9s en 3 grandes th\u00e9matiques\u00a0: le social, l\u2019environnement et les engagements en mati\u00e8re de d\u00e9veloppement durable.<\/p>\n<p style=\"text-align: justify;\">En juillet 2017, une ordonnance a fait \u00e9voluer le reporting extra-financier en imposant dor\u00e9navant d\u2019y inclure une<span>\u00a0<\/span><strong>d\u00e9claration de performance<\/strong><span>\u00a0<\/span>extra-financi\u00e8re, comprenant les mesures prises pour l\u2019adaptation aux cons\u00e9quences du changement climatique ainsi que les objectifs de r\u00e9duction fix\u00e9s volontairement pour r\u00e9duire les \u00e9missions de gaz \u00e0 effet de serre et les moyens mis en \u0153uvre \u00e0 cet effet.<\/p>\n<p style=\"text-align: justify;\">Source\u00a0:<span>\u00a0<\/span><a href=\"https:\/\/www.ecologie.gouv.fr\/reporting-extra-financier-des-entreprises#:~:text=La%20France%20poss%C3%A8de%20un%20cadre,le%20reporting%20extra%2Dfinancier%20obligatoire.\" target=\"_blank\" rel=\"nofollow\">Minist\u00e8re de la transition \u00e9cologique<\/a><\/p>\n<\/div>\n<\/div>\n<p>[\/et_pb_text][et_pb_text _builder_version=\u00a0\u00bb4.16&Prime; _module_preset=\u00a0\u00bbdefault\u00a0\u00bb text_font_size=\u00a0\u00bb20px\u00a0\u00bb header_2_font=\u00a0\u00bb|700|||||||\u00a0\u00bb header_2_text_color=\u00a0\u00bb#00b2e8&Prime; header_2_font_size=\u00a0\u00bb24px\u00a0\u00bb header_3_font=\u00a0\u00bb|700|||||||\u00a0\u00bb header_3_text_color=\u00a0\u00bb#00b2e8&Prime; header_3_font_size=\u00a0\u00bb24px\u00a0\u00bb custom_margin=\u00a0\u00bb22px|||||\u00a0\u00bb global_colors_info=\u00a0\u00bb{}\u00a0\u00bb]<\/p>\n<div class=\"vc_row wpb_row vc_row-fluid vc_custom_1602580241515\">\n<div class=\"wpb_column vc_column_container vc_col-sm-12\" data-apr-column-width=\"yes\">\n<div class=\"vc_column-inner \">\n<div class=\"wpb_wrapper\">\n<div id=\"ultimate-heading-32315fb0351b3724d\" class=\"uvc-heading ult-adjust-bottom-margin ultimate-heading-32315fb0351b3724d uvc-21 \" data-hspacer=\"no_spacer\" data-halign=\"left\">\n<div class=\"uvc-main-heading ult-responsive\" data-ultimate-target=\".uvc-heading.ultimate-heading-32315fb0351b3724d h2\" data-responsive-json-new=\"{&quot;font-size&quot;:&quot;desktop:30px;&quot;,&quot;line-height&quot;:&quot;&quot;}\">\n<h2><span style=\"font-size: 16px;\">\u00a0<\/span><\/h2>\n<\/div>\n<\/div>\n<\/div>\n<\/div>\n<\/div>\n<\/div>\n<div id=\"ultimate-heading-25955fb0239c17d07\" class=\"uvc-heading ult-adjust-bottom-margin ultimate-heading-25955fb0239c17d07 uvc-5442 \" data-hspacer=\"no_spacer\" data-halign=\"left\">\n<div class=\"uvc-main-heading ult-responsive\" data-ultimate-target=\".uvc-heading.ultimate-heading-25955fb0239c17d07 h2\" data-responsive-json-new=\"{&quot;font-size&quot;:&quot;desktop:22px;&quot;,&quot;line-height&quot;:&quot;&quot;}\">\n<div id=\"ultimate-heading-14145fb0351b37788\" class=\"uvc-heading ult-adjust-bottom-margin ultimate-heading-14145fb0351b37788 uvc-497 \" data-hspacer=\"no_spacer\" data-halign=\"left\">\n<div class=\"uvc-main-heading ult-responsive\" data-ultimate-target=\".uvc-heading.ultimate-heading-14145fb0351b37788 h2\" data-responsive-json-new=\"{&quot;font-size&quot;:&quot;desktop:22px;&quot;,&quot;line-height&quot;:&quot;&quot;}\">\n<div id=\"ultimate-heading-50085fb0351b37a0c\" class=\"uvc-heading ult-adjust-bottom-margin ultimate-heading-50085fb0351b37a0c uvc-2592 \" data-hspacer=\"no_spacer\" data-halign=\"left\">\n<div class=\"uvc-main-heading ult-responsive\" data-ultimate-target=\".uvc-heading.ultimate-heading-50085fb0351b37a0c h2\" data-responsive-json-new=\"{&quot;font-size&quot;:&quot;desktop:22px;&quot;,&quot;line-height&quot;:&quot;&quot;}\">\n<div id=\"ultimate-heading-48945fb0f33ee613d\" class=\"uvc-heading ult-adjust-bottom-margin ultimate-heading-48945fb0f33ee613d uvc-1549 \" data-hspacer=\"no_spacer\" data-halign=\"left\">\n<div class=\"uvc-main-heading ult-responsive\" data-ultimate-target=\".uvc-heading.ultimate-heading-48945fb0f33ee613d h2\" data-responsive-json-new=\"{&quot;font-size&quot;:&quot;desktop:22px;&quot;,&quot;line-height&quot;:&quot;&quot;}\">\n<div id=\"ultimate-heading-43865fb0f89e1b102\" class=\"uvc-heading ult-adjust-bottom-margin ultimate-heading-43865fb0f89e1b102 uvc-9633 \" data-hspacer=\"no_spacer\" data-halign=\"left\">\n<div class=\"uvc-main-heading ult-responsive\" data-ultimate-target=\".uvc-heading.ultimate-heading-43865fb0f89e1b102 h2\" data-responsive-json-new=\"{&quot;font-size&quot;:&quot;desktop:22px;&quot;,&quot;line-height&quot;:&quot;&quot;}\">\n<div id=\"ultimate-heading-2015fb0f89e1b764\" class=\"uvc-heading ult-adjust-bottom-margin ultimate-heading-2015fb0f89e1b764 uvc-1821 \" data-hspacer=\"no_spacer\" data-halign=\"left\">\n<div class=\"uvc-main-heading ult-responsive\" data-ultimate-target=\".uvc-heading.ultimate-heading-2015fb0f89e1b764 h2\" data-responsive-json-new=\"{&quot;font-size&quot;:&quot;desktop:22px;&quot;,&quot;line-height&quot;:&quot;&quot;}\">\n<h2>La loi Pacte : la raison d\u2019\u00eatre et les entreprises \u00e0 mission<\/h2>\n<\/div>\n<\/div>\n<\/div>\n<\/div>\n<\/div>\n<\/div>\n<\/div>\n<\/div>\n<\/div>\n<\/div>\n<p>&nbsp;<\/p>\n<p style=\"text-align: justify;\">En France, la<span>\u00a0<\/span><a href=\"https:\/\/www.economie.gouv.fr\/loi-pacte-croissance-transformation-entreprises\" target=\"_blank\" rel=\"nofollow\">loi PACTE<\/a><span>\u00a0<\/span>(Plan d\u2019Action pour la Croissance et la Transformation des Entreprises) adopt\u00e9e en mai 2019, introduit une obligation g\u00e9n\u00e9rale pour toutes les entreprises de d\u00e9velopper leurs activit\u00e9s \u00e9conomiques en prenant en compte les enjeux sociaux et environnementaux (modification Article 1833 du Code Civil). Elle offre\u00a0 la capacit\u00e9 d\u2019inscrire certains des objectifs de la<span>\u00a0<\/span><a href=\"https:\/\/impactinitiative.essec.edu\/index.php\/responsabilite-sociale-de-lentreprise\/\" target=\"_blank\" rel=\"nofollow\">RSE<\/a><span>\u00a0<\/span>dans les\u00a0 statuts de l\u2019entreprise qui deviennent \u00a0alors un engagement majeur, au m\u00eame titre que la maximisation du profit et pour lesquels l\u2019entreprise devra rendre des comptes.<\/p>\n<p style=\"text-align: justify;\">La loi PACTE pour cela propose deux nouveaux concepts:<\/p>\n<p style=\"text-align: justify;\"><strong>1\/ La raison d\u2019\u00eatre<\/strong>\u00a0: \u00ab\u00a0les statuts [de l\u2019entreprise] peuvent pr\u00e9ciser une raison d\u2019\u00eatre, constitu\u00e9e des principes dont la soci\u00e9t\u00e9 se dote et pour le respect desquels elle entend affecter des moyens dans la r\u00e9alisation de son activit\u00e9\u00a0\u00bb (Article 1835 du Code Civil)<\/p>\n<p style=\"text-align: justify;\"><strong>2\/ L\u2019entreprise \u00e0 mission<\/strong>\u00a0: \u00ab\u00a0une soci\u00e9t\u00e9 peut faire publiquement \u00e9tat de la qualit\u00e9 de soci\u00e9t\u00e9 \u00e0 mission lorsque les 5 conditions suivantes sont respect\u00e9es\u00a0(Article L 210-10 du Code de Commerce):<\/p>\n<ul>\n<li style=\"text-align: justify;\">Ses statuts pr\u00e9cisent une raison d\u2019\u00eatre (\u2026) ;<\/li>\n<li style=\"text-align: justify;\">Ses statuts pr\u00e9cisent un ou plusieurs objectifs sociaux et environnementaux que la soci\u00e9t\u00e9 se donne pour mission de poursuivre (\u2026) ;<\/li>\n<li style=\"text-align: justify;\">Ses statuts pr\u00e9cisent les modalit\u00e9s du suivi de l\u2019ex\u00e9cution de la mission mentionn\u00e9e au 2\u00b0. (\u2026)\u00a0;<\/li>\n<li style=\"text-align: justify;\">L\u2019ex\u00e9cution des objectifs sociaux et environnementaux mentionn\u00e9s au 2\u00b0 fait l\u2019objet d\u2019une v\u00e9rification par un organisme tiers ind\u00e9pendant (\u2026)\u00a0\u00bb.<\/li>\n<li style=\"text-align: justify;\">Etre d\u00e9clar\u00e9e en tant que telle au greffe du Tribunal de Commerce.<\/li>\n<\/ul>\n<p style=\"text-align: justify;\">Cette double d\u00e9marche pour \u00eatre cr\u00e9dible, oblige donc les entreprises \u00e0 s\u2019outiller pour mesurer leur performance extra financi\u00e8re et donc leur impact social et environnemental.<\/p>\n<p>&nbsp;<\/p>\n<p><strong>Pour aller plus loin\u00a0:<\/strong><span>\u00a0<\/span><a href=\"https:\/\/www.dunod.com\/entreprise-economie\/entreprises-mission-et-raison-d-etre-changer-entreprise-pour-un-monde-plus?gclid=CjwKCAjw_Y_8BRBiEiwA5MCBJskH3WJBmJPCrIWy0aNseOgqaTTjjEkpuJK5f8AWdrr45SRY06e86RoCpREQAvD_BwE\" target=\"_blank\" rel=\"nofollow\">\u00ab\u00a0Entreprises \u00e0 mission et raison d\u2019\u00eatre\u00a0\u00bb (Ed Dunod)<\/a><\/p>\n<\/div>\n<\/div>\n<p>[\/et_pb_text][et_pb_text _builder_version=\u00a0\u00bb4.16&Prime; _module_preset=\u00a0\u00bbdefault\u00a0\u00bb text_font_size=\u00a0\u00bb20px\u00a0\u00bb header_2_font=\u00a0\u00bb|700|||||||\u00a0\u00bb header_2_text_color=\u00a0\u00bb#00b2e8&Prime; header_2_font_size=\u00a0\u00bb24px\u00a0\u00bb header_3_font=\u00a0\u00bb|600|||||||\u00a0\u00bb header_3_text_color=\u00a0\u00bb#00b2e8&Prime; custom_margin=\u00a0\u00bb22px|||||\u00a0\u00bb global_colors_info=\u00a0\u00bb{}\u00a0\u00bb]<\/p>\n<div class=\"vc_row wpb_row vc_row-fluid vc_custom_1602580241515\">\n<div class=\"wpb_column vc_column_container vc_col-sm-12\" data-apr-column-width=\"yes\">\n<div class=\"vc_column-inner \">\n<div class=\"wpb_wrapper\">\n<div id=\"ultimate-heading-32315fb0351b3724d\" class=\"uvc-heading ult-adjust-bottom-margin ultimate-heading-32315fb0351b3724d uvc-21 \" data-hspacer=\"no_spacer\" data-halign=\"left\">\n<div class=\"uvc-main-heading ult-responsive\" data-ultimate-target=\".uvc-heading.ultimate-heading-32315fb0351b3724d h2\" data-responsive-json-new=\"{&quot;font-size&quot;:&quot;desktop:30px;&quot;,&quot;line-height&quot;:&quot;&quot;}\">\n<h2 style=\"text-align: justify;\"><span style=\"font-size: 16px;\">\u00a0<\/span><\/h2>\n<\/div>\n<\/div>\n<\/div>\n<\/div>\n<\/div>\n<\/div>\n<div id=\"ultimate-heading-25955fb0239c17d07\" class=\"uvc-heading ult-adjust-bottom-margin ultimate-heading-25955fb0239c17d07 uvc-5442 \" data-hspacer=\"no_spacer\" data-halign=\"left\">\n<div class=\"uvc-main-heading ult-responsive\" data-ultimate-target=\".uvc-heading.ultimate-heading-25955fb0239c17d07 h2\" data-responsive-json-new=\"{&quot;font-size&quot;:&quot;desktop:22px;&quot;,&quot;line-height&quot;:&quot;&quot;}\">\n<div id=\"ultimate-heading-14145fb0351b37788\" class=\"uvc-heading ult-adjust-bottom-margin ultimate-heading-14145fb0351b37788 uvc-497 \" data-hspacer=\"no_spacer\" data-halign=\"left\" style=\"text-align: justify;\">\n<div class=\"uvc-main-heading ult-responsive\" data-ultimate-target=\".uvc-heading.ultimate-heading-14145fb0351b37788 h2\" data-responsive-json-new=\"{&quot;font-size&quot;:&quot;desktop:22px;&quot;,&quot;line-height&quot;:&quot;&quot;}\">\n<div id=\"ultimate-heading-50085fb0351b37a0c\" class=\"uvc-heading ult-adjust-bottom-margin ultimate-heading-50085fb0351b37a0c uvc-2592 \" data-hspacer=\"no_spacer\" data-halign=\"left\">\n<div class=\"uvc-main-heading ult-responsive\" data-ultimate-target=\".uvc-heading.ultimate-heading-50085fb0351b37a0c h2\" data-responsive-json-new=\"{&quot;font-size&quot;:&quot;desktop:22px;&quot;,&quot;line-height&quot;:&quot;&quot;}\">\n<div id=\"ultimate-heading-48945fb0f33ee613d\" class=\"uvc-heading ult-adjust-bottom-margin ultimate-heading-48945fb0f33ee613d uvc-1549 \" data-hspacer=\"no_spacer\" data-halign=\"left\">\n<div class=\"uvc-main-heading ult-responsive\" data-ultimate-target=\".uvc-heading.ultimate-heading-48945fb0f33ee613d h2\" data-responsive-json-new=\"{&quot;font-size&quot;:&quot;desktop:22px;&quot;,&quot;line-height&quot;:&quot;&quot;}\">\n<div id=\"ultimate-heading-43865fb0f89e1b102\" class=\"uvc-heading ult-adjust-bottom-margin ultimate-heading-43865fb0f89e1b102 uvc-9633 \" data-hspacer=\"no_spacer\" data-halign=\"left\">\n<div class=\"uvc-main-heading ult-responsive\" data-ultimate-target=\".uvc-heading.ultimate-heading-43865fb0f89e1b102 h2\" data-responsive-json-new=\"{&quot;font-size&quot;:&quot;desktop:22px;&quot;,&quot;line-height&quot;:&quot;&quot;}\">\n<div id=\"ultimate-heading-70125fb0f89e1bda9\" class=\"uvc-heading ult-adjust-bottom-margin ultimate-heading-70125fb0f89e1bda9 uvc-7916 \" data-hspacer=\"no_spacer\" data-halign=\"left\">\n<div class=\"uvc-main-heading ult-responsive\" data-ultimate-target=\".uvc-heading.ultimate-heading-70125fb0f89e1bda9 h2\" data-responsive-json-new=\"{&quot;font-size&quot;:&quot;desktop:22px;&quot;,&quot;line-height&quot;:&quot;&quot;}\">\n<h2>Les enjeux de la politique RSE<\/h2>\n<\/div>\n<\/div>\n<\/div>\n<\/div>\n<\/div>\n<\/div>\n<\/div>\n<\/div>\n<\/div>\n<\/div>\n<p style=\"text-align: justify;\">\n<div class=\"wpb_text_column wpb_content_element \" style=\"text-align: justify;\">\n<div class=\"wpb_wrapper\">\n<p style=\"text-align: justify;\">Des \u00e9tudes ont montr\u00e9 que la mise en place d\u2019une politique RSE permet une am\u00e9lioration des performances \u00e9conomiques des entreprises (2). En effet, la RSE vise notamment \u00e0 identifier et anticiper les risques et les faiblesses de l\u2019entreprises sur les questions environnementales, sociales et li\u00e9es \u00e0 la gouvernance, ce qui d\u00e9veloppe donc la r\u00e9silience de l\u2019entreprise.<\/p>\n<p style=\"text-align: justify;\">Mais au-del\u00e0 de cet enjeu de performance \u00e9conomique, la RSE permet de r\u00e9pondre \u00e0 des enjeux \u00ab\u00a0d\u00e9fensifs\u00a0\u00bb et \u00ab\u00a0offensifs\u00a0\u00bb propres aux entreprises.<\/p>\n<\/div>\n<\/div>\n<div id=\"ultimate-heading-78895fb0f89e1c06a\" class=\"uvc-heading ult-adjust-bottom-margin ultimate-heading-78895fb0f89e1c06a uvc-391 \" data-hspacer=\"no_spacer\" data-halign=\"left\" style=\"text-align: justify;\">\n<div class=\"uvc-heading-spacer no_spacer\"><\/div>\n<div class=\"uvc-main-heading ult-responsive\" data-ultimate-target=\".uvc-heading.ultimate-heading-78895fb0f89e1c06a h3\" data-responsive-json-new=\"{&quot;font-size&quot;:&quot;desktop:18px;&quot;,&quot;line-height&quot;:&quot;&quot;}\">\n<h3><\/h3>\n<h3><\/h3>\n<h3><\/h3>\n<h3>Les enjeux \u00ab d\u00e9fensifs \u00bb :<\/h3>\n<\/div>\n<\/div>\n<div class=\"vc_empty_space\" style=\"text-align: justify;\"><\/div>\n<div class=\"wpb_text_column wpb_content_element \">\n<div class=\"wpb_wrapper\">\n<ul>\n<li style=\"text-align: justify;\"><strong>G\u00e9rer les risques<\/strong><span>\u00a0<\/span>et particuli\u00e8rement le risque de r\u00e9putation et d\u2019image, repr\u00e9sentant une part importante de la valeur immat\u00e9rielle d\u2019une entreprise et se pr\u00e9munir des controverses qui sont particuli\u00e8rement suivies par la communaut\u00e9 financi\u00e8re au titre des crit\u00e8res de bonne gouvernance. C\u2019est le \u00ab\u00a0G\u00a0\u00bb des crit\u00e8res ESG, pris en compte dans les approches d\u2019Investissement Socialement Responsable (ISR)<\/li>\n<li style=\"text-align: justify;\"><strong>S\u00e9curiser l\u2019approvisionnement<\/strong><span>\u00a0<\/span>notamment pour les mati\u00e8res premi\u00e8res<\/li>\n<li style=\"text-align: justify;\"><strong>Faire des \u00e9conomies<\/strong>, par exemple d\u2019\u00e9nergie<\/li>\n<li style=\"text-align: justify;\"><strong>Anticiper les r\u00e9glementations\u00a0:<span>\u00a0<\/span><\/strong>ainsi par exemple depuis 2009 le nombre de textes l\u00e9gislatifs sur le changement climatique a augment\u00e9 de 66%<\/li>\n<\/ul>\n<\/div>\n<\/div>\n<div id=\"ultimate-heading-83575fb0f89e1c342\" class=\"uvc-heading ult-adjust-bottom-margin ultimate-heading-83575fb0f89e1c342 uvc-6393 \" data-hspacer=\"no_spacer\" data-halign=\"left\">\n<div class=\"uvc-heading-spacer no_spacer\"><\/div>\n<div class=\"uvc-main-heading ult-responsive\" data-ultimate-target=\".uvc-heading.ultimate-heading-83575fb0f89e1c342 h3\" data-responsive-json-new=\"{&quot;font-size&quot;:&quot;desktop:18px;&quot;,&quot;line-height&quot;:&quot;&quot;}\">\n<h3><\/h3>\n<h3 style=\"text-align: justify;\">Les enjeux \u00ab offensifs \u00bb :<\/h3>\n<\/div>\n<\/div>\n<div class=\"vc_empty_space\" style=\"text-align: justify;\"><span class=\"vc_empty_space_inner\"><\/span><\/div>\n<div class=\"wpb_text_column wpb_content_element \">\n<div class=\"wpb_wrapper\">\n<ul>\n<li style=\"text-align: justify;\"><strong>\u00catre attractifs pour les talents<\/strong><\/li>\n<li style=\"text-align: justify;\"><strong>\u00catre attractif pour les consommateurs<\/strong><\/li>\n<li style=\"text-align: justify;\"><strong>\u00catre attractifs pour les financeurs,<\/strong><span>\u00a0<\/span>qui sont de plus en plus regardant sur les crit\u00e8res ESG des entreprises<\/li>\n<li style=\"text-align: justify;\"><strong>Innover et obtenir un avantage concurrentiel<\/strong>, la RSE, en int\u00e9grant de nouvelles contraintes, stimule l\u2019innovation de l\u2019entreprise<\/li>\n<\/ul>\n<\/div>\n<\/div>\n<\/div>\n<\/div>\n<p>[\/et_pb_text][et_pb_text _builder_version=\u00a0\u00bb4.16&Prime; _module_preset=\u00a0\u00bbdefault\u00a0\u00bb text_font_size=\u00a0\u00bb20px\u00a0\u00bb header_2_font=\u00a0\u00bb|700|||||||\u00a0\u00bb header_2_text_color=\u00a0\u00bb#00b2e8&Prime; header_2_font_size=\u00a0\u00bb24px\u00a0\u00bb header_3_font=\u00a0\u00bb|700|||||||\u00a0\u00bb header_3_text_color=\u00a0\u00bb#00b2e8&Prime; header_3_font_size=\u00a0\u00bb24px\u00a0\u00bb custom_margin=\u00a0\u00bb22px|||||\u00a0\u00bb global_colors_info=\u00a0\u00bb{}\u00a0\u00bb]<\/p>\n<div class=\"vc_row wpb_row vc_row-fluid vc_custom_1602580241515\">\n<div class=\"wpb_column vc_column_container vc_col-sm-12\" data-apr-column-width=\"yes\">\n<div class=\"vc_column-inner \">\n<div class=\"wpb_wrapper\">\n<div id=\"ultimate-heading-32315fb0351b3724d\" class=\"uvc-heading ult-adjust-bottom-margin ultimate-heading-32315fb0351b3724d uvc-21 \" data-hspacer=\"no_spacer\" data-halign=\"left\">\n<div class=\"uvc-main-heading ult-responsive\" data-ultimate-target=\".uvc-heading.ultimate-heading-32315fb0351b3724d h2\" data-responsive-json-new=\"{&quot;font-size&quot;:&quot;desktop:30px;&quot;,&quot;line-height&quot;:&quot;&quot;}\">\n<h2><span style=\"font-size: 16px;\">\u00a0<\/span><\/h2>\n<\/div>\n<\/div>\n<\/div>\n<\/div>\n<\/div>\n<\/div>\n<div id=\"ultimate-heading-25955fb0239c17d07\" class=\"uvc-heading ult-adjust-bottom-margin ultimate-heading-25955fb0239c17d07 uvc-5442 \" data-hspacer=\"no_spacer\" data-halign=\"left\">\n<div class=\"uvc-main-heading ult-responsive\" data-ultimate-target=\".uvc-heading.ultimate-heading-25955fb0239c17d07 h2\" data-responsive-json-new=\"{&quot;font-size&quot;:&quot;desktop:22px;&quot;,&quot;line-height&quot;:&quot;&quot;}\">\n<div id=\"ultimate-heading-14145fb0351b37788\" class=\"uvc-heading ult-adjust-bottom-margin ultimate-heading-14145fb0351b37788 uvc-497 \" data-hspacer=\"no_spacer\" data-halign=\"left\">\n<div class=\"uvc-main-heading ult-responsive\" data-ultimate-target=\".uvc-heading.ultimate-heading-14145fb0351b37788 h2\" data-responsive-json-new=\"{&quot;font-size&quot;:&quot;desktop:22px;&quot;,&quot;line-height&quot;:&quot;&quot;}\">\n<div id=\"ultimate-heading-50085fb0351b37a0c\" class=\"uvc-heading ult-adjust-bottom-margin ultimate-heading-50085fb0351b37a0c uvc-2592 \" data-hspacer=\"no_spacer\" data-halign=\"left\">\n<div class=\"uvc-main-heading ult-responsive\" data-ultimate-target=\".uvc-heading.ultimate-heading-50085fb0351b37a0c h2\" data-responsive-json-new=\"{&quot;font-size&quot;:&quot;desktop:22px;&quot;,&quot;line-height&quot;:&quot;&quot;}\">\n<div id=\"ultimate-heading-48945fb0f33ee613d\" class=\"uvc-heading ult-adjust-bottom-margin ultimate-heading-48945fb0f33ee613d uvc-1549 \" data-hspacer=\"no_spacer\" data-halign=\"left\">\n<div class=\"uvc-main-heading ult-responsive\" data-ultimate-target=\".uvc-heading.ultimate-heading-48945fb0f33ee613d h2\" data-responsive-json-new=\"{&quot;font-size&quot;:&quot;desktop:22px;&quot;,&quot;line-height&quot;:&quot;&quot;}\">\n<div id=\"ultimate-heading-43865fb0f89e1b102\" class=\"uvc-heading ult-adjust-bottom-margin ultimate-heading-43865fb0f89e1b102 uvc-9633 \" data-hspacer=\"no_spacer\" data-halign=\"left\">\n<div class=\"uvc-main-heading ult-responsive\" data-ultimate-target=\".uvc-heading.ultimate-heading-43865fb0f89e1b102 h2\" data-responsive-json-new=\"{&quot;font-size&quot;:&quot;desktop:22px;&quot;,&quot;line-height&quot;:&quot;&quot;}\">\n<div id=\"ultimate-heading-91475fb0f89e1c623\" class=\"uvc-heading ult-adjust-bottom-margin ultimate-heading-91475fb0f89e1c623 uvc-8028 \" data-hspacer=\"no_spacer\" data-halign=\"left\">\n<div class=\"uvc-main-heading ult-responsive\" data-ultimate-target=\".uvc-heading.ultimate-heading-91475fb0f89e1c623 h2\" data-responsive-json-new=\"{&quot;font-size&quot;:&quot;desktop:22px;&quot;,&quot;line-height&quot;:&quot;&quot;}\">\n<h2>Les outils de la RSE<\/h2>\n<\/div>\n<\/div>\n<\/div>\n<\/div>\n<\/div>\n<\/div>\n<\/div>\n<\/div>\n<\/div>\n<\/div>\n<p>&nbsp;<\/p>\n<p style=\"text-align: justify;\">Pour structurer leur d\u00e9marche RSE, les entreprises peuvent s\u2019appuyer sur des outils comme le syst\u00e8me de management environnemental (SME) permettant de formaliser les actions des entreprises en mati\u00e8re d\u2019environnement. Elles peuvent \u00e9galement se baser sur des normes telles que les normes ISO 14000 (relative \u00e0 l\u2019environnement), ISO 9000 (relative \u00e0 la qualit\u00e9) ou XP X30-901 (relative au management d\u2019un projet d\u2019\u00e9conomie circulaire).<\/p>\n<p style=\"text-align: justify;\">Afin de mesurer leurs impacts environnementaux, les entreprises peuvent r\u00e9aliser un bilan des \u00e9missions de gaz \u00e0 effet de serre, un bilan carbone, ou encore des analyses de cycle de vie pour leurs produits.<\/p>\n<p style=\"text-align: justify;\">En ce qui concerne la mesure d\u2019impact social, de nombreuses m\u00e9thodologies ont \u00e9t\u00e9 d\u00e9velopp\u00e9es. Pour approfondir cette notion, n\u2019h\u00e9sitez pas \u00e0 consulter <strong><a href=\"https:\/\/impactinitiative.essec.edu\/index.php\/evaluation-et-mesure-dimpact-social\/\" target=\"_blank\" rel=\"nofollow\">le MOOC \u00ab <span>\u00c9<\/span>valuation et mesure d\u2019impact social \u00bb<\/a><\/strong>.<\/p>\n<p style=\"text-align: justify;\">Enfin, dans une perspective de valorisation de leurs engagements, les entreprises peuvent obtenir des certifications (validation par un tiers de la r\u00e9alit\u00e9 des actions men\u00e9es) ou des labels (confirmant, par un tiers, le respect d\u2019un cahier des charges). Ce sont les d\u00e9marches de type ISO 26\u00a0000 ou B Corp qui permettent aux entreprises d\u2019attester de leur volont\u00e9 de (r\u00e9)affirmer leur mission soci\u00e9tale au c\u0153ur de leur raison d\u2019\u00eatre.<\/p>\n<\/div>\n<\/div>\n<p>[\/et_pb_text][\/et_pb_column][\/et_pb_row][\/et_pb_section][et_pb_section fb_built=\u00a0\u00bb1&Prime; _builder_version=\u00a0\u00bb4.16&Prime; _module_preset=\u00a0\u00bbdefault\u00a0\u00bb collapsed=\u00a0\u00bbon\u00a0\u00bb global_colors_info=\u00a0\u00bb{}\u00a0\u00bb][et_pb_row _builder_version=\u00a0\u00bb4.16&Prime; _module_preset=\u00a0\u00bbdefault\u00a0\u00bb max_width=\u00a0\u00bb100%\u00a0\u00bb global_colors_info=\u00a0\u00bb{}\u00a0\u00bb][et_pb_column type=\u00a0\u00bb4_4&Prime; _builder_version=\u00a0\u00bb4.16&Prime; _module_preset=\u00a0\u00bbdefault\u00a0\u00bb global_colors_info=\u00a0\u00bb{}\u00a0\u00bb][et_pb_text _builder_version=\u00a0\u00bb4.16&Prime; _module_preset=\u00a0\u00bbdefault\u00a0\u00bb header_2_font=\u00a0\u00bb|700|||||||\u00a0\u00bb header_2_text_align=\u00a0\u00bbleft\u00a0\u00bb header_2_text_color=\u00a0\u00bb#cc5185&Prime; header_2_font_size=\u00a0\u00bb45px\u00a0\u00bb global_colors_info=\u00a0\u00bb{}\u00a0\u00bb]<\/p>\n<div id=\"ultimate-heading-23155fb0f33ee7099\" class=\"uvc-heading ult-adjust-bottom-margin ultimate-heading-23155fb0f33ee7099 uvc-9391 \" data-hspacer=\"no_spacer\" data-halign=\"left\">\n<div class=\"uvc-main-heading ult-responsive\" data-ultimate-target=\".uvc-heading.ultimate-heading-23155fb0f33ee7099 h2\" data-responsive-json-new=\"{&quot;font-size&quot;:&quot;desktop:30px;&quot;,&quot;line-height&quot;:&quot;&quot;}\">\n<h2>Acteurs de r\u00e9f\u00e9rence<\/h2>\n<\/div>\n<\/div>\n<p>[\/et_pb_text][\/et_pb_column][\/et_pb_row][et_pb_row column_structure=\u00a0\u00bb1_3,1_3,1_3&Prime; _builder_version=\u00a0\u00bb4.16&Prime; _module_preset=\u00a0\u00bbdefault\u00a0\u00bb max_width=\u00a0\u00bb100%\u00a0\u00bb global_colors_info=\u00a0\u00bb{}\u00a0\u00bb][et_pb_column type=\u00a0\u00bb1_3&Prime; _builder_version=\u00a0\u00bb4.16&Prime; _module_preset=\u00a0\u00bbdefault\u00a0\u00bb custom_padding=\u00a0\u00bb20px|30px|20px|30px|true|true\u00a0\u00bb link_option_url=\u00a0\u00bbhttps:\/\/www.ecologie.gouv.fr\/10-tout-changer-coalition-dentreprises-engagees-sest-rassemblee-au-ministere-transition-ecologique\u00a0\u00bb link_option_url_new_window=\u00a0\u00bbon\u00a0\u00bb box_shadow_style=\u00a0\u00bbpreset1&Prime; box_shadow_color=\u00a0\u00bb#ececec\u00a0\u00bb global_colors_info=\u00a0\u00bb{}\u00a0\u00bb background__hover_enabled=\u00a0\u00bbon|hover\u00a0\u00bb background_color__hover=\u00a0\u00bb#ececec\u00a0\u00bb background_enable_color__hover=\u00a0\u00bbon\u00a0\u00bb][et_pb_image src=\u00a0\u00bbhttps:\/\/impactinitiative.essec.edu\/wp-content\/uploads\/2020\/11\/Min_transition_ecologique_logo.jpg\u00a0\u00bb alt=\u00a0\u00bbLogo Minist\u00e8re de la Transition &#8211; Responsabilit\u00e9 Sociale de l\u2019EntrepriseLogo Minist\u00e8re de la Transition \u00e9cologique\u00a0\u00bb title_text=\u00a0\u00bbBLOC_MARQUE_CMJN\u00a0\u00bb align=\u00a0\u00bbcenter\u00a0\u00bb _builder_version=\u00a0\u00bb4.16&Prime; _module_preset=\u00a0\u00bbdefault\u00a0\u00bb global_colors_info=\u00a0\u00bb{}\u00a0\u00bb][\/et_pb_image][et_pb_text _builder_version=\u00a0\u00bb4.16&Prime; _module_preset=\u00a0\u00bbdefault\u00a0\u00bb header_3_font=\u00a0\u00bb|700|||||||\u00a0\u00bb header_3_font_size=\u00a0\u00bb24px\u00a0\u00bb custom_margin=\u00a0\u00bb||-2px|||\u00a0\u00bb custom_padding=\u00a0\u00bb||8px|||\u00a0\u00bb global_colors_info=\u00a0\u00bb{}\u00a0\u00bb]<\/p>\n<div class=\"uvc-main-heading ult-responsive\" data-ultimate-target=\".uvc-heading.ultimate-heading-19345fb0f33ee82d1 h2\" data-responsive-json-new=\"{&quot;font-size&quot;:&quot;desktop:22px;&quot;,&quot;line-height&quot;:&quot;&quot;}\">\n<div class=\"uvc-main-heading ult-responsive\" data-ultimate-target=\".uvc-heading.ultimate-heading-29965fb0f89e1df72 h2\" data-responsive-json-new=\"{&quot;font-size&quot;:&quot;desktop:22px;&quot;,&quot;line-height&quot;:&quot;&quot;}\">\n<h3 style=\"text-align: center;\">10% pour tout changer<\/h3>\n<\/div>\n<p style=\"text-align: justify;\"><span>Cette initiative r\u00e9unit, sous l\u2019\u00e9gide des pouvoirs publics, une centaine d\u2019entreprises et organisations de toutes les tailles, pionni\u00e8res dans l\u2019engagement soci\u00e9tal, afin de d\u00e9finir des actions concr\u00e8tes, applicables en entreprise, sur les questions de\u00a0<\/span><strong>lutte contre le changement climatique<\/strong><span>\u00a0et de\u00a0<\/span><strong>progr\u00e8s social<\/strong><span>\u00a0au sein de leurs organisations.<\/span><\/p>\n<p style=\"text-align: justify;\">Le nom de la coalition provient de la th\u00e9orie de Malcolm Gladwell, selon laquelle il y aurait un<span>\u00a0<\/span><strong>\u00ab\u00a0point de basculement\u00a0\u00bb<\/strong><span>\u00a0<\/span>si au moins 10% d\u2019une communaut\u00e9 s\u2019engage dans une nouvelle norme sociale. L\u2019initiative lanc\u00e9e par Christophe Itier cherche donc \u00e0 provoquer ce \u00ab\u00a0point de basculement\u00a0\u00bb en faveur de la RSE pour les entreprises fran\u00e7aises.<\/p>\n<p style=\"text-align: justify;\">Cinq groupes de travail avec les entreprises ont \u00e9t\u00e9 organis\u00e9s sur les sujets suivants\u00a0:<\/p>\n<ul>\n<li style=\"text-align: justify;\">la mobilisation des pairs et<span>\u00a0<\/span><strong>les leviers d\u2019engagement<\/strong><span>\u00a0<\/span>pour toutes les entreprises (RSE, m\u00e9c\u00e9nat, coop\u00e9rations \u00e9conomiques..)<\/li>\n<li style=\"text-align: justify;\"><strong>les outils de financement<\/strong><span>\u00a0<\/span>de l\u2019\u00e9conomie \u00e0 impact (philanthropie, investissement \u00e0 impact..)<\/li>\n<li style=\"text-align: justify;\">les indicateurs et r\u00e9f\u00e9rentiels pour<span>\u00a0<\/span><strong>mesurer et valoriser l\u2019impact des entreprises<\/strong><span>\u00a0<\/span>qui s\u2019engagent<\/li>\n<li style=\"text-align: justify;\"><strong>les \u00ab activistes \u00bb du changement<\/strong><span>\u00a0<\/span>dans l\u2019entreprise<\/li>\n<li style=\"text-align: justify;\"><strong>l\u2019engagement des entreprises \u00e0 l\u2019\u00e9chelle des territoires<\/strong>.<\/li>\n<\/ul>\n<\/div>\n<p>[\/et_pb_text][et_pb_text _builder_version=\u00a0\u00bb4.16&Prime; _module_preset=\u00a0\u00bbdefault\u00a0\u00bb text_font=\u00a0\u00bb|700|||||||\u00a0\u00bb text_text_color=\u00a0\u00bbrgba(0,0,0,0)\u00a0\u00bb link_font=\u00a0\u00bb|700|||||||\u00a0\u00bb link_text_color=\u00a0\u00bb#00b2e8&Prime; link_font_size=\u00a0\u00bb15px\u00a0\u00bb custom_margin=\u00a0\u00bb2px|||||\u00a0\u00bb global_colors_info=\u00a0\u00bb{}\u00a0\u00bb]<\/p>\n<p><a href=\"https:\/\/www.ecologie.gouv.fr\/10-tout-changer-coalition-dentreprises-engagees-sest-rassemblee-au-ministere-transition-ecologique\" target=\"_blank\" rel=\"noopener noreferrer nofollow\">En savoir plus<\/a><\/p>\n<p>[\/et_pb_text][\/et_pb_column][et_pb_column type=\u00a0\u00bb1_3&Prime; _builder_version=\u00a0\u00bb4.16&Prime; _module_preset=\u00a0\u00bbdefault\u00a0\u00bb custom_padding=\u00a0\u00bb20px|30px|20px|30px|true|true\u00a0\u00bb link_option_url=\u00a0\u00bbhttps:\/\/bcorporation.eu\/about-b-lab\/country-partner\/france\u00a0\u00bb link_option_url_new_window=\u00a0\u00bbon\u00a0\u00bb box_shadow_style=\u00a0\u00bbpreset1&Prime; box_shadow_color=\u00a0\u00bb#ececec\u00a0\u00bb global_colors_info=\u00a0\u00bb{}\u00a0\u00bb background_color__hover=\u00a0\u00bb#ececec\u00a0\u00bb background__hover_enabled=\u00a0\u00bbon|hover\u00a0\u00bb background_enable_color__hover=\u00a0\u00bbon\u00a0\u00bb][et_pb_image src=\u00a0\u00bbhttps:\/\/impactinitiative.essec.edu\/wp-content\/uploads\/2020\/11\/logo-b-corp-e1594375798305.png\u00a0\u00bb alt=\u00a0\u00bbLogo b Corp Responsabilit\u00e9 Sociale de l\u2019Entreprise \u00a0\u00bb title_text=\u00a0\u00bblogo-b-corp-e1594375798305&Prime; align=\u00a0\u00bbcenter\u00a0\u00bb _builder_version=\u00a0\u00bb4.16&Prime; _module_preset=\u00a0\u00bbdefault\u00a0\u00bb global_colors_info=\u00a0\u00bb{}\u00a0\u00bb][\/et_pb_image][et_pb_text _builder_version=\u00a0\u00bb4.16&Prime; _module_preset=\u00a0\u00bbdefault\u00a0\u00bb header_3_font=\u00a0\u00bb|700|||||||\u00a0\u00bb header_3_font_size=\u00a0\u00bb24px\u00a0\u00bb custom_margin=\u00a0\u00bb||28px|||\u00a0\u00bb global_colors_info=\u00a0\u00bb{}\u00a0\u00bb]<\/p>\n<div class=\"uvc-main-heading ult-responsive\" data-ultimate-target=\".uvc-heading.ultimate-heading-19345fb0f33ee82d1 h2\" data-responsive-json-new=\"{&quot;font-size&quot;:&quot;desktop:22px;&quot;,&quot;line-height&quot;:&quot;&quot;}\">\n<div class=\"uvc-main-heading ult-responsive\" data-ultimate-target=\".uvc-heading.ultimate-heading-40365fb0f33f12ee7 h2\" data-responsive-json-new=\"{&quot;font-size&quot;:&quot;desktop:22px;&quot;,&quot;line-height&quot;:&quot;&quot;}\">\n<div class=\"uvc-main-heading ult-responsive\" data-ultimate-target=\".uvc-heading.ultimate-heading-37795fb0f89e1f0a4 h2\" data-responsive-json-new=\"{&quot;font-size&quot;:&quot;desktop:22px;&quot;,&quot;line-height&quot;:&quot;&quot;}\">\n<h3 style=\"text-align: center;\">La communaut\u00e9 B Corp<\/h3>\n<\/div>\n<\/div>\n<p style=\"text-align: justify;\"><span>La communaut\u00e9 B Corp, fond\u00e9e en 2006, aux Etats-Unis, r\u00e9unit les entreprises qui souhaitent (r\u00e9)affirmer leur Mission Soci\u00e9tale au c\u0153ur de leur raison d\u2019\u00eatre. Ce sont des entreprises \u00e0 but lucratif qui souhaitent progresser et d\u00e9montrer leur impact positif en \u00e9tant \u00e9valu\u00e9es sur leur performance globale tous les 3 ans.<\/span><\/p>\n<p style=\"text-align: justify;\">Les entreprises labelis\u00e9es Bcorp cherchent, via leur mod\u00e8le \u00e9conomique, non pas \u00e0 \u00eatre les meilleures AU monde mais bien les meilleures POUR le monde !<\/p>\n<p style=\"text-align: justify;\">Le label Bcorp r\u00e9unit plus de 2500 entreprises dans le monde et devient aujourd\u2019hui une r\u00e9f\u00e9rence mondiale en mati\u00e8re d\u2019\u00e9valuation des performances RSE des entreprises.<\/p>\n<\/div>\n<p>[\/et_pb_text][et_pb_text _builder_version=\u00a0\u00bb4.16&Prime; _module_preset=\u00a0\u00bbdefault\u00a0\u00bb text_font=\u00a0\u00bb|700|||||||\u00a0\u00bb text_text_color=\u00a0\u00bbrgba(0,0,0,0)\u00a0\u00bb link_font=\u00a0\u00bb|700|||||||\u00a0\u00bb link_text_color=\u00a0\u00bb#00b2e8&Prime; link_font_size=\u00a0\u00bb15px\u00a0\u00bb min_height=\u00a0\u00bb27px\u00a0\u00bb custom_margin=\u00a0\u00bb-20px|||||\u00a0\u00bb global_colors_info=\u00a0\u00bb{}\u00a0\u00bb]<\/p>\n<p><a href=\"https:\/\/bcorporation.eu\/about-b-lab\/country-partner\/france\" target=\"_blank\" rel=\"noopener noreferrer nofollow\">En savoir plus<\/a><\/p>\n<p>[\/et_pb_text][\/et_pb_column][et_pb_column type=\u00a0\u00bb1_3&Prime; _builder_version=\u00a0\u00bb4.16&Prime; _module_preset=\u00a0\u00bbdefault\u00a0\u00bb custom_padding=\u00a0\u00bb20px|30px|20px|30px|true|true\u00a0\u00bb link_option_url=\u00a0\u00bbhttps:\/\/www.entreprisesamission.com\/\u00a0\u00bb link_option_url_new_window=\u00a0\u00bbon\u00a0\u00bb box_shadow_style=\u00a0\u00bbpreset1&Prime; box_shadow_color=\u00a0\u00bb#ececec\u00a0\u00bb global_colors_info=\u00a0\u00bb{}\u00a0\u00bb background_color__hover=\u00a0\u00bb#ececec\u00a0\u00bb background__hover_enabled=\u00a0\u00bbon|hover\u00a0\u00bb background_enable_color__hover=\u00a0\u00bbon\u00a0\u00bb][et_pb_image src=\u00a0\u00bbhttps:\/\/impactinitiative.essec.edu\/wp-content\/uploads\/2020\/11\/logo-communaute-des-entreprises-a-mission-e1594375787182.png\u00a0\u00bb alt=\u00a0\u00bbLogo Communaut\u00e9 des entreprises \u00e0 mission &#8211; Responsabilit\u00e9 Sociale de l\u2019Entreprise\u00a0\u00bb title_text=\u00a0\u00bblogo-communaut\u00e9-des-entreprises-\u00e0-mission-e1594375787182&Prime; align=\u00a0\u00bbcenter\u00a0\u00bb _builder_version=\u00a0\u00bb4.16&Prime; _module_preset=\u00a0\u00bbdefault\u00a0\u00bb global_colors_info=\u00a0\u00bb{}\u00a0\u00bb][\/et_pb_image][et_pb_text _builder_version=\u00a0\u00bb4.16&Prime; _module_preset=\u00a0\u00bbdefault\u00a0\u00bb header_3_font=\u00a0\u00bb|700|||||||\u00a0\u00bb header_3_font_size=\u00a0\u00bb24px\u00a0\u00bb custom_margin=\u00a0\u00bb||24px|||\u00a0\u00bb global_colors_info=\u00a0\u00bb{}\u00a0\u00bb]<\/p>\n<div class=\"uvc-main-heading ult-responsive\" data-ultimate-target=\".uvc-heading.ultimate-heading-19345fb0f33ee82d1 h2\" data-responsive-json-new=\"{&quot;font-size&quot;:&quot;desktop:22px;&quot;,&quot;line-height&quot;:&quot;&quot;}\">\n<h3 style=\"text-align: center;\">La communaut\u00e9 des entreprises \u00e0 mission<\/h3>\n<p style=\"text-align: justify;\"><span>Une entreprise \u00e0 mission se d\u00e9finit par 4 caract\u00e9ristiques\u00a0:<\/span><\/p>\n<ul style=\"text-align: justify;\">\n<li><strong>Elle poss\u00e8de une mission<\/strong><span>\u00a0<\/span>librement d\u00e9finie, dot\u00e9e d\u2019un impact social, soci\u00e9tal ou environnemental positif, engageant les actionnaires (inscription dans les statuts ou tout autre document officiel)<\/li>\n<li><strong>Elle s\u2019engage<\/strong><span>\u00a0<\/span>aupr\u00e8s de ses parties prenantes \u00e0 d\u00e9ployer les moyens n\u00e9cessaires pour accomplir sa finalit\u00e9 soci\u00e9tale<\/li>\n<li><strong>Elle \u00e9value<span>\u00a0<\/span><\/strong>la traduction de sa mission dans ses engagements (objectifs chiffr\u00e9s, objectiv\u00e9s et \u00e9valu\u00e9s \u00e0 un rythme annuel)<\/li>\n<li><strong>Elle int\u00e8gre les enjeux de la mission au sein de la gouvernance de l\u2019entreprise<\/strong><span>\u00a0<\/span>(soit au sein de l\u2019organe de contr\u00f4le principal soit par la cr\u00e9ation d\u2019un comit\u00e9 ad hoc)<\/li>\n<\/ul>\n<p style=\"text-align: justify;\">La communaut\u00e9 des entreprises \u00e0 mission est un collectif d\u2019entrepreneurs ayant pour but de faire rayonner les entreprises qui affirment leur r\u00f4le social. Pour cela, la communaut\u00e9 engage 3 types d\u2019actions\u00a0:<\/p>\n<ul>\n<li style=\"text-align: justify;\">Partager l\u2019exp\u00e9rience de ses membres pour d\u00e9velopper leurs entreprises \u00e0 mission<\/li>\n<li style=\"text-align: justify;\">Produire, documenter et qualifier l\u2019entreprise \u00e0 mission<\/li>\n<li style=\"text-align: justify;\">Faire conna\u00eetre les entreprises \u00e0 mission aupr\u00e8s d\u2019un public vari\u00e9<\/li>\n<\/ul>\n<\/div>\n<p>[\/et_pb_text][et_pb_text _builder_version=\u00a0\u00bb4.16&Prime; _module_preset=\u00a0\u00bbdefault\u00a0\u00bb text_font=\u00a0\u00bb|700|||||||\u00a0\u00bb text_text_color=\u00a0\u00bbrgba(0,0,0,0)\u00a0\u00bb link_font=\u00a0\u00bb|700|||||||\u00a0\u00bb link_text_color=\u00a0\u00bb#00b2e8&Prime; link_font_size=\u00a0\u00bb15px\u00a0\u00bb custom_margin=\u00a0\u00bb-20px|||||\u00a0\u00bb global_colors_info=\u00a0\u00bb{}\u00a0\u00bb]<\/p>\n<p><a href=\"https:\/\/www.entreprisesamission.com\/\" target=\"_blank\" rel=\"noopener noreferrer nofollow\">En savoir plus<\/a><\/p>\n<p>[\/et_pb_text][\/et_pb_column][\/et_pb_row][\/et_pb_section]<\/p>\n","protected":false},"excerpt":{"rendered":"<p>L\u2019id\u00e9e que les entreprises doivent s\u2019investir dans les probl\u00e9matiques sociales et environnementales apparait dans les ann\u00e9es 1950. Aujourd\u2019hui, gr\u00e2ce \u00e0 l\u2019\u00e9volution du cadre juridique et \u00e0 la pression exerc\u00e9e par les consommateurs, de nombreuses entreprises d\u00e9veloppent une v\u00e9ritable politique de Responsabilit\u00e9 sociale de l\u2019entreprise (RSE), faisant alors apparaitre des pratiques ayant pour but de respecter [&hellip;]<\/p>\n","protected":false},"author":2,"featured_media":0,"comment_status":"closed","ping_status":"open","sticky":false,"template":"","format":"standard","meta":{"_et_pb_use_builder":"on","_et_pb_old_content":"","_et_gb_content_width":"","inline_featured_image":false},"categories":[1],"tags":[],"yoast_head":"<!-- This site is optimized with the Yoast SEO plugin v20.11 - https:\/\/yoast.com\/wordpress\/plugins\/seo\/ -->\n<title>Responsabilit\u00e9 Sociale de l\u2019Entreprise - Centre Innovation Sociale et Ecologique<\/title>\n<meta name=\"robots\" content=\"noindex, follow\" \/>\n<meta property=\"og:locale\" content=\"fr_FR\" \/>\n<meta property=\"og:type\" content=\"article\" \/>\n<meta property=\"og:title\" content=\"Responsabilit\u00e9 Sociale de l\u2019Entreprise - Centre Innovation Sociale et Ecologique\" \/>\n<meta property=\"og:description\" content=\"L\u2019id\u00e9e que les entreprises doivent s\u2019investir dans les probl\u00e9matiques sociales et environnementales apparait dans les ann\u00e9es 1950. Aujourd\u2019hui, gr\u00e2ce \u00e0 l\u2019\u00e9volution du cadre juridique et \u00e0 la pression exerc\u00e9e par les consommateurs, de nombreuses entreprises d\u00e9veloppent une v\u00e9ritable politique de Responsabilit\u00e9 sociale de l\u2019entreprise (RSE), faisant alors apparaitre des pratiques ayant pour but de respecter [&hellip;]\" \/>\n<meta property=\"og:url\" content=\"https:\/\/centre-innovation-sociale-ecologique.essec.edu\/index.php\/2023\/01\/19\/responsabilite-sociale-de-lentreprise\/\" \/>\n<meta property=\"og:site_name\" content=\"Centre Innovation Sociale et Ecologique\" \/>\n<meta property=\"article:published_time\" content=\"2023-01-19T09:36:49+00:00\" \/>\n<meta property=\"article:modified_time\" content=\"2025-06-05T08:19:33+00:00\" \/>\n<meta name=\"author\" content=\"Essec\" \/>\n<meta name=\"twitter:card\" content=\"summary_large_image\" \/>\n<meta name=\"twitter:label1\" content=\"\u00c9crit par\" \/>\n\t<meta name=\"twitter:data1\" content=\"Essec\" \/>\n\t<meta name=\"twitter:label2\" content=\"Dur\u00e9e de lecture estim\u00e9e\" \/>\n\t<meta name=\"twitter:data2\" content=\"14 minutes\" \/>\n<script type=\"application\/ld+json\" class=\"yoast-schema-graph\">{\"@context\":\"https:\/\/schema.org\",\"@graph\":[{\"@type\":\"Article\",\"@id\":\"https:\/\/centre-innovation-sociale-ecologique.essec.edu\/index.php\/2023\/01\/19\/responsabilite-sociale-de-lentreprise\/#article\",\"isPartOf\":{\"@id\":\"https:\/\/centre-innovation-sociale-ecologique.essec.edu\/index.php\/2023\/01\/19\/responsabilite-sociale-de-lentreprise\/\"},\"author\":{\"name\":\"Essec\",\"@id\":\"https:\/\/centre-innovation-sociale-ecologique.essec.edu\/#\/schema\/person\/ffb9b21a7056cc497e2fe8732aa91fcc\"},\"headline\":\"Responsabilit\u00e9 Sociale de l\u2019Entreprise\",\"datePublished\":\"2023-01-19T09:36:49+00:00\",\"dateModified\":\"2025-06-05T08:19:33+00:00\",\"mainEntityOfPage\":{\"@id\":\"https:\/\/centre-innovation-sociale-ecologique.essec.edu\/index.php\/2023\/01\/19\/responsabilite-sociale-de-lentreprise\/\"},\"wordCount\":2889,\"publisher\":{\"@id\":\"https:\/\/centre-innovation-sociale-ecologique.essec.edu\/#organization\"},\"inLanguage\":\"fr-FR\"},{\"@type\":\"WebPage\",\"@id\":\"https:\/\/centre-innovation-sociale-ecologique.essec.edu\/index.php\/2023\/01\/19\/responsabilite-sociale-de-lentreprise\/\",\"url\":\"https:\/\/centre-innovation-sociale-ecologique.essec.edu\/index.php\/2023\/01\/19\/responsabilite-sociale-de-lentreprise\/\",\"name\":\"Responsabilit\u00e9 Sociale de l\u2019Entreprise - Centre Innovation Sociale et Ecologique\",\"isPartOf\":{\"@id\":\"https:\/\/centre-innovation-sociale-ecologique.essec.edu\/#website\"},\"datePublished\":\"2023-01-19T09:36:49+00:00\",\"dateModified\":\"2025-06-05T08:19:33+00:00\",\"breadcrumb\":{\"@id\":\"https:\/\/centre-innovation-sociale-ecologique.essec.edu\/index.php\/2023\/01\/19\/responsabilite-sociale-de-lentreprise\/#breadcrumb\"},\"inLanguage\":\"fr-FR\",\"potentialAction\":[{\"@type\":\"ReadAction\",\"target\":[\"https:\/\/centre-innovation-sociale-ecologique.essec.edu\/index.php\/2023\/01\/19\/responsabilite-sociale-de-lentreprise\/\"]}]},{\"@type\":\"BreadcrumbList\",\"@id\":\"https:\/\/centre-innovation-sociale-ecologique.essec.edu\/index.php\/2023\/01\/19\/responsabilite-sociale-de-lentreprise\/#breadcrumb\",\"itemListElement\":[{\"@type\":\"ListItem\",\"position\":1,\"name\":\"Home\",\"item\":\"https:\/\/centre-innovation-sociale-ecologique.essec.edu\/\"},{\"@type\":\"ListItem\",\"position\":2,\"name\":\"Responsabilit\u00e9 Sociale de l\u2019Entreprise\"}]},{\"@type\":\"WebSite\",\"@id\":\"https:\/\/centre-innovation-sociale-ecologique.essec.edu\/#website\",\"url\":\"https:\/\/centre-innovation-sociale-ecologique.essec.edu\/\",\"name\":\"Centre Innovation Sociale et Ecologique\",\"description\":\"\",\"publisher\":{\"@id\":\"https:\/\/centre-innovation-sociale-ecologique.essec.edu\/#organization\"},\"potentialAction\":[{\"@type\":\"SearchAction\",\"target\":{\"@type\":\"EntryPoint\",\"urlTemplate\":\"https:\/\/centre-innovation-sociale-ecologique.essec.edu\/?s={search_term_string}\"},\"query-input\":\"required name=search_term_string\"}],\"inLanguage\":\"fr-FR\"},{\"@type\":\"Organization\",\"@id\":\"https:\/\/centre-innovation-sociale-ecologique.essec.edu\/#organization\",\"name\":\"Essec Business School\",\"url\":\"https:\/\/centre-innovation-sociale-ecologique.essec.edu\/\",\"logo\":{\"@type\":\"ImageObject\",\"inLanguage\":\"fr-FR\",\"@id\":\"https:\/\/centre-innovation-sociale-ecologique.essec.edu\/#\/schema\/logo\/image\/\",\"url\":\"https:\/\/impactinitiative.essec.edu\/wp-content\/uploads\/2020\/11\/ESSEC_BS_logo_BLANC.png\",\"contentUrl\":\"https:\/\/impactinitiative.essec.edu\/wp-content\/uploads\/2020\/11\/ESSEC_BS_logo_BLANC.png\",\"width\":546,\"height\":509,\"caption\":\"Essec Business School\"},\"image\":{\"@id\":\"https:\/\/centre-innovation-sociale-ecologique.essec.edu\/#\/schema\/logo\/image\/\"}},{\"@type\":\"Person\",\"@id\":\"https:\/\/centre-innovation-sociale-ecologique.essec.edu\/#\/schema\/person\/ffb9b21a7056cc497e2fe8732aa91fcc\",\"name\":\"Essec\",\"image\":{\"@type\":\"ImageObject\",\"inLanguage\":\"fr-FR\",\"@id\":\"https:\/\/centre-innovation-sociale-ecologique.essec.edu\/#\/schema\/person\/image\/\",\"url\":\"https:\/\/secure.gravatar.com\/avatar\/253b1a21aeb6e83a39f89170d50e3784?s=96&d=mm&r=g\",\"contentUrl\":\"https:\/\/secure.gravatar.com\/avatar\/253b1a21aeb6e83a39f89170d50e3784?s=96&d=mm&r=g\",\"caption\":\"Essec\"}}]}<\/script>\n<!-- \/ Yoast SEO plugin. -->","yoast_head_json":{"title":"Responsabilit\u00e9 Sociale de l\u2019Entreprise - Centre Innovation Sociale et Ecologique","robots":{"index":"noindex","follow":"follow"},"og_locale":"fr_FR","og_type":"article","og_title":"Responsabilit\u00e9 Sociale de l\u2019Entreprise - Centre Innovation Sociale et Ecologique","og_description":"L\u2019id\u00e9e que les entreprises doivent s\u2019investir dans les probl\u00e9matiques sociales et environnementales apparait dans les ann\u00e9es 1950. Aujourd\u2019hui, gr\u00e2ce \u00e0 l\u2019\u00e9volution du cadre juridique et \u00e0 la pression exerc\u00e9e par les consommateurs, de nombreuses entreprises d\u00e9veloppent une v\u00e9ritable politique de Responsabilit\u00e9 sociale de l\u2019entreprise (RSE), faisant alors apparaitre des pratiques ayant pour but de respecter [&hellip;]","og_url":"https:\/\/centre-innovation-sociale-ecologique.essec.edu\/index.php\/2023\/01\/19\/responsabilite-sociale-de-lentreprise\/","og_site_name":"Centre Innovation Sociale et Ecologique","article_published_time":"2023-01-19T09:36:49+00:00","article_modified_time":"2025-06-05T08:19:33+00:00","author":"Essec","twitter_card":"summary_large_image","twitter_misc":{"\u00c9crit par":"Essec","Dur\u00e9e de lecture estim\u00e9e":"14 minutes"},"schema":{"@context":"https:\/\/schema.org","@graph":[{"@type":"Article","@id":"https:\/\/centre-innovation-sociale-ecologique.essec.edu\/index.php\/2023\/01\/19\/responsabilite-sociale-de-lentreprise\/#article","isPartOf":{"@id":"https:\/\/centre-innovation-sociale-ecologique.essec.edu\/index.php\/2023\/01\/19\/responsabilite-sociale-de-lentreprise\/"},"author":{"name":"Essec","@id":"https:\/\/centre-innovation-sociale-ecologique.essec.edu\/#\/schema\/person\/ffb9b21a7056cc497e2fe8732aa91fcc"},"headline":"Responsabilit\u00e9 Sociale de l\u2019Entreprise","datePublished":"2023-01-19T09:36:49+00:00","dateModified":"2025-06-05T08:19:33+00:00","mainEntityOfPage":{"@id":"https:\/\/centre-innovation-sociale-ecologique.essec.edu\/index.php\/2023\/01\/19\/responsabilite-sociale-de-lentreprise\/"},"wordCount":2889,"publisher":{"@id":"https:\/\/centre-innovation-sociale-ecologique.essec.edu\/#organization"},"inLanguage":"fr-FR"},{"@type":"WebPage","@id":"https:\/\/centre-innovation-sociale-ecologique.essec.edu\/index.php\/2023\/01\/19\/responsabilite-sociale-de-lentreprise\/","url":"https:\/\/centre-innovation-sociale-ecologique.essec.edu\/index.php\/2023\/01\/19\/responsabilite-sociale-de-lentreprise\/","name":"Responsabilit\u00e9 Sociale de l\u2019Entreprise - Centre Innovation Sociale et Ecologique","isPartOf":{"@id":"https:\/\/centre-innovation-sociale-ecologique.essec.edu\/#website"},"datePublished":"2023-01-19T09:36:49+00:00","dateModified":"2025-06-05T08:19:33+00:00","breadcrumb":{"@id":"https:\/\/centre-innovation-sociale-ecologique.essec.edu\/index.php\/2023\/01\/19\/responsabilite-sociale-de-lentreprise\/#breadcrumb"},"inLanguage":"fr-FR","potentialAction":[{"@type":"ReadAction","target":["https:\/\/centre-innovation-sociale-ecologique.essec.edu\/index.php\/2023\/01\/19\/responsabilite-sociale-de-lentreprise\/"]}]},{"@type":"BreadcrumbList","@id":"https:\/\/centre-innovation-sociale-ecologique.essec.edu\/index.php\/2023\/01\/19\/responsabilite-sociale-de-lentreprise\/#breadcrumb","itemListElement":[{"@type":"ListItem","position":1,"name":"Home","item":"https:\/\/centre-innovation-sociale-ecologique.essec.edu\/"},{"@type":"ListItem","position":2,"name":"Responsabilit\u00e9 Sociale de l\u2019Entreprise"}]},{"@type":"WebSite","@id":"https:\/\/centre-innovation-sociale-ecologique.essec.edu\/#website","url":"https:\/\/centre-innovation-sociale-ecologique.essec.edu\/","name":"Centre Innovation Sociale et Ecologique","description":"","publisher":{"@id":"https:\/\/centre-innovation-sociale-ecologique.essec.edu\/#organization"},"potentialAction":[{"@type":"SearchAction","target":{"@type":"EntryPoint","urlTemplate":"https:\/\/centre-innovation-sociale-ecologique.essec.edu\/?s={search_term_string}"},"query-input":"required name=search_term_string"}],"inLanguage":"fr-FR"},{"@type":"Organization","@id":"https:\/\/centre-innovation-sociale-ecologique.essec.edu\/#organization","name":"Essec Business School","url":"https:\/\/centre-innovation-sociale-ecologique.essec.edu\/","logo":{"@type":"ImageObject","inLanguage":"fr-FR","@id":"https:\/\/centre-innovation-sociale-ecologique.essec.edu\/#\/schema\/logo\/image\/","url":"https:\/\/impactinitiative.essec.edu\/wp-content\/uploads\/2020\/11\/ESSEC_BS_logo_BLANC.png","contentUrl":"https:\/\/impactinitiative.essec.edu\/wp-content\/uploads\/2020\/11\/ESSEC_BS_logo_BLANC.png","width":546,"height":509,"caption":"Essec Business School"},"image":{"@id":"https:\/\/centre-innovation-sociale-ecologique.essec.edu\/#\/schema\/logo\/image\/"}},{"@type":"Person","@id":"https:\/\/centre-innovation-sociale-ecologique.essec.edu\/#\/schema\/person\/ffb9b21a7056cc497e2fe8732aa91fcc","name":"Essec","image":{"@type":"ImageObject","inLanguage":"fr-FR","@id":"https:\/\/centre-innovation-sociale-ecologique.essec.edu\/#\/schema\/person\/image\/","url":"https:\/\/secure.gravatar.com\/avatar\/253b1a21aeb6e83a39f89170d50e3784?s=96&d=mm&r=g","contentUrl":"https:\/\/secure.gravatar.com\/avatar\/253b1a21aeb6e83a39f89170d50e3784?s=96&d=mm&r=g","caption":"Essec"}}]}},"_links":{"self":[{"href":"https:\/\/centre-innovation-sociale-ecologique.essec.edu\/index.php\/wp-json\/wp\/v2\/posts\/5560"}],"collection":[{"href":"https:\/\/centre-innovation-sociale-ecologique.essec.edu\/index.php\/wp-json\/wp\/v2\/posts"}],"about":[{"href":"https:\/\/centre-innovation-sociale-ecologique.essec.edu\/index.php\/wp-json\/wp\/v2\/types\/post"}],"author":[{"embeddable":true,"href":"https:\/\/centre-innovation-sociale-ecologique.essec.edu\/index.php\/wp-json\/wp\/v2\/users\/2"}],"replies":[{"embeddable":true,"href":"https:\/\/centre-innovation-sociale-ecologique.essec.edu\/index.php\/wp-json\/wp\/v2\/comments?post=5560"}],"version-history":[{"count":10,"href":"https:\/\/centre-innovation-sociale-ecologique.essec.edu\/index.php\/wp-json\/wp\/v2\/posts\/5560\/revisions"}],"predecessor-version":[{"id":5596,"href":"https:\/\/centre-innovation-sociale-ecologique.essec.edu\/index.php\/wp-json\/wp\/v2\/posts\/5560\/revisions\/5596"}],"wp:attachment":[{"href":"https:\/\/centre-innovation-sociale-ecologique.essec.edu\/index.php\/wp-json\/wp\/v2\/media?parent=5560"}],"wp:term":[{"taxonomy":"category","embeddable":true,"href":"https:\/\/centre-innovation-sociale-ecologique.essec.edu\/index.php\/wp-json\/wp\/v2\/categories?post=5560"},{"taxonomy":"post_tag","embeddable":true,"href":"https:\/\/centre-innovation-sociale-ecologique.essec.edu\/index.php\/wp-json\/wp\/v2\/tags?post=5560"}],"curies":[{"name":"wp","href":"https:\/\/api.w.org\/{rel}","templated":true}]}}