{"id":5546,"date":"2023-01-19T10:15:10","date_gmt":"2023-01-19T09:15:10","guid":{"rendered":"https:\/\/impactinitiative.essec.edu\/?p=5546"},"modified":"2023-01-23T14:11:51","modified_gmt":"2023-01-23T13:11:51","slug":"economie-sociale-et-solidaire-et-entrepreneuriat-a-impact","status":"publish","type":"post","link":"https:\/\/centre-innovation-sociale-ecologique.essec.edu\/index.php\/2023\/01\/19\/economie-sociale-et-solidaire-et-entrepreneuriat-a-impact\/","title":{"rendered":"Economie sociale et solidaire et entrepreneuriat social"},"content":{"rendered":"<p>[et_pb_section fb_built=\u00a0\u00bb1&Prime; _builder_version=\u00a0\u00bb4.16&Prime; _module_preset=\u00a0\u00bbdefault\u00a0\u00bb max_width=\u00a0\u00bb100%\u00a0\u00bb custom_padding=\u00a0\u00bb14px||0px|||\u00a0\u00bb collapsed=\u00a0\u00bboff\u00a0\u00bb global_colors_info=\u00a0\u00bb{}\u00a0\u00bb][et_pb_row column_structure=\u00a0\u00bb2_5,3_5&Prime; _builder_version=\u00a0\u00bb4.18.0&Prime; _module_preset=\u00a0\u00bbdefault\u00a0\u00bb custom_margin=\u00a0\u00bb-32px|auto|-152px|auto||\u00a0\u00bb locked=\u00a0\u00bboff\u00a0\u00bb global_colors_info=\u00a0\u00bb{}\u00a0\u00bb][et_pb_column type=\u00a0\u00bb2_5&Prime; _builder_version=\u00a0\u00bb4.18.0&Prime; _module_preset=\u00a0\u00bbdefault\u00a0\u00bb global_colors_info=\u00a0\u00bb{}\u00a0\u00bb][et_pb_image src=\u00a0\u00bbhttps:\/\/impactinitiative.essec.edu\/wp-content\/uploads\/2020\/11\/Entrepreneuriat-social-prop-2-scaled-1173&#215;450-1-e1674118436385.jpg\u00a0\u00bb alt=\u00a0\u00bbEconomie sociale et Solidaire et Entrepreneuriat \u00e0 impact\u00a0\u00bb title_text=\u00a0\u00bbPeople realxing during lunch break\u00a0\u00bb _builder_version=\u00a0\u00bb4.18.0&Prime; _module_preset=\u00a0\u00bbdefault\u00a0\u00bb width=\u00a0\u00bb78.5%\u00a0\u00bb global_colors_info=\u00a0\u00bb{}\u00a0\u00bb][\/et_pb_image][\/et_pb_column][et_pb_column type=\u00a0\u00bb3_5&Prime; _builder_version=\u00a0\u00bb4.18.0&Prime; _module_preset=\u00a0\u00bbdefault\u00a0\u00bb global_colors_info=\u00a0\u00bb{}\u00a0\u00bb][et_pb_text _builder_version=\u00a0\u00bb4.18.0&Prime; _module_preset=\u00a0\u00bbdefault\u00a0\u00bb width=\u00a0\u00bb100%\u00a0\u00bb custom_margin=\u00a0\u00bb|||-60px||\u00a0\u00bb custom_padding=\u00a0\u00bb|||3px||\u00a0\u00bb global_colors_info=\u00a0\u00bb{}\u00a0\u00bb]<\/p>\n<div>\n<div data-ultimate-target=\".uvc-heading.ultimate-heading-78675fb0ffc22b2ea h2\" data-responsive-json-new=\"{&quot;font-size&quot;:&quot;desktop:30px;&quot;,&quot;line-height&quot;:&quot;&quot;}\">\n<div>\n<div>\n<div>\n<div>\n<blockquote>\n<p>L\u2019initiative priv\u00e9e peut se mettre au service de l\u2019int\u00e9r\u00eat g\u00e9n\u00e9ral, elle le fait d\u2019ailleurs depuis les d\u00e9buts de l\u2019humanit\u00e9 ! Economie Sociale et Solidaire et Entrepreneuriat \u00e0 impact, avec diff\u00e9rentes approches, incarnent la volont\u00e9, l\u2019\u00e9nergie et la vitalit\u00e9 des acteurs priv\u00e9s quand ils d\u00e9cident de s\u2019attaquer aux enjeux sociaux et environnementaux.<\/p>\n<\/blockquote>\n<\/div>\n<\/div>\n<\/div>\n<\/div>\n<\/div>\n<\/div>\n<p>[\/et_pb_text][\/et_pb_column][\/et_pb_row][et_pb_row _builder_version=\u00a0\u00bb4.16&Prime; _module_preset=\u00a0\u00bbdefault\u00a0\u00bb max_width=\u00a0\u00bb100%\u00a0\u00bb global_colors_info=\u00a0\u00bb{}\u00a0\u00bb][et_pb_column type=\u00a0\u00bb4_4&Prime; _builder_version=\u00a0\u00bb4.16&Prime; _module_preset=\u00a0\u00bbdefault\u00a0\u00bb global_colors_info=\u00a0\u00bb{}\u00a0\u00bb][et_pb_text _builder_version=\u00a0\u00bb4.16&Prime; _module_preset=\u00a0\u00bbdefault\u00a0\u00bb text_font_size=\u00a0\u00bb20px\u00a0\u00bb header_2_font=\u00a0\u00bb|700|||||||\u00a0\u00bb header_2_text_color=\u00a0\u00bb#00b2e8&Prime; header_2_font_size=\u00a0\u00bb24px\u00a0\u00bb header_3_font=\u00a0\u00bb|700|||||||\u00a0\u00bb header_3_text_color=\u00a0\u00bb#00b2e8&Prime; header_3_font_size=\u00a0\u00bb24px\u00a0\u00bb custom_margin=\u00a0\u00bb22px|||||\u00a0\u00bb link_option_url_new_window=\u00a0\u00bbon\u00a0\u00bb global_colors_info=\u00a0\u00bb{}\u00a0\u00bb]<\/p>\n<div class=\"vc_row wpb_row vc_row-fluid vc_custom_1602580241515\">\n<div class=\"wpb_column vc_column_container vc_col-sm-12\" data-apr-column-width=\"yes\">\n<div class=\"vc_column-inner \">\n<div class=\"wpb_wrapper\">\n<div id=\"ultimate-heading-32315fb0351b3724d\" class=\"uvc-heading ult-adjust-bottom-margin ultimate-heading-32315fb0351b3724d uvc-21 \" data-hspacer=\"no_spacer\" data-halign=\"left\">\n<div class=\"uvc-main-heading ult-responsive\" data-ultimate-target=\".uvc-heading.ultimate-heading-32315fb0351b3724d h2\" data-responsive-json-new=\"{&quot;font-size&quot;:&quot;desktop:30px;&quot;,&quot;line-height&quot;:&quot;&quot;}\">\n<h2><\/h2>\n<h2>D\u00e9finition de l\u2019Economie Sociale et Solidaire en France selon la loi du 31 Juillet 2014 (Article 1er)<\/h2>\n<\/div>\n<\/div>\n<\/div>\n<\/div>\n<\/div>\n<\/div>\n<div id=\"ultimate-heading-25955fb0239c17d07\" class=\"uvc-heading ult-adjust-bottom-margin ultimate-heading-25955fb0239c17d07 uvc-5442 \" data-hspacer=\"no_spacer\" data-halign=\"left\">\n<div class=\"uvc-main-heading ult-responsive\" data-ultimate-target=\".uvc-heading.ultimate-heading-25955fb0239c17d07 h2\" data-responsive-json-new=\"{&quot;font-size&quot;:&quot;desktop:22px;&quot;,&quot;line-height&quot;:&quot;&quot;}\">\n<p>&nbsp;<\/p>\n<\/div>\n<\/div>\n<p style=\"text-align: justify;\">La loi du 31 \/07\/14 \u00a0pose le p\u00e9rim\u00e8tre de l\u2019Economie Sociale et Solidaire (ESS). Au-del\u00e0 des statuts historiques, \u00e0 savoir les associations, les mutuelles, les coop\u00e9ratives et les fondations, elle ouvre l\u2019ESS aux entreprises \u00e0 statut commercial et poursuivant, dans le cadre d\u2019une lucrativit\u00e9 limit\u00e9e, un objectif d\u2019utilit\u00e9 sociale tel que d\u00e9fini dans la loi, et faisant le choix d\u2019appliquer les principes de l\u2019ESS.<\/p>\n<p style=\"text-align: justify;\">Au-del\u00e0 des entreprises relevant de l\u2019ESS par leur statut (les entreprises traditionnellement appel\u00e9es <span>\u00ab<\/span>entreprises de l\u2019Economie Sociale<span>\u00bb<\/span>, \u00e0 savoir les\u00a0 coop\u00e9ratives, les mutuelles d\u2019assurance 1938 et 1945, les associations et les fondations), la loi de 2014 d\u00e9finit comme relevant aussi de l\u2019ESS, les soci\u00e9t\u00e9s commerciales ayant une gouvernance d\u00e9mocratique et poursuivant une lucrativit\u00e9 limit\u00e9e (la majorit\u00e9 soit au moins 50% des b\u00e9n\u00e9fices doivent \u00eatre r\u00e9investis dans l\u2019entreprise), qui recherchent une utilit\u00e9 sociale telle que cette loi la d\u00e9finit juridiquement.<\/p>\n<p style=\"text-align: justify;\">Ainsi une structure est consid\u00e9r\u00e9e comme d\u2019utilit\u00e9 sociale si elle r\u00e9pond \u00e0 l\u2019une des trois caract\u00e9ristiques suivantes\u2005:<\/p>\n<p style=\"text-align: justify;\">1. Avoir pour objectif d\u2019apporter un soutien \u00e0 des personnes en situation de fragilit\u00e9<\/p>\n<p style=\"text-align: justify;\">2. Contribuer \u00e0 la lutte contre les exclusions et les in\u00e9galit\u00e9s sanitaires, sociales, \u00e9conomiques et culturelles, \u00e0 l\u2019\u00e9ducation \u00e0 la citoyennet\u00e9, \u00e0 la pr\u00e9servation et au d\u00e9veloppement du lien social ou au maintien et au renforcement de la coh\u00e9sion territoriale<\/p>\n<p style=\"text-align: justify;\">3. Concourir au d\u00e9veloppement durable<\/p>\n<p style=\"text-align: justify;\">Ainsi, une entreprise \u00e0 statut commercial qui a pour but de g\u00e9n\u00e9rer un impact social positif, ne fait pas a priori partie de l\u2019Economie Sociale au sens historique du terme, mais peut faire partie de l\u2019Economie Solidaire, si elle respecte certaines conditions sur la gouvernance et la distribution de la richesse cr\u00e9\u00e9e.<\/p>\n<p style=\"text-align: justify;\">La loi du 31\/07\/2014 cr\u00e9e ainsi l\u2019agr\u00e9ment ESUS (Entreprises solidaires d\u2019utilit\u00e9 sociale) pour identifier et valoriser les organisations poursuivant une finalit\u00e9 sociale. Une entreprise peut b\u00e9n\u00e9ficier du label ESUS si elle remplit les 5 conditions\u00a0 pr\u00e9vues par l\u2019article 11 de la loi.<\/p>\n<p>&nbsp;<\/p>\n<p><strong>Pour aller plus loin\u00a0:<\/strong><\/p>\n<p><a href=\"https:\/\/ess-france.org\/fr\/actualites\/publication-de-ledition-2020-de-latlas-commente-de-less\" target=\"_blank\" rel=\"nofollow noopener noreferrer\">L\u2019Atlas comment\u00e9 de l\u2019Economie Sociale et Solidaire<\/a>, par ESS France<\/p>\n<p>[\/et_pb_text][et_pb_text _builder_version=\u00a0\u00bb4.16&Prime; _module_preset=\u00a0\u00bbdefault\u00a0\u00bb text_font_size=\u00a0\u00bb20px\u00a0\u00bb header_2_font=\u00a0\u00bb|700|||||||\u00a0\u00bb header_2_text_color=\u00a0\u00bb#00b2e8&Prime; header_2_font_size=\u00a0\u00bb24px\u00a0\u00bb header_3_font=\u00a0\u00bb|700|||||||\u00a0\u00bb header_3_text_color=\u00a0\u00bb#00b2e8&Prime; header_3_font_size=\u00a0\u00bb24px\u00a0\u00bb custom_margin=\u00a0\u00bb22px|||||\u00a0\u00bb global_colors_info=\u00a0\u00bb{}\u00a0\u00bb]<\/p>\n<div class=\"vc_row wpb_row vc_row-fluid vc_custom_1602580241515\">\n<div class=\"wpb_column vc_column_container vc_col-sm-12\" data-apr-column-width=\"yes\">\n<div class=\"vc_column-inner \">\n<div class=\"wpb_wrapper\">\n<div id=\"ultimate-heading-32315fb0351b3724d\" class=\"uvc-heading ult-adjust-bottom-margin ultimate-heading-32315fb0351b3724d uvc-21 \" data-hspacer=\"no_spacer\" data-halign=\"left\">\n<div class=\"uvc-main-heading ult-responsive\" data-ultimate-target=\".uvc-heading.ultimate-heading-32315fb0351b3724d h2\" data-responsive-json-new=\"{&quot;font-size&quot;:&quot;desktop:30px;&quot;,&quot;line-height&quot;:&quot;&quot;}\">\n<h2><span style=\"font-size: 16px;\">\u00a0<\/span><\/h2>\n<\/div>\n<\/div>\n<\/div>\n<\/div>\n<\/div>\n<\/div>\n<div id=\"ultimate-heading-25955fb0239c17d07\" class=\"uvc-heading ult-adjust-bottom-margin ultimate-heading-25955fb0239c17d07 uvc-5442 \" data-hspacer=\"no_spacer\" data-halign=\"left\">\n<div class=\"uvc-main-heading ult-responsive\" data-ultimate-target=\".uvc-heading.ultimate-heading-25955fb0239c17d07 h2\" data-responsive-json-new=\"{&quot;font-size&quot;:&quot;desktop:22px;&quot;,&quot;line-height&quot;:&quot;&quot;}\">\n<div id=\"ultimate-heading-14145fb0351b37788\" class=\"uvc-heading ult-adjust-bottom-margin ultimate-heading-14145fb0351b37788 uvc-497 \" data-hspacer=\"no_spacer\" data-halign=\"left\">\n<div class=\"uvc-main-heading ult-responsive\" data-ultimate-target=\".uvc-heading.ultimate-heading-14145fb0351b37788 h2\" data-responsive-json-new=\"{&quot;font-size&quot;:&quot;desktop:22px;&quot;,&quot;line-height&quot;:&quot;&quot;}\">\n<div id=\"ultimate-heading-50085fb0351b37a0c\" class=\"uvc-heading ult-adjust-bottom-margin ultimate-heading-50085fb0351b37a0c uvc-2592 \" data-hspacer=\"no_spacer\" data-halign=\"left\">\n<div class=\"uvc-main-heading ult-responsive\" data-ultimate-target=\".uvc-heading.ultimate-heading-50085fb0351b37a0c h2\" data-responsive-json-new=\"{&quot;font-size&quot;:&quot;desktop:22px;&quot;,&quot;line-height&quot;:&quot;&quot;}\">\n<h2>Zoom sur les associations : les alliances multi partenariales<\/h2>\n<\/div>\n<\/div>\n<\/div>\n<\/div>\n<p>&nbsp;<\/p>\n<\/div>\n<\/div>\n<p style=\"text-align: justify;\">En France, l\u2019Economie Sociale et Solidaire repr\u00e9sente plus de 10% du PIB, plus de 200 000 entreprises et 2 millions de salari\u00e9s.<\/p>\n<p style=\"text-align: justify;\">Cette place centrale dans notre soci\u00e9t\u00e9 est aussi li\u00e9e \u00e0 une vitalit\u00e9 quantitative: ainsi, un plus grand nombre d\u2019associations ont \u00e9t\u00e9 cr\u00e9\u00e9s durant les 30 derni\u00e8res ann\u00e9es que depuis 1901. Et on compte aujourd\u2019hui plus de 1,5 million d\u2019associations \u00ab\u00a0vivantes\u00a0\u00bb, c\u2019est-\u00e0-dire des associations d\u00e9clarant ou ayant une activit\u00e9 lors des enqu\u00eates (contre 1,3 million en 2011)\u00a0: \u00a070 000 associations ont \u00e9t\u00e9 cr\u00e9\u00e9es chaque ann\u00e9e (d\u00e9claration au greffe des associations) et le solde net de cr\u00e9ation est sup\u00e9rieur \u00e0 33 000 par an entre 2011 et 2017.<\/p>\n<p style=\"text-align: justify;\">Pour r\u00e9pondre aux besoins sociaux des publics vuln\u00e9rables et s\u2019adresser de mani\u00e8re adapt\u00e9e aux diff\u00e9rences territoriales, les structures de l\u2019ESS, et tout particuli\u00e8rement les associations, ont un tr\u00e8s fort ancrage local.<\/p>\n<p style=\"text-align: justify;\">Elles constituent un maillage serr\u00e9 du territoire et jouent un r\u00f4le essentiel pour la vitalit\u00e9 et p\u00e9rennit\u00e9 \u00e9conomique des territoires.<\/p>\n<p style=\"text-align: justify;\">Reconnues comme source d\u2019innovation sociale, les associations nouent des<span>\u00a0<\/span><a href=\"https:\/\/impactinitiative.essec.edu\/index.php\/les-partenariats-qui-changent-le-monde-alliances-innovantes-entre-entreprises-et-associations\/\" target=\"_blank\" rel=\"nofollow noopener noreferrer\">partenariats avec des entreprises<\/a><span>\u00a0<\/span>et s\u2019impliquent dans des<span>\u00a0<\/span><a href=\"https:\/\/impactinitiative.essec.edu\/index.php\/les-alliances-qui-changent-les-territoires\/\" target=\"_blank\" rel=\"nofollow noopener noreferrer\">alliances territoriales<\/a><span>\u00a0<\/span>multi-parties prenantes.<\/p>\n<p style=\"text-align: justify;\">Ainsi l\u2019\u00e9tude du\u00a0<a href=\"http:\/\/www.lerameau.fr\/\" target=\"_blank\" rel=\"noopener noreferrer nofollow\">Rameau<\/a>\u00a0 montre que\u00a0 38% des<span>\u00a0<\/span><a href=\"https:\/\/associations.gouv.fr\/\" target=\"_blank\" rel=\"nofollow noopener noreferrer\">associations<\/a><span>\u00a0<\/span>ont \u00e9tabli et d\u00e9ploy\u00e9 des partenariats, taux qui s\u2019\u00e9l\u00e8ve \u00e0 53% pour les associations employeuses. Parmi ces associations, ce sont les structures d\u2019insertion qui r\u00e9alisent le plus de partenariats.<\/p>\n<p>&nbsp;<\/p>\n<p><strong>Pour aller plus loin\u00a0:<\/strong><\/p>\n<ul>\n<li style=\"text-align: justify;\">Le Portail<span>\u00a0<\/span><a href=\"http:\/\/associations.gouv.fr\" target=\"_blank\" rel=\"nofollow noopener noreferrer\">gouv.fr<\/a><span>\u00a0<\/span>du Minist\u00e8re de l\u2019\u00e9ducation nationale, de la jeunesse et des sports<\/li>\n<\/ul>\n<p style=\"text-align: justify;\">Les \u00e9tudes<span>\u00a0<\/span><a href=\"https:\/\/www.boutique-dalloz.fr\/le-paysage-associatif-francais-p.html?utm_source=&amp;utm_medium=&amp;utm_campaign=&amp;utm_term=&amp;utm_content=&amp;campaign=732602&amp;gclid=CjwKCAjw_Y_8BRBiEiwA5MCBJsX2oF5_OM-VOiZ8ZCelgJjiDJYljGl2N0ym3C-q9clbyg9x5M72URoCkzcQAvD_BwE\" target=\"_blank\" rel=\"noopener noreferrer nofollow\">\u00ab Le paysage associatif fran\u00e7ais \u2013 Mesures et \u00e9volutions\u201d,<\/a><span>\u00a0<\/span>de Viviane Tchernonog et Lionel Pouteau, et<span>\u00a0<\/span><a href=\"https:\/\/injep.fr\/publication\/les-chiffres-cles-de-la-vie-associative-2019\/\" target=\"_blank\" rel=\"noopener noreferrer nofollow\">\u00ab\u00a0les chiffres cl\u00e9s de la vie associative\u00a0\u00bb<\/a>, \u00e9dit\u00e9 par l\u2019Institut National de la Jeunesse et de l\u2019\u00e9ducation populaire.<\/p>\n<p>[\/et_pb_text][et_pb_text _builder_version=\u00a0\u00bb4.16&Prime; _module_preset=\u00a0\u00bbdefault\u00a0\u00bb text_font_size=\u00a0\u00bb20px\u00a0\u00bb header_2_font=\u00a0\u00bb|700|||||||\u00a0\u00bb header_2_text_color=\u00a0\u00bb#00b2e8&Prime; header_2_font_size=\u00a0\u00bb24px\u00a0\u00bb header_3_font=\u00a0\u00bb|700|||||||\u00a0\u00bb header_3_text_color=\u00a0\u00bb#00b2e8&Prime; header_3_font_size=\u00a0\u00bb24px\u00a0\u00bb custom_margin=\u00a0\u00bb22px|||||\u00a0\u00bb global_colors_info=\u00a0\u00bb{}\u00a0\u00bb]<\/p>\n<div class=\"vc_row wpb_row vc_row-fluid vc_custom_1602580241515\">\n<div class=\"wpb_column vc_column_container vc_col-sm-12\" data-apr-column-width=\"yes\">\n<div class=\"vc_column-inner \">\n<div class=\"wpb_wrapper\">\n<div id=\"ultimate-heading-32315fb0351b3724d\" class=\"uvc-heading ult-adjust-bottom-margin ultimate-heading-32315fb0351b3724d uvc-21 \" data-hspacer=\"no_spacer\" data-halign=\"left\">\n<div class=\"uvc-main-heading ult-responsive\" data-ultimate-target=\".uvc-heading.ultimate-heading-32315fb0351b3724d h2\" data-responsive-json-new=\"{&quot;font-size&quot;:&quot;desktop:30px;&quot;,&quot;line-height&quot;:&quot;&quot;}\">\n<h2><\/h2>\n<\/div>\n<\/div>\n<\/div>\n<\/div>\n<\/div>\n<\/div>\n<div id=\"ultimate-heading-25955fb0239c17d07\" class=\"uvc-heading ult-adjust-bottom-margin ultimate-heading-25955fb0239c17d07 uvc-5442 \" data-hspacer=\"no_spacer\" data-halign=\"left\">\n<div class=\"uvc-main-heading ult-responsive\" data-ultimate-target=\".uvc-heading.ultimate-heading-25955fb0239c17d07 h2\" data-responsive-json-new=\"{&quot;font-size&quot;:&quot;desktop:22px;&quot;,&quot;line-height&quot;:&quot;&quot;}\">\n<div id=\"ultimate-heading-14145fb0351b37788\" class=\"uvc-heading ult-adjust-bottom-margin ultimate-heading-14145fb0351b37788 uvc-497 \" data-hspacer=\"no_spacer\" data-halign=\"left\">\n<div class=\"uvc-main-heading ult-responsive\" data-ultimate-target=\".uvc-heading.ultimate-heading-14145fb0351b37788 h2\" data-responsive-json-new=\"{&quot;font-size&quot;:&quot;desktop:22px;&quot;,&quot;line-height&quot;:&quot;&quot;}\">\n<div id=\"ultimate-heading-50085fb0351b37a0c\" class=\"uvc-heading ult-adjust-bottom-margin ultimate-heading-50085fb0351b37a0c uvc-2592 \" data-hspacer=\"no_spacer\" data-halign=\"left\">\n<div class=\"uvc-main-heading ult-responsive\" data-ultimate-target=\".uvc-heading.ultimate-heading-50085fb0351b37a0c h2\" data-responsive-json-new=\"{&quot;font-size&quot;:&quot;desktop:22px;&quot;,&quot;line-height&quot;:&quot;&quot;}\">\n<div id=\"ultimate-heading-18715fb0351b37bb3\" class=\"uvc-heading ult-adjust-bottom-margin ultimate-heading-18715fb0351b37bb3 uvc-6527 \" data-hspacer=\"no_spacer\" data-halign=\"left\">\n<div class=\"uvc-main-heading ult-responsive\" data-ultimate-target=\".uvc-heading.ultimate-heading-18715fb0351b37bb3 h2\" data-responsive-json-new=\"{&quot;font-size&quot;:&quot;desktop:22px;&quot;,&quot;line-height&quot;:&quot;&quot;}\">\n<h2>Zoom sur l\u2019entrepreneuriat \u00e0 impact : une r\u00e9ponse aux besoins de l&rsquo;Economie Sociale et Solidaire<\/h2>\n<\/div>\n<\/div>\n<\/div>\n<\/div>\n<\/div>\n<\/div>\n<p>&nbsp;<\/p>\n<\/div>\n<\/div>\n<p style=\"text-align: justify;\">Lorsque l\u2019on parle d\u2019entrepreneuriat \u00e0 impact, on d\u00e9signe l\u2019ensemble des initiatives, quel que soit la forme ou le statut juridique de l\u2019organisation qui les porte, adoptant une d\u00e9marche entrepreneuriale ayant pour but premier de g\u00e9n\u00e9rer de l\u2019impact social ou environnemental positif : (\u201cimpact first\u201d ou \u201cfor impact\u201d).<\/p>\n<p style=\"text-align: justify;\">L\u2019entrepreneuriat \u00e0 impact, c\u2019est donc l\u2019initiative priv\u00e9e (entrepreneuriat) au service de l\u2019int\u00e9r\u00eat g\u00e9n\u00e9ral (<span>\u00absocial\u00bb<\/span>, dans le sens de bien commun ou social, soci\u00e9tal, environnemental).<\/p>\n<p style=\"text-align: justify;\">Il peut \u00eatre <span>\u00ab\u00a0<\/span>social\u00a0<span>\u00bb<\/span> par la nature et le fonctionnement de l\u2019organisation (sa gouvernance et son statut) et\/ou par les objectifs d\u2019impact qu\u2019il se fixe. Il peut \u00eatre <span>\u00ab\u00a0<\/span>social\u00a0<span>\u00bb<\/span> par les caract\u00e9ristiques des personnes qui sont servies et\/ou, celles des personnes qui y contribuent.<\/p>\n<p style=\"text-align: justify;\">Certaines de ces organisations d\u00e9veloppent des activit\u00e9s g\u00e9n\u00e9ratrices de chiffre d\u2019affaire donc de\u00a0 revenus dans le cadre d\u2019activit\u00e9s commerciales, pour renforcer leur ind\u00e9pendance. D\u2019autres reposent sur un financement par le m\u00e9c\u00e9nat, avec la possibilit\u00e9\u00a0 d\u2019associer financement public et financement priv\u00e9, on parle alors de financement hybride.<\/p>\n<p style=\"text-align: justify;\">Certaines opteront pour des statuts de l\u2019\u00e9conomie sociale (coop\u00e9ratives, mutuelles, associations, ou fondations), garants d\u2019une gestion d\u00e9mocratique (\u00ab un homme, une voix \u00bb), participative et d\u00e9sint\u00e9ress\u00e9e (la non-lucrativit\u00e9), d\u2019autres pour un statut d\u2019entreprises commerciales (SAS, SA, Sarl,..) en y associant des r\u00e8gles de fonctionnement interne sur mesure, dans le cadre d\u2019un pacte d\u2019actionnaires (ou de porteurs de parts pour la SARL) inclus dans les statuts.<\/p>\n<p style=\"text-align: justify;\">Et l\u2019entrepreneuriat \u00e0 impact peut aussi na\u00eetre puis se d\u00e9velopper au sein d\u2019une organisation qui n\u2019est pas elle-m\u00eame une entreprise \u00e0 impact, le plus souvent dans le cadre des politiques RSE (Responsabilit\u00e9 Sociale des Entreprises), on parle alors d\u2019intrapreneuriat social.<\/p>\n<p><img decoding=\"async\" loading=\"lazy\" class=\"alignnone wp-image-477 \" style=\"display: block; margin-left: auto; margin-right: auto;\" src=\"https:\/\/impactinitiative.essec.edu\/wp-content\/uploads\/2020\/11\/impact-investing-1-550x350-1.png\" alt=\"\" width=\"641\" height=\"408\" srcset=\"https:\/\/centre-innovation-sociale-ecologique.essec.edu\/wp-content\/uploads\/2020\/11\/impact-investing-1-550x350-1.png 550w, https:\/\/centre-innovation-sociale-ecologique.essec.edu\/wp-content\/uploads\/2020\/11\/impact-investing-1-550x350-1-300x191.png 300w, https:\/\/centre-innovation-sociale-ecologique.essec.edu\/wp-content\/uploads\/2020\/11\/impact-investing-1-550x350-1-480x305.png 480w\" sizes=\"(max-width: 641px) 100vw, 641px\" \/><\/p>\n<p style=\"text-align: justify;\">L\u2019entrepreneuriat \u00e0 impact est un moteur historique et un vecteur privil\u00e9gi\u00e9 de l\u2019innovation sociale, donc de cr\u00e9ation d\u2019impact, par sa capacit\u00e9 \u00e0 r\u00e9pondre \u00e0 des besoins sociaux ou environnementaux non couverts ou non compl\u00e8tement satisfaits par les politiques publiques de l\u2019Etat ou des collectivit\u00e9s territoriales ou le march\u00e9 d\u2019une part, et, d\u2019autre part par sa capacit\u00e9 \u00e0 bousculer les normes et les institutions en places pour former de nouvelles solutions.<\/p>\n<p style=\"text-align: justify;\">Il s\u2019agit de mettre la finalit\u00e9 \u00e9conomique au service de la finalit\u00e9 sociale ou environnementale pour r\u00e9pondre \u00e0 des besoins que ni les politiques publiques ni le march\u00e9 ne sont en capacit\u00e9 de satisfaire pleinement et compl\u00e8tement. L\u2019entrepreneur \u00e0 impact recherche par d\u00e9finition \u00e0 maximiser son impact social ou environnemental.<\/p>\n<p style=\"text-align: justify;\">Il articule en tout cas la pr\u00e9occupation permanente de maximiser son efficacit\u00e9 (impact g\u00e9n\u00e9r\u00e9) et son efficience (ratio impact\/co\u00fbt), tout en assurant la p\u00e9rennit\u00e9 de l\u2019entreprise.<\/p>\n<p>L\u2019entrepreneur \u00e0 impact est une personne qui adopte une d\u00e9marche \u201centrepreneuriale\u201d : rechercher et articuler les ressources (humaines, financi\u00e8res, techniques,..) n\u00e9cessaire pour produire l\u2019impact social qu\u2019il veut g\u00e9n\u00e9rer&#8230;Et prendre des risques pour y parvenir !<\/p>\n<p style=\"text-align: justify;\">Les entrepreneurs \u00e0 impact sont donc de taille, de formes juridiques, de secteurs tr\u00e8s vari\u00e9s et tr\u00e8s divers. Il n\u2019existe pas de liste exhaustive et compl\u00e8te de ces entrepreneurs car la question de la fronti\u00e8re entre les entreprises sociales et les acteurs de l\u2019Economie sociale et solidaire n\u2019a jamais \u00e9t\u00e9 tranch\u00e9e au plan th\u00e9orique comme r\u00e9glementaire, en d\u00e9pit des avanc\u00e9es de la loi de 2014.<\/p>\n<p style=\"text-align: justify;\">Nous vous recommandons donc de consulter les sources list\u00e9es dans les organismes de r\u00e9f\u00e9rence\u00a0 pr\u00e9sent\u00e9s ci-dessous\u00a0 pour mieux cerner ces acteurs qui \u0153uvrent au service de l\u2019int\u00e9r\u00eat g\u00e9n\u00e9ral<\/p>\n<p>[\/et_pb_text][et_pb_text _builder_version=\u00a0\u00bb4.16&Prime; _module_preset=\u00a0\u00bbdefault\u00a0\u00bb text_font_size=\u00a0\u00bb20px\u00a0\u00bb header_2_font=\u00a0\u00bb|700|||||||\u00a0\u00bb header_2_text_color=\u00a0\u00bb#00b2e8&Prime; header_2_font_size=\u00a0\u00bb24px\u00a0\u00bb header_3_font=\u00a0\u00bb|700|||||||\u00a0\u00bb header_3_text_color=\u00a0\u00bb#00b2e8&Prime; header_3_font_size=\u00a0\u00bb24px\u00a0\u00bb custom_margin=\u00a0\u00bb22px|||||\u00a0\u00bb global_colors_info=\u00a0\u00bb{}\u00a0\u00bb]<\/p>\n<div class=\"vc_row wpb_row vc_row-fluid vc_custom_1602580241515\">\n<div class=\"wpb_column vc_column_container vc_col-sm-12\" data-apr-column-width=\"yes\">\n<div class=\"vc_column-inner \">\n<div class=\"wpb_wrapper\">\n<div id=\"ultimate-heading-32315fb0351b3724d\" class=\"uvc-heading ult-adjust-bottom-margin ultimate-heading-32315fb0351b3724d uvc-21 \" data-hspacer=\"no_spacer\" data-halign=\"left\">\n<div class=\"uvc-main-heading ult-responsive\" data-ultimate-target=\".uvc-heading.ultimate-heading-32315fb0351b3724d h2\" data-responsive-json-new=\"{&quot;font-size&quot;:&quot;desktop:30px;&quot;,&quot;line-height&quot;:&quot;&quot;}\">\n<h2><span style=\"font-size: 16px;\">\u00a0<\/span><\/h2>\n<\/div>\n<\/div>\n<\/div>\n<\/div>\n<\/div>\n<\/div>\n<div id=\"ultimate-heading-25955fb0239c17d07\" class=\"uvc-heading ult-adjust-bottom-margin ultimate-heading-25955fb0239c17d07 uvc-5442 \" data-hspacer=\"no_spacer\" data-halign=\"left\">\n<div class=\"uvc-main-heading ult-responsive\" data-ultimate-target=\".uvc-heading.ultimate-heading-25955fb0239c17d07 h2\" data-responsive-json-new=\"{&quot;font-size&quot;:&quot;desktop:22px;&quot;,&quot;line-height&quot;:&quot;&quot;}\">\n<div id=\"ultimate-heading-14145fb0351b37788\" class=\"uvc-heading ult-adjust-bottom-margin ultimate-heading-14145fb0351b37788 uvc-497 \" data-hspacer=\"no_spacer\" data-halign=\"left\">\n<div class=\"uvc-main-heading ult-responsive\" data-ultimate-target=\".uvc-heading.ultimate-heading-14145fb0351b37788 h2\" data-responsive-json-new=\"{&quot;font-size&quot;:&quot;desktop:22px;&quot;,&quot;line-height&quot;:&quot;&quot;}\">\n<div id=\"ultimate-heading-50085fb0351b37a0c\" class=\"uvc-heading ult-adjust-bottom-margin ultimate-heading-50085fb0351b37a0c uvc-2592 \" data-hspacer=\"no_spacer\" data-halign=\"left\">\n<div class=\"uvc-main-heading ult-responsive\" data-ultimate-target=\".uvc-heading.ultimate-heading-50085fb0351b37a0c h2\" data-responsive-json-new=\"{&quot;font-size&quot;:&quot;desktop:22px;&quot;,&quot;line-height&quot;:&quot;&quot;}\">\n<div id=\"ultimate-heading-18715fb0351b37bb3\" class=\"uvc-heading ult-adjust-bottom-margin ultimate-heading-18715fb0351b37bb3 uvc-6527 \" data-hspacer=\"no_spacer\" data-halign=\"left\">\n<div class=\"uvc-main-heading ult-responsive\" data-ultimate-target=\".uvc-heading.ultimate-heading-18715fb0351b37bb3 h2\" data-responsive-json-new=\"{&quot;font-size&quot;:&quot;desktop:22px;&quot;,&quot;line-height&quot;:&quot;&quot;}\">\n<div id=\"ultimate-heading-11915fb0351b39e56\" class=\"uvc-heading ult-adjust-bottom-margin ultimate-heading-11915fb0351b39e56 uvc-8043 \" data-hspacer=\"no_spacer\" data-halign=\"left\">\n<div class=\"uvc-main-heading ult-responsive\" data-ultimate-target=\".uvc-heading.ultimate-heading-11915fb0351b39e56 h2\" data-responsive-json-new=\"{&quot;font-size&quot;:&quot;desktop:22px;&quot;,&quot;line-height&quot;:&quot;&quot;}\">\n<h2>Zoom sur les diff\u00e9rences entre les conceptions europ\u00e9enne et anglo-saxone de l\u2019entrepreneuriat social<\/h2>\n<\/div>\n<\/div>\n<\/div>\n<\/div>\n<\/div>\n<\/div>\n<\/div>\n<\/div>\n<p>&nbsp;<\/p>\n<\/div>\n<\/div>\n<p style=\"text-align: justify;\">Les conceptions anglo-saxone et europ\u00e9enne diff\u00e8rent quant \u00e0 la forme de l\u2019organisation et \u00e0 la gouvernance que peuvent prendre les entreprises sociales. La d\u00e9finition anglo-saxone pr\u00eate peu d\u2019attention aux questions de gouvernance et d\u2019organisation, et se concentre sur la finalit\u00e9 sociale de l\u2019organisation. Selon Emerson (2006) ce qui caract\u00e9rise l\u2019entrepreneuriat social est\u00a0: \u00ab\u00a0<em>la poursuite d\u2019impacts sociaux, l\u2019innovation sociale, la mobilisation de recettes marchandes ainsi que l\u2019usage de m\u00e9thodes manag\u00e9riales et ce, quel que soit le statut l\u00e9gal de l\u2019organisation\u00a0: \u00e0 but lucratif ou non lucratif, public ou priv\u00e9<\/em><span>\u00a0<\/span>\u00bb.<\/p>\n<p style=\"text-align: justify;\">La d\u00e9finition europ\u00e9enne quant \u00e0 elle r\u00e9pond g\u00e9n\u00e9ralement aux deux caract\u00e9ristiques suivantes rappel\u00e9es pr\u00e9c\u00e9demment\u00a0: une lucrativit\u00e9 limit\u00e9e qui sous-entend une redistribution des richesses aux b\u00e9n\u00e9ficiaires ou le r\u00e9investissement de la majorit\u00e9 des b\u00e9n\u00e9fices dans le projet social, et une gouvernance prenant en compte les int\u00e9r\u00eats de parties prenantes. Une entreprise sociale peut ainsi \u00eatre sociale tant par sa finalit\u00e9 que par son statut, par la nature de ses biens ou services, par ses utilisateurs, ou par les salari\u00e9s qu\u2019elle emploie.<\/p>\n<p>&nbsp;<\/p>\n<p><strong>Pour aller plus loin\u00a0:<\/strong>\u00a0<a href=\"https:\/\/www.cairn.info\/revue-innovations-2012-2-page-15.htm\" rel=\"nofollow\" target=\"_blank\">n\u00b038 de la revue Innovations sur\u00a0\u00ab\u00a0L\u2019innovation sociale, acteurs et syst\u00e8me\u00a0\u00bb<\/a><\/p>\n<p>[\/et_pb_text][et_pb_text _builder_version=\u00a0\u00bb4.16&Prime; _module_preset=\u00a0\u00bbdefault\u00a0\u00bb text_font_size=\u00a0\u00bb20px\u00a0\u00bb header_2_font=\u00a0\u00bb|700|||||||\u00a0\u00bb header_2_text_color=\u00a0\u00bb#00b2e8&Prime; header_2_font_size=\u00a0\u00bb24px\u00a0\u00bb header_3_font=\u00a0\u00bb|700|||||||\u00a0\u00bb header_3_text_color=\u00a0\u00bb#00b2e8&Prime; header_3_font_size=\u00a0\u00bb24px\u00a0\u00bb custom_margin=\u00a0\u00bb22px|||||\u00a0\u00bb global_colors_info=\u00a0\u00bb{}\u00a0\u00bb]<\/p>\n<div class=\"vc_row wpb_row vc_row-fluid vc_custom_1602580241515\">\n<div class=\"wpb_column vc_column_container vc_col-sm-12\" data-apr-column-width=\"yes\">\n<div class=\"vc_column-inner \">\n<div class=\"wpb_wrapper\">\n<div id=\"ultimate-heading-32315fb0351b3724d\" class=\"uvc-heading ult-adjust-bottom-margin ultimate-heading-32315fb0351b3724d uvc-21 \" data-hspacer=\"no_spacer\" data-halign=\"left\">\n<div class=\"uvc-main-heading ult-responsive\" data-ultimate-target=\".uvc-heading.ultimate-heading-32315fb0351b3724d h2\" data-responsive-json-new=\"{&quot;font-size&quot;:&quot;desktop:30px;&quot;,&quot;line-height&quot;:&quot;&quot;}\">\n<h2><span style=\"font-size: 16px;\">\u00a0<\/span><\/h2>\n<\/div>\n<\/div>\n<\/div>\n<\/div>\n<\/div>\n<\/div>\n<div id=\"ultimate-heading-25955fb0239c17d07\" class=\"uvc-heading ult-adjust-bottom-margin ultimate-heading-25955fb0239c17d07 uvc-5442 \" data-hspacer=\"no_spacer\" data-halign=\"left\">\n<div class=\"uvc-main-heading ult-responsive\" data-ultimate-target=\".uvc-heading.ultimate-heading-25955fb0239c17d07 h2\" data-responsive-json-new=\"{&quot;font-size&quot;:&quot;desktop:22px;&quot;,&quot;line-height&quot;:&quot;&quot;}\">\n<div id=\"ultimate-heading-14145fb0351b37788\" class=\"uvc-heading ult-adjust-bottom-margin ultimate-heading-14145fb0351b37788 uvc-497 \" data-hspacer=\"no_spacer\" data-halign=\"left\">\n<div class=\"uvc-main-heading ult-responsive\" data-ultimate-target=\".uvc-heading.ultimate-heading-14145fb0351b37788 h2\" data-responsive-json-new=\"{&quot;font-size&quot;:&quot;desktop:22px;&quot;,&quot;line-height&quot;:&quot;&quot;}\">\n<div id=\"ultimate-heading-50085fb0351b37a0c\" class=\"uvc-heading ult-adjust-bottom-margin ultimate-heading-50085fb0351b37a0c uvc-2592 \" data-hspacer=\"no_spacer\" data-halign=\"left\">\n<div class=\"uvc-main-heading ult-responsive\" data-ultimate-target=\".uvc-heading.ultimate-heading-50085fb0351b37a0c h2\" data-responsive-json-new=\"{&quot;font-size&quot;:&quot;desktop:22px;&quot;,&quot;line-height&quot;:&quot;&quot;}\">\n<div id=\"ultimate-heading-18715fb0351b37bb3\" class=\"uvc-heading ult-adjust-bottom-margin ultimate-heading-18715fb0351b37bb3 uvc-6527 \" data-hspacer=\"no_spacer\" data-halign=\"left\">\n<div class=\"uvc-main-heading ult-responsive\" data-ultimate-target=\".uvc-heading.ultimate-heading-18715fb0351b37bb3 h2\" data-responsive-json-new=\"{&quot;font-size&quot;:&quot;desktop:22px;&quot;,&quot;line-height&quot;:&quot;&quot;}\">\n<div id=\"ultimate-heading-11915fb0351b39e56\" class=\"uvc-heading ult-adjust-bottom-margin ultimate-heading-11915fb0351b39e56 uvc-8043 \" data-hspacer=\"no_spacer\" data-halign=\"left\">\n<div class=\"uvc-main-heading ult-responsive\" data-ultimate-target=\".uvc-heading.ultimate-heading-11915fb0351b39e56 h2\" data-responsive-json-new=\"{&quot;font-size&quot;:&quot;desktop:22px;&quot;,&quot;line-height&quot;:&quot;&quot;}\">\n<div id=\"ultimate-heading-48725fb0351b39fbc\" class=\"uvc-heading ult-adjust-bottom-margin ultimate-heading-48725fb0351b39fbc uvc-4028 \" data-hspacer=\"no_spacer\" data-halign=\"left\">\n<div class=\"uvc-main-heading ult-responsive\" data-ultimate-target=\".uvc-heading.ultimate-heading-48725fb0351b39fbc h3\" data-responsive-json-new=\"{&quot;font-size&quot;:&quot;desktop:18px;&quot;,&quot;line-height&quot;:&quot;&quot;}\">\n<h2>Quelques acteurs de r\u00e9f\u00e9rence<\/h2>\n<\/div>\n<\/div>\n<\/div>\n<\/div>\n<\/div>\n<\/div>\n<\/div>\n<\/div>\n<\/div>\n<\/div>\n<\/div>\n<\/div>\n<p>&nbsp;<\/p>\n<div class=\"aio-icon-header\">\u00a0<\/div>\n<div class=\"aio-icon-description ult-responsive\" data-ultimate-target=\"#Info-box-wrap-3015 .aio-icon-description\" data-responsive-json-new=\"{&quot;font-size&quot;:&quot;&quot;,&quot;line-height&quot;:&quot;&quot;}\">\n<p>&nbsp;<\/p>\n<\/div>\n<p>[\/et_pb_text][et_pb_text _builder_version=\u00a0\u00bb4.16&Prime; _module_preset=\u00a0\u00bbdefault\u00a0\u00bb text_font_size=\u00a0\u00bb20px\u00a0\u00bb header_2_font=\u00a0\u00bb|700|||||||\u00a0\u00bb header_2_font_size=\u00a0\u00bb24px\u00a0\u00bb header_3_font=\u00a0\u00bb|700|||||||\u00a0\u00bb header_3_text_color=\u00a0\u00bb#00b2e8&Prime; header_3_font_size=\u00a0\u00bb24px\u00a0\u00bb header_4_font=\u00a0\u00bb|700|||||||\u00a0\u00bb header_4_text_align=\u00a0\u00bbcenter\u00a0\u00bb header_4_font_size=\u00a0\u00bb20px\u00a0\u00bb custom_margin=\u00a0\u00bb-1px||||false|false\u00a0\u00bb custom_padding=\u00a0\u00bb|30px||30px|false|false\u00a0\u00bb border_width_all=\u00a0\u00bb3px\u00a0\u00bb global_colors_info=\u00a0\u00bb{}\u00a0\u00bb]<\/p>\n<div class=\"vc_row wpb_row vc_row-fluid vc_custom_1602580241515\">\n<div class=\"wpb_column vc_column_container vc_col-sm-12\" data-apr-column-width=\"yes\">\n<div class=\"vc_column-inner \">\n<div class=\"wpb_wrapper\">\n<div id=\"ultimate-heading-32315fb0351b3724d\" class=\"uvc-heading ult-adjust-bottom-margin ultimate-heading-32315fb0351b3724d uvc-21 \" data-hspacer=\"no_spacer\" data-halign=\"left\">\n<div class=\"uvc-main-heading ult-responsive\" data-ultimate-target=\".uvc-heading.ultimate-heading-32315fb0351b3724d h2\" data-responsive-json-new=\"{&quot;font-size&quot;:&quot;desktop:30px;&quot;,&quot;line-height&quot;:&quot;&quot;}\">\n<h2><span style=\"font-size: 16px;\">\u00a0<\/span><\/h2>\n<\/div>\n<\/div>\n<\/div>\n<\/div>\n<\/div>\n<\/div>\n<div id=\"ultimate-heading-25955fb0239c17d07\" class=\"uvc-heading ult-adjust-bottom-margin ultimate-heading-25955fb0239c17d07 uvc-5442 \" data-hspacer=\"no_spacer\" data-halign=\"left\">\n<div class=\"uvc-main-heading ult-responsive\" data-ultimate-target=\".uvc-heading.ultimate-heading-25955fb0239c17d07 h2\" data-responsive-json-new=\"{&quot;font-size&quot;:&quot;desktop:22px;&quot;,&quot;line-height&quot;:&quot;&quot;}\">\n<div id=\"ultimate-heading-14145fb0351b37788\" class=\"uvc-heading ult-adjust-bottom-margin ultimate-heading-14145fb0351b37788 uvc-497 \" data-hspacer=\"no_spacer\" data-halign=\"left\">\n<div class=\"uvc-main-heading ult-responsive\" data-ultimate-target=\".uvc-heading.ultimate-heading-14145fb0351b37788 h2\" data-responsive-json-new=\"{&quot;font-size&quot;:&quot;desktop:22px;&quot;,&quot;line-height&quot;:&quot;&quot;}\">\n<div id=\"ultimate-heading-50085fb0351b37a0c\" class=\"uvc-heading ult-adjust-bottom-margin ultimate-heading-50085fb0351b37a0c uvc-2592 \" data-hspacer=\"no_spacer\" data-halign=\"left\">\n<div class=\"uvc-main-heading ult-responsive\" data-ultimate-target=\".uvc-heading.ultimate-heading-50085fb0351b37a0c h2\" data-responsive-json-new=\"{&quot;font-size&quot;:&quot;desktop:22px;&quot;,&quot;line-height&quot;:&quot;&quot;}\">\n<div id=\"ultimate-heading-18715fb0351b37bb3\" class=\"uvc-heading ult-adjust-bottom-margin ultimate-heading-18715fb0351b37bb3 uvc-6527 \" data-hspacer=\"no_spacer\" data-halign=\"left\">\n<div class=\"uvc-main-heading ult-responsive\" data-ultimate-target=\".uvc-heading.ultimate-heading-18715fb0351b37bb3 h2\" data-responsive-json-new=\"{&quot;font-size&quot;:&quot;desktop:22px;&quot;,&quot;line-height&quot;:&quot;&quot;}\">\n<div id=\"ultimate-heading-11915fb0351b39e56\" class=\"uvc-heading ult-adjust-bottom-margin ultimate-heading-11915fb0351b39e56 uvc-8043 \" data-hspacer=\"no_spacer\" data-halign=\"left\">\n<div class=\"uvc-main-heading ult-responsive\" data-ultimate-target=\".uvc-heading.ultimate-heading-11915fb0351b39e56 h2\" data-responsive-json-new=\"{&quot;font-size&quot;:&quot;desktop:22px;&quot;,&quot;line-height&quot;:&quot;&quot;}\">\n<div id=\"ultimate-heading-48725fb0351b39fbc\" class=\"uvc-heading ult-adjust-bottom-margin ultimate-heading-48725fb0351b39fbc uvc-4028 \" data-hspacer=\"no_spacer\" data-halign=\"left\">\n<div class=\"uvc-main-heading ult-responsive\" data-ultimate-target=\".uvc-heading.ultimate-heading-48725fb0351b39fbc h3\" data-responsive-json-new=\"{&quot;font-size&quot;:&quot;desktop:18px;&quot;,&quot;line-height&quot;:&quot;&quot;}\">\n<div class=\"aio-icon-header\">\n<h4 class=\"aio-icon-title ult-responsive\" data-ultimate-target=\"#Info-box-wrap-3015 .aio-icon-title\" data-responsive-json-new=\"{&quot;font-size&quot;:&quot;&quot;,&quot;line-height&quot;:&quot;&quot;}\">EN FRANCE<\/h4>\n<\/div>\n<div class=\"aio-icon-description ult-responsive\" data-ultimate-target=\"#Info-box-wrap-3015 .aio-icon-description\" data-responsive-json-new=\"{&quot;font-size&quot;:&quot;&quot;,&quot;line-height&quot;:&quot;&quot;}\">\n<p>&nbsp;<\/p>\n<p style=\"text-align: justify;\">Il est difficile ici d\u2019\u00eatre exhaustif, tant les initiatives se multiplient et sont nombreuses<\/p>\n<p style=\"text-align: justify;\">En compl\u00e9ment de l\u2019action du Secr\u00e9tariat d\u2019\u00c9tat de L\u2019\u00c9conomie Sociale Solidaire et Responsable (ESSR), aupr\u00e8s du Ministre de l\u2019Economie, des Finances et de la Relance, qui prolonge et amplifie l\u2019action du Haut-Commissariat \u00e0 l\u2019Innovation Sociale et \u00e0\u00a0 l\u2019\u00c9conomie Sociale et Solidaire, on peut citer\u00a0:<\/p>\n<ul>\n<li style=\"text-align: justify;\">Tous les grands acteurs du secteur de l\u2019assurance Mutualiste dans l\u2019univers de l\u2019assurance des biens et des personnes (comme par exemple la MACIF, la MAIF, la CARAC ou AESIO) des Groupes de Pr\u00e9vention Sant\u00e9 (comme par exemple Malakoff Humanis ou AG2R La Mondiale). Tous ces acteurs se retrouvent regroup\u00e9s au sein de la FNMF (F\u00e9d\u00e9ration de la Mutualit\u00e9 Fran\u00e7aise) pour les Mutuelles dites 45, et de l\u2019ex GEMA (aujourd\u2019hui int\u00e9gr\u00e9 \u00e0 la F\u00e9d\u00e9ration Fran\u00e7aise des Assurances)\u00a0 pour les mutuelles d\u2018assurance IARD (Statut de 1938)<\/li>\n<li>Les grandes banques coop\u00e9ratives comme le Groupe BPCE (avec notamment les Caisses d\u2019Epargne et le Cr\u00e9dit Coop\u00e9ratif) , le Cr\u00e9dit agricole ou le Cr\u00e9dit Mutuel<\/li>\n<li style=\"text-align: justify;\">Les groupes coop\u00e9ratifs de distribution comme Intermarch\u00e9, Syst\u00e8me U ou bien Leclerc r\u00e9unis dans le F\u00e9d\u00e9ration du Commerce Coop\u00e9ratif Associ\u00e9.<\/li>\n<li>ESS France<\/li>\n<li>Le Mouvement Impact France<\/li>\n<li>L\u2019AVISE<\/li>\n<li><a href=\"https:\/\/www.le-frenchimpact.fr\/\" rel=\"nofollow\" target=\"_blank\">French Impact<\/a><\/li>\n<li>France Active<\/li>\n<li>Les CRESS, les Chambres R\u00e9gionales de l\u2019\u00c9conomie Sociale et Solidaire, qui ont pour but de promouvoir et de d\u00e9velopper l\u2019ESS sur les territoires.<\/li>\n<li>Les \u00ab\u00a0t\u00eate de reseau\u00a0\u00bb comme la F\u00e9d\u00e9ration des Entreprises d\u2019Insertion (FEI), l\u2019Union Nationale des Entreprises Adapt\u00e9es (UNEA), la F\u00e9d\u00e9ration des Acteurs de la Solidarit\u00e9 (FAS), le Coorace<\/li>\n<li><a href=\"http:\/\/www.lelabo-ess.org\/-developper-l-innovation-sociale-.html\" rel=\"nofollow\" target=\"_blank\">Le labo de l\u2019ESS<\/a>, un think tank de l\u2019\u00e9conomie sociale et solidaire, menant des \u00e9tudes sur les grands axes structurant de l\u2019ESS (alimentation, culture, sant\u00e9\u2026)<\/li>\n<\/ul>\n<\/div>\n<\/div>\n<\/div>\n<\/div>\n<\/div>\n<\/div>\n<\/div>\n<\/div>\n<\/div>\n<\/div>\n<\/div>\n<\/div>\n<\/div>\n<p><a href=\"https:\/\/www.cairn.info\/revue-innovations-2012-2-page-15.htm\" rel=\"nofollow\" target=\"_blank\"><\/a><\/p>\n<div class=\"aio-icon-header\"><\/div>\n<div class=\"aio-icon-description ult-responsive\" data-ultimate-target=\"#Info-box-wrap-3015 .aio-icon-description\" data-responsive-json-new=\"{&quot;font-size&quot;:&quot;&quot;,&quot;line-height&quot;:&quot;&quot;}\">\n<p>&nbsp;<\/p>\n<\/div>\n<p>[\/et_pb_text][et_pb_text _builder_version=\u00a0\u00bb4.16&Prime; _module_preset=\u00a0\u00bbdefault\u00a0\u00bb text_font_size=\u00a0\u00bb20px\u00a0\u00bb header_2_font=\u00a0\u00bb|700|||||||\u00a0\u00bb header_2_font_size=\u00a0\u00bb24px\u00a0\u00bb header_3_font=\u00a0\u00bb|700|||||||\u00a0\u00bb header_3_text_color=\u00a0\u00bb#00b2e8&Prime; header_3_font_size=\u00a0\u00bb24px\u00a0\u00bb header_4_font=\u00a0\u00bb|700|||||||\u00a0\u00bb header_4_text_align=\u00a0\u00bbcenter\u00a0\u00bb header_4_font_size=\u00a0\u00bb20px\u00a0\u00bb custom_margin=\u00a0\u00bb-1px||||false|false\u00a0\u00bb custom_padding=\u00a0\u00bb|30px||30px|false|false\u00a0\u00bb border_width_all=\u00a0\u00bb3px\u00a0\u00bb global_colors_info=\u00a0\u00bb{}\u00a0\u00bb]<\/p>\n<div class=\"vc_row wpb_row vc_row-fluid vc_custom_1602580241515\">\n<div class=\"wpb_column vc_column_container vc_col-sm-12\" data-apr-column-width=\"yes\">\n<div class=\"vc_column-inner \">\n<div class=\"wpb_wrapper\">\n<div id=\"ultimate-heading-32315fb0351b3724d\" class=\"uvc-heading ult-adjust-bottom-margin ultimate-heading-32315fb0351b3724d uvc-21 \" data-hspacer=\"no_spacer\" data-halign=\"left\">\n<div class=\"uvc-main-heading ult-responsive\" data-ultimate-target=\".uvc-heading.ultimate-heading-32315fb0351b3724d h2\" data-responsive-json-new=\"{&quot;font-size&quot;:&quot;desktop:30px;&quot;,&quot;line-height&quot;:&quot;&quot;}\">\n<h2><span style=\"font-size: 16px;\">\u00a0<\/span><\/h2>\n<\/div>\n<\/div>\n<\/div>\n<\/div>\n<\/div>\n<\/div>\n<div id=\"ultimate-heading-25955fb0239c17d07\" class=\"uvc-heading ult-adjust-bottom-margin ultimate-heading-25955fb0239c17d07 uvc-5442 \" data-hspacer=\"no_spacer\" data-halign=\"left\">\n<div class=\"uvc-main-heading ult-responsive\" data-ultimate-target=\".uvc-heading.ultimate-heading-25955fb0239c17d07 h2\" data-responsive-json-new=\"{&quot;font-size&quot;:&quot;desktop:22px;&quot;,&quot;line-height&quot;:&quot;&quot;}\">\n<div id=\"ultimate-heading-14145fb0351b37788\" class=\"uvc-heading ult-adjust-bottom-margin ultimate-heading-14145fb0351b37788 uvc-497 \" data-hspacer=\"no_spacer\" data-halign=\"left\">\n<div class=\"uvc-main-heading ult-responsive\" data-ultimate-target=\".uvc-heading.ultimate-heading-14145fb0351b37788 h2\" data-responsive-json-new=\"{&quot;font-size&quot;:&quot;desktop:22px;&quot;,&quot;line-height&quot;:&quot;&quot;}\">\n<div id=\"ultimate-heading-50085fb0351b37a0c\" class=\"uvc-heading ult-adjust-bottom-margin ultimate-heading-50085fb0351b37a0c uvc-2592 \" data-hspacer=\"no_spacer\" data-halign=\"left\">\n<div class=\"uvc-main-heading ult-responsive\" data-ultimate-target=\".uvc-heading.ultimate-heading-50085fb0351b37a0c h2\" data-responsive-json-new=\"{&quot;font-size&quot;:&quot;desktop:22px;&quot;,&quot;line-height&quot;:&quot;&quot;}\">\n<div id=\"ultimate-heading-18715fb0351b37bb3\" class=\"uvc-heading ult-adjust-bottom-margin ultimate-heading-18715fb0351b37bb3 uvc-6527 \" data-hspacer=\"no_spacer\" data-halign=\"left\">\n<div class=\"uvc-main-heading ult-responsive\" data-ultimate-target=\".uvc-heading.ultimate-heading-18715fb0351b37bb3 h2\" data-responsive-json-new=\"{&quot;font-size&quot;:&quot;desktop:22px;&quot;,&quot;line-height&quot;:&quot;&quot;}\">\n<div id=\"ultimate-heading-11915fb0351b39e56\" class=\"uvc-heading ult-adjust-bottom-margin ultimate-heading-11915fb0351b39e56 uvc-8043 \" data-hspacer=\"no_spacer\" data-halign=\"left\">\n<div class=\"uvc-main-heading ult-responsive\" data-ultimate-target=\".uvc-heading.ultimate-heading-11915fb0351b39e56 h2\" data-responsive-json-new=\"{&quot;font-size&quot;:&quot;desktop:22px;&quot;,&quot;line-height&quot;:&quot;&quot;}\">\n<div id=\"ultimate-heading-48725fb0351b39fbc\" class=\"uvc-heading ult-adjust-bottom-margin ultimate-heading-48725fb0351b39fbc uvc-4028 \" data-hspacer=\"no_spacer\" data-halign=\"left\">\n<div class=\"uvc-main-heading ult-responsive\" data-ultimate-target=\".uvc-heading.ultimate-heading-48725fb0351b39fbc h3\" data-responsive-json-new=\"{&quot;font-size&quot;:&quot;desktop:18px;&quot;,&quot;line-height&quot;:&quot;&quot;}\">\n<div class=\"aio-icon-header\"><\/div>\n<\/div>\n<\/div>\n<\/div>\n<\/div>\n<\/div>\n<\/div>\n<\/div>\n<\/div>\n<\/div>\n<\/div>\n<\/div>\n<\/div>\n<div class=\"aio-icon-description ult-responsive\" data-ultimate-target=\"#Info-box-wrap-3015 .aio-icon-description\" data-responsive-json-new=\"{&quot;font-size&quot;:&quot;&quot;,&quot;line-height&quot;:&quot;&quot;}\">\n<div class=\"aio-icon-header\">\n<h4 class=\"aio-icon-title ult-responsive\" data-ultimate-target=\"#Info-box-wrap-9186 .aio-icon-title\" data-responsive-json-new=\"{&quot;font-size&quot;:&quot;&quot;,&quot;line-height&quot;:&quot;&quot;}\">DANS LE MONDE<\/h4>\n<\/div>\n<div class=\"aio-icon-description ult-responsive\" data-ultimate-target=\"#Info-box-wrap-9186 .aio-icon-description\" data-responsive-json-new=\"{&quot;font-size&quot;:&quot;&quot;,&quot;line-height&quot;:&quot;&quot;}\">\n<p>&nbsp;<\/p>\n<p style=\"text-align: justify;\">Les initiatives d\u2019accompagnement (qui ne sont ni des incubateurs ni des acc\u00e9l\u00e9rateurs d\u2019entreprises) mais des organisations de plaidoyer, de soutien et de financement via la philanthropie, se sont multipli\u00e9es tout particuli\u00e8rement aux Etats-Unis, dans le sillage de la cr\u00e9ation de Ashoka par Bill Drayton, en 1980 qui l\u2019incontestable pionnier de ces d\u00e9marches.<\/p>\n<p style=\"text-align: justify;\">Voici une liste non exhaustive mais qui offre une bonne repr\u00e9sentation des principaux acteurs\u00a0:<\/p>\n<ul>\n<li>Ashoka : Ashoka University (liste 14 programmes d\u2019accompagnement)<\/li>\n<li>Echoing Green<\/li>\n<li>Draper Foundation Grants<\/li>\n<li>Shuttle worth Foundation<\/li>\n<li>Inspiring Capital MBA Fellowship<\/li>\n<li>Bluhm\/Helfand Social Innovation Fellowship<\/li>\n<li>Jacobs Foundation<\/li>\n<\/ul>\n<p>Pour aller plus loin\u00a0:<span>\u00a0<\/span><a href=\"http:\/\/www.profellow.com\/\" rel=\"nofollow\" target=\"_blank\">www.profellow.com<\/a>\u00a0 qui recense 53 entreprises sociales porteuses d\u2019innovations sociales dans le monde.<\/p>\n<p>&nbsp;<\/p>\n<p>En Europe, on peut souligner l\u2019action de l\u2019European Venture Philanthropy Association (EVPA) et d\u2019Euclid Network.<\/p>\n<p>&nbsp;<\/p>\n<p>Au plan acad\u00e9mique, de nombreux cours ont \u00e9t\u00e9 d\u00e9velopp\u00e9s \u00e0 travers le monde depuis le d\u00e9but des ann\u00e9es 2000. Parmi les pionniers et les plus embl\u00e9matiques aujourd\u2019hui\u00a0:<\/p>\n<ul>\n<li>ESSEC Business School : Chaire Entrepreneuriat et Innovation \u00e0 Impact (anciennement Chaire Innovation et Entrepreneuriat social)<\/li>\n<li>Harvard Kennedy School : Social Innovation and Change Initiative<\/li>\n<li>Stanford : Stanford Center for Social Innovation<\/li>\n<li>Santa Clara University \u2013 Miler centre for social entrepreneuship<\/li>\n<li>Wharton \u2013 Social Impact Intiative<\/li>\n<li>Oxford \u2013 Said Business School<\/li>\n<li>ESADE Entrepreneurship institute<\/li>\n<li><a href=\"http:\/\/www.ces.uliege.be\/\" rel=\"nofollow\" target=\"_blank\">HEC Li\u00e8ge \u2013 Centre d\u2019\u00e9conomie sociale<\/a><\/li>\n<\/ul>\n<p>&nbsp;<\/p>\n<\/div>\n<\/div>\n<p>[\/et_pb_text][\/et_pb_column][\/et_pb_row][\/et_pb_section]<\/p>\n","protected":false},"excerpt":{"rendered":"<p>L\u2019initiative priv\u00e9e peut se mettre au service de l\u2019int\u00e9r\u00eat g\u00e9n\u00e9ral, elle le fait d\u2019ailleurs depuis les d\u00e9buts de l\u2019humanit\u00e9 ! Economie Sociale et Solidaire et Entrepreneuriat \u00e0 impact, avec diff\u00e9rentes approches, incarnent la volont\u00e9, l\u2019\u00e9nergie et la vitalit\u00e9 des acteurs priv\u00e9s quand ils d\u00e9cident de s\u2019attaquer aux enjeux sociaux et environnementaux. D\u00e9finition de l\u2019Economie Sociale [&hellip;]<\/p>\n","protected":false},"author":2,"featured_media":0,"comment_status":"open","ping_status":"open","sticky":false,"template":"","format":"standard","meta":{"_et_pb_use_builder":"on","_et_pb_old_content":"","_et_gb_content_width":"","inline_featured_image":false},"categories":[1],"tags":[],"yoast_head":"<!-- This site is optimized with the Yoast SEO plugin v20.11 - https:\/\/yoast.com\/wordpress\/plugins\/seo\/ -->\n<title>Economie sociale et solidaire et entrepreneuriat social - Centre Innovation Sociale et Ecologique<\/title>\n<meta name=\"robots\" content=\"noindex, follow\" \/>\n<meta property=\"og:locale\" content=\"fr_FR\" \/>\n<meta property=\"og:type\" content=\"article\" \/>\n<meta property=\"og:title\" content=\"Economie sociale et solidaire et entrepreneuriat social - Centre Innovation Sociale et Ecologique\" \/>\n<meta property=\"og:description\" content=\"L\u2019initiative priv\u00e9e peut se mettre au service de l\u2019int\u00e9r\u00eat g\u00e9n\u00e9ral, elle le fait d\u2019ailleurs depuis les d\u00e9buts de l\u2019humanit\u00e9 ! Economie Sociale et Solidaire et Entrepreneuriat \u00e0 impact, avec diff\u00e9rentes approches, incarnent la volont\u00e9, l\u2019\u00e9nergie et la vitalit\u00e9 des acteurs priv\u00e9s quand ils d\u00e9cident de s\u2019attaquer aux enjeux sociaux et environnementaux. D\u00e9finition de l\u2019Economie Sociale [&hellip;]\" \/>\n<meta property=\"og:url\" content=\"https:\/\/centre-innovation-sociale-ecologique.essec.edu\/index.php\/2023\/01\/19\/economie-sociale-et-solidaire-et-entrepreneuriat-a-impact\/\" \/>\n<meta property=\"og:site_name\" content=\"Centre Innovation Sociale et Ecologique\" \/>\n<meta property=\"article:published_time\" content=\"2023-01-19T09:15:10+00:00\" \/>\n<meta property=\"article:modified_time\" content=\"2023-01-23T13:11:51+00:00\" \/>\n<meta property=\"og:image\" content=\"https:\/\/impactinitiative.essec.edu\/wp-content\/uploads\/2020\/11\/impact-investing-1-550x350-1.png\" \/>\n<meta name=\"author\" content=\"Essec\" \/>\n<meta name=\"twitter:card\" content=\"summary_large_image\" \/>\n<meta name=\"twitter:label1\" content=\"\u00c9crit par\" \/>\n\t<meta name=\"twitter:data1\" content=\"Essec\" \/>\n\t<meta name=\"twitter:label2\" content=\"Dur\u00e9e de lecture estim\u00e9e\" \/>\n\t<meta name=\"twitter:data2\" content=\"14 minutes\" \/>\n<script type=\"application\/ld+json\" class=\"yoast-schema-graph\">{\"@context\":\"https:\/\/schema.org\",\"@graph\":[{\"@type\":\"Article\",\"@id\":\"https:\/\/centre-innovation-sociale-ecologique.essec.edu\/index.php\/2023\/01\/19\/economie-sociale-et-solidaire-et-entrepreneuriat-a-impact\/#article\",\"isPartOf\":{\"@id\":\"https:\/\/centre-innovation-sociale-ecologique.essec.edu\/index.php\/2023\/01\/19\/economie-sociale-et-solidaire-et-entrepreneuriat-a-impact\/\"},\"author\":{\"name\":\"Essec\",\"@id\":\"https:\/\/centre-innovation-sociale-ecologique.essec.edu\/#\/schema\/person\/ffb9b21a7056cc497e2fe8732aa91fcc\"},\"headline\":\"Economie sociale et solidaire et entrepreneuriat social\",\"datePublished\":\"2023-01-19T09:15:10+00:00\",\"dateModified\":\"2023-01-23T13:11:51+00:00\",\"mainEntityOfPage\":{\"@id\":\"https:\/\/centre-innovation-sociale-ecologique.essec.edu\/index.php\/2023\/01\/19\/economie-sociale-et-solidaire-et-entrepreneuriat-a-impact\/\"},\"wordCount\":2722,\"commentCount\":0,\"publisher\":{\"@id\":\"https:\/\/centre-innovation-sociale-ecologique.essec.edu\/#organization\"},\"inLanguage\":\"fr-FR\",\"potentialAction\":[{\"@type\":\"CommentAction\",\"name\":\"Comment\",\"target\":[\"https:\/\/centre-innovation-sociale-ecologique.essec.edu\/index.php\/2023\/01\/19\/economie-sociale-et-solidaire-et-entrepreneuriat-a-impact\/#respond\"]}]},{\"@type\":\"WebPage\",\"@id\":\"https:\/\/centre-innovation-sociale-ecologique.essec.edu\/index.php\/2023\/01\/19\/economie-sociale-et-solidaire-et-entrepreneuriat-a-impact\/\",\"url\":\"https:\/\/centre-innovation-sociale-ecologique.essec.edu\/index.php\/2023\/01\/19\/economie-sociale-et-solidaire-et-entrepreneuriat-a-impact\/\",\"name\":\"Economie sociale et solidaire et entrepreneuriat social - Centre Innovation Sociale et Ecologique\",\"isPartOf\":{\"@id\":\"https:\/\/centre-innovation-sociale-ecologique.essec.edu\/#website\"},\"datePublished\":\"2023-01-19T09:15:10+00:00\",\"dateModified\":\"2023-01-23T13:11:51+00:00\",\"breadcrumb\":{\"@id\":\"https:\/\/centre-innovation-sociale-ecologique.essec.edu\/index.php\/2023\/01\/19\/economie-sociale-et-solidaire-et-entrepreneuriat-a-impact\/#breadcrumb\"},\"inLanguage\":\"fr-FR\",\"potentialAction\":[{\"@type\":\"ReadAction\",\"target\":[\"https:\/\/centre-innovation-sociale-ecologique.essec.edu\/index.php\/2023\/01\/19\/economie-sociale-et-solidaire-et-entrepreneuriat-a-impact\/\"]}]},{\"@type\":\"BreadcrumbList\",\"@id\":\"https:\/\/centre-innovation-sociale-ecologique.essec.edu\/index.php\/2023\/01\/19\/economie-sociale-et-solidaire-et-entrepreneuriat-a-impact\/#breadcrumb\",\"itemListElement\":[{\"@type\":\"ListItem\",\"position\":1,\"name\":\"Home\",\"item\":\"https:\/\/centre-innovation-sociale-ecologique.essec.edu\/\"},{\"@type\":\"ListItem\",\"position\":2,\"name\":\"Economie sociale et solidaire et entrepreneuriat social\"}]},{\"@type\":\"WebSite\",\"@id\":\"https:\/\/centre-innovation-sociale-ecologique.essec.edu\/#website\",\"url\":\"https:\/\/centre-innovation-sociale-ecologique.essec.edu\/\",\"name\":\"Centre Innovation Sociale et Ecologique\",\"description\":\"\",\"publisher\":{\"@id\":\"https:\/\/centre-innovation-sociale-ecologique.essec.edu\/#organization\"},\"potentialAction\":[{\"@type\":\"SearchAction\",\"target\":{\"@type\":\"EntryPoint\",\"urlTemplate\":\"https:\/\/centre-innovation-sociale-ecologique.essec.edu\/?s={search_term_string}\"},\"query-input\":\"required name=search_term_string\"}],\"inLanguage\":\"fr-FR\"},{\"@type\":\"Organization\",\"@id\":\"https:\/\/centre-innovation-sociale-ecologique.essec.edu\/#organization\",\"name\":\"Essec Business School\",\"url\":\"https:\/\/centre-innovation-sociale-ecologique.essec.edu\/\",\"logo\":{\"@type\":\"ImageObject\",\"inLanguage\":\"fr-FR\",\"@id\":\"https:\/\/centre-innovation-sociale-ecologique.essec.edu\/#\/schema\/logo\/image\/\",\"url\":\"https:\/\/impactinitiative.essec.edu\/wp-content\/uploads\/2020\/11\/ESSEC_BS_logo_BLANC.png\",\"contentUrl\":\"https:\/\/impactinitiative.essec.edu\/wp-content\/uploads\/2020\/11\/ESSEC_BS_logo_BLANC.png\",\"width\":546,\"height\":509,\"caption\":\"Essec Business School\"},\"image\":{\"@id\":\"https:\/\/centre-innovation-sociale-ecologique.essec.edu\/#\/schema\/logo\/image\/\"}},{\"@type\":\"Person\",\"@id\":\"https:\/\/centre-innovation-sociale-ecologique.essec.edu\/#\/schema\/person\/ffb9b21a7056cc497e2fe8732aa91fcc\",\"name\":\"Essec\",\"image\":{\"@type\":\"ImageObject\",\"inLanguage\":\"fr-FR\",\"@id\":\"https:\/\/centre-innovation-sociale-ecologique.essec.edu\/#\/schema\/person\/image\/\",\"url\":\"https:\/\/secure.gravatar.com\/avatar\/253b1a21aeb6e83a39f89170d50e3784?s=96&d=mm&r=g\",\"contentUrl\":\"https:\/\/secure.gravatar.com\/avatar\/253b1a21aeb6e83a39f89170d50e3784?s=96&d=mm&r=g\",\"caption\":\"Essec\"}}]}<\/script>\n<!-- \/ Yoast SEO plugin. -->","yoast_head_json":{"title":"Economie sociale et solidaire et entrepreneuriat social - Centre Innovation Sociale et Ecologique","robots":{"index":"noindex","follow":"follow"},"og_locale":"fr_FR","og_type":"article","og_title":"Economie sociale et solidaire et entrepreneuriat social - Centre Innovation Sociale et Ecologique","og_description":"L\u2019initiative priv\u00e9e peut se mettre au service de l\u2019int\u00e9r\u00eat g\u00e9n\u00e9ral, elle le fait d\u2019ailleurs depuis les d\u00e9buts de l\u2019humanit\u00e9 ! Economie Sociale et Solidaire et Entrepreneuriat \u00e0 impact, avec diff\u00e9rentes approches, incarnent la volont\u00e9, l\u2019\u00e9nergie et la vitalit\u00e9 des acteurs priv\u00e9s quand ils d\u00e9cident de s\u2019attaquer aux enjeux sociaux et environnementaux. D\u00e9finition de l\u2019Economie Sociale [&hellip;]","og_url":"https:\/\/centre-innovation-sociale-ecologique.essec.edu\/index.php\/2023\/01\/19\/economie-sociale-et-solidaire-et-entrepreneuriat-a-impact\/","og_site_name":"Centre Innovation Sociale et Ecologique","article_published_time":"2023-01-19T09:15:10+00:00","article_modified_time":"2023-01-23T13:11:51+00:00","og_image":[{"url":"https:\/\/impactinitiative.essec.edu\/wp-content\/uploads\/2020\/11\/impact-investing-1-550x350-1.png"}],"author":"Essec","twitter_card":"summary_large_image","twitter_misc":{"\u00c9crit par":"Essec","Dur\u00e9e de lecture estim\u00e9e":"14 minutes"},"schema":{"@context":"https:\/\/schema.org","@graph":[{"@type":"Article","@id":"https:\/\/centre-innovation-sociale-ecologique.essec.edu\/index.php\/2023\/01\/19\/economie-sociale-et-solidaire-et-entrepreneuriat-a-impact\/#article","isPartOf":{"@id":"https:\/\/centre-innovation-sociale-ecologique.essec.edu\/index.php\/2023\/01\/19\/economie-sociale-et-solidaire-et-entrepreneuriat-a-impact\/"},"author":{"name":"Essec","@id":"https:\/\/centre-innovation-sociale-ecologique.essec.edu\/#\/schema\/person\/ffb9b21a7056cc497e2fe8732aa91fcc"},"headline":"Economie sociale et solidaire et entrepreneuriat social","datePublished":"2023-01-19T09:15:10+00:00","dateModified":"2023-01-23T13:11:51+00:00","mainEntityOfPage":{"@id":"https:\/\/centre-innovation-sociale-ecologique.essec.edu\/index.php\/2023\/01\/19\/economie-sociale-et-solidaire-et-entrepreneuriat-a-impact\/"},"wordCount":2722,"commentCount":0,"publisher":{"@id":"https:\/\/centre-innovation-sociale-ecologique.essec.edu\/#organization"},"inLanguage":"fr-FR","potentialAction":[{"@type":"CommentAction","name":"Comment","target":["https:\/\/centre-innovation-sociale-ecologique.essec.edu\/index.php\/2023\/01\/19\/economie-sociale-et-solidaire-et-entrepreneuriat-a-impact\/#respond"]}]},{"@type":"WebPage","@id":"https:\/\/centre-innovation-sociale-ecologique.essec.edu\/index.php\/2023\/01\/19\/economie-sociale-et-solidaire-et-entrepreneuriat-a-impact\/","url":"https:\/\/centre-innovation-sociale-ecologique.essec.edu\/index.php\/2023\/01\/19\/economie-sociale-et-solidaire-et-entrepreneuriat-a-impact\/","name":"Economie sociale et solidaire et entrepreneuriat social - Centre Innovation Sociale et Ecologique","isPartOf":{"@id":"https:\/\/centre-innovation-sociale-ecologique.essec.edu\/#website"},"datePublished":"2023-01-19T09:15:10+00:00","dateModified":"2023-01-23T13:11:51+00:00","breadcrumb":{"@id":"https:\/\/centre-innovation-sociale-ecologique.essec.edu\/index.php\/2023\/01\/19\/economie-sociale-et-solidaire-et-entrepreneuriat-a-impact\/#breadcrumb"},"inLanguage":"fr-FR","potentialAction":[{"@type":"ReadAction","target":["https:\/\/centre-innovation-sociale-ecologique.essec.edu\/index.php\/2023\/01\/19\/economie-sociale-et-solidaire-et-entrepreneuriat-a-impact\/"]}]},{"@type":"BreadcrumbList","@id":"https:\/\/centre-innovation-sociale-ecologique.essec.edu\/index.php\/2023\/01\/19\/economie-sociale-et-solidaire-et-entrepreneuriat-a-impact\/#breadcrumb","itemListElement":[{"@type":"ListItem","position":1,"name":"Home","item":"https:\/\/centre-innovation-sociale-ecologique.essec.edu\/"},{"@type":"ListItem","position":2,"name":"Economie sociale et solidaire et entrepreneuriat social"}]},{"@type":"WebSite","@id":"https:\/\/centre-innovation-sociale-ecologique.essec.edu\/#website","url":"https:\/\/centre-innovation-sociale-ecologique.essec.edu\/","name":"Centre Innovation Sociale et Ecologique","description":"","publisher":{"@id":"https:\/\/centre-innovation-sociale-ecologique.essec.edu\/#organization"},"potentialAction":[{"@type":"SearchAction","target":{"@type":"EntryPoint","urlTemplate":"https:\/\/centre-innovation-sociale-ecologique.essec.edu\/?s={search_term_string}"},"query-input":"required name=search_term_string"}],"inLanguage":"fr-FR"},{"@type":"Organization","@id":"https:\/\/centre-innovation-sociale-ecologique.essec.edu\/#organization","name":"Essec Business School","url":"https:\/\/centre-innovation-sociale-ecologique.essec.edu\/","logo":{"@type":"ImageObject","inLanguage":"fr-FR","@id":"https:\/\/centre-innovation-sociale-ecologique.essec.edu\/#\/schema\/logo\/image\/","url":"https:\/\/impactinitiative.essec.edu\/wp-content\/uploads\/2020\/11\/ESSEC_BS_logo_BLANC.png","contentUrl":"https:\/\/impactinitiative.essec.edu\/wp-content\/uploads\/2020\/11\/ESSEC_BS_logo_BLANC.png","width":546,"height":509,"caption":"Essec Business School"},"image":{"@id":"https:\/\/centre-innovation-sociale-ecologique.essec.edu\/#\/schema\/logo\/image\/"}},{"@type":"Person","@id":"https:\/\/centre-innovation-sociale-ecologique.essec.edu\/#\/schema\/person\/ffb9b21a7056cc497e2fe8732aa91fcc","name":"Essec","image":{"@type":"ImageObject","inLanguage":"fr-FR","@id":"https:\/\/centre-innovation-sociale-ecologique.essec.edu\/#\/schema\/person\/image\/","url":"https:\/\/secure.gravatar.com\/avatar\/253b1a21aeb6e83a39f89170d50e3784?s=96&d=mm&r=g","contentUrl":"https:\/\/secure.gravatar.com\/avatar\/253b1a21aeb6e83a39f89170d50e3784?s=96&d=mm&r=g","caption":"Essec"}}]}},"_links":{"self":[{"href":"https:\/\/centre-innovation-sociale-ecologique.essec.edu\/index.php\/wp-json\/wp\/v2\/posts\/5546"}],"collection":[{"href":"https:\/\/centre-innovation-sociale-ecologique.essec.edu\/index.php\/wp-json\/wp\/v2\/posts"}],"about":[{"href":"https:\/\/centre-innovation-sociale-ecologique.essec.edu\/index.php\/wp-json\/wp\/v2\/types\/post"}],"author":[{"embeddable":true,"href":"https:\/\/centre-innovation-sociale-ecologique.essec.edu\/index.php\/wp-json\/wp\/v2\/users\/2"}],"replies":[{"embeddable":true,"href":"https:\/\/centre-innovation-sociale-ecologique.essec.edu\/index.php\/wp-json\/wp\/v2\/comments?post=5546"}],"version-history":[{"count":9,"href":"https:\/\/centre-innovation-sociale-ecologique.essec.edu\/index.php\/wp-json\/wp\/v2\/posts\/5546\/revisions"}],"predecessor-version":[{"id":5677,"href":"https:\/\/centre-innovation-sociale-ecologique.essec.edu\/index.php\/wp-json\/wp\/v2\/posts\/5546\/revisions\/5677"}],"wp:attachment":[{"href":"https:\/\/centre-innovation-sociale-ecologique.essec.edu\/index.php\/wp-json\/wp\/v2\/media?parent=5546"}],"wp:term":[{"taxonomy":"category","embeddable":true,"href":"https:\/\/centre-innovation-sociale-ecologique.essec.edu\/index.php\/wp-json\/wp\/v2\/categories?post=5546"},{"taxonomy":"post_tag","embeddable":true,"href":"https:\/\/centre-innovation-sociale-ecologique.essec.edu\/index.php\/wp-json\/wp\/v2\/tags?post=5546"}],"curies":[{"name":"wp","href":"https:\/\/api.w.org\/{rel}","templated":true}]}}