{"id":4899,"date":"2022-09-14T11:49:15","date_gmt":"2022-09-14T09:49:15","guid":{"rendered":"https:\/\/impactinitiative.essec.edu\/?p=4899"},"modified":"2022-10-10T14:27:25","modified_gmt":"2022-10-10T12:27:25","slug":"veille-n16-les-dernieres-actualites","status":"publish","type":"post","link":"https:\/\/centre-innovation-sociale-ecologique.essec.edu\/index.php\/2022\/09\/14\/veille-n16-les-dernieres-actualites\/","title":{"rendered":"Veille n\u00b016 : Les derni\u00e8res actualit\u00e9s"},"content":{"rendered":"<p>[et_pb_section fb_built=\u00a0\u00bb1&Prime; admin_label=\u00a0\u00bbsection\u00a0\u00bb _builder_version=\u00a0\u00bb4.16&Prime; global_colors_info=\u00a0\u00bb{}\u00a0\u00bb][et_pb_row admin_label=\u00a0\u00bbrow\u00a0\u00bb _builder_version=\u00a0\u00bb4.16&Prime; background_size=\u00a0\u00bbinitial\u00a0\u00bb background_position=\u00a0\u00bbtop_left\u00a0\u00bb background_repeat=\u00a0\u00bbrepeat\u00a0\u00bb global_colors_info=\u00a0\u00bb{}\u00a0\u00bb][et_pb_column type=\u00a0\u00bb4_4&Prime; _builder_version=\u00a0\u00bb4.16&Prime; custom_padding=\u00a0\u00bb|||\u00a0\u00bb global_colors_info=\u00a0\u00bb{}\u00a0\u00bb custom_padding__hover=\u00a0\u00bb|||\u00a0\u00bb][et_pb_image src=\u00a0\u00bbhttps:\/\/impactinitiative.essec.edu\/wp-content\/uploads\/2022\/09\/artboard-studio-c-KRSHct7Ho-unsplash-2-scaled.jpg\u00a0\u00bb title_text=\u00a0\u00bbartboard-studio-c-KRSHct7Ho-unsplash\u00a0\u00bb _builder_version=\u00a0\u00bb4.18.0&Prime; _module_preset=\u00a0\u00bbdefault\u00a0\u00bb global_colors_info=\u00a0\u00bb{}\u00a0\u00bb][\/et_pb_image][et_pb_text _builder_version=\u00a0\u00bb4.18.0&Prime; _module_preset=\u00a0\u00bbdefault\u00a0\u00bb hover_enabled=\u00a0\u00bb0&Prime; global_colors_info=\u00a0\u00bb{}\u00a0\u00bb sticky_enabled=\u00a0\u00bb0&Prime;]<\/p>\n<p><strong>Veille mensuelle fran\u00e7aise et internationale de l\u2019\u00e9valuation d\u2019impact social n\u00b016 &#8211; Actualit\u00e9s<\/strong><\/p>\n<p><em>Juillet-Ao\u00fbt 2022<\/em><\/p>\n<p>&nbsp;<\/p>\n<p><strong>\u00c9v\u00e9nements et actualit\u00e9s du secteur<\/strong><\/p>\n<p><em>En France<\/em><\/p>\n<ul>\n<li>Les Universit\u00e9s d&rsquo;\u00c9t\u00e9 de l&rsquo;\u00c9conomie de Demain se sont tenues les 29 et 30 ao\u00fbt \u00e0 Paris. Cet \u00e9v\u00e9nement a \u00e9t\u00e9 l\u2019occasion pour l\u2019Impact Tank de remettre <a href=\"https:\/\/impact-tank.org\/wp-content\/uploads\/2022\/09\/ENTREPRISES-ET-IMPACT-SOCIETAL-MAJ-SEPTEMBRE-WEB-1.pdf\" target=\"_blank\" rel=\"nofollow\">un rapport sur l&rsquo;impact soci\u00e9tal des entreprises<\/a> \u00e0 Olivia Gregoire, ministre charg\u00e9e des PME pour impulser un nouveau consensus et une d\u00e9finition commune de l&rsquo;engagement soci\u00e9tal des entreprises et de la mesure d&rsquo;impact, en France et en Europe. Agn\u00e8s Audier, pr\u00e9sidente de l\u2019Impact Tank et Thierry D\u00e9au, PDG de M\u00e9ridiam et Pr\u00e9sident de Finance 4 Tomorrow signent <a href=\"https:\/\/www.lemonde.fr\/idees\/article\/2022\/08\/04\/un-new-deal-de-l-impact-social-et-ecologique-des-entreprises-est-indispensable_6137096_3232.html\" target=\"_blank\" rel=\"nofollow\">une tribune dans le Monde<\/a> dans laquelle ils appellent \u00e0 un \u201cNew Deal de l\u2019impact\u201d. Selon eux, il est urgent de s\u2019accorder sur une d\u00e9finition commune de l\u2019engagement soci\u00e9tal des acteurs \u00e9conomiques afin de r\u00e9pondre \u00e0 l\u2019urgence sociale et \u00e9cologique. Il s\u2019agit notamment de construire des r\u00e9f\u00e9rentiels d\u2019impact partag\u00e9s afin d\u2019harmoniser les pratiques et les prises de d\u00e9cision, et en bout de ligne, d\u2019augmenter la performance soci\u00e9tale.<\/li>\n<li>Le mardi 30 ao\u00fbt 2022 s\u2019est tenu le Forum \u00ab Construire l\u2019innovation sociale de rupture : agir et coop\u00e9rer \u00bb organis\u00e9 par le LabCom Destins \u00e0 la Facult\u00e9 de Sciences Economiques de Poitiers. Les ateliers et conf\u00e9rences de l\u2019\u00e9v\u00e9nement visaient \u00e0 \u00e9changer sur les enjeux d\u2019\u00e9mergence de d\u00e9marches d\u2019innovation sociale et de coop\u00e9ration transformatrices. Parmi les axes de recherche figurent la mesure d\u2019impact des innovations sociales de rupture \u00e0 travers l\u2019analyse de l\u2019\u00e9cosyst\u00e8me. L\u2019Avise a pr\u00e9sent\u00e9 <a href=\"https:\/\/www.avise.org\/actualites\/le-forum-du-labcom-destins-construire-linnovation-sociale-de-rupture\" target=\"_blank\" rel=\"nofollow\">un compte rendu<\/a> de cette journ\u00e9e.<\/li>\n<li>Le Forum Convergences s\u2019est d\u00e9roul\u00e9 \u00e0 Paris les 5 et 6 septembre et l\u2019occasion de plusieurs prises de parole sur l\u2019\u00e9valuation d\u2019impact social :\n<ul>\n<li>Une conf\u00e9rence organis\u00e9e par l\u2019EVPA, orient\u00e9e financeurs, intitul\u00e9e \u201c<a href=\"https:\/\/www.forum3zero2022.convergences.org\/fr\/session\/717c2a9e-1913-ed11-bd6e-a04a5e7d2ab9\" target=\"_blank\" rel=\"nofollow\">Mesure et gestion des impacts : pourquoi est-ce important ?<\/a>\u201d<\/li>\n<li>Une table ronde anim\u00e9e par l\u2019Avise, intitul\u00e9e <a href=\"https:\/\/www.forum3zero2022.convergences.org\/fr\/session\/2f576d5e-d509-ed11-bd6e-a04a5e7d2ab9\" target=\"_blank\" rel=\"nofollow\">\u201cAdopter une d\u00e9marche int\u00e9gr\u00e9e de la mesure d\u2019impact : retours d\u2019exp\u00e9rience\u201d<\/a>. Elle a \u00e9t\u00e9 notamment l\u2019occasion de pr\u00e9senter les r\u00e9sultats des travaux r\u00e9alis\u00e9s par les Groupes des Petits D\u00e9jeuners de la Mesure d\u2019Impact Social sur l\u2019\u00e9valuation int\u00e9gr\u00e9e (cf. infra).<\/li>\n<\/ul>\n<\/li>\n<li>Dans le cadre du partenariat entre la France et le Qu\u00e9bec dans le domaine de l\u2019ESS, le Minist\u00e8re de l\u2019\u00c9conomie, des Finances et de la Souverainet\u00e9 industrielle et num\u00e9rique organise avec le Minist\u00e8re qu\u00e9b\u00e9cois de l\u2019\u00c9conomie et de l\u2019Innovation <a href=\"https:\/\/www.finance-fair.org\/fr\/evenements\/atelier-dechanges-en-ligne-quebec-france-financer-leconomie-sociale-et-solidaire-et\" target=\"_blank\" rel=\"nofollow\">un webinaire consacr\u00e9 \u00e0 la finance solidaire et \u00e0 son impact<\/a> le mardi 13 septembre \u00e0 14h30 (heures fran\u00e7aises).<\/li>\n<li>Le 30 septembre aura lieu la pr\u00e9sentation de StarOnline, l&rsquo;outil digital de <a href=\"https:\/\/www.etoile-progression.com\/\" target=\"_blank\" rel=\"nofollow\">l&rsquo;Etoile de Progression<\/a>, d\u00e9sormais disponible en fran\u00e7ais.<\/li>\n<\/ul>\n<p>&nbsp;<\/p>\n<p>&nbsp;<\/p>\n<p><em>A l\u2019international <\/em><\/p>\n<ul>\n<li>En r\u00e9action \u00e0 des rumeurs circulant sur <strong>l&rsquo;intention du gouvernement britannique de r\u00e9duire sa consid\u00e9ration pour les enjeux de valeur social<\/strong>, <a href=\"https:\/\/socialvalueuk.org\/wp-content\/uploads\/2022\/08\/SVUK-Position-Paper-Rolling-Back-on-Social-Value-Weightings-and-Ethics-in-Procurement.pdf\" target=\"_blank\" rel=\"nofollow\">Social Value UK a r\u00e9dig\u00e9 une tribune<\/a>, cosign\u00e9e par plusieurs acteurs du secteur de l\u2019\u00e9valuation au Royaume-Uni, et r\u00e9it\u00e9rant son engagement pour conduire des actions avec le gouvernement mettant la valeur sociale au coeur de la d\u00e9cision.<\/li>\n<li>Le consortium <strong>Incubators 4 Change, <\/strong>dirig\u00e9 par l&rsquo;ESSEC Business School (France) et compos\u00e9 de TED University (Turquie) et Social Impact Award (Autriche) a partag\u00e9 \u00e0 la fin du mois d&rsquo;ao\u00fbt les r\u00e9sultats de trois ann\u00e9es de collaboration sur les incubateurs d\u2019entreprises sociales sur son <a href=\"https:\/\/impactinitiative.essec.edu\/index.php\/laboratoire-emise\/incubators-4-change\/\" target=\"_blank\" rel=\"nofollow\">site internet<\/a> (cinq livrables en anglais). Ce projet de recherche financ\u00e9 par l&rsquo;Agence Erasmus+ et auquel le Labo E&amp;MISE a particip\u00e9, s\u2019est ax\u00e9 sur les bonnes pratiques de d\u00e9veloppement d\u2019incubateurs d&rsquo;entreprises sociales dans les \u00e9tablissements d\u2019\u00e9ducation sup\u00e9rieure, avec une focale sur l\u2019\u00e9valuation et le management de l&rsquo;impact social pour les incubateurs sociaux.<\/li>\n<li>La conf\u00e9rence annuelle <a href=\"https:\/\/socialvaluematters.com\/\" target=\"_blank\" rel=\"nofollow\">Social Value Matters<\/a>, organis\u00e9e par Social Value International, <strong>se tiendra les 24 et 25 octobre prochains \u00e0 Turin.<\/strong> Elle r\u00e9unira des participants de diff\u00e9rents secteurs pour d\u00e9battre de mani\u00e8res de prendre des d\u00e9cisions qui tiennent compte de la voix des parties prenantes, qui soient transparentes et responsables, qui prot\u00e8gent les populations et la plan\u00e8te, et qui puissent \u00eatre prises \u00e0 des niveaux locaux, r\u00e9gionaux et mondiaux.<\/li>\n<li><strong>Social Value UK <\/strong>propose sa <a href=\"https:\/\/socialvalueuk.org\/online-accredited-social-value-and-sroi-practitioner-training\/#structure\" target=\"_blank\" rel=\"nofollow\">formation \u201cValue &amp; SROI practitioner\u00a0\u00bb en ligne,<\/a> avec un format de cinq rencontres sur deux semaines. Les prochaines sessions d\u00e9marreront les 6 septembre, 4 octobre et 2 novembre prochains.<\/li>\n<li><strong>Social Value International<\/strong> propose, en lien avec l&rsquo;organisme de formation Efiko international, un cours en ligne intitul\u00e9 <a href=\"https:\/\/www.linkedin.com\/company\/social-impact-analysts-association\/posts\/?feedView=all\" target=\"_blank\" rel=\"nofollow\">\u201cImpact Measurement: Applying the Principles of Social Value and SROI.\u201d<\/a> La prochaine session d\u00e9marrera le 8 septembre.<\/li>\n<\/ul>\n<p>&nbsp;<\/p>\n<p><strong>Rapports d\u2019impact<\/strong><\/p>\n<p><strong>\u00a0<\/strong><\/p>\n<p><em>En France<\/em><\/p>\n<p>&nbsp;<\/p>\n<ul>\n<li>Quel est l\u2019impact de l&rsquo;Accueil P\u00e9richaux sur le parcours et la situation des sans domicile accueillis ? C\u2019est la question \u00e0 laquelle l\u2019Agence Phares a cherch\u00e9 \u00e0 r\u00e9pondre en accompagnant l\u2019association Depaul France gr\u00e2ce \u00e0 une \u00e9valuation qualitative portant sur l\u2019am\u00e9lioration de la sant\u00e9, du bien-\u00eatre et de l\u2019estime de soi des personnes accompagn\u00e9es.<\/li>\n<li>Kimso a r\u00e9alis\u00e9 l\u2019\u00e9valuation de l\u2019association Un Avenir apr\u00e8s le Travail qui vise \u00e0 \u00ab\u00a0Former des animateurs retraite pour accompagner la pr\u00e9paration \u00e0 la retraite des travailleurs en ESAT \u00bb. L\u2019\u00e9tude montre que l\u2019association r\u00e9pond \u00e0 un r\u00e9el besoin pour les personnes en situation de handicap et que la formation permet aux animateurs retraite et aux travailleurs en ESAT de comprendre les enjeux de la retraite et de briser un tabou.<\/li>\n<li>Koreis a accompagn\u00e9 la Fondation Epic pour mesurer mesurer l&rsquo;effet de son action sur le comportement de don des particuliers fortun\u00e9s. Epic a contribu\u00e9 \u00e0 sensibiliser \u00e0 l&rsquo;importance du don et a rendu le processus de don plus facile et plus accessible pour pr\u00e8s de 70 % des personnes interrog\u00e9es. De m\u00eame, 81 % des donateurs qui avaient du mal \u00e0 faire confiance aux organisations caritatives ont d\u00e9clar\u00e9 qu&rsquo;Epic les avait aid\u00e9s \u00e0 surmonter cette difficult\u00e9.<\/li>\n<li>Koreis a men\u00e9 <a href=\"https:\/\/ppm-asso.org\/impact-social\/\" target=\"_blank\" rel=\"nofollow\">l\u2019\u00e9valuation d\u2019impact social 2021 -2022 de l\u2019association Parrains Par Mille<\/a>, qui d\u00e9veloppe du parrainage de proximit\u00e9 aupr\u00e8s d\u2019enfants et de jeunes isol\u00e9s. L\u2019\u00e9tude met en \u00e9vidence des effets en termes de sortie de l\u2019isolement social, de d\u00e9veloppement du bien-\u00eatre et d\u2019\u00e9panouissement, d\u2019acquisition de codes sociaux et de sentiment de se sentir soutenu pour les jeunes parrain\u00e9s.<\/li>\n<li>Des chercheurs de l\u2019INSEE, de la Paris School of Economics, du CNRS et de l\u2019Universit\u00e9 de Warwick (Royaume-Uni) ont conduit une <a href=\"https:\/\/www.povertyactionlab.org\/sites\/default\/files\/research-paper\/WP_4204_Social-Benefits_Gurand-et-all_July2022.pdf\" target=\"_blank\" rel=\"nofollow\">exp\u00e9rimentation aupr\u00e8s de demandeurs d\u2019emploi sur le recours aux aides<\/a>, d\u00e9montrant qu&rsquo;une rencontre avec les services sociaux pour \u00e9valuer l&rsquo;\u00e9ligibilit\u00e9 et aider \u00e0 la demande de prestations sociales a augment\u00e9 de 31 % le recours aux nouvelles prestations. En revanche, un simulateur en ligne qui donnait des informations personnalis\u00e9es sur l&rsquo;\u00e9ligibilit\u00e9 aux prestations n&rsquo;a eu aucun effet sur le recours aux prestations.<\/li>\n<\/ul>\n<p>&nbsp;<\/p>\n<p><em>A l\u2019international<\/em><\/p>\n<p>&nbsp;<\/p>\n<p>&nbsp;<\/p>\n<ul>\n<li>ELEVA Capital partage son <a href=\"https:\/\/www.linkedin.com\/feed\/update\/urn:li:activity:6960924001166622720\/\" target=\"_blank\" rel=\"nofollow\">premier rapport d\u2019impact pour le fonds ELEVA Sustainable Impact Europe<\/a> pour l\u2019ann\u00e9e 2021, r\u00e9alis\u00e9 \u00e0 l&rsquo;aide du cabinet Stone Soup Consulting.<\/li>\n<li>Cherrylyn P. Labayo, du Bicol University Center for Policy Studies and Development (Philippines), publie une \u00e9tude intitul\u00e9e <a href=\"https:\/\/www.researchgate.net\/publication\/361463819_Impact_Evaluation_of_Teacher-_Training_Extension_Program_in_Higher_Education_A_Qualitative_Assessment_Approach\" target=\"_blank\" rel=\"nofollow\"><em>Impact Evaluation of Teacher Training Extension Program in Higher Education: A Qualitative Assessment Approach,<\/em><\/a> portant sur un programme d&rsquo;extension de la formation des enseignants dans une universit\u00e9 de la r\u00e9gion de Bicol, et bas\u00e9e sur le mod\u00e8le d\u2019\u00e9valuation des formations de Kirkpatrick. Les r\u00e9sultats sugg\u00e8rent que la formation des enseignants a \u00e9t\u00e9 mise en \u0153uvre avec succ\u00e8s au niveau de l\u2019appr\u00e9ciation des participants mais n&rsquo;a pas provoqu\u00e9 de changements dans l&rsquo;apprentissage.<\/li>\n<li>Sally Brinkman, Alanna Sincovich, Benjamin Lam et Tara Beteille de la Banque Mondiale partagent les <a href=\"https:\/\/documents1.worldbank.org\/curated\/en\/099505306302216027\/pdf\/P1676110ae2cb8070a3b805b1b956182b5.pdf\" target=\"_blank\" rel=\"nofollow\">r\u00e9sultats d\u2019une \u00e9valuation d\u2019impact portant sur un programme de soin \u00e0 la petite enfance au Laos<\/a>. L&rsquo;impact de trois interventions a \u00e9t\u00e9 mesur\u00e9 par le biais de trois essais randomis\u00e9s : des groupes de jeu anim\u00e9s par des soignants, de l\u2019enseignement pr\u00e9-primaire, et des campagnes de sensibilisation aupr\u00e8s des familles.<\/li>\n<li>Eric P. Bettinger, Benjamin L. Castleman, Alice Choe et Zachary Mabel (Stanford University School of Education, University of Virginia et Georgetown University) proposent une <a href=\"https:\/\/www.povertyactionlab.org\/sites\/default\/files\/research-paper\/revision_-_finishing_the_last_lap_-_tpmanuscript_-_5.3.22.pdf\" target=\"_blank\" rel=\"nofollow\">\u00e9tude sur les strat\u00e9gies visant \u00e0 accro\u00eetre la r\u00e9ussite des \u00e9tudiants qui terminent leurs \u00e9tudes postsecondaires.<\/a> Celle-ci a port\u00e9 sur un \u00e9chantillon de 21 533 \u00e9tudiants dans 20 universit\u00e9s am\u00e9ricaines et l\u2019intervention consistait en l\u2019envoi de SMS les invitant \u00e0 se rapprocher de l\u2019administration de leur universit\u00e9 ou leur rappelant des \u00e9ch\u00e9ances importantes. Les r\u00e9sultats de l\u2019\u00e9tude sugg\u00e8rent que ces campagnes ont eu peu d\u2019effet sur l\u2019obtention de leur dipl\u00f4me par ces \u00e9tudiants.<\/li>\n<li><a href=\"https:\/\/www.sciencedirect.com\/science\/article\/pii\/S019074092200281X?via%3Dihub\" target=\"_blank\" rel=\"nofollow\">Une \u00e9tude randomis\u00e9e \u00e0 para\u00eetre dans la revue Children and Youth Services<\/a> se penche sur l&rsquo;impact du programme Family Matters pour les jeunes \u00e2g\u00e9s de 10 \u00e0 18 ans \u00e0 risque d&rsquo;adopter un comportement d\u00e9linquant dans les Cara\u00efbes. Le programme a permis d&rsquo;am\u00e9liorer la supervision parentale et de r\u00e9duire certains comportements et attitudes n\u00e9gatifs des jeunes, mais l&rsquo;ampleur des changements est faible : le nombre moyen de facteurs de risque des participants n&rsquo;a diminu\u00e9 que d&rsquo;un cinqui\u00e8me d&rsquo;un \u00e9cart-type. L&rsquo;am\u00e9lioration des comportements ne s&rsquo;est pas traduite par une r\u00e9duction de la d\u00e9linquance des jeunes.<\/li>\n<\/ul>\n<p>&nbsp;<\/p>\n<p>&nbsp;<\/p>\n<p>&nbsp;<\/p>\n<p><strong>Publications<\/strong><\/p>\n<p><em>En France<\/em><\/p>\n<ul>\n<li>Le Groupe de Travail des Petits D\u00e9jeuners de la Mesure d\u2019Impact, co-anim\u00e9 par Convergences, l\u2019Avise et Improve, a publi\u00e9 <a href=\"https:\/\/www.convergences.org\/wp-content\/uploads\/2022\/09\/PDMI-Livrable-2022-Mesure-dimpact-integree.pdf\" target=\"_blank\" rel=\"nofollow\">un livrable sur la notion d\u2019\u00e9valuation int\u00e9gr\u00e9e<\/a>. Il s\u2019agit de concilier les mesures d\u2019impacts \u00e9conomiques, sociaux et environnementaux dans une d\u00e9marche d\u2019\u00e9valuation. La publication pr\u00e9sente 9 d\u00e9marches d\u2019\u00e9valuation int\u00e9gr\u00e9e parmi lesquelles se trouvent, entre autres, l\u2019\u00e9tude de Citiz Grand Est par Goodwill Management, celle de Commune Mesure sur les Tiers-Lieux, celle du fonds de dotation de Maison du Monde par Improve, celle de Toulouse M\u00e9tropole sur sa politique ESS par Ellyx ou encore celle du programme Inclusion &amp; Ruralit\u00e9 par le Labo E&amp;MISE ESSEC.<\/li>\n<li>Un collectif d\u2019acteurs et dirigeants d\u2019entreprises publie <a href=\"https:\/\/www.latribune.fr\/opinions\/tribunes\/pas-de-developpement-durable-sans-mesure-d-impact-929054.html\" target=\"_blank\" rel=\"nofollow\">un article d\u2019opinion dans la Tribune<\/a> afin de plaider pour la prise en compte de la mesure d\u2019impact dans le d\u00e9veloppement durable au moment o\u00f9 l\u2019EFRAG (European financial reporting advisory group) et l&rsquo;International Sustainability Standards Board (ISSB) travaillent sur la mise en place de standards de durabilit\u00e9 \u00e0 destination des entreprises.<\/li>\n<li>Suite \u00e0 la publication du rapport <a href=\"https:\/\/www.associations.gouv.fr\/IMG\/pdf\/rapport-final-e_valuation-actions-associatives-avril-2022-sch-bba-pdc-et-pbo.pdf\" target=\"_blank\" rel=\"nofollow\">\u00ab \u00c9valuation des actions associatives \u00bb<\/a> en juin 2022, le Labo E&amp;MISE ESSEC animera en septembre une matin\u00e9e sur les fondamentaux de l\u2019\u00e9valuation d\u2019impact social pour une soixantaine d\u2019associations membres de l\u2019Institut IDEAS.<\/li>\n<li>Le Fonds 2050 d\u00e9voile <a href=\"https:\/\/alignment-playbook.com\/\" target=\"_blank\" rel=\"nofollow\">une banque d\u2019outils<\/a> collaborative pour aider les entreprises \u00e0 impact \u00e0 se structurer. On y retrouve notamment des outils sur la prise en compte de l\u2019impact social et environnemental.<\/li>\n<li>Approches !, un atelier d&rsquo;urbanisme, a conduit \u00e0 partir de 2018 une recherche-action sur les impacts urbains et sociaux de l\u2019urbanisme transitoire. Cette \u00e9tude a \u00e9t\u00e9 soutenue par la Fondation de France, le PUCA, l\u2019ANCT et le Minist\u00e8re de la Transition \u00c9cologique et de la Coh\u00e9sion des Territoires. A l\u2019issue des travaux, une publication a \u00e9t\u00e9 faite sous forme de <a href=\"http:\/\/www.urbanisme-puca.gouv.fr\/parution-du-guide-pratique-evaluation-des-effets-a2555.html\" target=\"_blank\" rel=\"nofollow\">guide pratique<\/a>. Celui-ci met \u00e0 disposition des porteurs de projet\u00a0 lieu hybride, ou tiers-lieu et de leurs partenaires des outils qui visent \u00e0 les aider \u00e0 identifier et qualifier les effets et la valeur sociale cr\u00e9\u00e9e par leur projet.<\/li>\n<li>Le LabCom DESTINS a \u00e9galement publi\u00e9 quatre livres de r\u00e9flexion autour de l\u2019innovation sociale. Le quatri\u00e8me volume porte sur \u201c<a href=\"https:\/\/destins.labo.univ-poitiers.fr\/wp-content\/uploads\/2021\/12\/axe4-manifeste.pdf\" target=\"_blank\" rel=\"nofollow\">Les modalit\u00e9s et int\u00e9r\u00eats \u00e0 mesurer l\u2019innovation sociale de rupture<\/a>\u201d<\/li>\n<\/ul>\n<p>&nbsp;<\/p>\n<p>&nbsp;<\/p>\n<p><em>A l\u2019international <\/em><\/p>\n<p>&nbsp;<\/p>\n<ul>\n<li>Mathilde Pellizzari et Fabian Muniesa (Centre de Sociologie de l\u2019Innovation) ont publi\u00e9 dans l\u2019International Public Management Journal une <a href=\"https:\/\/www.tandfonline.com\/doi\/abs\/10.1080\/10967494.2022.2096733?journalCode=upmj20\" target=\"_blank\" rel=\"nofollow\">r\u00e9flexion sur la faisabilit\u00e9 des contrats \u00e0 impact social (CIS)<\/a> (acc\u00e8s restreint). En \u00e9tudiant des exemples du Chili, de la Colombie et de la France, les chercheurs montrent comment cette pr\u00e9occupation s&rsquo;est traduite de mani\u00e8re r\u00e9currente par des moyens d&rsquo;orienter les CIS vers des formes dans lesquelles il pourrait s&rsquo;av\u00e9rer viable et r\u00e9alisable.<\/li>\n<li>Joe Vassen \u00e9crit sur le blog de GEI (Global Evaluation Initiative) une<a href=\"https:\/\/www.globalevaluationinitiative.org\/blog\/educating-evaluation-professionals-addressing-nexus-data-science-and-evaluation\" target=\"_blank\" rel=\"nofollow\"> r\u00e9flexion autour de l\u2019\u00e9volution de la culture de la donn\u00e9e dans le secteur de l\u2019\u00e9valuation<\/a>, et de ses r\u00e9percussions sur la formation des \u00e9valuateurs. Si les cours de science des donn\u00e9es et de programmation doivent trouver leur place au sein des cursus, l\u2019auteur souligne \u00e9galement l\u2019importance du jugement critique afin de pouvoir prendre la hauteur n\u00e9cessaire vis-\u00e0-vis des donn\u00e9es.<\/li>\n<li>Unmesh Sheth partage dans la <a href=\"https:\/\/www.linkedin.com\/pulse\/communicating-impact-through-actionable-storytelling-unmesh-sheth\/?trackingId=9rHj8R%2BHA46R%2F1aP6DwbiQ%3D%3D\" target=\"_blank\" rel=\"nofollow\">derni\u00e8re \u00e9dition de la newsletter Impact Measurement &amp; Management done right des bonnes pratiques de communication pour son \u00e9valuation d\u2019impact<\/a>, avec notamment une proposition de plan pour articuler son discours.<\/li>\n<\/ul>\n<p><em>Figure 1 : Infographie illustrant la newsletter de So Pact<\/em><\/p>\n<p><strong>\u00a0<\/strong><\/p>\n<p><strong>\u00a0<\/strong><\/p>\n<p><strong>\u00a0<\/strong><\/p>\n<ul>\n<li>Dans le cadre de sa s\u00e9rie d\u2019articles \u201cRethinking Philantrophy,\u201d le magazine The Philanthropist a publi\u00e9 en juillet un <a href=\"https:\/\/thephilanthropist.ca\/2022\/07\/measuring-and-accounting-for-success-in-the-charitable-and-non-profit-sector\/\" target=\"_blank\" rel=\"nofollow\">article de Nancy Pole \u00e9voquant l\u2019\u00e9valuation des actions de philantrophie.<\/a> L\u2019auteure appelle les fondations \u00e0 jouer un r\u00f4le cl\u00e9 dans la r\u00e9invention des pratiques plus personnalis\u00e9es et bas\u00e9es sur la confiance.<\/li>\n<li>Lisa Hehenberger (Esade) et Christian Busch (New York University) publient dans la MIT Sloan management review un <a href=\"https:\/\/sloanreview.mit.edu\/article\/how-to-evaluate-the-impact-of-corporate-purpose\/\" target=\"_blank\" rel=\"nofollow\">article portant sur l\u2019\u00e9valuation de l\u2019impact de la responsabilit\u00e9 soci\u00e9tale des entreprises<\/a>, soutenant que si de nombreuses entreprises et dirigeants parlent de leur mission, cela n&rsquo;est cr\u00e9dible que s&rsquo;ils \u00e9valuent avec pr\u00e9cision s&rsquo;ils progressent r\u00e9ellement dans cette direction. Des pistes sur la mani\u00e8re dont cela est possible sont \u00e9voqu\u00e9es, notamment 1) la compr\u00e9hension de l&rsquo;impact actuel ; 2) l&rsquo;identification d&rsquo;indicateurs de performance qui suivent les sorties et les r\u00e9sultats, et pas seulement les entr\u00e9es ; et 3) la syst\u00e9matisation de la collecte et de l&rsquo;analyse des donn\u00e9es pour un apprentissage et une am\u00e9lioration continus.<\/li>\n<li>Jarrod Ormiston de l\u2019University of Technology de Sydney publie un <a href=\"https:\/\/journals.sagepub.com\/doi\/abs\/10.1177\/00076503221120568?journalCode=basa\" target=\"_blank\" rel=\"nofollow\">article (en acc\u00e8s restreint) portant sur les r\u00e9ponses des entreprises sociales aux pratiques d&rsquo;\u00e9valuation d&rsquo;impact.<\/a> L&rsquo;\u00e9tude conduite s&rsquo;appuie sur des entretiens avec des praticiens impliqu\u00e9s dans des duos entreprise sociale-investisseur d&rsquo;impact en Australie et au Royaume-Uni. Les r\u00e9sultats r\u00e9v\u00e8lent que les entreprises sociales adoptent des r\u00e9ponses soit combatives, soit collaboratives dans leurs relations avec les investisseurs d&rsquo;impact en fonction de leurs exp\u00e9riences ant\u00e9rieures en mati\u00e8re d&rsquo;\u00e9valuation d&rsquo;impact. Les entreprises sociales plus exp\u00e9riment\u00e9es atteignent un \u00e9tat de verrouillage de l&rsquo;impact (\u201cimpact lock-in\u201d) &#8211; o\u00f9 elles s&rsquo;engagent dans des approches particuli\u00e8res pour comprendre, mesurer et rendre compte de l&rsquo;impact.<\/li>\n<\/ul>\n<p><strong>\u00a0<\/strong><\/p>\n<p>&nbsp;<\/p>\n<p><strong>Newsletters<\/strong><\/p>\n<ul>\n<li><a href=\"https:\/\/www.avise.org\/newsletters\" target=\"_blank\" rel=\"nofollow\">La newsletter de l\u2019Avise sur l\u2019\u00e9valuation d\u2019impact social en France<\/a><\/li>\n<li><a href=\"https:\/\/ssir.org\/email\" target=\"_blank\" rel=\"nofollow\">La newsletter de Stanford Social Innovation Review (SSIR)<\/a><\/li>\n<\/ul>\n<p>&nbsp;<\/p>\n<p>Retrouvez tous les mois notre veille internationale sur l\u2019\u00e9valuation d&rsquo;impact social sur la page <a href=\"https:\/\/www.linkedin.com\/company\/42301082\/\" target=\"_blank\" rel=\"nofollow\">LinkedIn du Labo<\/a>. Des questions ? Des propositions de contributions ou des solutions pour l\u2019\u00e9valuation d\u2019impact social ? Contactez-nous via <a href=\"http:\/\/mailto:louis.raynauddelage@essec.edu\" target=\"_blank\" rel=\"nofollow\">louis.raynauddelage@essec.edu<\/a> ou <a href=\"http:\/\/mailto:leclerc@essec.edu\" target=\"_blank\" rel=\"nofollow\">leclerc@essec.edu<\/a><\/p>\n<p>&nbsp;<\/p>\n<p>Note de Veille r\u00e9dig\u00e9e par <strong>Clara Cohade<\/strong> et <strong>Louis Raynaud de Lage, <\/strong>sous la direction d\u2019<strong>Elise Leclerc.<\/strong><\/p>\n<p>[\/et_pb_text][\/et_pb_column][\/et_pb_row][\/et_pb_section]<\/p>\n","protected":false},"excerpt":{"rendered":"<p>Veille mensuelle fran\u00e7aise et internationale de l\u2019\u00e9valuation d\u2019impact social n\u00b016 &#8211; Actualit\u00e9s Juillet-Ao\u00fbt 2022 &nbsp; \u00c9v\u00e9nements et actualit\u00e9s du secteur En France Les Universit\u00e9s d&rsquo;\u00c9t\u00e9 de l&rsquo;\u00c9conomie de Demain se sont tenues les 29 et 30 ao\u00fbt \u00e0 Paris. Cet \u00e9v\u00e9nement a \u00e9t\u00e9 l\u2019occasion pour l\u2019Impact Tank de remettre un rapport sur l&rsquo;impact soci\u00e9tal des [&hellip;]<\/p>\n","protected":false},"author":2,"featured_media":0,"comment_status":"open","ping_status":"open","sticky":false,"template":"","format":"standard","meta":{"_et_pb_use_builder":"on","_et_pb_old_content":"","_et_gb_content_width":"","inline_featured_image":false},"categories":[1],"tags":[],"yoast_head":"<!-- This site is optimized with the Yoast SEO plugin v20.11 - https:\/\/yoast.com\/wordpress\/plugins\/seo\/ -->\n<title>Veille n\u00b016 : Les derni\u00e8res actualit\u00e9s - Centre Innovation Sociale et Ecologique<\/title>\n<meta name=\"robots\" content=\"noindex, follow\" \/>\n<meta property=\"og:locale\" content=\"fr_FR\" \/>\n<meta property=\"og:type\" content=\"article\" \/>\n<meta property=\"og:title\" content=\"Veille n\u00b016 : Les derni\u00e8res actualit\u00e9s - Centre Innovation Sociale et Ecologique\" \/>\n<meta property=\"og:description\" content=\"Veille mensuelle fran\u00e7aise et internationale de l\u2019\u00e9valuation d\u2019impact social n\u00b016 - Actualit\u00e9s Juillet-Ao\u00fbt 2022 &nbsp; \u00c9v\u00e9nements et actualit\u00e9s du secteur En France Les Universit\u00e9s d&#039;\u00c9t\u00e9 de l&#039;\u00c9conomie de Demain se sont tenues les 29 et 30 ao\u00fbt \u00e0 Paris. Cet \u00e9v\u00e9nement a \u00e9t\u00e9 l\u2019occasion pour l\u2019Impact Tank de remettre un rapport sur l&#039;impact soci\u00e9tal des [&hellip;]\" \/>\n<meta property=\"og:url\" content=\"https:\/\/centre-innovation-sociale-ecologique.essec.edu\/index.php\/2022\/09\/14\/veille-n16-les-dernieres-actualites\/\" \/>\n<meta property=\"og:site_name\" content=\"Centre Innovation Sociale et Ecologique\" \/>\n<meta property=\"article:published_time\" content=\"2022-09-14T09:49:15+00:00\" \/>\n<meta property=\"article:modified_time\" content=\"2022-10-10T12:27:25+00:00\" \/>\n<meta name=\"author\" content=\"Essec\" \/>\n<meta name=\"twitter:card\" content=\"summary_large_image\" \/>\n<meta name=\"twitter:label1\" content=\"\u00c9crit par\" \/>\n\t<meta name=\"twitter:data1\" content=\"Essec\" \/>\n\t<meta name=\"twitter:label2\" content=\"Dur\u00e9e de lecture estim\u00e9e\" \/>\n\t<meta name=\"twitter:data2\" content=\"14 minutes\" \/>\n<script type=\"application\/ld+json\" class=\"yoast-schema-graph\">{\"@context\":\"https:\/\/schema.org\",\"@graph\":[{\"@type\":\"Article\",\"@id\":\"https:\/\/centre-innovation-sociale-ecologique.essec.edu\/index.php\/2022\/09\/14\/veille-n16-les-dernieres-actualites\/#article\",\"isPartOf\":{\"@id\":\"https:\/\/centre-innovation-sociale-ecologique.essec.edu\/index.php\/2022\/09\/14\/veille-n16-les-dernieres-actualites\/\"},\"author\":{\"name\":\"Essec\",\"@id\":\"https:\/\/centre-innovation-sociale-ecologique.essec.edu\/#\/schema\/person\/ffb9b21a7056cc497e2fe8732aa91fcc\"},\"headline\":\"Veille n\u00b016 : Les derni\u00e8res actualit\u00e9s\",\"datePublished\":\"2022-09-14T09:49:15+00:00\",\"dateModified\":\"2022-10-10T12:27:25+00:00\",\"mainEntityOfPage\":{\"@id\":\"https:\/\/centre-innovation-sociale-ecologique.essec.edu\/index.php\/2022\/09\/14\/veille-n16-les-dernieres-actualites\/\"},\"wordCount\":2710,\"commentCount\":0,\"publisher\":{\"@id\":\"https:\/\/centre-innovation-sociale-ecologique.essec.edu\/#organization\"},\"inLanguage\":\"fr-FR\",\"potentialAction\":[{\"@type\":\"CommentAction\",\"name\":\"Comment\",\"target\":[\"https:\/\/centre-innovation-sociale-ecologique.essec.edu\/index.php\/2022\/09\/14\/veille-n16-les-dernieres-actualites\/#respond\"]}]},{\"@type\":\"WebPage\",\"@id\":\"https:\/\/centre-innovation-sociale-ecologique.essec.edu\/index.php\/2022\/09\/14\/veille-n16-les-dernieres-actualites\/\",\"url\":\"https:\/\/centre-innovation-sociale-ecologique.essec.edu\/index.php\/2022\/09\/14\/veille-n16-les-dernieres-actualites\/\",\"name\":\"Veille n\u00b016 : Les derni\u00e8res actualit\u00e9s - Centre Innovation Sociale et Ecologique\",\"isPartOf\":{\"@id\":\"https:\/\/centre-innovation-sociale-ecologique.essec.edu\/#website\"},\"datePublished\":\"2022-09-14T09:49:15+00:00\",\"dateModified\":\"2022-10-10T12:27:25+00:00\",\"breadcrumb\":{\"@id\":\"https:\/\/centre-innovation-sociale-ecologique.essec.edu\/index.php\/2022\/09\/14\/veille-n16-les-dernieres-actualites\/#breadcrumb\"},\"inLanguage\":\"fr-FR\",\"potentialAction\":[{\"@type\":\"ReadAction\",\"target\":[\"https:\/\/centre-innovation-sociale-ecologique.essec.edu\/index.php\/2022\/09\/14\/veille-n16-les-dernieres-actualites\/\"]}]},{\"@type\":\"BreadcrumbList\",\"@id\":\"https:\/\/centre-innovation-sociale-ecologique.essec.edu\/index.php\/2022\/09\/14\/veille-n16-les-dernieres-actualites\/#breadcrumb\",\"itemListElement\":[{\"@type\":\"ListItem\",\"position\":1,\"name\":\"Home\",\"item\":\"https:\/\/centre-innovation-sociale-ecologique.essec.edu\/\"},{\"@type\":\"ListItem\",\"position\":2,\"name\":\"Veille n\u00b016 : Les derni\u00e8res actualit\u00e9s\"}]},{\"@type\":\"WebSite\",\"@id\":\"https:\/\/centre-innovation-sociale-ecologique.essec.edu\/#website\",\"url\":\"https:\/\/centre-innovation-sociale-ecologique.essec.edu\/\",\"name\":\"Centre Innovation Sociale et Ecologique\",\"description\":\"\",\"publisher\":{\"@id\":\"https:\/\/centre-innovation-sociale-ecologique.essec.edu\/#organization\"},\"potentialAction\":[{\"@type\":\"SearchAction\",\"target\":{\"@type\":\"EntryPoint\",\"urlTemplate\":\"https:\/\/centre-innovation-sociale-ecologique.essec.edu\/?s={search_term_string}\"},\"query-input\":\"required name=search_term_string\"}],\"inLanguage\":\"fr-FR\"},{\"@type\":\"Organization\",\"@id\":\"https:\/\/centre-innovation-sociale-ecologique.essec.edu\/#organization\",\"name\":\"Essec Business School\",\"url\":\"https:\/\/centre-innovation-sociale-ecologique.essec.edu\/\",\"logo\":{\"@type\":\"ImageObject\",\"inLanguage\":\"fr-FR\",\"@id\":\"https:\/\/centre-innovation-sociale-ecologique.essec.edu\/#\/schema\/logo\/image\/\",\"url\":\"https:\/\/impactinitiative.essec.edu\/wp-content\/uploads\/2020\/11\/ESSEC_BS_logo_BLANC.png\",\"contentUrl\":\"https:\/\/impactinitiative.essec.edu\/wp-content\/uploads\/2020\/11\/ESSEC_BS_logo_BLANC.png\",\"width\":546,\"height\":509,\"caption\":\"Essec Business School\"},\"image\":{\"@id\":\"https:\/\/centre-innovation-sociale-ecologique.essec.edu\/#\/schema\/logo\/image\/\"}},{\"@type\":\"Person\",\"@id\":\"https:\/\/centre-innovation-sociale-ecologique.essec.edu\/#\/schema\/person\/ffb9b21a7056cc497e2fe8732aa91fcc\",\"name\":\"Essec\",\"image\":{\"@type\":\"ImageObject\",\"inLanguage\":\"fr-FR\",\"@id\":\"https:\/\/centre-innovation-sociale-ecologique.essec.edu\/#\/schema\/person\/image\/\",\"url\":\"https:\/\/secure.gravatar.com\/avatar\/253b1a21aeb6e83a39f89170d50e3784?s=96&d=mm&r=g\",\"contentUrl\":\"https:\/\/secure.gravatar.com\/avatar\/253b1a21aeb6e83a39f89170d50e3784?s=96&d=mm&r=g\",\"caption\":\"Essec\"}}]}<\/script>\n<!-- \/ Yoast SEO plugin. -->","yoast_head_json":{"title":"Veille n\u00b016 : Les derni\u00e8res actualit\u00e9s - Centre Innovation Sociale et Ecologique","robots":{"index":"noindex","follow":"follow"},"og_locale":"fr_FR","og_type":"article","og_title":"Veille n\u00b016 : Les derni\u00e8res actualit\u00e9s - Centre Innovation Sociale et Ecologique","og_description":"Veille mensuelle fran\u00e7aise et internationale de l\u2019\u00e9valuation d\u2019impact social n\u00b016 - Actualit\u00e9s Juillet-Ao\u00fbt 2022 &nbsp; \u00c9v\u00e9nements et actualit\u00e9s du secteur En France Les Universit\u00e9s d'\u00c9t\u00e9 de l'\u00c9conomie de Demain se sont tenues les 29 et 30 ao\u00fbt \u00e0 Paris. Cet \u00e9v\u00e9nement a \u00e9t\u00e9 l\u2019occasion pour l\u2019Impact Tank de remettre un rapport sur l'impact soci\u00e9tal des [&hellip;]","og_url":"https:\/\/centre-innovation-sociale-ecologique.essec.edu\/index.php\/2022\/09\/14\/veille-n16-les-dernieres-actualites\/","og_site_name":"Centre Innovation Sociale et Ecologique","article_published_time":"2022-09-14T09:49:15+00:00","article_modified_time":"2022-10-10T12:27:25+00:00","author":"Essec","twitter_card":"summary_large_image","twitter_misc":{"\u00c9crit par":"Essec","Dur\u00e9e de lecture estim\u00e9e":"14 minutes"},"schema":{"@context":"https:\/\/schema.org","@graph":[{"@type":"Article","@id":"https:\/\/centre-innovation-sociale-ecologique.essec.edu\/index.php\/2022\/09\/14\/veille-n16-les-dernieres-actualites\/#article","isPartOf":{"@id":"https:\/\/centre-innovation-sociale-ecologique.essec.edu\/index.php\/2022\/09\/14\/veille-n16-les-dernieres-actualites\/"},"author":{"name":"Essec","@id":"https:\/\/centre-innovation-sociale-ecologique.essec.edu\/#\/schema\/person\/ffb9b21a7056cc497e2fe8732aa91fcc"},"headline":"Veille n\u00b016 : Les derni\u00e8res actualit\u00e9s","datePublished":"2022-09-14T09:49:15+00:00","dateModified":"2022-10-10T12:27:25+00:00","mainEntityOfPage":{"@id":"https:\/\/centre-innovation-sociale-ecologique.essec.edu\/index.php\/2022\/09\/14\/veille-n16-les-dernieres-actualites\/"},"wordCount":2710,"commentCount":0,"publisher":{"@id":"https:\/\/centre-innovation-sociale-ecologique.essec.edu\/#organization"},"inLanguage":"fr-FR","potentialAction":[{"@type":"CommentAction","name":"Comment","target":["https:\/\/centre-innovation-sociale-ecologique.essec.edu\/index.php\/2022\/09\/14\/veille-n16-les-dernieres-actualites\/#respond"]}]},{"@type":"WebPage","@id":"https:\/\/centre-innovation-sociale-ecologique.essec.edu\/index.php\/2022\/09\/14\/veille-n16-les-dernieres-actualites\/","url":"https:\/\/centre-innovation-sociale-ecologique.essec.edu\/index.php\/2022\/09\/14\/veille-n16-les-dernieres-actualites\/","name":"Veille n\u00b016 : Les derni\u00e8res actualit\u00e9s - Centre Innovation Sociale et Ecologique","isPartOf":{"@id":"https:\/\/centre-innovation-sociale-ecologique.essec.edu\/#website"},"datePublished":"2022-09-14T09:49:15+00:00","dateModified":"2022-10-10T12:27:25+00:00","breadcrumb":{"@id":"https:\/\/centre-innovation-sociale-ecologique.essec.edu\/index.php\/2022\/09\/14\/veille-n16-les-dernieres-actualites\/#breadcrumb"},"inLanguage":"fr-FR","potentialAction":[{"@type":"ReadAction","target":["https:\/\/centre-innovation-sociale-ecologique.essec.edu\/index.php\/2022\/09\/14\/veille-n16-les-dernieres-actualites\/"]}]},{"@type":"BreadcrumbList","@id":"https:\/\/centre-innovation-sociale-ecologique.essec.edu\/index.php\/2022\/09\/14\/veille-n16-les-dernieres-actualites\/#breadcrumb","itemListElement":[{"@type":"ListItem","position":1,"name":"Home","item":"https:\/\/centre-innovation-sociale-ecologique.essec.edu\/"},{"@type":"ListItem","position":2,"name":"Veille n\u00b016 : Les derni\u00e8res actualit\u00e9s"}]},{"@type":"WebSite","@id":"https:\/\/centre-innovation-sociale-ecologique.essec.edu\/#website","url":"https:\/\/centre-innovation-sociale-ecologique.essec.edu\/","name":"Centre Innovation Sociale et Ecologique","description":"","publisher":{"@id":"https:\/\/centre-innovation-sociale-ecologique.essec.edu\/#organization"},"potentialAction":[{"@type":"SearchAction","target":{"@type":"EntryPoint","urlTemplate":"https:\/\/centre-innovation-sociale-ecologique.essec.edu\/?s={search_term_string}"},"query-input":"required name=search_term_string"}],"inLanguage":"fr-FR"},{"@type":"Organization","@id":"https:\/\/centre-innovation-sociale-ecologique.essec.edu\/#organization","name":"Essec Business School","url":"https:\/\/centre-innovation-sociale-ecologique.essec.edu\/","logo":{"@type":"ImageObject","inLanguage":"fr-FR","@id":"https:\/\/centre-innovation-sociale-ecologique.essec.edu\/#\/schema\/logo\/image\/","url":"https:\/\/impactinitiative.essec.edu\/wp-content\/uploads\/2020\/11\/ESSEC_BS_logo_BLANC.png","contentUrl":"https:\/\/impactinitiative.essec.edu\/wp-content\/uploads\/2020\/11\/ESSEC_BS_logo_BLANC.png","width":546,"height":509,"caption":"Essec Business School"},"image":{"@id":"https:\/\/centre-innovation-sociale-ecologique.essec.edu\/#\/schema\/logo\/image\/"}},{"@type":"Person","@id":"https:\/\/centre-innovation-sociale-ecologique.essec.edu\/#\/schema\/person\/ffb9b21a7056cc497e2fe8732aa91fcc","name":"Essec","image":{"@type":"ImageObject","inLanguage":"fr-FR","@id":"https:\/\/centre-innovation-sociale-ecologique.essec.edu\/#\/schema\/person\/image\/","url":"https:\/\/secure.gravatar.com\/avatar\/253b1a21aeb6e83a39f89170d50e3784?s=96&d=mm&r=g","contentUrl":"https:\/\/secure.gravatar.com\/avatar\/253b1a21aeb6e83a39f89170d50e3784?s=96&d=mm&r=g","caption":"Essec"}}]}},"_links":{"self":[{"href":"https:\/\/centre-innovation-sociale-ecologique.essec.edu\/index.php\/wp-json\/wp\/v2\/posts\/4899"}],"collection":[{"href":"https:\/\/centre-innovation-sociale-ecologique.essec.edu\/index.php\/wp-json\/wp\/v2\/posts"}],"about":[{"href":"https:\/\/centre-innovation-sociale-ecologique.essec.edu\/index.php\/wp-json\/wp\/v2\/types\/post"}],"author":[{"embeddable":true,"href":"https:\/\/centre-innovation-sociale-ecologique.essec.edu\/index.php\/wp-json\/wp\/v2\/users\/2"}],"replies":[{"embeddable":true,"href":"https:\/\/centre-innovation-sociale-ecologique.essec.edu\/index.php\/wp-json\/wp\/v2\/comments?post=4899"}],"version-history":[{"count":4,"href":"https:\/\/centre-innovation-sociale-ecologique.essec.edu\/index.php\/wp-json\/wp\/v2\/posts\/4899\/revisions"}],"predecessor-version":[{"id":4984,"href":"https:\/\/centre-innovation-sociale-ecologique.essec.edu\/index.php\/wp-json\/wp\/v2\/posts\/4899\/revisions\/4984"}],"wp:attachment":[{"href":"https:\/\/centre-innovation-sociale-ecologique.essec.edu\/index.php\/wp-json\/wp\/v2\/media?parent=4899"}],"wp:term":[{"taxonomy":"category","embeddable":true,"href":"https:\/\/centre-innovation-sociale-ecologique.essec.edu\/index.php\/wp-json\/wp\/v2\/categories?post=4899"},{"taxonomy":"post_tag","embeddable":true,"href":"https:\/\/centre-innovation-sociale-ecologique.essec.edu\/index.php\/wp-json\/wp\/v2\/tags?post=4899"}],"curies":[{"name":"wp","href":"https:\/\/api.w.org\/{rel}","templated":true}]}}