{"id":4586,"date":"2022-07-22T22:01:23","date_gmt":"2022-07-22T20:01:23","guid":{"rendered":"https:\/\/impactinitiative.essec.edu\/?p=4586"},"modified":"2022-07-22T23:42:54","modified_gmt":"2022-07-22T21:42:54","slug":"veille-n14-les-dernieres-actualites","status":"publish","type":"post","link":"https:\/\/centre-innovation-sociale-ecologique.essec.edu\/index.php\/2022\/07\/22\/veille-n14-les-dernieres-actualites\/","title":{"rendered":"Veille n\u00b014 : Les derni\u00e8res actualit\u00e9s"},"content":{"rendered":"<p>[et_pb_section fb_built=\u00a0\u00bb1&Prime; _builder_version=\u00a0\u00bb4.16&Prime; global_colors_info=\u00a0\u00bb{}\u00a0\u00bb][et_pb_row _builder_version=\u00a0\u00bb4.17.4&Prime; background_size=\u00a0\u00bbinitial\u00a0\u00bb background_position=\u00a0\u00bbtop_left\u00a0\u00bb background_repeat=\u00a0\u00bbrepeat\u00a0\u00bb global_colors_info=\u00a0\u00bb{}\u00a0\u00bb][et_pb_column type=\u00a0\u00bb4_4&Prime; _builder_version=\u00a0\u00bb4.16&Prime; custom_padding=\u00a0\u00bb|||\u00a0\u00bb global_colors_info=\u00a0\u00bb{}\u00a0\u00bb custom_padding__hover=\u00a0\u00bb|||\u00a0\u00bb][et_pb_text _builder_version=\u00a0\u00bb4.17.4&Prime; background_size=\u00a0\u00bbinitial\u00a0\u00bb background_position=\u00a0\u00bbtop_left\u00a0\u00bb background_repeat=\u00a0\u00bbrepeat\u00a0\u00bb global_colors_info=\u00a0\u00bb{}\u00a0\u00bb]<\/p>\n<h5><img decoding=\"async\" src=\"https:\/\/i0.wp.com\/emis-essec.wiki\/wp-content\/uploads\/2022\/07\/InclusionRuralite_Photo-83.jpg?fit=1568%2C871&amp;ssl=1\" \/><\/h5>\n<h1><b>Les actualit\u00e9s, articles et outils \u00e0 saisir de l\u2019Observatoire de l\u2019Evaluation d\u2019Impact Social de l\u2019ESSEC<\/b><\/h1>\n<p><em>Mai \u2013 Juin 2022<\/em><\/p>\n<h4><strong>\u00c9v\u00e9nements et actualit\u00e9s du secteur<\/strong><\/h4>\n<h5><em>En France<\/em><\/h5>\n<ul>\n<li>La derni\u00e8re session des Petits D\u00e9jeuners de la Mesure d\u2019Impact Social (PDMI), organis\u00e9s par Convergences, l\u2019Avise et Improve, s\u2019est tenue le 12 mai dernier et a port\u00e9 sur la notion d\u2019\u00e9valuation int\u00e9gr\u00e9e. Le livrable issue de ces r\u00e9flexions sera publi\u00e9 lors du Forum Mondial des 5 et 6 septembre prochains.<\/li>\n<li>Le comit\u00e9 d\u2019organisation des Jeux Olympiques et Paralympiques de Paris 2024 a organis\u00e9 le mardi 5 juillet 2022\u00a0<a href=\"https:\/\/forms.office.com\/Pages\/ResponsePage.aspx?id=Due8oTYfjE6080iYCl947pg8zlOVgnREnTPgKemszLpUQU5INklRNEdJMkpUQ1pOSlhBTDc2NVUxQi4u\" target=\"_blank\" rel=\"nofollow\">un colloque \u00ab \u00c9valuation de la strat\u00e9gie Impact &amp; H\u00e9ritage de Paris 2024 \u00bb<\/a>. Il avait pour objectif de pr\u00e9senter la strat\u00e9gie Impact &amp; H\u00e9ritage ainsi que ses objectifs et ses premi\u00e8res r\u00e9alisations, et de d\u00e9tailler la d\u00e9marche \u00e9valuative qui l\u2019accompagne.<\/li>\n<li>Dans le cadre de l\u2019Universit\u00e9 du #FaireEnsemble organis\u00e9e par La Fonda, \u00e0 la Halle Pajol \u00e0 Paris, l\u2019Avise a anim\u00e9 un atelier aux c\u00f4t\u00e9s des Collectifs Emploi sur l\u2019\u00e9valuation collective de l\u2019Impact Social et F3E un atelier intitul\u00e9 \u201cL\u2019\u00e9valuation par les approche orient\u00e9es changement\u201dle 10 juin.<\/li>\n<li>Le 21 juin, l\u2019Impact Tank et la Fabrique du Nous ont organis\u00e9\u00a0<a href=\"https:\/\/www.eventbrite.com\/e\/billets-chiffrer-le-lien-social-heureuse-idee-ou-heresie-356295538547\" target=\"_blank\" rel=\"nofollow\">un webinaire intitul\u00e9 \u201cChiffrer le lien social : heureuse id\u00e9e ou h\u00e9r\u00e9sie ?\u201d<\/a>. Le constat : en France, de nombreuses initiatives existent pour recr\u00e9er du lien social. Leur impact est cependant limit\u00e9 tant qu\u2019elles ne changent pas d\u2019\u00e9chelle. L\u2019enjeu est donc de convaincre des investisseurs d\u2019investir massivement sur ce sujet du lien social. Pour cela, les intervenants ont identifi\u00e9 la n\u00e9cessit\u00e9 de travailler sur la preuve de l\u2019impact et ont \u00e9chang\u00e9 sur les moyens de mesurer cet impact et notamment sur la n\u00e9cessit\u00e9 ou non de le chiffrer et \u00e0 quelles conditions.<\/li>\n<li>Impact Track a r\u00e9alis\u00e9 une formation \u00e0 la mesure d\u2019 impact social pour les \u00e9quipes de l\u2019action sociale du Groupe APICIL.<\/li>\n<li>Le GREUS est intervenu lors des RIUESS 2022 organis\u00e9s par l\u2019Institut Fran\u00e7ais du Monde Associatif\u00a0<a href=\"https:\/\/www.linkedin.com\/posts\/institut-fran%C3%A7ais-du-monde-associatif_riuess-2022-un-programme-tr%C3%A8s-riche-activity-6938063647365595136-w3e4?utm_source=linkedin_share&amp;utm_medium=member_desktop_web\" target=\"_blank\" rel=\"nofollow\">sur le th\u00e8me \u201cL\u2019\u00e9valuation de l\u2019utilit\u00e9 sociale des organisations d\u2019\u00e9conomie sociale et solidaire : une approche relationnelle de la valeur\u201d<\/a>.<\/li>\n<li>Le GREUS a organis\u00e9 mardi 14 juin\u00a0<a href=\"https:\/\/www.eventbrite.fr\/e\/billets-evaluer-lutilite-sociale-une-approche-relationnelle-de-la-valeur-creee-328078079367\" target=\"_blank\" rel=\"nofollow\">un \u00e9v\u00e9nement sur le m\u00eame th\u00e8me<\/a>\u00a0\u201cEvaluer l\u2019utilit\u00e9 sociale : une approche \u201crelationnelle\u201d de la valeur cr\u00e9\u00e9e\u201d \u00e0 l\u2019Institut Catholique de Paris.<\/li>\n<li>Le Social Value France s\u2019est r\u00e9uni mardi 14 juin de de 9H \u00e0 11H en pr\u00e9sentiel \u00e0 la Maison des Metallos \u00e0 Paris afin de faire un tour des actualit\u00e9s, de pr\u00e9senter le livrable \u201cEntre \u00e9valuation de politiques Publiques et \u00e9valuation de L\u2019impact social : regards crois\u00e9s\u201d et d\u2019avoir un temps d\u2019\u00e9changes et de rencontres entre membres du Social Value France et membres de la Soci\u00e9t\u00e9 Fran\u00e7aise\u00a0 d\u2019\u00c9valuation.<\/li>\n<li>Le Labo E&amp;MISE de l\u2019ESSEC a anim\u00e9 le 15 juin\u00a0<a href=\"https:\/\/www.linkedin.com\/posts\/labo-emise_inclusion-ruralitaez-ess-activity-6943196413505773568-bT6E?utm_source=linkedin_share&amp;utm_medium=member_desktop_web\" target=\"_blank\" rel=\"nofollow\">une matin\u00e9e sur l\u2019\u00e9valuation d\u2019impact social<\/a>\u00a0aupr\u00e8s d\u2019une cinquantaine de participants dans le cadre du programme Inclusion &amp; Ruralit\u00e9 port\u00e9 par la MSA, avec AG2R La Mondiale, la DGEFP, Agrica et makesense.<\/li>\n<li>L\u2019Etoile de progression France a organis\u00e9 le 16 juin\u00a0<a href=\"https:\/\/www.eventbrite.fr\/e\/billets-webinaire-decouvrez-les-etoiles-du-mois-de-juin-302839118957\" target=\"_blank\" rel=\"nofollow\">un webinaire<\/a>\u00a0pour pr\u00e9senter des \u00e9toiles d\u00e9di\u00e9es aux personnes accompagn\u00e9es dans leur parcours d\u2019insertion, notamment sur le plan du logement et de l\u2019emploi, avec un focus particulier sur les personnes r\u00e9fugi\u00e9es.<\/li>\n<li>L\u2019Institut IDEAS organise\u00a0<a href=\"https:\/\/docs.google.com\/forms\/d\/e\/1FAIpQLSdOIU6o2iaVtmWKpQnKYiW2eaWa_pksPjl7BXu4-HiFUqRzSA\/viewform\" target=\"_blank\" rel=\"nofollow\">une table ronde autour de la publication du rapport \u00ab \u00c9valuation des actions associatives \u00bb<\/a>\u00a0le 27 juin \u00e0 18h \u00e0 la Mairie du 14\u00e8me arrondissement.<\/li>\n<li>Le 30 juin et 1er juillet prochain, Kimso organise en partenariat avec L\u2019ADMICAL \u2013 Entrepreneurs de m\u00e9c\u00e9nat\u00a0<a href=\"https:\/\/admical.org\/formations\/sinitier-la-mesure-dimpact-social-pour-piloter-un-projet-devaluation\" target=\"_blank\" rel=\"nofollow\">une formation de 2 jours sur le pilotage d\u2019une d\u00e9marche d\u2019\u00e9valuation d\u2019impact social<\/a>.<\/li>\n<li>La Fondation ContentSquare, Konexio et Impact Tank sont intervenus dans une table ronde organis\u00e9e par H7 \u00e0 Lyon pour discuter du th\u00e8me \u201cComment int\u00e9grer l\u2019impact au c\u0153ur de sa strat\u00e9gie\u201d. Le replay est\u00a0<a href=\"https:\/\/www.youtube.com\/watch?v=tLHAPsE5e1E\" target=\"_blank\" rel=\"nofollow\">en ligne<\/a>.<\/li>\n<li>Carenews a organis\u00e9\u00a0<a href=\"https:\/\/contenu.carenews.com\/inscriptions-webicare-lamesuredimpactbaguettemagique\" target=\"_blank\" rel=\"nofollow\">un webinaire<\/a>\u00a0le 23 juin avec l\u2019Avise, Impact Track et SOS Consulting sur le th\u00e8me \u201cAttentes VS r\u00e9alit\u00e9s : la mesure d\u2019impact, baguette magique ?\u201d<\/li>\n<li>L\u2019acc\u00e9l\u00e9rateur d\u2019innovation sociale de la Croix-Rouge et de Nexem a d\u00e9voil\u00e9<a href=\"https:\/\/www.carenews.com\/21-croix-rouge-francaise\/news\/annonce-des-20-projets-laureats-2022\" target=\"_blank\" rel=\"nofollow\">\u00a0sa nouvelle promotion de laur\u00e9ats.<\/a>\u00a0Ceux-ci b\u00e9n\u00e9ficieront d\u2019une mesure d\u2019impact \u00e0 l\u2019issue de la p\u00e9riode d\u2019exp\u00e9rimentation afin de \u201cd\u00e9terminer les pistes de collaboration et de d\u00e9ploiement \u00e0 plus grande \u00e9chelle de ces produits et services innovants\u201d.<\/li>\n<\/ul>\n<h5><em>A l\u2019international\u00a0<\/em><\/h5>\n<ul>\n<li>Dans le cadre de la s\u00e9rie de webinaires Evidence for Impact, Social Impact (Etats-Unis) a propos\u00e9 un webinaire intitul\u00e9\u00a0<a href=\"https:\/\/socialimpact.com\/developmental-evaluation-what-is-fundamental-and-what-is-flexible\/\" target=\"_blank\" rel=\"nofollow\">\u201cDevelopmental Evaluation : what is fundamental and what is flexible\u201d<\/a>\u00a0le mardi 31 mai \u00e0 14h15. Ce webinaire a explor\u00e9 les principes essentiels de l\u2019\u00e9valuation de projets de d\u00e9veloppement et la fa\u00e7on dont les bailleurs de fonds utilisent ces donn\u00e9es d\u2019impact.<\/li>\n<li>SoPact (Etats-Unis) et le Miller Center for Social Entrepreneurship organisent le 28 juin \u00e0 17h un webinaire intitul\u00e9<a href=\"http:\/\/calendar.google.com\/calendar\/u\/0\/r\/week\" target=\"_blank\" rel=\"nofollow\">\u00a0\u201cAccelerating entrepreneurship with impact data<\/a>\u201d, au cours duquel quatre entreprises sociales partageront leurs th\u00e8ses d\u2019impact ainsi que les donn\u00e9es collect\u00e9es.<\/li>\n<li>L\u2019agence de communication canadienne Phil a\u00a0<a href=\"https:\/\/novae.ca\/phil-accompagner-les-obnl-dans-leurs-orientations-a-impact\/\" target=\"_blank\" rel=\"nofollow\">d\u00e9velopp\u00e9 un service d\u2019accompagnement autour des ODD de l\u2019ONU<\/a>, dont la finalit\u00e9 est d\u2019aider des organismes \u00e0 but non lucratif \u00e0 mesurer leurs impacts et \u00e0 les communiquer aux bailleurs de fonds.<\/li>\n<li>La gLOCAL Evaluation Week organis\u00e9e par la Global Evaluation Initiative (partenariat mondial cherchant \u00e0 d\u00e9velopper des cadres de suivi et d\u2019\u00e9valuation durables et appropri\u00e9s afin de promouvoir l\u2019utilisation de donn\u00e9es probantes dans la prise de d\u00e9cision publique) s\u2019est d\u00e9roul\u00e9e du 31 mai au 3 juin. Le th\u00e8me de cette \u00e9dition \u00e9tait \u201c<a href=\"https:\/\/www.glocalevalweek.org\/\" target=\"_blank\" rel=\"nofollow\">EvalEvolve : L\u2019\u00e9volution du S&amp;E au XXIe si\u00e8cle\u201d<\/a>, et a abord\u00e9 les innovations en mati\u00e8re de collecte, d\u2019analyse et d\u2019utilisation des donn\u00e9es.<\/li>\n<li>Social Value UK propose sa\u00a0<a href=\"https:\/\/socialvalueuk.org\/online-accredited-social-value-and-sroi-practitioner-training\/#structure\" target=\"_blank\" rel=\"nofollow\">formation \u201cValue &amp; SROI practitioner\u201d en ligne,<\/a>\u00a0avec un format de cinq rencontres sur deux semaines. Les prochaines sessions d\u00e9marreront le 22 juin, 18 juillet et 6 septembre prochains.<\/li>\n<\/ul>\n<h4><strong>Rapports d\u2019impact<\/strong><\/h4>\n<h5><em>En France<\/em><\/h5>\n<ul>\n<li>Des chercheurs d\u2019Harvard Business School (Etats-Unis), du MIT (Etats-Unis), du CREST Ensae (France) et de l\u2019Aix-Marseille School of Economics (France) publient\u00a0<a href=\"https:\/\/www.nber.org\/papers\/w29914\" target=\"_blank\" rel=\"nofollow\">l\u2019\u00e9valuation d\u2019impact de la plateforme Bob Emploi<\/a>. Lanc\u00e9e en 2016 par Bayes Impact en collaboration avec P\u00f4le Emploi, cette plateforme en ligne donne aux demandeurs d\u2019emploi des conseils pour am\u00e9liorer leur recherche et des recommandations de nouvelles professions et de nouveaux lieux \u00e0 cibler, sur la base de leurs donn\u00e9es personnelles et des donn\u00e9es du march\u00e9 du travail. L\u2019\u00e9valuation a port\u00e9 sur 212 277 individus et a mis en avant des effets modestes sur les m\u00e9thodes de recherche : les utilisateurs de la plateforme adoptent certains conseils et ils sont plus susceptibles d\u2019utiliser les ressources fournies par les services publics de l\u2019emploi. Cependant, en suivant les trajectoires individuelles pendant 18 mois apr\u00e8s l\u2019intervention, aucun impact n\u2019a \u00e9t\u00e9 observ\u00e9 sur le temps pass\u00e9 \u00e0 chercher un emploi, le champ de recherche (professionnel ou g\u00e9ographique) ou le bien-\u00eatre autod\u00e9clar\u00e9. De plus, aucun r\u00e9sultat n\u2019a \u00e9t\u00e9 observ\u00e9 en mati\u00e8re d\u2019emploi, que ce soit \u00e0 court ou \u00e0 moyen terme.<\/li>\n<li>Le r\u00e9seau Vrac, accompagn\u00e9 par Improve, publie\u00a0<a href=\"https:\/\/reseauvrac.org\/publications\/article\/dynamiques-pratiques-et-impacts-des-professionnels-du-vrac?lang=fr\" target=\"_blank\" rel=\"nofollow\">une \u00e9tude sur les b\u00e9n\u00e9fices du vrac<\/a>, au-del\u00e0 de la r\u00e9duction des d\u00e9chets et du gaspillage alimentaire : dynamisation de l\u2019\u00e9conomie locale, cr\u00e9ation d\u2019emploi, \u00e9coconception des emballages.<\/li>\n<li>Improve partage la synth\u00e8se de\u00a0<a href=\"https:\/\/www.linkedin.com\/posts\/improveassociation_dilemmer%C3%A9sultats-cl%C3%A9s-activity-6942857250415759360-d1TE?utm_source=linkedin_share&amp;utm_medium=member_desktop_web\" target=\"_blank\" rel=\"nofollow\">l\u2019\u00e9valuation de Dilemme Entrepreneurs<\/a>\u00a0qui propose \u00e0 ses b\u00e9n\u00e9ficiaires de mieux appr\u00e9hender l\u2019entrepreneuriat au travers de serious games. L\u2019\u00e9tude met ainsi en avant que 85% des participants ont une vision plus claire de ce qu\u2019un entrepreneur doit anticiper suite au jeu.<\/li>\n<li>La Fondation Entreprendre publie\u00a0<a href=\"https:\/\/www.fondation-entreprendre.org\/wp-content\/uploads\/2022\/04\/Etude_Impact_FEntreprendre_-20192021.pdf\" target=\"_blank\" rel=\"nofollow\">l\u2019\u00e9valuation d\u2019impact social 2019 \u2013 2021 de la campagne de mobilisation \u201cTous entrepreneurs\u201d<\/a>. L\u2019\u00e9tude, men\u00e9e par un consultant ind\u00e9pendant, Bryan Hocq, montre que la Fondation Entreprendre a permis \u00e0 85% des entrepreneurs accompagn\u00e9s de gagner un temps pr\u00e9cieux dans la construction de leur projet et \u00e0 77% d\u2019entre eux de d\u00e9velopper des savoir-faire et de se professionnaliser.<\/li>\n<\/ul>\n<h5><em>A l\u2019international<\/em><\/h5>\n<ul>\n<li>L\u2019Impact Weighted Accounts Initiative (IWAI) de la Harvard Business School partage\u00a0 dans un\u00a0<a href=\"https:\/\/www.hbs.edu\/impact-weighted-accounts\/Documents\/Accounting-Employment-Impact-Scale-2021.pdf\" target=\"_blank\" rel=\"nofollow\">article de recherche<\/a>\u00a0trois corr\u00e9lations relatives \u00e0<em>\u00a0l\u2019employment impact<\/em>\u00a0(d\u00e9fini comme les impacts positifs et n\u00e9gatifs des pratiques des entreprises pour les employ\u00e9s directs et la communaut\u00e9 des travailleurs au sens large). L\u2019impact sur l\u2019emploi est ainsi mod\u00e9r\u00e9ment associ\u00e9 \u00e0 une rotation plus faible du personnel et \u00e0 une valorisation plus \u00e9lev\u00e9e de l\u2019entreprise. D\u2019autre part,\u00a0 les entreprises qui ont un chiffre d\u2019affaires plus \u00e9lev\u00e9 et qui investissent davantage dans l\u2019innovation pr\u00e9sentent un impact sur l\u2019emploi plus important. Ces r\u00e9sultats d\u00e9montrent selon les auteurs l\u2019int\u00e9r\u00eat de produire des \u00e9tats comptables pond\u00e9r\u00e9s en fonction de l\u2019impact sur l\u2019emploi<\/li>\n<li>Damon Jones et Ioana Marinescu publie un article dans la revue\u00a0<em>American Economic Journal<\/em>\u00a0intitul\u00e9 \u201c<a href=\"https:\/\/www.nber.org\/papers\/w24312\" target=\"_blank\" rel=\"nofollow\">The Labor Market Impacts of Universal and Permanent Cash Transfers: Evidence from the Alaska Permanent Fund<\/a>\u201d, dans lequel ils examinent ce qui s\u2019est pass\u00e9 en Alaska, o\u00f9, depuis 1982, chaque r\u00e9sident \u00e0 temps plein re\u00e7oit un dividende annuel en esp\u00e8ces \u2013 s\u2019\u00e9levant en moyenne \u00e0 3 900 dollars par famille. Comme il ne s\u2019agissait pas d\u2019une exp\u00e9rience, ils n\u2019ont pas de groupe de contr\u00f4le mais utilisent des comparaisons statistiques avec d\u2019autres \u00c9tats pour estimer les effets sur l\u2019emploi. Ils n\u2019ont constat\u00e9 aucune r\u00e9duction du travail \u00e0 temps plein des Alaskiens du fait du programme, et une augmentation (de 1,8 point de pourcentage, soit 17 %) du travail \u00e0 temps partiel, qu\u2019ils attribuent au fait que le revenu suppl\u00e9mentaire stimule l\u2019\u00e9conomie.<\/li>\n<li>Christopher Doss, Hans Fricke, Susanna Loeb, et Justin B.Doromal publient dans La revue\u00a0<em>Economics of Education<\/em><a href=\"https:\/\/www.sciencedirect.com\/science\/article\/abs\/pii\/S0272775722000395?via%3Dihub#!\" target=\"_blank\" rel=\"nofollow\">\u00a0les r\u00e9sultats d\u2019une \u00e9tude portant sur deux campagnes d\u2019envoi de messages t\u00e9l\u00e9phoniques aux parents et visant \u00e0 soutenir le d\u00e9veloppement des comp\u00e9tences en math\u00e9matiques chez les \u00e9l\u00e8ves de maternelle<\/a>\u00a0en Californie. Le programme passant par l\u2019alphab\u00e9tisation, les math\u00e9matiques et les comp\u00e9tences socio-\u00e9motionnelles augmente les r\u00e9sultats en math\u00e9matiques chez les filles, tandis que le programme ax\u00e9 uniquement sur les math\u00e9matiques n\u2019a aucun effet.<\/li>\n<li>Meghan Costello, Alison Nagel, Gabrielle Hunt et Joseph Allen partagent dans le\u00a0<em>Student Affair Journal<\/em>\u00a0les r\u00e9sultats<a href=\"https:\/\/muse.jhu.edu\/article\/854391\/pdf\" target=\"_blank\" rel=\"nofollow\">\u00a0d\u2019une \u00e9valuation randomis\u00e9e de l\u2019intervention\u00a0<\/a>\u201cConnexion Project\u201d<a href=\"https:\/\/muse.jhu.edu\/article\/854391\/pdf\" target=\"_blank\" rel=\"nofollow\">\u00a0visant \u00e0 renforcer le sentiment d\u2019appartenance chez les nouveaux \u00e9tudiants universitaires<\/a>\u00a0dans une universit\u00e9 publique de taille moyenne dans l\u2019est des \u00c9tats-Unis. Un essai contr\u00f4l\u00e9 randomis\u00e9 a \u00e9t\u00e9 utilis\u00e9 pour \u00e9valuer l\u2019impact de cette intervention de 9 sessions sur un \u00e9chantillon de 128 \u00e9tudiants de premi\u00e8re ann\u00e9e (77 pour le traitement, 48 pour la liste d\u2019attente). Le groupe d\u2019intervention a rapport\u00e9 un sentiment d\u2019appartenance \u00e0 l\u2019\u00e9cole significativement plus \u00e9lev\u00e9. Les analyses post-hoc de la mod\u00e9ration par les variables d\u00e9mographiques indiquent que l\u2019intervention a fonctionn\u00e9 de mani\u00e8re similaire pour les \u00e9tudiants de cet \u00e9chantillon provenant de divers milieux.<\/li>\n<li>Dans le\u00a0<em>Journal of Child Psychology and Psychiatry<\/em>, Susan P. Walker, Susan M. Chang, Amika S. Wright, Rodrigo Pinto, et James J. Heckman publient\u00a0<a href=\"https:\/\/acamh.onlinelibrary.wiley.com\/doi\/full\/10.1111\/jcpp.13499?campaign=woletoc\" target=\"_blank\" rel=\"nofollow\">l\u2019\u00e9valuation randomis\u00e9e d\u2019un dispositif de nutrition et de stimulation psychosociale pour des enfants entre 9 et 24 mois pr\u00e9sentant un retard de croissance en Jama\u00efque<\/a>. Les r\u00e9sultats mesur\u00e9s sur les b\u00e9n\u00e9ficiaires \u00e2g\u00e9s de 31 ans indiquent que les participants du groupe de traitement\u00a0 (n = 48) avaient un QI et une flexibilit\u00e9 cognitive significativement plus \u00e9lev\u00e9s que ceux du groupe sans traitement. Ils pr\u00e9sentaient \u00e9galement moins de sympt\u00f4mes d\u00e9pressifs, plus de courage et de conscience, une moindre consommation de substances et de prise de risques li\u00e9s \u00e0 la sant\u00e9 et au travail.<\/li>\n<\/ul>\n<h4><strong>Publications<\/strong><\/h4>\n<h5><em>En France<\/em><\/h5>\n<ul>\n<li>L\u2019Avise publie son\u00a0<a href=\"https:\/\/www.avise.org\/actualites\/le-guide-methodologique-evaluer-son-impac\" target=\"_blank\" rel=\"nofollow\">nouveau guide m\u00e9thodologique<\/a>\u00a0afin de permettre \u00e0 chacun d\u2019initier et mener une d\u00e9marche \u201cpremiers pas\u201d d\u2019\u00e9valuation de son impact social, en mobilisant des outils pratiques et des m\u00e9thodes adapt\u00e9s \u00e0 ses enjeux.<\/li>\n<li>FAIR et le quotidien La Croix publient la\u00a0<a href=\"https:\/\/www.finance-fair.org\/fr\/actualites\/barometre-de-la-finance-solidaire-2021-encore-une-annee-record\" target=\"_blank\" rel=\"nofollow\">20\u00e8me \u00e9dition du Barom\u00e8tre de la finance solidaire FAIR \/ La Croix<\/a>. Cette publication met en lumi\u00e8re la croissance continue de la finance solidaire dont l\u2019encours a ainsi \u00e9t\u00e9 multipli\u00e9 par 47, passant de 0,51 milliard d\u2019euros en 2002 \u00e0 24,5 milliards d\u2019euros en 2021.<\/li>\n<li>Un collectif de 8 organisations de l\u2019\u00e9conomie sociale et solidaire : la Croix-Rouge fran\u00e7aise, AG2R LA MONDIALE, Avise, Bleu Blanc Z\u00e8bre, Croix-Rouge insertion, F\u00e9d\u00e9ration Nationale Familles Rurales, kawaa et YesWeCamp publient\u00a0<a href=\"https:\/\/innovation-territoriale.croix-rouge.fr\/\" target=\"_blank\" rel=\"nofollow\">\u201cTerritoires solidaires : guide pratique d\u2019innovation collective\u201d<\/a>\u00a0un ouvrage collectif qui vise \u00e0 accompagner porteurs de projet et collectivit\u00e9s \u00e0 concevoir et mettre en oeuvre des solutions locales adapt\u00e9es aux d\u00e9fis sociaux rencontr\u00e9es par leurs habitants.<\/li>\n<li>Consultor a publi\u00e9\u00a0<a href=\"https:\/\/www.consultor.fr\/articles\/le-conseil-en-strategie-a-la-recherche-de-son-impact\" target=\"_blank\" rel=\"nofollow\">un article intitul\u00e9 \u201cLe conseil en strat\u00e9gie \u00e0 la recherche de son impact\u201d<\/a>\u00a0qui fait suite \u00e0 l\u2019\u00e9valuation des activit\u00e9s du Cabinet Co Conseil par Koreis.<\/li>\n<li>Agn\u00e8s Audier et Yann Algan publient dans l\u2019Opinion une tribune intitul\u00e9e\u00a0<a href=\"https:\/\/www.lopinion.fr\/economie\/revitalisation-des-territoires-ruraux-creer-une-team-france-de-linnovation-sociale-la-tribune-dagnes-audier-et-yann-algan\" target=\"_blank\" rel=\"nofollow\">\u00abRevitalisation des territoires ruraux : cr\u00e9er une \u201cTeam France de l\u2019innovation sociale\u201d\u00bb\u00a0<\/a>afin d\u2019identifier les solutions innovantes existantes, d\u2019en mesurer l\u2019impact et de les r\u00e9pliquer ailleurs en les faisant changer d\u2019\u00e9chelle.<\/li>\n<li>Ellyx publie son\u00a0<a href=\"https:\/\/en.calameo.com\/read\/00363371378f75b8a0eb3?page=1\" target=\"_blank\" rel=\"nofollow\">rapport d\u2019activit\u00e9 2021<\/a>\u00a0et partage\u00a0<a href=\"https:\/\/www.ellyx.fr\/inspirations\/evaluer-la-maturite-sociale-des-projets-innovants\/\" target=\"_blank\" rel=\"nofollow\">un article sur l\u2019\u00e9valuation de la maturit\u00e9 sociale des projets innovants<\/a>\u00a0qui propose une nouvelle grille de lecture \u201cSRL\u201d (Societal Readiness Level) qui vise \u00e0 \u00e9valuer la maturit\u00e9 d\u2019une \u00e9valuation \u00e0 l\u2019aune de la finalit\u00e9 \u2013 soci\u00e9tale et non plus technologique.<\/li>\n<li>Julie de Brux, associ\u00e9e et fondatrice de Citizing, publie un article dans la Tribune qui fait le constat de la mode de l\u2019impact et du risque aff\u00e9rent d\u2019<em>impact washing.<\/em><\/li>\n<\/ul>\n<h5><em>A l\u2019international\u00a0<\/em><\/h5>\n<ul>\n<li>L\u2019EVPA (European Venture Philanthropy Association) publie une nouvelle cartographie des outils de mesure de l\u2019impact social intitul\u00e9e\u00a0<a href=\"https:\/\/evpa.eu.com\/uploads\/publications\/EVPA_-Mapping-IMM-Initiatives.pdf\" target=\"_blank\" rel=\"nofollow\">\u201cNavigating Impact measurement and management : a mapping of IMM initiatives\u201d.<\/a>\u00a0Celle-ci restitue notamment les diff\u00e9rents principes recens\u00e9s au long des \u00e9tapes de l\u2019investissement.<\/li>\n<li>Alexandra Yaghil, Dr. Gorgi Krlev, Dr. Hayley Trowbridge et\u00a0 Stephen Barnett ont r\u00e9dig\u00e9 un\u00a0<a href=\"https:\/\/www.avise.org\/sites\/default\/files\/atoms\/files\/20220302\/learning_as_you_scale.pdf\" target=\"_blank\" rel=\"nofollow\">guide pratique sur l\u2019apprentissage continu dans la dynamique du changement d\u2019\u00e9chelle\u00a0<\/a>intitul\u00e9 \u201cLearning As You Scale \u2013 A practical guide for using data and insights to navigate scaling and complex system change.\u201d Ce guide d\u00e9montre comment une posture d\u2019apprentissage tout au long du processus peut acc\u00e9l\u00e9rer le changement, sans attendre une \u00e9valuation post\u00e9rieure.<\/li>\n<li>3ie (International Initiative for Impact Evaluation) publie sur son blog une s\u00e9rie de deux articles portant sur les m\u00e9thodes de recherches mixtes et l\u2019incorporation de techniques qualitatives et quantitatives. Apr\u00e8s\u00a0<a href=\"https:\/\/www.3ieimpact.org\/blogs\/importance-mixed-methods-approaches-development-research-and-evaluation\" target=\"_blank\" rel=\"nofollow\">avoir expliqu\u00e9 comment une approche int\u00e9gr\u00e9e de m\u00e9thodes mixtes va au-del\u00e0 de l\u2019incorporation de quelques outils issus des traditions quantitatives et qualitatives<\/a>, et pourquoi cette approche est plus efficace pour r\u00e9soudre les probl\u00e8mes du monde r\u00e9el, Michael Bamberger d\u00e9taille la\u00a0<a href=\"https:\/\/3ieimpact.org\/blogs\/using-mixed-methods-strengthen-process-and-impact-evaluation\" target=\"_blank\" rel=\"nofollow\">mani\u00e8re de concevoir, de mettre en \u0153uvre et d\u2019utiliser des \u00e9valuations \u00e0 m\u00e9thodes mixtes<\/a>.<\/li>\n<li>Dans un un autre article de blog, 3ie\u00a0<a href=\"https:\/\/www.3ieimpact.org\/blogs\/three-ways-theories-change-are-helping-evaluate-complex-initiative-improve-waste-pickers\" target=\"_blank\" rel=\"nofollow\">expose les int\u00e9r\u00eats de travailler sur la th\u00e9orie du changement d\u2019un projet avant d\u2019en d\u00e9marrer l\u2019\u00e9valuation<\/a>, en prenant l\u2019exemple de l\u2019initiative Saamuhika Shakti sur laquelle une \u00e9valuation est en cours.<\/li>\n<li>Des chercheurs de l\u2019universit\u00e9 de Virgili en Espagne ont \u00e9tabli un\u00a0<a href=\"https:\/\/journals.sagepub.com\/doi\/10.1177\/14673584221105007\" target=\"_blank\" rel=\"nofollow\">cadre d\u2019\u00e9valuation de l\u2019impact de projets touristiques.<\/a>\u00a0Les temporalit\u00e9s ex-ante, in-itinere et ex-post y sont int\u00e9gr\u00e9es. L\u2019analyse a \u00e9t\u00e9 structur\u00e9e selon six domaines principaux \u2013 communication et promotion, politiques et r\u00e9glementation, avantages \u00e9conomiques, nouvelles ressources technologiques, environnement et am\u00e9liorations sociales. Ce r\u00e9f\u00e9rentiel est en acc\u00e8s payant.<\/li>\n<li>Paul Glewwe et Petra Todd publient un livre intitul\u00e9\u00a0<a href=\"https:\/\/elibrary.worldbank.org\/doi\/abs\/10.1596\/978-1-4648-1497-6\" target=\"_blank\" rel=\"nofollow\"><em>Impact Evaluation in International Development: Theory, Methods, and Practice<\/em><\/a><em>.\u00a0<\/em>Cet ouvrage pr\u00e9sente de mani\u00e8re exhaustive la fa\u00e7on de mener des \u00e9valuations d\u2019impact. Apr\u00e8s une premi\u00e8re partie donnant une vue d\u2019ensemble des \u00e9valuations d\u2019impact, de nombreuses m\u00e9thodes d\u2019\u00e9valuation sont d\u00e9taill\u00e9es.<\/li>\n<li>Le centre WISE (Well-being, inclusion, sustainability and equal opportunity) de l\u2019OCDE publie un\u00a0<a href=\"https:\/\/www.oecd.org\/wise\/Measuring-the-Social-Performance-of-Firms-through-the-Lens-of-the-OECD-Well-being-Framework-Policy-Brief-February-2022.pdf?utm_source=LinkedIn&amp;utm_medium=Post&amp;utm_campaign=20220602\" target=\"_blank\" rel=\"nofollow\">cadre d\u2019\u00e9valuation de la performance sociale des organisations \u00e0 travers le bien-\u00eatre.<\/a>\u00a0Trois p\u00e9rim\u00e8tres ou \u201cscopes\u201d d\u2019\u00e9valuation sont d\u00e9finis :\u00a0 les employ\u00e9s, les consommateurs ou b\u00e9n\u00e9ficiaires, et les employ\u00e9s le long de la cha\u00eene de valeur du produit ou service.<\/li>\n<li>Marie J. Bouchard et Damien Rousseli\u00e8re publient dans\u00a0<em>Les annales de l\u2019\u00e9conomie publique, sociale et coop\u00e9rative<\/em>\u00a0un article intitul\u00e9\u00a0<a href=\"https:\/\/onlinelibrary.wiley.com\/doi\/abs\/10.1111\/apce.12380\" target=\"_blank\" rel=\"nofollow\">\u201cLes avanc\u00e9es r\u00e9centes en mati\u00e8re de mesure d\u2019impact pour l\u2019\u00e9conomie sociale et solidaire : D\u00e9fis empiriques et m\u00e9thodologiques.<\/a>\u201d Partant du constat que les exigences en mati\u00e8re d\u2019\u00e9valuation ont fortement \u00e9volu\u00e9 dans le secteur de l\u2019\u00e9conomie sociale et solidaire, cet article vise \u00e0 contribuer \u00e0 la compr\u00e9hension des approches d\u00e9velopp\u00e9es pour l\u2019ESS et \u00e0 examiner les incidences qu\u2019elles ont sur les pratiques organisationnelles et la repr\u00e9sentation globale du secteur.<\/li>\n<\/ul>\n<h4><strong>Newsletters<\/strong><\/h4>\n<ul>\n<li><a href=\"https:\/\/www.avise.org\/newsletters\" target=\"_blank\" rel=\"nofollow\">La newsletter de l\u2019Avise sur l\u2019\u00e9valuation d\u2019impact social en France<\/a><\/li>\n<li><a href=\"https:\/\/ssir.org\/email\" target=\"_blank\" rel=\"nofollow\">La newsletter de Stanford Social Innovation Review (SSIR)<\/a><\/li>\n<\/ul>\n<p>Retrouvez tous les mois notre veille internationale sur l\u2019\u00e9valuation d\u2019impact social sur la page\u00a0<a href=\"https:\/\/www.linkedin.com\/company\/42301082\/\" target=\"_blank\" rel=\"nofollow\">LinkedIn du Labo<\/a>. Des questions ? Des propositions de contributions ou des solutions pour l\u2019\u00e9valuation d\u2019impact social ? Contactez-nous via<a href=\"http:\/\/mailto:louis.raynauddelage@essec.edu\/\" target=\"_blank\" rel=\"nofollow\">\u00a0louis.raynauddelage@essec.edu<\/a>\u00a0ou\u00a0<a href=\"http:\/\/mailto:leclerc@essec.edu\/\" target=\"_blank\" rel=\"nofollow\">leclerc@essec.edu<\/a><\/p>\n<p>Note de Veille r\u00e9dig\u00e9e par\u00a0<strong>Clara Cohade<\/strong>\u00a0et\u00a0<strong>Louis Raynaud de Lage,\u00a0<\/strong>sous la direction de\u00a0<strong>Thierry Sibieude\u00a0<\/strong>et d\u2019<strong>Elise Leclerc<\/strong><\/p>\n<p>\u200b<\/p>\n<p>[\/et_pb_text][\/et_pb_column][\/et_pb_row][\/et_pb_section]<\/p>\n","protected":false},"excerpt":{"rendered":"<p>Les actualit\u00e9s, articles et outils \u00e0 saisir de l\u2019Observatoire de l\u2019Evaluation d\u2019Impact Social de l\u2019ESSEC Mai \u2013 Juin 2022 \u00c9v\u00e9nements et actualit\u00e9s du secteur En France La derni\u00e8re session des Petits D\u00e9jeuners de la Mesure d\u2019Impact Social (PDMI), organis\u00e9s par Convergences, l\u2019Avise et Improve, s\u2019est tenue le 12 mai dernier et a port\u00e9 sur la [&hellip;]<\/p>\n","protected":false},"author":2,"featured_media":0,"comment_status":"open","ping_status":"open","sticky":false,"template":"","format":"standard","meta":{"_et_pb_use_builder":"on","_et_pb_old_content":"","_et_gb_content_width":"","inline_featured_image":false},"categories":[11],"tags":[14,20,10,15,19,21,12],"yoast_head":"<!-- This site is optimized with the Yoast SEO plugin v20.11 - https:\/\/yoast.com\/wordpress\/plugins\/seo\/ -->\n<title>Veille n\u00b014 : Les derni\u00e8res actualit\u00e9s - Centre Innovation Sociale et Ecologique<\/title>\n<meta name=\"robots\" content=\"noindex, follow\" \/>\n<meta property=\"og:locale\" content=\"fr_FR\" \/>\n<meta property=\"og:type\" content=\"article\" \/>\n<meta property=\"og:title\" content=\"Veille n\u00b014 : Les derni\u00e8res actualit\u00e9s - Centre Innovation Sociale et Ecologique\" \/>\n<meta property=\"og:description\" content=\"Les actualit\u00e9s, articles et outils \u00e0 saisir de l\u2019Observatoire de l\u2019Evaluation d\u2019Impact Social de l\u2019ESSEC Mai \u2013 Juin 2022 \u00c9v\u00e9nements et actualit\u00e9s du secteur En France La derni\u00e8re session des Petits D\u00e9jeuners de la Mesure d\u2019Impact Social (PDMI), organis\u00e9s par Convergences, l\u2019Avise et Improve, s\u2019est tenue le 12 mai dernier et a port\u00e9 sur la [&hellip;]\" \/>\n<meta property=\"og:url\" content=\"https:\/\/centre-innovation-sociale-ecologique.essec.edu\/index.php\/2022\/07\/22\/veille-n14-les-dernieres-actualites\/\" \/>\n<meta property=\"og:site_name\" content=\"Centre Innovation Sociale et Ecologique\" \/>\n<meta property=\"article:published_time\" content=\"2022-07-22T20:01:23+00:00\" \/>\n<meta property=\"article:modified_time\" content=\"2022-07-22T21:42:54+00:00\" \/>\n<meta property=\"og:image\" content=\"https:\/\/i0.wp.com\/emis-essec.wiki\/wp-content\/uploads\/2022\/07\/InclusionRuralite_Photo-83.jpg?fit=1568%2C871&amp;ssl=1\" \/>\n<meta name=\"author\" content=\"Essec\" \/>\n<meta name=\"twitter:card\" content=\"summary_large_image\" \/>\n<meta name=\"twitter:label1\" content=\"\u00c9crit par\" \/>\n\t<meta name=\"twitter:data1\" content=\"Essec\" \/>\n\t<meta name=\"twitter:label2\" content=\"Dur\u00e9e de lecture estim\u00e9e\" \/>\n\t<meta name=\"twitter:data2\" content=\"15 minutes\" \/>\n<script type=\"application\/ld+json\" class=\"yoast-schema-graph\">{\"@context\":\"https:\/\/schema.org\",\"@graph\":[{\"@type\":\"Article\",\"@id\":\"https:\/\/centre-innovation-sociale-ecologique.essec.edu\/index.php\/2022\/07\/22\/veille-n14-les-dernieres-actualites\/#article\",\"isPartOf\":{\"@id\":\"https:\/\/centre-innovation-sociale-ecologique.essec.edu\/index.php\/2022\/07\/22\/veille-n14-les-dernieres-actualites\/\"},\"author\":{\"name\":\"Essec\",\"@id\":\"https:\/\/centre-innovation-sociale-ecologique.essec.edu\/#\/schema\/person\/ffb9b21a7056cc497e2fe8732aa91fcc\"},\"headline\":\"Veille n\u00b014 : Les derni\u00e8res actualit\u00e9s\",\"datePublished\":\"2022-07-22T20:01:23+00:00\",\"dateModified\":\"2022-07-22T21:42:54+00:00\",\"mainEntityOfPage\":{\"@id\":\"https:\/\/centre-innovation-sociale-ecologique.essec.edu\/index.php\/2022\/07\/22\/veille-n14-les-dernieres-actualites\/\"},\"wordCount\":3085,\"commentCount\":0,\"publisher\":{\"@id\":\"https:\/\/centre-innovation-sociale-ecologique.essec.edu\/#organization\"},\"keywords\":[\"ESS\",\"ESSEC Impact Initiative\",\"\u00e9valuation d'impact social\",\"Impact\",\"Laboratoire E&amp;MISE\",\"Mesure\",\"Veille\"],\"articleSection\":[\"Articles\"],\"inLanguage\":\"fr-FR\",\"potentialAction\":[{\"@type\":\"CommentAction\",\"name\":\"Comment\",\"target\":[\"https:\/\/centre-innovation-sociale-ecologique.essec.edu\/index.php\/2022\/07\/22\/veille-n14-les-dernieres-actualites\/#respond\"]}]},{\"@type\":\"WebPage\",\"@id\":\"https:\/\/centre-innovation-sociale-ecologique.essec.edu\/index.php\/2022\/07\/22\/veille-n14-les-dernieres-actualites\/\",\"url\":\"https:\/\/centre-innovation-sociale-ecologique.essec.edu\/index.php\/2022\/07\/22\/veille-n14-les-dernieres-actualites\/\",\"name\":\"Veille n\u00b014 : Les derni\u00e8res actualit\u00e9s - Centre Innovation Sociale et Ecologique\",\"isPartOf\":{\"@id\":\"https:\/\/centre-innovation-sociale-ecologique.essec.edu\/#website\"},\"datePublished\":\"2022-07-22T20:01:23+00:00\",\"dateModified\":\"2022-07-22T21:42:54+00:00\",\"breadcrumb\":{\"@id\":\"https:\/\/centre-innovation-sociale-ecologique.essec.edu\/index.php\/2022\/07\/22\/veille-n14-les-dernieres-actualites\/#breadcrumb\"},\"inLanguage\":\"fr-FR\",\"potentialAction\":[{\"@type\":\"ReadAction\",\"target\":[\"https:\/\/centre-innovation-sociale-ecologique.essec.edu\/index.php\/2022\/07\/22\/veille-n14-les-dernieres-actualites\/\"]}]},{\"@type\":\"BreadcrumbList\",\"@id\":\"https:\/\/centre-innovation-sociale-ecologique.essec.edu\/index.php\/2022\/07\/22\/veille-n14-les-dernieres-actualites\/#breadcrumb\",\"itemListElement\":[{\"@type\":\"ListItem\",\"position\":1,\"name\":\"Home\",\"item\":\"https:\/\/centre-innovation-sociale-ecologique.essec.edu\/\"},{\"@type\":\"ListItem\",\"position\":2,\"name\":\"Veille n\u00b014 : Les derni\u00e8res actualit\u00e9s\"}]},{\"@type\":\"WebSite\",\"@id\":\"https:\/\/centre-innovation-sociale-ecologique.essec.edu\/#website\",\"url\":\"https:\/\/centre-innovation-sociale-ecologique.essec.edu\/\",\"name\":\"Centre Innovation Sociale et Ecologique\",\"description\":\"\",\"publisher\":{\"@id\":\"https:\/\/centre-innovation-sociale-ecologique.essec.edu\/#organization\"},\"potentialAction\":[{\"@type\":\"SearchAction\",\"target\":{\"@type\":\"EntryPoint\",\"urlTemplate\":\"https:\/\/centre-innovation-sociale-ecologique.essec.edu\/?s={search_term_string}\"},\"query-input\":\"required name=search_term_string\"}],\"inLanguage\":\"fr-FR\"},{\"@type\":\"Organization\",\"@id\":\"https:\/\/centre-innovation-sociale-ecologique.essec.edu\/#organization\",\"name\":\"Essec Business School\",\"url\":\"https:\/\/centre-innovation-sociale-ecologique.essec.edu\/\",\"logo\":{\"@type\":\"ImageObject\",\"inLanguage\":\"fr-FR\",\"@id\":\"https:\/\/centre-innovation-sociale-ecologique.essec.edu\/#\/schema\/logo\/image\/\",\"url\":\"https:\/\/impactinitiative.essec.edu\/wp-content\/uploads\/2020\/11\/ESSEC_BS_logo_BLANC.png\",\"contentUrl\":\"https:\/\/impactinitiative.essec.edu\/wp-content\/uploads\/2020\/11\/ESSEC_BS_logo_BLANC.png\",\"width\":546,\"height\":509,\"caption\":\"Essec Business School\"},\"image\":{\"@id\":\"https:\/\/centre-innovation-sociale-ecologique.essec.edu\/#\/schema\/logo\/image\/\"}},{\"@type\":\"Person\",\"@id\":\"https:\/\/centre-innovation-sociale-ecologique.essec.edu\/#\/schema\/person\/ffb9b21a7056cc497e2fe8732aa91fcc\",\"name\":\"Essec\",\"image\":{\"@type\":\"ImageObject\",\"inLanguage\":\"fr-FR\",\"@id\":\"https:\/\/centre-innovation-sociale-ecologique.essec.edu\/#\/schema\/person\/image\/\",\"url\":\"https:\/\/secure.gravatar.com\/avatar\/253b1a21aeb6e83a39f89170d50e3784?s=96&d=mm&r=g\",\"contentUrl\":\"https:\/\/secure.gravatar.com\/avatar\/253b1a21aeb6e83a39f89170d50e3784?s=96&d=mm&r=g\",\"caption\":\"Essec\"}}]}<\/script>\n<!-- \/ Yoast SEO plugin. -->","yoast_head_json":{"title":"Veille n\u00b014 : Les derni\u00e8res actualit\u00e9s - Centre Innovation Sociale et Ecologique","robots":{"index":"noindex","follow":"follow"},"og_locale":"fr_FR","og_type":"article","og_title":"Veille n\u00b014 : Les derni\u00e8res actualit\u00e9s - Centre Innovation Sociale et Ecologique","og_description":"Les actualit\u00e9s, articles et outils \u00e0 saisir de l\u2019Observatoire de l\u2019Evaluation d\u2019Impact Social de l\u2019ESSEC Mai \u2013 Juin 2022 \u00c9v\u00e9nements et actualit\u00e9s du secteur En France La derni\u00e8re session des Petits D\u00e9jeuners de la Mesure d\u2019Impact Social (PDMI), organis\u00e9s par Convergences, l\u2019Avise et Improve, s\u2019est tenue le 12 mai dernier et a port\u00e9 sur la [&hellip;]","og_url":"https:\/\/centre-innovation-sociale-ecologique.essec.edu\/index.php\/2022\/07\/22\/veille-n14-les-dernieres-actualites\/","og_site_name":"Centre Innovation Sociale et Ecologique","article_published_time":"2022-07-22T20:01:23+00:00","article_modified_time":"2022-07-22T21:42:54+00:00","og_image":[{"url":"https:\/\/i0.wp.com\/emis-essec.wiki\/wp-content\/uploads\/2022\/07\/InclusionRuralite_Photo-83.jpg?fit=1568%2C871&amp;ssl=1"}],"author":"Essec","twitter_card":"summary_large_image","twitter_misc":{"\u00c9crit par":"Essec","Dur\u00e9e de lecture estim\u00e9e":"15 minutes"},"schema":{"@context":"https:\/\/schema.org","@graph":[{"@type":"Article","@id":"https:\/\/centre-innovation-sociale-ecologique.essec.edu\/index.php\/2022\/07\/22\/veille-n14-les-dernieres-actualites\/#article","isPartOf":{"@id":"https:\/\/centre-innovation-sociale-ecologique.essec.edu\/index.php\/2022\/07\/22\/veille-n14-les-dernieres-actualites\/"},"author":{"name":"Essec","@id":"https:\/\/centre-innovation-sociale-ecologique.essec.edu\/#\/schema\/person\/ffb9b21a7056cc497e2fe8732aa91fcc"},"headline":"Veille n\u00b014 : Les derni\u00e8res actualit\u00e9s","datePublished":"2022-07-22T20:01:23+00:00","dateModified":"2022-07-22T21:42:54+00:00","mainEntityOfPage":{"@id":"https:\/\/centre-innovation-sociale-ecologique.essec.edu\/index.php\/2022\/07\/22\/veille-n14-les-dernieres-actualites\/"},"wordCount":3085,"commentCount":0,"publisher":{"@id":"https:\/\/centre-innovation-sociale-ecologique.essec.edu\/#organization"},"keywords":["ESS","ESSEC Impact Initiative","\u00e9valuation d'impact social","Impact","Laboratoire E&amp;MISE","Mesure","Veille"],"articleSection":["Articles"],"inLanguage":"fr-FR","potentialAction":[{"@type":"CommentAction","name":"Comment","target":["https:\/\/centre-innovation-sociale-ecologique.essec.edu\/index.php\/2022\/07\/22\/veille-n14-les-dernieres-actualites\/#respond"]}]},{"@type":"WebPage","@id":"https:\/\/centre-innovation-sociale-ecologique.essec.edu\/index.php\/2022\/07\/22\/veille-n14-les-dernieres-actualites\/","url":"https:\/\/centre-innovation-sociale-ecologique.essec.edu\/index.php\/2022\/07\/22\/veille-n14-les-dernieres-actualites\/","name":"Veille n\u00b014 : Les derni\u00e8res actualit\u00e9s - Centre Innovation Sociale et Ecologique","isPartOf":{"@id":"https:\/\/centre-innovation-sociale-ecologique.essec.edu\/#website"},"datePublished":"2022-07-22T20:01:23+00:00","dateModified":"2022-07-22T21:42:54+00:00","breadcrumb":{"@id":"https:\/\/centre-innovation-sociale-ecologique.essec.edu\/index.php\/2022\/07\/22\/veille-n14-les-dernieres-actualites\/#breadcrumb"},"inLanguage":"fr-FR","potentialAction":[{"@type":"ReadAction","target":["https:\/\/centre-innovation-sociale-ecologique.essec.edu\/index.php\/2022\/07\/22\/veille-n14-les-dernieres-actualites\/"]}]},{"@type":"BreadcrumbList","@id":"https:\/\/centre-innovation-sociale-ecologique.essec.edu\/index.php\/2022\/07\/22\/veille-n14-les-dernieres-actualites\/#breadcrumb","itemListElement":[{"@type":"ListItem","position":1,"name":"Home","item":"https:\/\/centre-innovation-sociale-ecologique.essec.edu\/"},{"@type":"ListItem","position":2,"name":"Veille n\u00b014 : Les derni\u00e8res actualit\u00e9s"}]},{"@type":"WebSite","@id":"https:\/\/centre-innovation-sociale-ecologique.essec.edu\/#website","url":"https:\/\/centre-innovation-sociale-ecologique.essec.edu\/","name":"Centre Innovation Sociale et Ecologique","description":"","publisher":{"@id":"https:\/\/centre-innovation-sociale-ecologique.essec.edu\/#organization"},"potentialAction":[{"@type":"SearchAction","target":{"@type":"EntryPoint","urlTemplate":"https:\/\/centre-innovation-sociale-ecologique.essec.edu\/?s={search_term_string}"},"query-input":"required name=search_term_string"}],"inLanguage":"fr-FR"},{"@type":"Organization","@id":"https:\/\/centre-innovation-sociale-ecologique.essec.edu\/#organization","name":"Essec Business School","url":"https:\/\/centre-innovation-sociale-ecologique.essec.edu\/","logo":{"@type":"ImageObject","inLanguage":"fr-FR","@id":"https:\/\/centre-innovation-sociale-ecologique.essec.edu\/#\/schema\/logo\/image\/","url":"https:\/\/impactinitiative.essec.edu\/wp-content\/uploads\/2020\/11\/ESSEC_BS_logo_BLANC.png","contentUrl":"https:\/\/impactinitiative.essec.edu\/wp-content\/uploads\/2020\/11\/ESSEC_BS_logo_BLANC.png","width":546,"height":509,"caption":"Essec Business School"},"image":{"@id":"https:\/\/centre-innovation-sociale-ecologique.essec.edu\/#\/schema\/logo\/image\/"}},{"@type":"Person","@id":"https:\/\/centre-innovation-sociale-ecologique.essec.edu\/#\/schema\/person\/ffb9b21a7056cc497e2fe8732aa91fcc","name":"Essec","image":{"@type":"ImageObject","inLanguage":"fr-FR","@id":"https:\/\/centre-innovation-sociale-ecologique.essec.edu\/#\/schema\/person\/image\/","url":"https:\/\/secure.gravatar.com\/avatar\/253b1a21aeb6e83a39f89170d50e3784?s=96&d=mm&r=g","contentUrl":"https:\/\/secure.gravatar.com\/avatar\/253b1a21aeb6e83a39f89170d50e3784?s=96&d=mm&r=g","caption":"Essec"}}]}},"_links":{"self":[{"href":"https:\/\/centre-innovation-sociale-ecologique.essec.edu\/index.php\/wp-json\/wp\/v2\/posts\/4586"}],"collection":[{"href":"https:\/\/centre-innovation-sociale-ecologique.essec.edu\/index.php\/wp-json\/wp\/v2\/posts"}],"about":[{"href":"https:\/\/centre-innovation-sociale-ecologique.essec.edu\/index.php\/wp-json\/wp\/v2\/types\/post"}],"author":[{"embeddable":true,"href":"https:\/\/centre-innovation-sociale-ecologique.essec.edu\/index.php\/wp-json\/wp\/v2\/users\/2"}],"replies":[{"embeddable":true,"href":"https:\/\/centre-innovation-sociale-ecologique.essec.edu\/index.php\/wp-json\/wp\/v2\/comments?post=4586"}],"version-history":[{"count":13,"href":"https:\/\/centre-innovation-sociale-ecologique.essec.edu\/index.php\/wp-json\/wp\/v2\/posts\/4586\/revisions"}],"predecessor-version":[{"id":4634,"href":"https:\/\/centre-innovation-sociale-ecologique.essec.edu\/index.php\/wp-json\/wp\/v2\/posts\/4586\/revisions\/4634"}],"wp:attachment":[{"href":"https:\/\/centre-innovation-sociale-ecologique.essec.edu\/index.php\/wp-json\/wp\/v2\/media?parent=4586"}],"wp:term":[{"taxonomy":"category","embeddable":true,"href":"https:\/\/centre-innovation-sociale-ecologique.essec.edu\/index.php\/wp-json\/wp\/v2\/categories?post=4586"},{"taxonomy":"post_tag","embeddable":true,"href":"https:\/\/centre-innovation-sociale-ecologique.essec.edu\/index.php\/wp-json\/wp\/v2\/tags?post=4586"}],"curies":[{"name":"wp","href":"https:\/\/api.w.org\/{rel}","templated":true}]}}