{"id":4432,"date":"2022-05-11T16:18:10","date_gmt":"2022-05-11T14:18:10","guid":{"rendered":"https:\/\/impactinitiative.essec.edu\/?p=4432"},"modified":"2022-05-30T17:58:21","modified_gmt":"2022-05-30T15:58:21","slug":"veille-n13-les-dernieres-actualites","status":"publish","type":"post","link":"https:\/\/centre-innovation-sociale-ecologique.essec.edu\/index.php\/2022\/05\/11\/veille-n13-les-dernieres-actualites\/","title":{"rendered":"Veille n\u00b013 : Les derni\u00e8res actualit\u00e9s"},"content":{"rendered":"<p>[et_pb_section fb_built=\u00a0\u00bb1&Prime; _builder_version=\u00a0\u00bb4.16&Prime; global_colors_info=\u00a0\u00bb{}\u00a0\u00bb][et_pb_row _builder_version=\u00a0\u00bb4.16&Prime; background_size=\u00a0\u00bbinitial\u00a0\u00bb background_position=\u00a0\u00bbtop_left\u00a0\u00bb background_repeat=\u00a0\u00bbrepeat\u00a0\u00bb global_colors_info=\u00a0\u00bb{}\u00a0\u00bb][et_pb_column type=\u00a0\u00bb4_4&Prime; _builder_version=\u00a0\u00bb4.16&Prime; custom_padding=\u00a0\u00bb|||\u00a0\u00bb global_colors_info=\u00a0\u00bb{}\u00a0\u00bb custom_padding__hover=\u00a0\u00bb|||\u00a0\u00bb][et_pb_text _builder_version=\u00a0\u00bb4.17.3&Prime; background_size=\u00a0\u00bbinitial\u00a0\u00bb background_position=\u00a0\u00bbtop_left\u00a0\u00bb background_repeat=\u00a0\u00bbrepeat\u00a0\u00bb global_colors_info=\u00a0\u00bb{}\u00a0\u00bb]<\/p>\n<h1><img decoding=\"async\" loading=\"lazy\" class=\"alignnone wp-image-4429 \" src=\"https:\/\/impactinitiative.essec.edu\/wp-content\/uploads\/2022\/05\/ux-indonesia-w00FkE6e8zE-unsplash-1024x683.jpg\" alt=\"Veille 13 Labo E&amp;MISE\" width=\"735\" height=\"490\" \/><\/h1>\n<h1><b>Les actualit\u00e9s, articles et outils \u00e0 saisir de l\u2019Observatoire de l\u2019Evaluation d\u2019Impact Social de l\u2019ESSEC<\/b><\/h1>\n<p><i><span style=\"font-weight: 400;\">Avril 2022<\/span><\/i><\/p>\n<h1>\u00a0<\/h1>\n<h2><b>\u00c9v\u00e9nements et actualit\u00e9s du secteur<\/b><\/h2>\n<p>&nbsp;<\/p>\n<h3><i><span style=\"font-weight: 400;\">En France<\/span><\/i><\/h3>\n<ul>\n<li style=\"font-weight: 400;\" aria-level=\"1\"><span style=\"font-weight: 400;\">Le Labo E&amp;MISE de l\u2019ESSEC et l\u2019Impact Tank ont organis\u00e9 le 2 avril un atelier de r\u00e9flexion suite au Panorama de l\u2019\u00e9valuation d\u2019impact social 2021. 50 acteurs et actrices de l\u2019innovation sociale se sont r\u00e9unis pour \u00e9changer sur les pratiques des op\u00e9rateurs sociaux, financeurs et structures \u00e9valuatrices, et travailler autour de\u00a0 trois th\u00e8mes\u00a0 : 1\/ Comment \u00e9valuer l\u2019impact territorial ? 2\/ Vers une harmonisation et une digitalisation des pratiques d&rsquo;\u00e9valuation d\u2019impact social ? 3\/ Qui sont les \u00e9valuateurs en mati\u00e8re d\u2019impact social et\u00a0 quelles \u00e9tapes sont n\u00e9cessaires \u00e0 la professionnalisation du secteur ? Un <\/span><a href=\"https:\/\/www.linkedin.com\/feed\/update\/urn:li:activity:6924760024275673088\/\" target=\"_blank\" rel=\"nofollow\"><span style=\"font-weight: 400;\">compte rendu de l\u2019\u00e9v\u00e9nement<\/span><\/a><span style=\"font-weight: 400;\"> est disponible ainsi que <\/span><a href=\"https:\/\/drive.google.com\/file\/d\/1luqBBLAuLTvUu_Tr9HCcXRE3tCBV-f82\/view?usp=sharing\" target=\"_blank\" rel=\"nofollow\"><span style=\"font-weight: 400;\">les slides pr\u00e9sent\u00e9es<\/span><\/a><span style=\"font-weight: 400;\"> en s\u00e9ance.<\/span><\/li>\n<li style=\"font-weight: 400;\" aria-level=\"1\"><a href=\"https:\/\/www.etoile-progression.com\/\" target=\"_blank\" rel=\"nofollow\"><span style=\"font-weight: 400;\">\u00c9toile de Progression France<\/span><\/a><span style=\"font-weight: 400;\"> a tenu un webinaire le 14 avril (disponible en <\/span><a href=\"https:\/\/lnkd.in\/e4EuH2x6\" target=\"_blank\" rel=\"nofollow\"><span style=\"font-weight: 400;\">replay<\/span><\/a><span style=\"font-weight: 400;\">) pour faire d\u00e9couvrir les \u00e9toiles de progression des parents, des enfants et des jeunes. L\u2019\u00e9toile de progression est un outil de soutien et de mesure du changement. Les \u00e9toiles pr\u00e9sent\u00e9es permettaient notamment d\u2019accompagner les comp\u00e9tences parentales, le lien parent-enfant et l&rsquo;am\u00e9lioration de la situation globale des familles. Le 12 mai prochain aura lieu un nouveau webinaire pour pr\u00e9senter les \u00e9toiles permettant d\u2019accompagner des personnes \u00e2g\u00e9es, des personnes en situation de handicap ou ayant des probl\u00e8mes de sant\u00e9. Le 16 juin, un webinaire pr\u00e9sentera les \u00e9toiles d\u00e9di\u00e9es aux personnes accompagn\u00e9es dans leur parcours d&rsquo;insertion, notamment sur le plan du logement et de l&#8217;emploi.<\/span><\/li>\n<li style=\"font-weight: 400;\" aria-level=\"1\"><span style=\"font-weight: 400;\">Suite \u00e0 son \u00e9valuation de l\u2019emploi accompagn\u00e9 conduite sur 2021, l\u2019<\/span><a href=\"https:\/\/www.solidarites-actives.com\/fr\/nos-actualites\/publication\/emploi-accompagne-publication-du-rapport-devaluation\" target=\"_blank\" rel=\"nofollow\"><span style=\"font-weight: 400;\">Ansa<\/span><\/a><span style=\"font-weight: 400;\"> (Agence Nouvelle de Solidarit\u00e9s Actives) a compl\u00e9t\u00e9 son analyse avec une approche sur les co\u00fbts \u00e9vit\u00e9s, dont les r\u00e9sultats ont \u00e9t\u00e9 partag\u00e9s via des \u2018webinaires express\u2019 mi avril. L\u2019ANSA a compar\u00e9 les effets du dispositif sur 302 personnes en les interrogeant sur leur situation un an avant et un an apr\u00e8s leur entr\u00e9e dans le dispositif. 3 indicateurs ont \u00e9t\u00e9 retenus : le co\u00fbt \u00e9vit\u00e9 d\u2019une journ\u00e9e d\u2019hospitalisation compl\u00e8te en h\u00f4pital psychiatrique, le co\u00fbt \u00e9vit\u00e9 du versement des indemnit\u00e9s journali\u00e8res li\u00e9es \u00e0 un arr\u00eat de travail pour maladie, le co\u00fbt \u00e9vit\u00e9 du recours aux aides financi\u00e8res de minima sociaux (ARE, AAH, RSA). <\/span><b>On passerait de 7,6K \u00e0 6,6K\u20ac de d\u00e9penses par personne par an, soit une diminution de 13%.<\/b><\/li>\n<li style=\"font-weight: 400;\" aria-level=\"1\"><span style=\"font-weight: 400;\">Suite \u00e0 l\u2019\u00e9valuation d\u2019impact social de la BSE (Banque Solidaire de l\u2019Equipement) conduite en partenariat par les cabinets de conseils KOREIS et HAATCH sur 1300 b\u00e9n\u00e9ficiaires en 2020, Emma\u00fcs D\u00e9fi a organis\u00e9 un webinaire le 12 avril pour partager son \u00e9tude sur les co\u00fbts \u00e9vit\u00e9s pour les acteurs publics et les bailleurs sociaux (<\/span><a href=\"https:\/\/www.youtube.com\/watch?v=0BS_99gcD8Q\" target=\"_blank\" rel=\"nofollow\"><span style=\"font-weight: 400;\">replay<\/span><\/a><span style=\"font-weight: 400;\"> disponible).<\/span> <span style=\"font-weight: 400;\">En voici<\/span><b> les chiffres cl\u00e9s<\/b><span style=\"font-weight: 400;\"> : <\/span><b>165K\u20ac de co\u00fbts \u00e9vit\u00e9s sur 1 an pour les acteurs publics et les bailleurs sociaux <\/b><span style=\"font-weight: 400;\">gr\u00e2ce \u00e0 une diminution du taux d\u2019impay\u00e9. Le webinaire a \u00e9galement permis de diffuser une analyse des co\u00fbts \u00e9vit\u00e9s pour les entreprises en prenant pour exemple le cas de l\u2019entreprise de matelas Tediber (comparaison des co\u00fbts d\u2019un reconditionnement\/revente par rapport \u00e0 un don \u00e0 la BSE suite \u00e0 un retour client).<\/span><\/li>\n<li style=\"font-weight: 400;\" aria-level=\"1\"><span style=\"font-weight: 400;\">Le 7 juin prochain aura lieu un webinaire sur la m\u00e9thodologie de l\u2019\u00e9valuation d\u2019impact social organis\u00e9 par l\u2019Avise, <\/span><a href=\"https:\/\/www.carenews.com\/avise\/evenements\/comment-evaluer-son-impact-social\" target=\"_blank\" rel=\"nofollow\"><span style=\"font-weight: 400;\">inscriptions ouvertes<\/span><\/a><span style=\"font-weight: 400;\">. Ce sera l\u2019occasion d\u2019avoir les retours d\u2019exp\u00e9rience de 2 porteurs de projet ayant mis en place la d\u00e9marche.<\/span><\/li>\n<\/ul>\n<h1>\u00a0<\/h1>\n<h3><i><span style=\"font-weight: 400;\">A l\u2019international\u00a0<\/span><\/i><\/h3>\n<ul>\n<li style=\"font-weight: 400;\" aria-level=\"1\"><span style=\"font-weight: 400;\">Le J-PAL <\/span><a href=\"https:\/\/news.mit.edu\/2022\/j-pal-launches-egypt-impact-lab-0411\" target=\"_blank\" rel=\"nofollow\"><span style=\"font-weight: 400;\">a lanc\u00e9 en avril l&rsquo;Egypt Impact Lab<\/span><\/a><span style=\"font-weight: 400;\">, en collaboration avec le minist\u00e8re \u00e9gyptien de la planification et du d\u00e9veloppement \u00e9conomique, et avec le soutien de partenaires fondateurs. Le laboratoire vise \u00e0 renforcer l&rsquo;efficacit\u00e9 des politiques \u00e9gyptiennes de r\u00e9duction de la pauvret\u00e9 en \u00e9valuant rigoureusement les programmes gouvernementaux et en utilisant les r\u00e9sultats pour \u00e9clairer les d\u00e9cisions de passage \u00e0 l\u2019\u00e9chelle. Ce travail sera concentr\u00e9 sur les principales priorit\u00e9s du gouvernement, notamment la r\u00e9duction de la pauvret\u00e9 dans les zones rurales \u00e9gyptiennes, l&rsquo;am\u00e9lioration de l&rsquo;efficacit\u00e9 des programmes de protection sociale, la promotion du d\u00e9veloppement des microentreprises et l&rsquo;autonomisation des femmes par l&rsquo;acc\u00e8s aux opportunit\u00e9s \u00e9conomiques et au planning familial.<\/span><\/li>\n<\/ul>\n<ul>\n<li style=\"font-weight: 400;\" aria-level=\"1\"><span style=\"font-weight: 400;\">SoPact (Etats-Unis) lance une nouvelle version de sa plateforme Impact Cloud, un outil de suivi des donn\u00e9es d\u2019impact \u00e0 destination d\u2019entrepreneurs sociaux int\u00e9grant d\u00e9sormais des fonctions complexes de nettoyage et la mise en forme des donn\u00e9es. Un <\/span><a href=\"https:\/\/www.linkedin.com\/pulse\/key-making-impactful-dashboard-unmesh-sheth\/?trackingId=JMXwQ%2BH2a2kU7pNyjs6pCQ%3D%3D\" target=\"_blank\" rel=\"nofollow\"><span style=\"font-weight: 400;\">webinaire de pr\u00e9sentation de l\u2019outil a eu lieu le 3 mai<\/span><\/a><span style=\"font-weight: 400;\">.<\/span><\/li>\n<li style=\"font-weight: 400;\" aria-level=\"1\"><span style=\"font-weight: 400;\">Le r\u00e9seau d\u2019entreprises <\/span><a href=\"https:\/\/www.value-balancing.com\/\" target=\"_blank\" rel=\"nofollow\"><span style=\"font-weight: 400;\">Value Balancing Alliance (VBA)<\/span><\/a><span style=\"font-weight: 400;\"> (r\u00e9seau de multinationales travaillant \u00e0 l\u2019\u00e9laboration de cadres d\u2019\u00e9valuation d\u2019impact communs) et les porteurs du projet Impact-Weighted Accounts de la Harvard Business School (HBS IWA) ont <\/span><a href=\"https:\/\/www.hbs.edu\/impact-weighted-accounts\/Documents\/VBA_HBS%20IWA%20Announcement_Final_2.pdf\" target=\"_blank\" rel=\"nofollow\"><span style=\"font-weight: 400;\">annonc\u00e9 dans un communiqu\u00e9 leur collaboration visant \u00e0 harmoniser leurs m\u00e9thodologies de calcul de l&rsquo;impact.<\/span><\/a><span style=\"font-weight: 400;\"> L&rsquo;\u00e9quipe, ainsi constitu\u00e9e, travaille \u00e0 l&rsquo;\u00e9laboration d&rsquo;une m\u00e9thodologie coh\u00e9rente de comptabilit\u00e9 d&rsquo;impact en suivant une approche par blocs.\u00a0<\/span><\/li>\n<li style=\"font-weight: 400;\" aria-level=\"1\"><span style=\"font-weight: 400;\">3ie (International Initiative for Impact Evaluation, bas\u00e9e aux Etats-Unis, au Royaume-Uni et en Inde) organise le 30 mai un <\/span><a href=\"https:\/\/us06web.zoom.us\/webinar\/register\/WN_vq2hM9UwQeqaNjNTxtba2Q?utm_source=Subscribe+to+3ie&amp;utm_campaign=a82a00ffcb-EMAIL_CAMPAIGN_april_newsletter&amp;utm_medium=email&amp;utm_term=0_58acc0a9f7-a82a00ffcb-305235384&amp;ct=t(EMAIL_CAMPAIGN_april_newsletter)&amp;mc_cid=a82a00ffcb&amp;mc_eid=c0ed80ff05\" target=\"_blank\" rel=\"nofollow\"><span style=\"font-weight: 400;\">webinaire intitul\u00e9 \u201cComment les cadres de mesure et \u00e9valuation pour les programmes de d\u00e9veloppement complexes peuvent-ils \u00eatre plus inclusifs et s&rsquo;adapter aux r\u00e9alit\u00e9s du terrain ?\u201d<\/span><\/a><span style=\"font-weight: 400;\"> (How can M&amp;E frameworks for complex development programs be more inclusive and adaptive to ground realities?). La question de la collecte de donn\u00e9es sur l&rsquo;autonomisation des femmes sera notamment abord\u00e9e.<\/span><\/li>\n<li style=\"font-weight: 400;\" aria-level=\"1\"><span style=\"font-weight: 400;\">Un an apr\u00e8s le premier \u201cEvidence Dialogue,\u201d des responsables op\u00e9rationnels et de l\u2019\u00e9valuation du FCDO (bureau des Affaires \u00e9trang\u00e8res et du Commonwealth britannique), du MCC (Millenium Challenge Corporation), du Norad (agence d&rsquo;\u00c9tat pour la coop\u00e9ration au d\u00e9veloppement de la Norv\u00e8ge), de l&rsquo;USAID (agence d&rsquo;\u00c9tat pour la coop\u00e9ration au d\u00e9veloppement des Etats-Unis) et de la Banque mondiale se sont \u00e0 nouveau r\u00e9unis en mars dernier pour r\u00e9fl\u00e9chir et rendre compte des mesures qu&rsquo;ils ont prises pour am\u00e9liorer la culture de la preuve et de l&rsquo;apprentissage au sein de leurs organisations au cours d\u2019un webinaire dont <\/span><a href=\"https:\/\/www.youtube.com\/watch?v=w61QHq6EdDU\" target=\"_blank\" rel=\"nofollow\"><span style=\"font-weight: 400;\">l\u2019enregistrement est disponible.<\/span><\/a><\/li>\n<li style=\"font-weight: 400;\" aria-level=\"1\"><span style=\"font-weight: 400;\">Le J-PAL\/MIT propose une <\/span><a href=\"https:\/\/www.povertyactionlab.org\/event\/j-palmit-evaluating-social-programs-course-2022\" target=\"_blank\" rel=\"nofollow\"><span style=\"font-weight: 400;\">formation \u00e0 l\u2019\u00e9valuation de programmes sociaux de cinq jours en ligne<\/span><\/a><span style=\"font-weight: 400;\">, du 13 au 17 juin 2022. Le cours est con\u00e7u pour des participants issus de gouvernements, d&rsquo;ONG, d&rsquo;organisations internationales, d&rsquo;entreprises du secteur priv\u00e9 ou de fondations. Les frais d&rsquo;inscription varient selon la structure et le pays d&rsquo;origine de l&rsquo;inscrit.<\/span><\/li>\n<li style=\"font-weight: 400;\" aria-level=\"1\"><span style=\"font-weight: 400;\">Social Value UK propose sa <\/span><a href=\"https:\/\/socialvalueuk.org\/online-accredited-social-value-and-sroi-practitioner-training\/#structure\" target=\"_blank\" rel=\"nofollow\"><span style=\"font-weight: 400;\">formation \u201cValue &amp; SROI practitioner\u00a0\u00bb en ligne,<\/span><\/a><span style=\"font-weight: 400;\"> avec un format de cinq rencontres sur deux semaines. Les prochaines sessions d\u00e9marreront les 18 mai et 22 juin prochains.\u00a0<\/span><\/li>\n<\/ul>\n<h1>\u00a0<\/h1>\n<h2><b>Rapports d\u2019impact<\/b><\/h2>\n<p>&nbsp;<\/p>\n<h3><i><span style=\"font-weight: 400;\">En France<\/span><\/i><\/h3>\n<ul>\n<li style=\"font-weight: 400;\" aria-level=\"1\"><span style=\"font-weight: 400;\">En partenariat avec <\/span><a href=\"https:\/\/archipel-co.com\/qui-sommes-nous\" target=\"_blank\" rel=\"nofollow\"><span style=\"font-weight: 400;\">Archipel&amp;Co<\/span><\/a><span style=\"font-weight: 400;\">, une agence d\u2019innovation et d\u2019entrepreneuriat \u00e0 impact, Leboncoin, plateforme de seconde main, a r\u00e9alis\u00e9 et publi\u00e9 l\u2019<\/span><a href=\"https:\/\/leboncoincorporate.com\/wp-content\/uploads\/2020\/02\/La-RSE-chez-leboncoin.pdf\" target=\"_blank\" rel=\"nofollow\"><span style=\"font-weight: 400;\">\u00e9valuation d\u2019impact<\/span><\/a><span style=\"font-weight: 400;\"> de son site internet. Selon le rapport, 79% des utilisateurs se sentent fiers d\u2019eux apr\u00e8s avoir r\u00e9alis\u00e9 une transaction sur le boncoin, les acheteurs <\/span><span style=\"font-weight: 400;\">\u201c<\/span><span style=\"font-weight: 400;\">Leboncoin\u201d \u00e9conomisent\u00a0 en moyenne 254\u20ac par an (achats r\u00e9alis\u00e9s sur Leboncoin vs achats de produits neufs) ce qui permet \u201cun coup de pouce financier utile voire indispensable\u201d pour 52% des utilisateurs.<\/span><\/li>\n<li style=\"font-weight: 400;\" aria-level=\"1\"><span style=\"font-weight: 400;\">R\u00e9alis\u00e9e par le cabinet Improve, l\u2019Association LAZARE qui d\u00e9veloppe des colocations solidaires entre sans-abris et jeunes actifs a publi\u00e9 les r\u00e9sultats de son <\/span><a href=\"https:\/\/www.linkedin.com\/posts\/improveassociation_etude-dimpact-lazare-2022-activity-6925455842641129472-NRt6\/?utm_source=linkedin_share&amp;utm_medium=member_desktop_web\" target=\"_blank\" rel=\"nofollow\"><span style=\"font-weight: 400;\">\u00e9valuation d\u2019impact<\/span><\/a><span style=\"font-weight: 400;\">. Les colocataires b\u00e9n\u00e9ficient d\u2019un accompagnement social : \u201863% de ceux qui ont connu la gal\u00e8re sont confiants pour l\u2019avenir depuis leur arriv\u00e9e\u2019. Ils b\u00e9n\u00e9ficient d\u2019une aide \u00e0 la r\u00e9insertion : 85% des colocataires ont un projet personnel ou professionnel alors qu\u2019ils n&rsquo;\u00e9taient que 25% avant leur arriv\u00e9e \u00e0 LAZARE.<\/span><\/li>\n<li style=\"font-weight: 400;\" aria-level=\"1\"><span style=\"font-weight: 400;\">Dowino, un studio de cr\u00e9ation a publi\u00e9 l\u2019<\/span><a href=\"https:\/\/www.dowino.com\/wp-content\/uploads\/2022\/03\/20220124_Rapport_DowinoCobra0_VF.pdf\" target=\"_blank\" rel=\"nofollow\"><span style=\"font-weight: 400;\">\u00e9valuation d\u2019impact social<\/span><\/a><span style=\"font-weight: 400;\"> de son serious game \u201cCobra Zero\u201d, outil de sensibilisation \u00e0 la prise en compte du handicap en entreprise. Le jeu pousse les joueurs handicap\u00e9s \u00e0 davantage demander de l\u2019aide \u00e0 leurs coll\u00e8gues en cas de besoin (d\u00e9claration de 66% des porteurs de handicap de l&rsquo;\u00e9chantillon y ayant jou\u00e9). Il aide \u00e0 comprendre les liens entre RQTH et poste de travail (33% des r\u00e9pondants). 37% des r\u00e9pondants non handicap\u00e9s pensent avoir chang\u00e9 de regard sur les personnes handicap\u00e9es.<\/span><\/li>\n<\/ul>\n<h1>\u00a0<\/h1>\n<h3><i><span style=\"font-weight: 400;\">A l\u2019international<\/span><\/i><\/h3>\n<ul>\n<li style=\"font-weight: 400;\" aria-level=\"1\"><span style=\"font-weight: 400;\">Simon Briole, Marc Gurgand, Eric Maurin, Sandra McNally, Jenifer Ruiz-Valenzuel et Daniel Santin, \u00e9quipe constitu\u00e9e dans le cadre de plusieurs \u00e9coles, dont Paris School of Economics et London School of Economics, publient les r\u00e9sultats<\/span> <span style=\"font-weight: 400;\">d\u2019une <\/span><a href=\"https:\/\/www.povertyactionlab.org\/sites\/default\/files\/research-paper\/act___academic_paper_08_22_2021.pdf\" target=\"_blank\" rel=\"nofollow\"><span style=\"font-weight: 400;\">\u00e9valuation randomis\u00e9e<\/span><\/a><span style=\"font-weight: 400;\"> portant sur le programme ACT, financ\u00e9 par Erasmus+, mise en \u0153uvre dans un large \u00e9chantillon d&rsquo;\u00e9coles secondaires en Espagne, en France et en Gr\u00e8ce. Le programme \u00e9valu\u00e9 am\u00e8ne des \u00e9l\u00e8ves \u00e0 r\u00e9aliser des projets collectifs de citoyennet\u00e9 sous la supervision d&rsquo;un enseignant. Le programme augmente de mani\u00e8re significative l&rsquo;altruisme des \u00e9l\u00e8ves, leur conscience politique ainsi que la qualit\u00e9 de leur relation avec les autres et leur respect des r\u00e8gles de la vie scolaire (moins de sanctions et d&rsquo;absences).<\/span><\/li>\n<li style=\"font-weight: 400;\" aria-level=\"1\"><span style=\"font-weight: 400;\">Social Value UK partage le <\/span><a href=\"https:\/\/socialvalueuk.org\/report\/turkish-grameen-microfinance-program-sroi-analysis\/\" target=\"_blank\" rel=\"nofollow\"><span style=\"font-weight: 400;\">rapport SROI du Turkish Grameen Microfinance Program (TGMP),<\/span><\/a><span style=\"font-weight: 400;\"> cr\u00e9\u00e9 gr\u00e2ce aux connaissances techniques transmises par le professeur Yunus. <\/span><span style=\"font-weight: 400;\">Le SROI obtenu est 4,05 (soit pour 1 livre turque investie on obtient 4,05 livre turque de valeur sociale cr\u00e9\u00e9e)<\/span><span style=\"font-weight: 400;\"> et les principaux impacts identifi\u00e9s pour les micro-entrepreneurs b\u00e9n\u00e9ficiaires sont le sentiment de respect, le bien-\u00eatre \u00e9motionnel et l\u2019augmentation des comp\u00e9tences financi\u00e8res. Le stress financier et les cons\u00e9quences n\u00e9gatives sur la vie de famille ont \u00e9t\u00e9 identifi\u00e9s comme des impacts n\u00e9gatifs de l\u2019action.<\/span><\/li>\n<li style=\"font-weight: 400;\" aria-level=\"1\"><span style=\"font-weight: 400;\">Social Value UK partage aussi le <\/span><a href=\"https:\/\/socialvalueuk.org\/report\/teachers-communities-sroi-evaluation-report\/\" target=\"_blank\" rel=\"nofollow\"><span style=\"font-weight: 400;\">rapport SROI du programme \u00ab\u00a0Communaut\u00e9s d&rsquo;enseignants\u00a0\u00bb (Teachers communities)<\/span><\/a><span style=\"font-weight: 400;\"> mis en \u0153uvre par l\u2019association turque KODA (K\u00f6y Okullar\u0131 De\u011fi\u015fim A\u011f\u0131 &#8211; R\u00e9seau de changement des \u00e9coles rurales) \u00e0 Harran et Diyarbakir au cours de l&rsquo;ann\u00e9e scolaire 2019\/2020. L&rsquo;analyse a permis de d\u00e9montrer que pour 1 livre turque investie, 2,75 livres turques de valeur sociale sont cr\u00e9\u00e9es.Le projet \u00ab\u00a0Teachers Communities\u00a0\u00bb vise \u00e0 cr\u00e9er des communaut\u00e9s locales qui renforcent l&rsquo;autonomie des enseignants, professionnellement et personnellement,\u00a0 en cr\u00e9ant un r\u00e9seau de soutien et en fournissant un espace pour partager des exp\u00e9riences et diffuser des informations.<\/span><\/li>\n<\/ul>\n<h1>\u00a0<\/h1>\n<h2><b>Publications<\/b><\/h2>\n<p>&nbsp;<\/p>\n<h3><i><span style=\"font-weight: 400;\">En France<\/span><\/i><span style=\"font-weight: 400;\">\u00a0<\/span><\/h3>\n<ul>\n<li style=\"font-weight: 400;\" aria-level=\"1\"><span style=\"font-weight: 400;\">A la demande de la secr\u00e9taire d\u2019Etat de la jeunesse et de l\u2019engagement Sarah El Hairy, un <\/span><a href=\"https:\/\/www.philippe-bolo.fr\/wp-content\/uploads\/2022\/04\/Rapport-final-%C3%A9valuation-actions-associatives-Avril-2022.pdf\" target=\"_blank\" rel=\"nofollow\"><span style=\"font-weight: 400;\">rapport sur l\u2019\u00e9valuation des actions associatives<\/span><\/a><span style=\"font-weight: 400;\"> a \u00e9t\u00e9 publi\u00e9 ce mois-ci. Il revient sur les enjeux pour le secteur associatif et les pouvoirs publics, les freins, les conditions \u00e0 r\u00e9unir et les leviers de d\u00e9veloppement de la d\u00e9marche. Le rapport a \u00e9t\u00e9 r\u00e9dig\u00e9 apr\u00e8s l\u2019audition de nombreux acteurs de l\u2019\u00e9valuation d\u2019impact social dont le Labo E&amp;MISE de l\u2019ESSEC. Il pr\u00e9sente \u00e9galement des exemples d\u2019\u00e9valuation d\u2019actions associatives : ADIE dans le secteur de l\u2019insertion par l\u2019emploi, CERISE pour les espaces de vie et de culture \u00e0 Paris, Enactus dans le secteur du d\u00e9veloppement de comp\u00e9tences, Les Restos du coeur dans le secteur de la solidarit\u00e9 etc.<\/span><\/li>\n<li style=\"font-weight: 400;\" aria-level=\"1\"><span style=\"font-weight: 400;\">Carenews vient de publier un <\/span><a href=\"https:\/\/www.carenews.com\/fondation-fdj\/news\/la-mesure-de-l-impact-de-la-fondation-fdj-quels-enseignements-et-quel-role-dans\" target=\"_blank\" rel=\"nofollow\"><span style=\"font-weight: 400;\">article<\/span><\/a><span style=\"font-weight: 400;\"> sur l\u2019\u00e9valuation d\u2019impact social de la Fondation FDJ (Fran\u00e7aise des Jeux) men\u00e9e sur 2021 par le cabinet de conseil EY. La Fondation cherche \u00e0 soutenir l\u2019\u00e9ducation et l&rsquo;insertion en aidant des associations porteuses de solutions face \u00e0 l\u2019exclusion et au d\u00e9crochage scolaire et social. L\u2019\u00e9tude r\u00e9v\u00e8le que le soutien de la Fondation a permis de provoquer un changement positif pour plus de 300 000 b\u00e9n\u00e9ficiaires finaux. 80 % se sentent davantage a\u0300 me\u0302me de devenir acteurs de leur parcours. Elle montre \u00e9galement que pour 1\u20ac investi, la valeur sociale cr\u00e9\u00e9e s\u2019\u00e9l\u00e8ve \u00e0 3,4\u20ac (m\u00e9thode SROI). Ces r\u00e9sultats ont permis \u00e0 la Fondation de renouveler son mandat pour 5 ans et d\u2019obtenir une hausse de budget de 25% .<\/span><\/li>\n<li style=\"font-weight: 400;\" aria-level=\"1\"><span style=\"font-weight: 400;\">La Revue Banque, dans son article <\/span><a href=\"http:\/\/www.revue-banque.fr\/article\/double-materialite-pierre-angulaire-demarche-impac\" target=\"_blank\" rel=\"nofollow\"><span style=\"font-weight: 400;\">La double mat\u00e9rialit\u00e9, pierre angulaire de la d\u00e9marche impact<\/span><\/a><span style=\"font-weight: 400;\">, souligne l\u2019importance de l\u2019int\u00e9gration de l&rsquo;investissement \u00e0 impact \u00e0 des normes comptables structur\u00e9es et communes. L&rsquo;investissement \u00e0 impact privil\u00e9gie en priorit\u00e9 la production d\u2019impacts soci\u00e9taux \u201cr\u00e9ellement\u201d constatables, avec une preuve du lien de causalit\u00e9 entre l\u2019action mise en place et le changement constat\u00e9 sur une longue p\u00e9riode. Il n\u00e9cessite l&rsquo;\u00e9mergence notamment d\u2019une comptabilit\u00e9 sociale et environnementale qui permettrait de rendre compte, d\u2019analyser et d\u2019\u00e9valuer via un cadre commun incluant\u00a0 les impacts de l\u2019environnement sur l\u2019entit\u00e9 comptable (\u201cmat\u00e9rialit\u00e9 simple\u201d ou \u201cmat\u00e9rialit\u00e9 financi\u00e8re\u201d) mais aussi de l\u2019entit\u00e9 comptable sur l\u2019environnement (\u201cmat\u00e9rialit\u00e9 socio environnementale\u201d).<\/span> <span style=\"font-weight: 400;\">A cet \u00e9gard, il est important de pr\u00e9ciser que les travaux conduits sous l\u2019\u00e9gide de <\/span><a href=\"https:\/\/financefortomorrow.com\/\" target=\"_blank\" rel=\"nofollow\"><span style=\"font-weight: 400;\">Finance for Tomorrow<\/span><\/a><span style=\"font-weight: 400;\"> se poursuivent et que la clef de vo\u00fbte de la d\u00e9finition de l&rsquo;investissement \u00e0 impact, <\/span><a href=\"https:\/\/financefortomorrow.com\/app\/uploads\/2021\/09\/Finance-for-Tomorrow-Definition-de-la-finance-a-impact-Septembre-2021.pdf\" target=\"_blank\" rel=\"nofollow\"><span style=\"font-weight: 400;\">propos\u00e9e et publi\u00e9e le 29 septembre 2021<\/span><\/a><span style=\"font-weight: 400;\">, est bien la double mat\u00e9rialit\u00e9, avec notamment le recours recommand\u00e9 \u00e0 la th\u00e9orie du changement pour prouver l&rsquo;intentionnalit\u00e9 , la mesurabilit\u00e9 et l\u2019additionnalit\u00e9 de l&rsquo;investissement, qui constituent les 3 piliers de la d\u00e9finition.\u00a0\u00a0\u00a0\u00a0\u00a0\u00a0\u00a0<\/span><\/li>\n<li style=\"font-weight: 400;\" aria-level=\"1\"><span style=\"font-weight: 400;\">Nils Pedersen, pr\u00e9sident de La Fonda, revient dans une <\/span><a href=\"https:\/\/www.carenews.com\/carenews-pro\/news\/nils-pedersen-la-fonda-si-on-n-est-pas-transparent-sur-la-methode-c-est-qu-on-a\" target=\"_blank\" rel=\"nofollow\"><span style=\"font-weight: 400;\">interview Carenews<\/span><\/a><span style=\"font-weight: 400;\"> sur la n\u00e9cessit\u00e9 de rigueur et transparence m\u00e9thodologique dans la d\u00e9marche d\u2019\u00e9valuation d\u2019impact, bases de cr\u00e9dibilit\u00e9 et d\u2019am\u00e9lioration continue.<\/span><\/li>\n<li style=\"font-weight: 400;\" aria-level=\"1\"><span style=\"font-weight: 400;\">La FERDI (Fondation pour les \u00c9tudes et Recherches sur le D\u00e9veloppement International) a publi\u00e9 l\u2019article \u201c<\/span><a href=\"https:\/\/ferdi.fr\/dl\/df-Dofpta1mjP7hXzhj1k8yTpWF\/wp302-ferdi-lost-in-impact-une-nouvelle-cartographie-pour-les-aventuriers-du.pdf\" target=\"_blank\" rel=\"nofollow\"><span style=\"font-weight: 400;\">Lost in impact : Une nouvelle cartographie pour les aventuriers du sens<\/span><\/a><span style=\"font-weight: 400;\">\u201d de Jean-Michel Severino. Il souligne le besoin de structuration et d\u2019encadrement de l&rsquo;investissement \u00e0 impact face au \u201cgreen and social washing\u201d.<\/span><\/li>\n<li style=\"font-weight: 400;\" aria-level=\"1\"><span style=\"font-weight: 400;\">A la suite d\u2019un groupe de travail o\u00f9 des experts de l\u2019\u00e9valuation se sont r\u00e9unis, la SFE (Soci\u00e9t\u00e9 Fran\u00e7aise de l\u2019Evaluation) et le SVF (Social Value France) ont r\u00e9dig\u00e9 un <\/span><a href=\"https:\/\/www.avise.org\/ressources\/entre-evaluation-de-politiques-publiques-et-evaluation-de-limpact-social-regards-croises\" target=\"_blank\" rel=\"nofollow\"><span style=\"font-weight: 400;\">document analysant et comparant\u00a0 les pratiques \u00e9valuatives des politiques publiques et de l\u2019\u00e9valuation d\u2019impact social<\/span><\/a><span style=\"font-weight: 400;\">. Ils y abordent les diff\u00e9rents acteurs impliqu\u00e9s, les d\u00e9finitions et enjeux de l\u2019\u00e9valuation ainsi que les cadres, les m\u00e9thodologies et pratiques de capitalisation qui peuvent \u00eatre mises en place.<\/span><\/li>\n<li style=\"font-weight: 400;\" aria-level=\"1\"><span style=\"font-weight: 400;\">La fondation Devoteam, accompagn\u00e9e dans son \u00e9valuation d\u2019impact social par le Labo E&amp;MISE de l\u2019ESSEC a publi\u00e9 un <\/span><a href=\"https:\/\/france.devoteam.com\/news-and-presse\/evaluation-dimpact-2021-de-la-fondation-devoteam\/\" target=\"_blank\" rel=\"nofollow\"><span style=\"font-weight: 400;\">article<\/span><\/a><span style=\"font-weight: 400;\"> sur les impacts du m\u00e9c\u00e9nat de comp\u00e9tences. Les structures accompagn\u00e9es notent une am\u00e9lioration de l\u2019activit\u00e9 pour 80% d\u2019entre elles et un transfert de connaissances\/comp\u00e9tences : 40% ont d\u00e9clar\u00e9 que leurs employ\u00e9(e)s avaient acquis des connaissances et comp\u00e9tences. Du c\u00f4t\u00e9 des consultant(e)s Devoteam impliqu\u00e9(e)s dans le m\u00e9c\u00e9nat, on constate une mont\u00e9e en comp\u00e9tences : 72% d\u2019entre eux pensent que cette exp\u00e9rience leur sera utile dans leur vie professionnelle future et un sentiment d\u2019utilit\u00e9 au travail pour 72% d\u2019entre eux.<\/span><\/li>\n<\/ul>\n<h1>\u00a0<\/h1>\n<h3><i><span style=\"font-weight: 400;\">A l\u2019international\u00a0<\/span><\/i><\/h3>\n<ul>\n<li style=\"font-weight: 400;\" aria-level=\"1\"><span style=\"font-weight: 400;\">L\u2019Organisation Internationale du Travail a r\u00e9alis\u00e9 un <\/span><a href=\"https:\/\/www.ilo.org\/global\/topics\/cooperatives\/sse\/WCMS_840707\/lang--fr\/index.htm\" target=\"_blank\" rel=\"nofollow\"><span style=\"font-weight: 400;\">rapport sur Le travail d\u00e9cent et l\u2019\u00e9conomie sociale et solidaire<\/span><\/a><span style=\"font-weight: 400;\">, en pr\u00e9vision de sa session de travail sur cette question qui aura lieu en juin 2022. Cette session constituera la premi\u00e8re discussion approfondie sur l&rsquo;ESS \u00e0 l&rsquo;OIT, ainsi que le premier d\u00e9bat de haut niveau au sein du syst\u00e8me des Nations Unies autour du potentiel de d\u00e9veloppement de l&rsquo;ESS. Les r\u00e9sultats attendus sont, entre autres, de\u00a0 donner une d\u00e9finition universelle du terme \u00ab \u00e9conomie sociale et solidaire \u00bb, y compris ses principes et valeurs associ\u00e9s, et d\u2019\u00e9valuer la contribution de l&rsquo;ESS au travail d\u00e9cent et \u00e0 la gestion et \u00e0 la promotion de l&rsquo;accompagnement global des personnes \u00e0 travers les transitions auxquelles elles sont confront\u00e9es tout au long de leur vie professionnelle.<\/span><\/li>\n<li style=\"font-weight: 400;\" aria-level=\"1\"><span style=\"font-weight: 400;\">Le magazine Barron\u2019s (hebdomadaire financier aux Etats-Unis) publie un article intitul\u00e9 <\/span><a href=\"https:\/\/www.barrons.com\/articles\/stock-market-dow-nasdaq-sp-500-51651273777\" target=\"_blank\" rel=\"nofollow\"><span style=\"font-weight: 400;\">\u201cLes soci\u00e9t\u00e9s les mieux g\u00e9r\u00e9es du march\u00e9 passent encore \u00e0 c\u00f4t\u00e9 de co\u00fbts cruciaux<\/span><\/a><span style=\"font-weight: 400;\">\u201d (The Market\u2019s Best-Managed Companies Still Miss Crucial Costs) dans lequel est d\u00e9velopp\u00e9 l\u2019exemple de l\u2019entreprise Procter &amp; Gamble, ayant r\u00e9alis\u00e9 de gros profits l\u2019ann\u00e9e derni\u00e8re, et qui aurait les moyens d\u2019agir pour r\u00e9duire son impact environnemental si celui \u00e9tait pris en compte via le syst\u00e8me d\u2019\u201dimpact weighted accounts\u201d mis en avant par l\u2019auteur de l\u2019article.\u00a0<\/span><\/li>\n<li style=\"font-weight: 400;\" aria-level=\"1\"><span style=\"font-weight: 400;\">Dans un <\/span><a href=\"https:\/\/ssir.org\/articles\/entry\/beyond_x_number_served#\" target=\"_blank\" rel=\"nofollow\"><span style=\"font-weight: 400;\">article publi\u00e9 dans la SSIR et intitul\u00e9 \u201cAu-del\u00e0 du X b\u00e9n\u00e9ficiaires\u201c<\/span><\/a><span style=\"font-weight: 400;\"> (Beyond \u2018X Number Served\u2019), <\/span><span style=\"font-weight: 400;\">Mona Mourshed, PDG fondatrice de Generation : You Employed, un r\u00e9seau mondial d&#8217;emploi \u00e0 but non lucratif, plaide pour une mesure plurielle de l\u2019impact. Selon elle, la bonne fa\u00e7on d&rsquo;accro\u00eetre l&rsquo;impact d&rsquo;un organisme est d\u2019\u00e9laborer des programmes reposant sur trois piliers : l&rsquo;ampleur, la profondeur et la durabilit\u00e9. Le passage \u00e0 l&rsquo;\u00e9chelle consiste \u00e0 faire progresser ces trois dimensions simultan\u00e9ment.<\/span><\/li>\n<li style=\"font-weight: 400;\" aria-level=\"1\"><span style=\"font-weight: 400;\">La SSIR propose une<\/span><a href=\"https:\/\/ssir.org\/articles\/entry\/determining_the_greatest_odds_for_social_good#\" target=\"_blank\" rel=\"nofollow\"><span style=\"font-weight: 400;\"> r\u00e9flexion de Cecilia Shapiro, ancienne responsable du fonds de capital-risque de l\u2019UNICEF, autour de l\u2019\u00e9valuation d\u2019impact en tant qu\u2019investisseur.<\/span><\/a><span style=\"font-weight: 400;\"> Devant la difficult\u00e9 de comparer des structures aux r\u00e9sultats vari\u00e9s, elle propose un cadre d\u2019\u00e9valuation cherchant \u00e0 \u00e9valuer la \u00ab\u00a0durabilit\u00e9 concurrentielle\u00a0\u00bb des solutions &#8211; leur capacit\u00e9 \u00e0 r\u00e9ussir sur le long terme et par rapport \u00e0 des solutions alternatives &#8211; tout en recueillant autant de donn\u00e9es que possible sur l&rsquo;impact social. Le cadre se base sur trois piliers : la technologie, la viabilit\u00e9 financi\u00e8re et la mesure de l&rsquo;impact social.<\/span><\/li>\n<li style=\"font-weight: 400;\" aria-level=\"1\"><span style=\"font-weight: 400;\">3ie publie un <\/span><a href=\"https:\/\/www.3ieimpact.org\/sites\/default\/files\/2022-03\/WP50-3ie-Process-Evaluation-Guidelines.pdf\" target=\"_blank\" rel=\"nofollow\"><span style=\"font-weight: 400;\">document de travail intitul\u00e9 \u00ab\u00a0Incorporer l&rsquo;\u00e9valuation de processus dans l&rsquo;\u00e9valuation d&rsquo;impact &#8211; Quoi, pourquoi et comment,<\/span><\/a><span style=\"font-weight: 400;\">\u00a0\u00bb r\u00e9dig\u00e9 par les chercheurs Vibecke Dixon et Michael Bamberger. Celui-ci \u00e9tablit des lignes directrices qui peuvent fournir aux \u00e9valuateurs d&rsquo;impact des outils et des id\u00e9es pour explorer et ajouter des \u00e9l\u00e9ments pertinents des \u00e9valuations de processus aux mod\u00e8les d&rsquo;\u00e9valuation d&rsquo;impact exp\u00e9rimentaux et quasi-exp\u00e9rimentaux. En compl\u00e9ment, <\/span><a href=\"https:\/\/www.3ieimpact.org\/blogs\" target=\"_blank\" rel=\"nofollow\"><span style=\"font-weight: 400;\">deux articles du blog<\/span><\/a><span style=\"font-weight: 400;\"> examinent diff\u00e9rentes approches d\u2019\u00e9valuation de processus.<\/span><\/li>\n<li style=\"font-weight: 400;\" aria-level=\"1\"><span style=\"font-weight: 400;\">Le cabinet SoPact partage plusieurs articles de r\u00e9flexion sur sa page medium. Le premier porte sur la <\/span><a href=\"https:\/\/medium.com\/@sopactcom\/what-does-equity-inclusion-have-to-do-with-impact-measurement-111d41e96c85\" target=\"_blank\" rel=\"nofollow\"><span style=\"font-weight: 400;\">relation entre \u00e9valuation d\u2019impact social, \u00e9quit\u00e9 et inclusion<\/span><\/a><span style=\"font-weight: 400;\">. Le deuxi\u00e8me <\/span><a href=\"https:\/\/medium.com\/@sopactcom\/attribution-vs-contribution-in-impact-measurement-4e1f9f779e16\" target=\"_blank\" rel=\"nofollow\"><span style=\"font-weight: 400;\">\u00e9voque la diff\u00e9rence entre contribution et attribution<\/span><\/a><span style=\"font-weight: 400;\"> en mati\u00e8re d\u2019\u00e9valuation d\u2019impact social. Enfin, le dernier d\u00e9montre la <\/span><a href=\"https:\/\/medium.com\/@sopactcom\/five-dimensions-of-impact-effective-way-to-demonstrate-impact-24fdcde5ef7\" target=\"_blank\" rel=\"nofollow\"><span style=\"font-weight: 400;\">n\u00e9cessit\u00e9 d\u2019utiliser des outils int\u00e9gr\u00e9s en mati\u00e8re de gestion de l\u2019impact.\u00a0<\/span><\/a><\/li>\n<\/ul>\n<h1>\u00a0<\/h1>\n<h2><b>Newsletters<\/b><\/h2>\n<ul>\n<li style=\"font-weight: 400;\" aria-level=\"1\"><a href=\"https:\/\/www.avise.org\/newsletters\" target=\"_blank\" rel=\"nofollow\"><span style=\"font-weight: 400;\">La newsletter de l\u2019Avise sur l\u2019\u00e9valuation d\u2019impact social en France<\/span><\/a><\/li>\n<li style=\"font-weight: 400;\" aria-level=\"1\"><a href=\"https:\/\/ssir.org\/email\" target=\"_blank\" rel=\"nofollow\"><span style=\"font-weight: 400;\">La newsletter de Stanford Social Innovation Review (SSIR)<\/span><\/a><\/li>\n<\/ul>\n<h1>\u00a0<\/h1>\n<p><span style=\"font-weight: 400;\">Retrouvez tous les mois notre veille internationale sur l\u2019\u00e9valuation d&rsquo;impact social sur la page <\/span><a href=\"https:\/\/www.linkedin.com\/company\/42301082\/\" target=\"_blank\" rel=\"nofollow\"><span style=\"font-weight: 400;\">LinkedIn du Labo<\/span><\/a><span style=\"font-weight: 400;\">. Des questions ? Des propositions de contributions ou des solutions pour l\u2019\u00e9valuation d\u2019impact social ? Contactez-nous via<\/span><a href=\"http:\/\/mailto:louis.raynauddelage@essec.edu\" target=\"_blank\" rel=\"nofollow\"> <span style=\"font-weight: 400;\">louis.raynauddelage@essec.edu<\/span><\/a><span style=\"font-weight: 400;\"> ou <\/span><a href=\"http:\/\/mailto:leclerc@essec.edu\" target=\"_blank\" rel=\"nofollow\"><span style=\"font-weight: 400;\">leclerc@essec.edu<\/span><\/a><span style=\"font-weight: 400;\">\u00a0<\/span><\/p>\n<h1>\u00a0<\/h1>\n<p><span style=\"font-weight: 400;\">Note de Veille r\u00e9dig\u00e9e par <\/span><b>Clara Cohade<\/b><span style=\"font-weight: 400;\"> et <\/span><b>Claire Salmon, <\/b><span style=\"font-weight: 400;\">sous la direction de <\/span><b>Thierry Sibieude <\/b><span style=\"font-weight: 400;\">et d\u2019<\/span><b>Elise Leclerc <\/b><span style=\"font-weight: 400;\">et avec la contribution de <\/span><b>Louis Raynaud de Lage.\u00a0<\/b><\/p>\n<p>&nbsp;<\/p>\n<p>[\/et_pb_text][\/et_pb_column][\/et_pb_row][\/et_pb_section]<\/p>\n","protected":false},"excerpt":{"rendered":"<p>Les actualit\u00e9s, articles et outils \u00e0 saisir de l\u2019Observatoire de l\u2019Evaluation d\u2019Impact Social de l\u2019ESSEC Avril 2022 \u00a0 \u00c9v\u00e9nements et actualit\u00e9s du secteur &nbsp; En France Le Labo E&amp;MISE de l\u2019ESSEC et l\u2019Impact Tank ont organis\u00e9 le 2 avril un atelier de r\u00e9flexion suite au Panorama de l\u2019\u00e9valuation d\u2019impact social 2021. 50 acteurs et actrices [&hellip;]<\/p>\n","protected":false},"author":2,"featured_media":0,"comment_status":"open","ping_status":"open","sticky":false,"template":"","format":"standard","meta":{"_et_pb_use_builder":"on","_et_pb_old_content":"<h1><img class=\"alignnone wp-image-3981 size-large\" src=\"https:\/\/impactinitiative.essec.edu\/wp-content\/uploads\/2022\/04\/dan-dimmock-3mt71MKGjQ0-unsplash-1024x576.jpg\" alt=\"Visuel Veille N\u00b012 Labo E&MISE\" width=\"1024\" height=\"576\" \/><\/h1>\r\n<h1><\/h1>\r\n<h1><b>Les actualit\u00e9s, articles et outils \u00e0 saisir de l\u2019Observatoire de l\u2019Evaluation d\u2019Impact Social de l\u2019ESSEC<\/b><\/h1>\r\n<i><span style=\"font-weight: 400;\">Mars 2022<\/span><\/i>\r\n\r\n\u00a0\r\n<h2><b>\u00c9v\u00e9nements et actualit\u00e9s du secteur<\/b><\/h2>\r\n<h3><i><span style=\"font-weight: 400;\">En France<\/span><\/i><\/h3>\r\n<ul>\r\n \t<li style=\"font-weight: 400;\" aria-level=\"1\"><span style=\"font-weight: 400;\">Thibault Guilluy, le Haut Commissaire \u00e0 l\u2019emploi et \u00e0 l'engagement des entreprises a d\u00e9voil\u00e9 mi-mars la liste des <\/span><a href=\"https:\/\/www.carenews.com\/carenews-pro\/news\/thibaut-guilluy-presente-cinq-nouveaux-laureats-des-contrats-a-impact\"><span style=\"font-weight: 400;\">5 nouveaux laur\u00e9ats<\/span><\/a><span style=\"font-weight: 400;\"> des contrats \u00e0 impact : Article 1, ClubHouse, Moojvee Talents, Les eaux Vives Emma\u00fcs, Gojob. En novembre dernier, 4 premiers laur\u00e9ats avaient \u00e9t\u00e9 annonc\u00e9s : T\u00e9l\u00e9maque, Duo for a job, Comme les autres et Messidor. <\/span><a href=\"https:\/\/emis-essec.wiki\/2022\/02\/14\/le-developpement-des-contrats-a-impact-social-cis-et-limportance-de-levaluation-1-2\/\"><span style=\"font-weight: 400;\">Le contrat \u00e0 impact social<\/span><\/a><span style=\"font-weight: 400;\"> a \u00e9t\u00e9 impuls\u00e9 par les pouvoirs publics afin de r\u00e9pondre \u00e0 des besoins sociaux ou environnementaux insuffisamment pris en charge par l\u2019\u00c9tat via un syst\u00e8me d\u2019appels \u00e0 projets. Les porteurs de projets qui r\u00e9pondent sont mis en relation avec un organisme structureur qui fait le lien avec des investisseurs tiers et les pouvoirs publics. Le m\u00e9canisme de financement est garanti par l\u2019atteinte ou non de r\u00e9sultats quantifiables qui sont d\u00e9finis en amont par les parties prenantes puis mesur\u00e9s par un \u00e9valuateur externe.\u00a0<\/span><\/li>\r\n \t<li style=\"font-weight: 400;\" aria-level=\"1\"><span style=\"font-weight: 400;\">L\u2019association <\/span><a href=\"https:\/\/www.commelesautres.org\/\"><span style=\"font-weight: 400;\">Comme les Autres<\/span><\/a><span style=\"font-weight: 400;\">, accompagnant dans leur parcours de reconstruction les personnes devenues handicap\u00e9es suite \u00e0 un accident de la vie, a sign\u00e9 mi-mars un protocole d\u2019engagement concr\u00e9tisant le <\/span><a href=\"https:\/\/www.linkedin.com\/feed\/update\/urn:li:activity:6910581215200731136\/\"><span style=\"font-weight: 400;\">lancement de son contrat \u00e0 impact<\/span><\/a><span style=\"font-weight: 400;\">. Le cabinet Improve sera son \u00e9valuateur.<\/span><\/li>\r\n \t<li style=\"font-weight: 400;\" aria-level=\"1\"><span style=\"font-weight: 400;\">Organis\u00e9s par le Bocal - en distanciel, <\/span><a href=\"https:\/\/www.unidivers.fr\/event\/ess-webinaire-evaluer-lutilite-sociale-mesurer-limpact-social-en-ess-le-bocal-en-distanciel-2022-03-30\/\"><span style=\"font-weight: 400;\">3 webinaires<\/span><\/a><span style=\"font-weight: 400;\"> \u201cEvaluer l\u2019utilit\u00e9 sociale, mesurer l\u2019impact social en ESS\u201d ont eu lieu les 25, 30 et 31 mars. L\u2019enjeu \u00e9tait de permettre aux participants de faire un tour d\u2019horizon \u00e0 360 degr\u00e9s et d\u2019avoir une compr\u00e9hension ouverte et critique sur les questions d\u2019\u00e9valuation afin d\u2019ouvrir le champ des possibles, notamment en termes de m\u00e9thodes ou de communaut\u00e9s partageant des valeurs et des pratiques sur le champ de l\u2019\u00e9valuation.<\/span><\/li>\r\n \t<li style=\"font-weight: 400;\" aria-level=\"1\"><a href=\"https:\/\/collectif-emploi.fr\/\"><span style=\"font-weight: 400;\">Collectif Emploi<\/span><\/a><span style=\"font-weight: 400;\"> a pr\u00e9sent\u00e9 sa d\u00e9marche d'\u00e9valuation et de mesure d\u2019impact le 31 mars : \u201cMesurer le Agir Ensemble pour l\u2019emploi : la d\u00e9marche d\u2019\u00e9valuation d\u2019impact des Collectifs Emploi\" (<\/span><a href=\"https:\/\/urldefense.proofpoint.com\/v2\/url?u=https-3A__drive.google.com_file_d_1TEAtkmom8M0j3upmAZAXcJU3uvFT9hCf_view-3Fusp-3Dsharing&d=DwMFaQ&c=oS_0xOYps7FNW56RWijYeQ&r=OgA3qYgQRzlXZ_CiLV8f2p5pAQSFHCoPW8SiQEmZBuI&m=LKTsBpy549mWvG14CUyphAIwAMyCxgAeWy7LyDyGFwhhLEjtavadbESV9McA1pA2&s=LWFP0HEKyi4exaunoUfbWtaElJFqs3d786qkKjyWITM&e=\"><span style=\"font-weight: 400;\">replay<\/span><\/a><span style=\"font-weight: 400;\"> et <\/span><a href=\"https:\/\/urldefense.proofpoint.com\/v2\/url?u=https-3A__drive.google.com_file_d_1kSsGlhgcaYlxyH-5F3Q9ZShfODLjOzbSXw_view-3Fusp-3Dsharing&d=DwMFaQ&c=oS_0xOYps7FNW56RWijYeQ&r=OgA3qYgQRzlXZ_CiLV8f2p5pAQSFHCoPW8SiQEmZBuI&m=LKTsBpy549mWvG14CUyphAIwAMyCxgAeWy7LyDyGFwhhLEjtavadbESV9McA1pA2&s=KHkCgwRhNnJlMDNaKGgJX9jh7qyItGeuSHNaf6khQ-g&e=\"><span style=\"font-weight: 400;\">pr\u00e9sentation utilis\u00e9e<\/span><\/a><span style=\"font-weight: 400;\"> disponibles). Une m\u00e9thodologie a \u00e9t\u00e9 test\u00e9e sur 3 Collectifs Emplois qui ont particip\u00e9 \u00e0 la Communaut\u00e9 nationale des Collectifs Emploi dont l\u2019objectif est d'agir ensemble afin d'am\u00e9liorer les parcours de retour \u00e0 l'emploi. Cette communaut\u00e9 leur permet de se regrouper, d\u2019\u00e9changer et de capitaliser autour de probl\u00e9matiques et d\u2019objectifs communs. L\u2019\u00e9v\u00e9nement revenait sur les premiers r\u00e9sultats de cette \u00e9valuation d\u2019impact.<\/span><\/li>\r\n \t<li style=\"font-weight: 400;\" aria-level=\"1\"><span style=\"font-weight: 400;\">Dans le cadre de sa mission \u201cAgir pour le bien \u00eatre mental des individus tout au long de la vie\u201d, la <\/span><a href=\"https:\/\/fondation.aesio.fr\/\"><span style=\"font-weight: 400;\">Fondation AESIO<\/span><\/a><span style=\"font-weight: 400;\"> a d\u00e9cid\u00e9 de <\/span><a href=\"https:\/\/www.carenews.com\/fondation-aesio\/news\/comment-accompagner-des-porteurs-de-projets-dans-leur-evaluation-d-impact\"><span style=\"font-weight: 400;\">sensibiliser et d\u2019accompagner<\/span><\/a><span style=\"font-weight: 400;\"> ses partenaires \u00e0 l'\u00e9valuation et la mesure d\u2019impact social via une formation th\u00e9orique et pratique anim\u00e9e par le cabinet Improve.<\/span><\/li>\r\n \t<li style=\"font-weight: 400;\" aria-level=\"1\"><span style=\"font-weight: 400;\">Lancement de la d\u00e9marche <\/span><a href=\"https:\/\/www.linkedin.com\/posts\/projets-%C3%A0-impact-du-grand-paris_grandparis-daezveloppementurbain-urbanisme-activity-6914499378292363264-76NE?utm_source=linkedin_share&utm_medium=member_desktop_web\"><span style=\"font-weight: 400;\">\u201cProjets \u00e0 impact du Grand Paris\u201d<\/span><\/a><span style=\"font-weight: 400;\"> le 22 mars, d\u00e9marche port\u00e9e par Impact Tank qui r\u00e9unit d\u00e9cideurs publics et priv\u00e9s, acteurs de terrain et chercheurs autour de l'\u00e9valuation et la mesure d\u2019impact puis la mise \u00e0 l\u2019\u00e9chelle des innovations sociales les plus prometteuses dans le domaine de l\u2019urbanisme inclusif. Pendant un an, les parties prenantes de cette d\u00e9marche s\u2019activeront \u00e0 r\u00e9pondre \u00e0 la question : Comment les innovations sociales du Grand Paris contribuent-elles \u00e0 \"changer la vie\" de toutes et tous sur le territoire en am\u00e9liorant leurs quotidiens mais aussi leur parcours de vie ?<\/span><\/li>\r\n<\/ul>\r\n\u00a0\r\n<h3><i><span style=\"font-weight: 400;\">A l\u2019international\u00a0<\/span><\/i><\/h3>\r\n<ul>\r\n \t<li style=\"font-weight: 400;\" aria-level=\"1\"><span style=\"font-weight: 400;\">L\u2019Impact Tank partage la <\/span><a href=\"https:\/\/impact-tank.org\/wp-content\/uploads\/2022\/03\/Synthese-FR-PFUE.pdf\"><span style=\"font-weight: 400;\">synth\u00e8se<\/span><\/a><span style=\"font-weight: 400;\"> des enseignements \u00e0 retenir de la conf\u00e9rence \u201cEncourager l\u2019innovation sociale \u00e0 l\u2019\u00e9chelle europ\u00e9enne, de la recherche \u00e0 l\u2019action\u201d organis\u00e9e le 11 f\u00e9vrier dernier, \u00e0 laquelle avaient notamment particip\u00e9 Lisa Hehenberger (Esade), J\u00fcrgen Howaldt (Dortmund University), Gorgi Krlev (Universit\u00e9 de Heidelberg) et Thierry Sibieude (ESSEC Business School) pour les experts acad\u00e9miques, et Am\u00e9lie de Montchalin (Ministre de la transformation publique) et Risto Raivio (Union Europ\u00e9enne, Direction G\u00e9n\u00e9rale pour l\u2019emploi, les affaires sociales et l\u2019inclusion) pour les pouvoirs publics. Parmi les huits messages transmis figurent l\u2019importance de d\u00e9finir collectivement ce qu\u2019est l\u2019innovation sociale ainsi que la n\u00e9cessit\u00e9 pour les innovateurs d\u2019\u00e9valuer leur impact social en s\u2019appuyant sur des donn\u00e9es robustes.<\/span><\/li>\r\n \t<li style=\"font-weight: 400;\" aria-level=\"1\"><span style=\"font-weight: 400;\">Le Miller Center for Social Entrepreneurship (universit\u00e9 de Santa Clara) et le cabinet SoPact ont organis\u00e9 un <\/span><a href=\"https:\/\/www.linkedin.com\/events\/whatarethebestpracticesforcolle6912796585231822848\/\"><span style=\"font-weight: 400;\">webinaire<\/span><\/a><span style=\"font-weight: 400;\"> intitul\u00e9 \u201cWhat are the Best Practices for Collecting, Analyzing & Using Impact Data?\u201d le 8 avril.<\/span><\/li>\r\n \t<li style=\"font-weight: 400;\" aria-level=\"1\"><span style=\"font-weight: 400;\">Le Common Approach recherche des r\u00e9seaux d\u2019organisations \u00e0 vocation sociale au Canada pour participer au projet <\/span><a href=\"https:\/\/www.commonapproach.org\/pathfinder-pilot\/\"><span style=\"font-weight: 400;\">\u201cpilote \u00e9claireur\u201d<\/span><\/a><span style=\"font-weight: 400;\"> sur l\u2019utilisation des quatre normes de l\u2019Approche Commune. Cette nouvelle approche vise \u00e0 mesurer l\u2019impact de mani\u00e8re plus efficace et pertinente que les approches traditionnelles.\u00a0<\/span><\/li>\r\n \t<li style=\"font-weight: 400;\" aria-level=\"1\"><span style=\"font-weight: 400;\">Louis Boudoux d'Hautefeuille et Lisa Hehenberger de l\u2019Esade publient un rapport sur la gouvernance de la mesure d'impact dans les fonds d'investissement d'impact europ\u00e9ens (<\/span><a href=\"https:\/\/www.esade.edu\/en\/faculty-and-research\/research\/knowledge-units\/center-social-impact\/research\/governance-impact-measurement?mc_cid=d543102352&mc_eid=421261eb91\"><span style=\"font-weight: 400;\">\u201cThe Governance of Impact Measurement in European Impact Investing Funds\u201d<\/span><\/a><span style=\"font-weight: 400;\">), abordant notamment la fa\u00e7on dont les fonds d'investissement d'impact europ\u00e9ens int\u00e8grent l\u2019impact dans le processus d'investissement, et bas\u00e9 sur des recherches documentaires et des entretiens avec huit fonds d\u2019investissement \u00e0 impact en Europe. L<\/span><a href=\"https:\/\/www.youtube.com\/watch?v=5l8QIrxobWQ\"><span style=\"font-weight: 400;\">\u2019enregistrement du webinaire de pr\u00e9sentation<\/span><\/a><span style=\"font-weight: 400;\"> de ce rapport est \u00e9galement disponible.<\/span><\/li>\r\n \t<li style=\"font-weight: 400;\" aria-level=\"1\"><span style=\"font-weight: 400;\">Le GIIN lance les <\/span><a href=\"https:\/\/thegiin.org\/research\/publication\/iris-impact-performance-benchmarks-overview\"><span style=\"font-weight: 400;\">benchmark d\u2019impact sectoriaux IRIS+<\/span><\/a><span style=\"font-weight: 400;\">, un outil permettant aux investisseurs d'analyser leur performance d'impact sectorielle sur le march\u00e9 et de comparer leurs r\u00e9sultats d'impact \u00e0 ceux de leurs pairs et aux ODD. Le premier benchmark est ax\u00e9 sur l'inclusion financi\u00e8re. Un aper\u00e7u de la version b\u00eata du benchmark est disponible <\/span><a href=\"https:\/\/iris.thegiin.org\/performance-analytics\/\"><span style=\"font-weight: 400;\">ici<\/span><\/a><span style=\"font-weight: 400;\">. Le prochain benchmark sectoriel portera sur l\u2019agriculture.<\/span><\/li>\r\n<\/ul>\r\n<ul>\r\n \t<li style=\"font-weight: 400;\" aria-level=\"1\"><span style=\"font-weight: 400;\">Social Value UK propose sa <\/span><a href=\"https:\/\/socialvalueuk.org\/online-accredited-social-value-and-sroi-practitioner-training\/#structure\"><span style=\"font-weight: 400;\">formation \u201cValue & SROI practitioner\" en ligne,<\/span><\/a><span style=\"font-weight: 400;\"> avec un format de cinq rencontres sur deux semaines. Les prochaines sessions d\u00e9marreront les 20 avril, 18 mai et 22 juin prochain<\/span><\/li>\r\n<\/ul>\r\n\u00a0\r\n<h2><b>Rapports d\u2019impact<\/b><\/h2>\r\n<h3><i><span style=\"font-weight: 400;\">En France<\/span><\/i><\/h3>\r\n<ul>\r\n \t<li style=\"font-weight: 400;\" aria-level=\"1\"><span style=\"font-weight: 400;\">Goodwill Management a publi\u00e9 l\u2019<\/span><a href=\"https:\/\/drive.google.com\/file\/d\/1Qw6IkToLhyjiSQ7g773LUiX01zcJG4et\/view\"><span style=\"font-weight: 400;\">\u00e9valuation d\u2019impact social<\/span><\/a><span style=\"font-weight: 400;\"> de la Cloche, une association qui \u0153uvre au quotidien pour rendre la soci\u00e9t\u00e9 plus inclusive. 4 changements g\u00e9n\u00e9r\u00e9s par son action ont \u00e9t\u00e9 d\u00e9montr\u00e9s : changement des regards sur la grande exclusion, augmentation de l'engagement et du passage \u00e0 l'action, cr\u00e9ation de lien social et rupture de l'isolement, une plus grande inclusion des villes.<\/span><\/li>\r\n<\/ul>\r\n\u00a0\r\n<h3><i><span style=\"font-weight: 400;\">A l\u2019international<\/span><\/i><\/h3>\r\n<ul>\r\n \t<li style=\"font-weight: 400;\" aria-level=\"1\"><span style=\"font-weight: 400;\">Une \u00e9quipe de chercheuses du J-Pal publie les r\u00e9sultats d\u2019une <\/span><a href=\"https:\/\/www.povertyactionlab.org\/evaluation\/impact-extending-childcare-female-labor-chile?utm_source=newsletter&utm_medium=email&utm_campaign=mar22\"><span style=\"font-weight: 400;\">\u00e9valuation randomis\u00e9e portant sur un programme de garde d\u2019enfant intitul\u00e9 \u201c4-7 Program\u201d<\/span><\/a><span style=\"font-weight: 400;\"> au Chili. Le programme a augment\u00e9 l'emploi des m\u00e8res et l'utilisation des garderies pour les jeunes enfants qui n'\u00e9taient pas \u00e9ligibles, ce qui sugg\u00e8re que les femmes ont besoin de garderies pour tous leurs enfants afin d'int\u00e9grer le march\u00e9 du travail. En outre, le programme n'a pas am\u00e9lior\u00e9 les r\u00e9sultats scolaires des enfants en moyenne, mais a am\u00e9lior\u00e9 l'assiduit\u00e9 et les notes des enfants qui n'\u00e9taient pas supervis\u00e9s auparavant par un parent pendant les heures p\u00e9riscolaires.<\/span><\/li>\r\n \t<li style=\"font-weight: 400;\" aria-level=\"1\"><span style=\"font-weight: 400;\">La Fondation OVO (fournisseur d\u2019\u00e9lectricit\u00e9 britannique) a r\u00e9alis\u00e9 une <\/span><a href=\"https:\/\/socialvalueuk.org\/wp-content\/uploads\/2022\/03\/OVO-Foundation-SROI-Report-Composite.pdf\"><span style=\"font-weight: 400;\">\u00e9tude sur le SROI pr\u00e9visionnel de ses trois programmes,<\/span><\/a><span style=\"font-weight: 400;\"> portant respectivement sur l\u2019acc\u00e8s \u00e0 la sant\u00e9 et \u00e0 l\u2019\u00e9ducation d\u2019habitants de zones rurales au Kenya, la r\u00e9novation de logements pour des personnes sans-abri Royaume-Uni et le m\u00e9c\u00e9nat de comp\u00e9tences de salari\u00e9s de l\u2019entreprise au sein d\u2019associations britanniques. La valeur moyenne projet\u00e9e pour les trois projets est de 10,19 livres sterling pour une livre sterling investie.<\/span><\/li>\r\n \t<li style=\"font-weight: 400;\" aria-level=\"1\"><span style=\"font-weight: 400;\">Un groupe de chercheurs de l\u2019universit\u00e9 de Witwatersrand en Afrique du Sud publie <\/span><a href=\"https:\/\/www.tandfonline.com\/doi\/abs\/10.1080\/00220388.2022.2048654\"><span style=\"font-weight: 400;\">une \u00e9tude quasi-exp\u00e9rimentale de l'impact des migrations vers le milieu urbain en Afrique du Sud.<\/span><\/a><span style=\"font-weight: 400;\"> Bas\u00e9e sur des donn\u00e9es nationales (National Income Dynamics Study, NIDS),\u00a0 cette \u00e9tude r\u00e9v\u00e8le que les migrants ruraux-urbains connaissent un d\u00e9clin dans les r\u00e9sultats de sant\u00e9 physique et mentale d\u00e9clar\u00e9s. L'\u00e9tude identifie l'isolement social et les conditions de vie difficiles comme certains des facteurs \u00e0 l'origine de ces r\u00e9sultats n\u00e9gatifs en mati\u00e8re de sant\u00e9.<\/span><\/li>\r\n<\/ul>\r\n\u00a0\r\n<h2><b>Publications<\/b><\/h2>\r\n<h3><i><span style=\"font-weight: 400;\">En France<\/span><\/i><span style=\"font-weight: 400;\">\u00a0<\/span><\/h3>\r\n<ul>\r\n \t<li style=\"font-weight: 400;\" aria-level=\"1\"><span style=\"font-weight: 400;\">Un ouvrage sur la mesure d\u2019impact social vient d\u2019\u00eatre publi\u00e9 en opensource sur <\/span><a href=\"https:\/\/zenodo.org\/record\/6336071#.YkqUFW5BxhG\"><span style=\"font-weight: 400;\">Zenodo<\/span><\/a><span style=\"font-weight: 400;\"> : \u201cEvaluation. Fondements, controverses, perspectives\". Il propose un panorama de la diversit\u00e9 des pratiques existantes mais revient \u00e9galement sur ses fondements th\u00e9oriques.<\/span><\/li>\r\n \t<li style=\"font-weight: 400;\" aria-level=\"1\"><span style=\"font-weight: 400;\">Suite au cycle 2020 des Petits d\u00e9jeuners de la mesure d\u2019impact, Convergences, l\u2019Avise et Improve ont finalis\u00e9 et publi\u00e9 en collaboration un livrable d\u00e9di\u00e9 \u00e0 la qualit\u00e9 de la mesure d\u2019impact : \u201c<\/span><a href=\"https:\/\/www.convergences.org\/wp-content\/uploads\/2022\/03\/Mesure-dimpact-pour-un-regard-critique-PDMI-2020_compressed-1.pdf\"><span style=\"font-weight: 400;\">Mesure d\u2019impact : pour un regard critique<\/span><\/a><span style=\"font-weight: 400;\">\u201d. Ce livrable propose 4 axes de questionnement : Parle-t-on bien d\u2019impact social ? Y a-t-il bien une volont\u00e9 de l\u2019organisation \u00e0 g\u00e9n\u00e9rer un impact et comment est-elle formalis\u00e9e ? Le rapport est-il transparent sur les \u00e9l\u00e9ments cl\u00e9s de l\u2019\u00e9tude ? A quoi servira cette \u00e9valuation ?<\/span><\/li>\r\n \t<li style=\"font-weight: 400;\" aria-level=\"1\"><span style=\"font-weight: 400;\">La 27e r\u00e9gion, un laboratoire de transformation publique en France, pr\u00e9sente <\/span><a href=\"https:\/\/www.la27eregion.fr\/wp-content\/uploads\/sites\/2\/2022\/03\/VFINALE2.pdf\"><span style=\"font-weight: 400;\">son livret de l'enqu\u00eate Nouvelles Mesures!<\/span><\/a><span style=\"font-weight: 400;\">, un programme exp\u00e9rimental inter-collectivit\u00e9s visant \u00e0 d\u00e9crypter et exp\u00e9rimenter de nouveaux mod\u00e8les comptables pour soutenir les acteurs publics face \u00e0 leur responsabilit\u00e9 \u00e9cologique et sociale.\u00a0<\/span><\/li>\r\n \t<li style=\"font-weight: 400;\" aria-level=\"1\"><a href=\"https:\/\/tnova.fr\/\"><span style=\"font-weight: 400;\">Terra Nova<\/span><\/a><span style=\"font-weight: 400;\">, un think tank cherchant \u00e0 produire et diffuser des solutions politiques innovantes en France et en Europe, vient de publier une <\/span><a href=\"https:\/\/tnova.fr\/site\/assets\/files\/27727\/terra-nova_note_une_politique_pour_developper_leconomie_de_limpact_et_construire_un_nouveau_capitalisme_300322.pdf?a0zr6\"><span style=\"font-weight: 400;\">note de synth\u00e8se<\/span><\/a><span style=\"font-weight: 400;\"> d\u00e9taillant les mesures qu\u2019un minist\u00e8re de l\u2019\u00c9conomie de l\u2019impact pourrait prendre rapidement pour d\u00e9velopper une action publique p\u00e9renne dans ce domaine. Cette note axe ses propositions autour de 5 enjeux : f\u00e9d\u00e9rer les acteurs, clarifier le cadre, accompagner les organisations, d\u00e9velopper l\u2019\u00e9cosyst\u00e8me de financement et porter le sujet en Europe. <\/span><b>Elle propose de d\u00e9velopper l'\u00e9cosyst\u00e8me de financement notamment via un renforcement du secteur de l\u2019analyse d\u2019impact (plus de moyens humains \u00e0 disposition, plus d\u2019acc\u00e8s \u00e0 des donn\u00e9es publiques de qualit\u00e9 - p12-13)<\/b><span style=\"font-weight: 400;\">.<\/span><\/li>\r\n<\/ul>\r\n\u00a0\r\n<h3><i><span style=\"font-weight: 400;\">A l\u2019international\u00a0<\/span><\/i><\/h3>\r\n<ul>\r\n \t<li style=\"font-weight: 400;\" aria-level=\"1\"><span style=\"font-weight: 400;\">Dans le cadre de l'initiative Impact-weighted accounts de la Harvard Business School, deux chercheurs explorent le sujet de l<\/span><a href=\"https:\/\/www.hbs.edu\/impact-weighted-accounts\/news\/Pages\/default.aspx\"><span style=\"font-weight: 400;\">\u2019\u00e9valuation de la qualit\u00e9 d\u2019un emploi.<\/span><\/a><span style=\"font-weight: 400;\"> Apr\u00e8s avoir conduit des exp\u00e9rimentations durant deux ans avec des entreprises dans des secteurs d\u2019activit\u00e9 vari\u00e9s, ils proposent sept questions que les entreprises peuvent se poser sur la qualit\u00e9, la mobilit\u00e9 et l'\u00e9quit\u00e9 de leurs emplois, et donnent des exemples de la mani\u00e8re dont les entreprises utilisent ces param\u00e8tres pour cr\u00e9er des emplois int\u00e9ressants et d\u00e9velopper leur main-d'\u0153uvre.<\/span><\/li>\r\n \t<li style=\"font-weight: 400;\" aria-level=\"1\"><span style=\"font-weight: 400;\">Un <\/span><a href=\"https:\/\/www.taylorfrancis.com\/chapters\/edit\/10.4324\/9780429243165-9\/social-impact-evaluation-gorgi-krlev-federica-angeli\"><span style=\"font-weight: 400;\">chapitre portant sur l\u2019\u00e9valuation de l\u2019impact social<\/span><\/a><span style=\"font-weight: 400;\"> r\u00e9dig\u00e9 par Gorgi Krlev (Universit\u00e9 d\u2019Heidelberg) et Federica Angeli (Universit\u00e9 de York) figure dans l\u2019ouvrage <\/span><i><span style=\"font-weight: 400;\">Organizing for Sustainable Developmen<\/span><\/i><span style=\"font-weight: 400;\">t \u00e0 para\u00eetre en Avril aux \u00e9ditions Routledge.\u00a0<\/span><\/li>\r\n \t<li style=\"font-weight: 400;\" aria-level=\"1\"><span style=\"font-weight: 400;\">USAID s\u2019est associ\u00e9 \u00e0 Social Impact pour construire un canevas pour d\u00e9velopper sa th\u00e9orie du changement, intitul\u00e9 le \u201c<\/span><a href=\"https:\/\/socialimpact.com\/introducing-the-toc-workbook\/\"><span style=\"font-weight: 400;\">TOC Workbook<\/span><\/a><span style=\"font-weight: 400;\">.\u201d Cette ressource en acc\u00e8s libre propose un parcours de cinq \u00e9tapes et s\u2019adresse principalement aux projets li\u00e9s aux enjeux de d\u00e9veloppement.<\/span><\/li>\r\n \t<li style=\"font-weight: 400;\" aria-level=\"1\"><span style=\"font-weight: 400;\">Employ\u00e9 tr\u00e8s fr\u00e9quemment dans les travaux d\u2019\u00e9valuation d\u2019impact social ainsi que dans de nombreux autres champs scientifiques, le terme \u201dbesoin\u201d renvoie t-il \u00e0 une d\u00e9finition \u00e9tablie ? Ambre Fourrier, candidate au doctorat en sociologie \u00e0 l\u2019universit\u00e9 du Qu\u00e9bec, propose une <\/span><a href=\"http:\/\/innovationsocialeusp.ca\/crits\/publications\/les-besoins-une-notion-a-redefinir?\"><span style=\"font-weight: 400;\">recension de litt\u00e9rature sur la notion de besoins<\/span><\/a><span style=\"font-weight: 400;\"> et en distingue deux approches. La premi\u00e8re reconna\u00eet l\u2019existence de besoins \u00ab absolus \u00bb ou \u00ab objectifs \u00bb et tente de les hi\u00e9rarchiser, tandis que la deuxi\u00e8me est compos\u00e9e de diverses perspectives qui peuvent \u00eatre qualifi\u00e9es de \u00ab relativistes \u00bb.<\/span><\/li>\r\n \t<li style=\"font-weight: 400;\" aria-level=\"1\"><span style=\"font-weight: 400;\">Le Journal of Wealth Management publie un article intitul\u00e9 \u201cConsid\u00e9rations sur la mesure de l'impact pour les investisseurs du march\u00e9 priv\u00e9\u201d (<\/span><a href=\"https:\/\/jwm.pm-research.com\/content\/early\/2022\/03\/16\/jwm.2022.1.166\/tab-pdf-trialist\"><span style=\"font-weight: 400;\">Impact Measurement Considerations for Private Market Investors<\/span><\/a><span style=\"font-weight: 400;\">) dans lequel les auteurs analysent les approches existantes de la mesure de l'impact et pr\u00e9sentent une m\u00e9thodologie pour calculer et agr\u00e9ger les mesures d'impact dans un portefeuille priv\u00e9.\u00a0<\/span><\/li>\r\n<\/ul>\r\n\u00a0\r\n<h2><b>Newsletters<\/b><\/h2>\r\n<ul>\r\n \t<li style=\"font-weight: 400;\" aria-level=\"1\"><a href=\"https:\/\/www.avise.org\/newsletters\"><span style=\"font-weight: 400;\">La newsletter de l\u2019Avise sur l\u2019\u00e9valuation d\u2019impact social en France<\/span><\/a><\/li>\r\n \t<li style=\"font-weight: 400;\" aria-level=\"1\"><a href=\"https:\/\/ssir.org\/email\"><span style=\"font-weight: 400;\">La newsletter de Stanford Social Innovation Review (SSIR)<\/span><\/a><\/li>\r\n<\/ul>\r\n\u00a0\r\n\r\n<span style=\"font-weight: 400;\">Retrouvez tous les mois notre veille internationale sur l\u2019\u00e9valuation d'impact social sur la page <\/span><a href=\"https:\/\/www.linkedin.com\/company\/42301082\/\"><span style=\"font-weight: 400;\">LinkedIn du Labo<\/span><\/a><span style=\"font-weight: 400;\">. Des questions ? Des propositions de contributions ou des solutions pour l\u2019\u00e9valuation d\u2019impact social ? Contactez-nous via<\/span><a href=\"http:\/\/mailto:louis.raynauddelage@essec.edu\"> <span style=\"font-weight: 400;\">louis.raynauddelage@essec.edu<\/span><\/a><span style=\"font-weight: 400;\"> ou <\/span><a href=\"http:\/\/mailto:leclerc@essec.edu\"><span style=\"font-weight: 400;\">leclerc@essec.edu<\/span><\/a><span style=\"font-weight: 400;\">\u00a0<\/span>\r\n\r\n<span style=\"font-weight: 400;\">Note de Veille r\u00e9dig\u00e9e par <\/span><b>Clara Cohade<\/b><span style=\"font-weight: 400;\"> et <\/span><b>Claire Salmon, <\/b><span style=\"font-weight: 400;\">sous la direction de <\/span><b>Thierry Sibieude <\/b><span style=\"font-weight: 400;\">et d\u2019<\/span><b>Elise Leclerc <\/b><span style=\"font-weight: 400;\">et avec la contribution de <\/span><b>Louis Raynaud de Lage.\u00a0<\/b>","_et_gb_content_width":"","inline_featured_image":false},"categories":[11],"tags":[14,20,10,15,19,21,12],"yoast_head":"<!-- This site is optimized with the Yoast SEO plugin v20.11 - https:\/\/yoast.com\/wordpress\/plugins\/seo\/ -->\n<title>Veille n\u00b013 : Les derni\u00e8res actualit\u00e9s - Centre Innovation Sociale et Ecologique<\/title>\n<meta name=\"robots\" content=\"noindex, follow\" \/>\n<meta property=\"og:locale\" content=\"fr_FR\" \/>\n<meta property=\"og:type\" content=\"article\" \/>\n<meta property=\"og:title\" content=\"Veille n\u00b013 : Les derni\u00e8res actualit\u00e9s - Centre Innovation Sociale et Ecologique\" \/>\n<meta property=\"og:description\" content=\"Les actualit\u00e9s, articles et outils \u00e0 saisir de l\u2019Observatoire de l\u2019Evaluation d\u2019Impact Social de l\u2019ESSEC Avril 2022 \u00a0 \u00c9v\u00e9nements et actualit\u00e9s du secteur &nbsp; En France Le Labo E&amp;MISE de l\u2019ESSEC et l\u2019Impact Tank ont organis\u00e9 le 2 avril un atelier de r\u00e9flexion suite au Panorama de l\u2019\u00e9valuation d\u2019impact social 2021. 50 acteurs et actrices [&hellip;]\" \/>\n<meta property=\"og:url\" content=\"https:\/\/centre-innovation-sociale-ecologique.essec.edu\/index.php\/2022\/05\/11\/veille-n13-les-dernieres-actualites\/\" \/>\n<meta property=\"og:site_name\" content=\"Centre Innovation Sociale et Ecologique\" \/>\n<meta property=\"article:published_time\" content=\"2022-05-11T14:18:10+00:00\" \/>\n<meta property=\"article:modified_time\" content=\"2022-05-30T15:58:21+00:00\" \/>\n<meta property=\"og:image\" content=\"https:\/\/impactinitiative.essec.edu\/wp-content\/uploads\/2022\/05\/ux-indonesia-w00FkE6e8zE-unsplash-1024x683.jpg\" \/>\n<meta name=\"author\" content=\"Essec\" \/>\n<meta name=\"twitter:card\" content=\"summary_large_image\" \/>\n<meta name=\"twitter:label1\" content=\"\u00c9crit par\" \/>\n\t<meta name=\"twitter:data1\" content=\"Essec\" \/>\n\t<meta name=\"twitter:label2\" content=\"Dur\u00e9e de lecture estim\u00e9e\" \/>\n\t<meta name=\"twitter:data2\" content=\"16 minutes\" \/>\n<script type=\"application\/ld+json\" class=\"yoast-schema-graph\">{\"@context\":\"https:\/\/schema.org\",\"@graph\":[{\"@type\":\"Article\",\"@id\":\"https:\/\/centre-innovation-sociale-ecologique.essec.edu\/index.php\/2022\/05\/11\/veille-n13-les-dernieres-actualites\/#article\",\"isPartOf\":{\"@id\":\"https:\/\/centre-innovation-sociale-ecologique.essec.edu\/index.php\/2022\/05\/11\/veille-n13-les-dernieres-actualites\/\"},\"author\":{\"name\":\"Essec\",\"@id\":\"https:\/\/centre-innovation-sociale-ecologique.essec.edu\/#\/schema\/person\/ffb9b21a7056cc497e2fe8732aa91fcc\"},\"headline\":\"Veille n\u00b013 : Les derni\u00e8res actualit\u00e9s\",\"datePublished\":\"2022-05-11T14:18:10+00:00\",\"dateModified\":\"2022-05-30T15:58:21+00:00\",\"mainEntityOfPage\":{\"@id\":\"https:\/\/centre-innovation-sociale-ecologique.essec.edu\/index.php\/2022\/05\/11\/veille-n13-les-dernieres-actualites\/\"},\"wordCount\":3266,\"commentCount\":0,\"publisher\":{\"@id\":\"https:\/\/centre-innovation-sociale-ecologique.essec.edu\/#organization\"},\"keywords\":[\"ESS\",\"ESSEC Impact Initiative\",\"\u00e9valuation d'impact social\",\"Impact\",\"Laboratoire E&amp;MISE\",\"Mesure\",\"Veille\"],\"articleSection\":[\"Articles\"],\"inLanguage\":\"fr-FR\",\"potentialAction\":[{\"@type\":\"CommentAction\",\"name\":\"Comment\",\"target\":[\"https:\/\/centre-innovation-sociale-ecologique.essec.edu\/index.php\/2022\/05\/11\/veille-n13-les-dernieres-actualites\/#respond\"]}]},{\"@type\":\"WebPage\",\"@id\":\"https:\/\/centre-innovation-sociale-ecologique.essec.edu\/index.php\/2022\/05\/11\/veille-n13-les-dernieres-actualites\/\",\"url\":\"https:\/\/centre-innovation-sociale-ecologique.essec.edu\/index.php\/2022\/05\/11\/veille-n13-les-dernieres-actualites\/\",\"name\":\"Veille n\u00b013 : Les derni\u00e8res actualit\u00e9s - Centre Innovation Sociale et Ecologique\",\"isPartOf\":{\"@id\":\"https:\/\/centre-innovation-sociale-ecologique.essec.edu\/#website\"},\"datePublished\":\"2022-05-11T14:18:10+00:00\",\"dateModified\":\"2022-05-30T15:58:21+00:00\",\"breadcrumb\":{\"@id\":\"https:\/\/centre-innovation-sociale-ecologique.essec.edu\/index.php\/2022\/05\/11\/veille-n13-les-dernieres-actualites\/#breadcrumb\"},\"inLanguage\":\"fr-FR\",\"potentialAction\":[{\"@type\":\"ReadAction\",\"target\":[\"https:\/\/centre-innovation-sociale-ecologique.essec.edu\/index.php\/2022\/05\/11\/veille-n13-les-dernieres-actualites\/\"]}]},{\"@type\":\"BreadcrumbList\",\"@id\":\"https:\/\/centre-innovation-sociale-ecologique.essec.edu\/index.php\/2022\/05\/11\/veille-n13-les-dernieres-actualites\/#breadcrumb\",\"itemListElement\":[{\"@type\":\"ListItem\",\"position\":1,\"name\":\"Home\",\"item\":\"https:\/\/centre-innovation-sociale-ecologique.essec.edu\/\"},{\"@type\":\"ListItem\",\"position\":2,\"name\":\"Veille n\u00b013 : Les derni\u00e8res actualit\u00e9s\"}]},{\"@type\":\"WebSite\",\"@id\":\"https:\/\/centre-innovation-sociale-ecologique.essec.edu\/#website\",\"url\":\"https:\/\/centre-innovation-sociale-ecologique.essec.edu\/\",\"name\":\"Centre Innovation Sociale et Ecologique\",\"description\":\"\",\"publisher\":{\"@id\":\"https:\/\/centre-innovation-sociale-ecologique.essec.edu\/#organization\"},\"potentialAction\":[{\"@type\":\"SearchAction\",\"target\":{\"@type\":\"EntryPoint\",\"urlTemplate\":\"https:\/\/centre-innovation-sociale-ecologique.essec.edu\/?s={search_term_string}\"},\"query-input\":\"required name=search_term_string\"}],\"inLanguage\":\"fr-FR\"},{\"@type\":\"Organization\",\"@id\":\"https:\/\/centre-innovation-sociale-ecologique.essec.edu\/#organization\",\"name\":\"Essec Business School\",\"url\":\"https:\/\/centre-innovation-sociale-ecologique.essec.edu\/\",\"logo\":{\"@type\":\"ImageObject\",\"inLanguage\":\"fr-FR\",\"@id\":\"https:\/\/centre-innovation-sociale-ecologique.essec.edu\/#\/schema\/logo\/image\/\",\"url\":\"https:\/\/impactinitiative.essec.edu\/wp-content\/uploads\/2020\/11\/ESSEC_BS_logo_BLANC.png\",\"contentUrl\":\"https:\/\/impactinitiative.essec.edu\/wp-content\/uploads\/2020\/11\/ESSEC_BS_logo_BLANC.png\",\"width\":546,\"height\":509,\"caption\":\"Essec Business School\"},\"image\":{\"@id\":\"https:\/\/centre-innovation-sociale-ecologique.essec.edu\/#\/schema\/logo\/image\/\"}},{\"@type\":\"Person\",\"@id\":\"https:\/\/centre-innovation-sociale-ecologique.essec.edu\/#\/schema\/person\/ffb9b21a7056cc497e2fe8732aa91fcc\",\"name\":\"Essec\",\"image\":{\"@type\":\"ImageObject\",\"inLanguage\":\"fr-FR\",\"@id\":\"https:\/\/centre-innovation-sociale-ecologique.essec.edu\/#\/schema\/person\/image\/\",\"url\":\"https:\/\/secure.gravatar.com\/avatar\/253b1a21aeb6e83a39f89170d50e3784?s=96&d=mm&r=g\",\"contentUrl\":\"https:\/\/secure.gravatar.com\/avatar\/253b1a21aeb6e83a39f89170d50e3784?s=96&d=mm&r=g\",\"caption\":\"Essec\"}}]}<\/script>\n<!-- \/ Yoast SEO plugin. -->","yoast_head_json":{"title":"Veille n\u00b013 : Les derni\u00e8res actualit\u00e9s - Centre Innovation Sociale et Ecologique","robots":{"index":"noindex","follow":"follow"},"og_locale":"fr_FR","og_type":"article","og_title":"Veille n\u00b013 : Les derni\u00e8res actualit\u00e9s - Centre Innovation Sociale et Ecologique","og_description":"Les actualit\u00e9s, articles et outils \u00e0 saisir de l\u2019Observatoire de l\u2019Evaluation d\u2019Impact Social de l\u2019ESSEC Avril 2022 \u00a0 \u00c9v\u00e9nements et actualit\u00e9s du secteur &nbsp; En France Le Labo E&amp;MISE de l\u2019ESSEC et l\u2019Impact Tank ont organis\u00e9 le 2 avril un atelier de r\u00e9flexion suite au Panorama de l\u2019\u00e9valuation d\u2019impact social 2021. 50 acteurs et actrices [&hellip;]","og_url":"https:\/\/centre-innovation-sociale-ecologique.essec.edu\/index.php\/2022\/05\/11\/veille-n13-les-dernieres-actualites\/","og_site_name":"Centre Innovation Sociale et Ecologique","article_published_time":"2022-05-11T14:18:10+00:00","article_modified_time":"2022-05-30T15:58:21+00:00","og_image":[{"url":"https:\/\/impactinitiative.essec.edu\/wp-content\/uploads\/2022\/05\/ux-indonesia-w00FkE6e8zE-unsplash-1024x683.jpg"}],"author":"Essec","twitter_card":"summary_large_image","twitter_misc":{"\u00c9crit par":"Essec","Dur\u00e9e de lecture estim\u00e9e":"16 minutes"},"schema":{"@context":"https:\/\/schema.org","@graph":[{"@type":"Article","@id":"https:\/\/centre-innovation-sociale-ecologique.essec.edu\/index.php\/2022\/05\/11\/veille-n13-les-dernieres-actualites\/#article","isPartOf":{"@id":"https:\/\/centre-innovation-sociale-ecologique.essec.edu\/index.php\/2022\/05\/11\/veille-n13-les-dernieres-actualites\/"},"author":{"name":"Essec","@id":"https:\/\/centre-innovation-sociale-ecologique.essec.edu\/#\/schema\/person\/ffb9b21a7056cc497e2fe8732aa91fcc"},"headline":"Veille n\u00b013 : Les derni\u00e8res actualit\u00e9s","datePublished":"2022-05-11T14:18:10+00:00","dateModified":"2022-05-30T15:58:21+00:00","mainEntityOfPage":{"@id":"https:\/\/centre-innovation-sociale-ecologique.essec.edu\/index.php\/2022\/05\/11\/veille-n13-les-dernieres-actualites\/"},"wordCount":3266,"commentCount":0,"publisher":{"@id":"https:\/\/centre-innovation-sociale-ecologique.essec.edu\/#organization"},"keywords":["ESS","ESSEC Impact Initiative","\u00e9valuation d'impact social","Impact","Laboratoire E&amp;MISE","Mesure","Veille"],"articleSection":["Articles"],"inLanguage":"fr-FR","potentialAction":[{"@type":"CommentAction","name":"Comment","target":["https:\/\/centre-innovation-sociale-ecologique.essec.edu\/index.php\/2022\/05\/11\/veille-n13-les-dernieres-actualites\/#respond"]}]},{"@type":"WebPage","@id":"https:\/\/centre-innovation-sociale-ecologique.essec.edu\/index.php\/2022\/05\/11\/veille-n13-les-dernieres-actualites\/","url":"https:\/\/centre-innovation-sociale-ecologique.essec.edu\/index.php\/2022\/05\/11\/veille-n13-les-dernieres-actualites\/","name":"Veille n\u00b013 : Les derni\u00e8res actualit\u00e9s - Centre Innovation Sociale et Ecologique","isPartOf":{"@id":"https:\/\/centre-innovation-sociale-ecologique.essec.edu\/#website"},"datePublished":"2022-05-11T14:18:10+00:00","dateModified":"2022-05-30T15:58:21+00:00","breadcrumb":{"@id":"https:\/\/centre-innovation-sociale-ecologique.essec.edu\/index.php\/2022\/05\/11\/veille-n13-les-dernieres-actualites\/#breadcrumb"},"inLanguage":"fr-FR","potentialAction":[{"@type":"ReadAction","target":["https:\/\/centre-innovation-sociale-ecologique.essec.edu\/index.php\/2022\/05\/11\/veille-n13-les-dernieres-actualites\/"]}]},{"@type":"BreadcrumbList","@id":"https:\/\/centre-innovation-sociale-ecologique.essec.edu\/index.php\/2022\/05\/11\/veille-n13-les-dernieres-actualites\/#breadcrumb","itemListElement":[{"@type":"ListItem","position":1,"name":"Home","item":"https:\/\/centre-innovation-sociale-ecologique.essec.edu\/"},{"@type":"ListItem","position":2,"name":"Veille n\u00b013 : Les derni\u00e8res actualit\u00e9s"}]},{"@type":"WebSite","@id":"https:\/\/centre-innovation-sociale-ecologique.essec.edu\/#website","url":"https:\/\/centre-innovation-sociale-ecologique.essec.edu\/","name":"Centre Innovation Sociale et Ecologique","description":"","publisher":{"@id":"https:\/\/centre-innovation-sociale-ecologique.essec.edu\/#organization"},"potentialAction":[{"@type":"SearchAction","target":{"@type":"EntryPoint","urlTemplate":"https:\/\/centre-innovation-sociale-ecologique.essec.edu\/?s={search_term_string}"},"query-input":"required name=search_term_string"}],"inLanguage":"fr-FR"},{"@type":"Organization","@id":"https:\/\/centre-innovation-sociale-ecologique.essec.edu\/#organization","name":"Essec Business School","url":"https:\/\/centre-innovation-sociale-ecologique.essec.edu\/","logo":{"@type":"ImageObject","inLanguage":"fr-FR","@id":"https:\/\/centre-innovation-sociale-ecologique.essec.edu\/#\/schema\/logo\/image\/","url":"https:\/\/impactinitiative.essec.edu\/wp-content\/uploads\/2020\/11\/ESSEC_BS_logo_BLANC.png","contentUrl":"https:\/\/impactinitiative.essec.edu\/wp-content\/uploads\/2020\/11\/ESSEC_BS_logo_BLANC.png","width":546,"height":509,"caption":"Essec Business School"},"image":{"@id":"https:\/\/centre-innovation-sociale-ecologique.essec.edu\/#\/schema\/logo\/image\/"}},{"@type":"Person","@id":"https:\/\/centre-innovation-sociale-ecologique.essec.edu\/#\/schema\/person\/ffb9b21a7056cc497e2fe8732aa91fcc","name":"Essec","image":{"@type":"ImageObject","inLanguage":"fr-FR","@id":"https:\/\/centre-innovation-sociale-ecologique.essec.edu\/#\/schema\/person\/image\/","url":"https:\/\/secure.gravatar.com\/avatar\/253b1a21aeb6e83a39f89170d50e3784?s=96&d=mm&r=g","contentUrl":"https:\/\/secure.gravatar.com\/avatar\/253b1a21aeb6e83a39f89170d50e3784?s=96&d=mm&r=g","caption":"Essec"}}]}},"_links":{"self":[{"href":"https:\/\/centre-innovation-sociale-ecologique.essec.edu\/index.php\/wp-json\/wp\/v2\/posts\/4432"}],"collection":[{"href":"https:\/\/centre-innovation-sociale-ecologique.essec.edu\/index.php\/wp-json\/wp\/v2\/posts"}],"about":[{"href":"https:\/\/centre-innovation-sociale-ecologique.essec.edu\/index.php\/wp-json\/wp\/v2\/types\/post"}],"author":[{"embeddable":true,"href":"https:\/\/centre-innovation-sociale-ecologique.essec.edu\/index.php\/wp-json\/wp\/v2\/users\/2"}],"replies":[{"embeddable":true,"href":"https:\/\/centre-innovation-sociale-ecologique.essec.edu\/index.php\/wp-json\/wp\/v2\/comments?post=4432"}],"version-history":[{"count":15,"href":"https:\/\/centre-innovation-sociale-ecologique.essec.edu\/index.php\/wp-json\/wp\/v2\/posts\/4432\/revisions"}],"predecessor-version":[{"id":4448,"href":"https:\/\/centre-innovation-sociale-ecologique.essec.edu\/index.php\/wp-json\/wp\/v2\/posts\/4432\/revisions\/4448"}],"wp:attachment":[{"href":"https:\/\/centre-innovation-sociale-ecologique.essec.edu\/index.php\/wp-json\/wp\/v2\/media?parent=4432"}],"wp:term":[{"taxonomy":"category","embeddable":true,"href":"https:\/\/centre-innovation-sociale-ecologique.essec.edu\/index.php\/wp-json\/wp\/v2\/categories?post=4432"},{"taxonomy":"post_tag","embeddable":true,"href":"https:\/\/centre-innovation-sociale-ecologique.essec.edu\/index.php\/wp-json\/wp\/v2\/tags?post=4432"}],"curies":[{"name":"wp","href":"https:\/\/api.w.org\/{rel}","templated":true}]}}