{"id":3976,"date":"2022-04-12T18:24:31","date_gmt":"2022-04-12T16:24:31","guid":{"rendered":"https:\/\/impactinitiative.essec.edu\/?p=3976"},"modified":"2022-04-20T16:20:11","modified_gmt":"2022-04-20T14:20:11","slug":"veille-n12-les-dernieres-actualites","status":"publish","type":"post","link":"https:\/\/centre-innovation-sociale-ecologique.essec.edu\/index.php\/2022\/04\/12\/veille-n12-les-dernieres-actualites\/","title":{"rendered":"Veille n\u00b012 : Les derni\u00e8res actualit\u00e9s"},"content":{"rendered":"<p>[et_pb_section][et_pb_row][et_pb_column type=\u00a0\u00bb4_4&Prime;][et_pb_text]<\/p>\n<h1><img decoding=\"async\" loading=\"lazy\" class=\"alignnone wp-image-3981 size-large\" src=\"https:\/\/impactinitiative.essec.edu\/wp-content\/uploads\/2022\/04\/dan-dimmock-3mt71MKGjQ0-unsplash-1024x576.jpg\" alt=\"Visuel Veille N\u00b012 Labo E&amp;MISE\" width=\"1024\" height=\"576\" srcset=\"https:\/\/impactinitiative.essec.edu\/wp-content\/uploads\/2022\/04\/dan-dimmock-3mt71MKGjQ0-unsplash-980x551.jpg 980w, https:\/\/impactinitiative.essec.edu\/wp-content\/uploads\/2022\/04\/dan-dimmock-3mt71MKGjQ0-unsplash-480x270.jpg 480w\" sizes=\"(min-width: 0px) and (max-width: 480px) 480px, (min-width: 481px) and (max-width: 980px) 980px, (min-width: 981px) 1024px, 100vw\" \/><\/h1>\n<h1><\/h1>\n<h1><b>Les actualit\u00e9s, articles et outils \u00e0 saisir de l\u2019Observatoire de l\u2019Evaluation d\u2019Impact Social de l\u2019ESSEC<\/b><\/h1>\n<p><i><span style=\"font-weight: 400;\">Mars 2022<\/span><\/i><\/p>\n<p>&nbsp;<\/p>\n<h2><b>\u00c9v\u00e9nements et actualit\u00e9s du secteur<\/b><\/h2>\n<h3><i><span style=\"font-weight: 400;\">En France<\/span><\/i><\/h3>\n<ul>\n<li style=\"font-weight: 400;\" aria-level=\"1\"><span style=\"font-weight: 400;\">Thibault Guilluy, le Haut Commissaire \u00e0 l\u2019emploi et \u00e0 l&rsquo;engagement des entreprises a d\u00e9voil\u00e9 mi-mars la liste des <\/span><a href=\"https:\/\/www.carenews.com\/carenews-pro\/news\/thibaut-guilluy-presente-cinq-nouveaux-laureats-des-contrats-a-impact\" target=\"_blank\" rel=\"nofollow\"><span style=\"font-weight: 400;\">5 nouveaux laur\u00e9ats<\/span><\/a><span style=\"font-weight: 400;\"> des contrats \u00e0 impact : Article 1, ClubHouse, Moojvee Talents, Les eaux Vives Emma\u00fcs, Gojob. En novembre dernier, 4 premiers laur\u00e9ats avaient \u00e9t\u00e9 annonc\u00e9s : T\u00e9l\u00e9maque, Duo for a job, Comme les autres et Messidor. <\/span><a href=\"https:\/\/emis-essec.wiki\/2022\/02\/14\/le-developpement-des-contrats-a-impact-social-cis-et-limportance-de-levaluation-1-2\/\" target=\"_blank\" rel=\"nofollow\"><span style=\"font-weight: 400;\">Le contrat \u00e0 impact social<\/span><\/a><span style=\"font-weight: 400;\"> a \u00e9t\u00e9 impuls\u00e9 par les pouvoirs publics afin de r\u00e9pondre \u00e0 des besoins sociaux ou environnementaux insuffisamment pris en charge par l\u2019\u00c9tat via un syst\u00e8me d\u2019appels \u00e0 projets. Les porteurs de projets qui r\u00e9pondent sont mis en relation avec un organisme structureur qui fait le lien avec des investisseurs tiers et les pouvoirs publics. Le m\u00e9canisme de financement est garanti par l\u2019atteinte ou non de r\u00e9sultats quantifiables qui sont d\u00e9finis en amont par les parties prenantes puis mesur\u00e9s par un \u00e9valuateur externe.\u00a0<\/span><\/li>\n<li style=\"font-weight: 400;\" aria-level=\"1\"><span style=\"font-weight: 400;\">L\u2019association <\/span><a href=\"https:\/\/www.commelesautres.org\/\" target=\"_blank\" rel=\"nofollow\"><span style=\"font-weight: 400;\">Comme les Autres<\/span><\/a><span style=\"font-weight: 400;\">, accompagnant dans leur parcours de reconstruction les personnes devenues handicap\u00e9es suite \u00e0 un accident de la vie, a sign\u00e9 mi-mars un protocole d\u2019engagement concr\u00e9tisant le <\/span><a href=\"https:\/\/www.linkedin.com\/feed\/update\/urn:li:activity:6910581215200731136\/\" target=\"_blank\" rel=\"nofollow\"><span style=\"font-weight: 400;\">lancement de son contrat \u00e0 impact<\/span><\/a><span style=\"font-weight: 400;\">. Le cabinet Improve sera son \u00e9valuateur.<\/span><\/li>\n<li style=\"font-weight: 400;\" aria-level=\"1\"><span style=\"font-weight: 400;\">Organis\u00e9s par le Bocal &#8211; en distanciel, <\/span><a href=\"https:\/\/www.unidivers.fr\/event\/ess-webinaire-evaluer-lutilite-sociale-mesurer-limpact-social-en-ess-le-bocal-en-distanciel-2022-03-30\/\" target=\"_blank\" rel=\"nofollow\"><span style=\"font-weight: 400;\">3 webinaires<\/span><\/a><span style=\"font-weight: 400;\"> \u201cEvaluer l\u2019utilit\u00e9 sociale, mesurer l\u2019impact social en ESS\u201d ont eu lieu les 25, 30 et 31 mars. L\u2019enjeu \u00e9tait de permettre aux participants de faire un tour d\u2019horizon \u00e0 360 degr\u00e9s et d\u2019avoir une compr\u00e9hension ouverte et critique sur les questions d\u2019\u00e9valuation afin d\u2019ouvrir le champ des possibles, notamment en termes de m\u00e9thodes ou de communaut\u00e9s partageant des valeurs et des pratiques sur le champ de l\u2019\u00e9valuation.<\/span><\/li>\n<li style=\"font-weight: 400;\" aria-level=\"1\"><a href=\"https:\/\/collectif-emploi.fr\/\" target=\"_blank\" rel=\"nofollow\"><span style=\"font-weight: 400;\">Collectif Emploi<\/span><\/a><span style=\"font-weight: 400;\"> a pr\u00e9sent\u00e9 sa d\u00e9marche d&rsquo;\u00e9valuation et de mesure d\u2019impact le 31 mars : \u201cMesurer le Agir Ensemble pour l\u2019emploi : la d\u00e9marche d\u2019\u00e9valuation d\u2019impact des Collectifs Emploi\u00a0\u00bb (<\/span><a href=\"https:\/\/urldefense.proofpoint.com\/v2\/url?u=https-3A__drive.google.com_file_d_1TEAtkmom8M0j3upmAZAXcJU3uvFT9hCf_view-3Fusp-3Dsharing&amp;d=DwMFaQ&amp;c=oS_0xOYps7FNW56RWijYeQ&amp;r=OgA3qYgQRzlXZ_CiLV8f2p5pAQSFHCoPW8SiQEmZBuI&amp;m=LKTsBpy549mWvG14CUyphAIwAMyCxgAeWy7LyDyGFwhhLEjtavadbESV9McA1pA2&amp;s=LWFP0HEKyi4exaunoUfbWtaElJFqs3d786qkKjyWITM&amp;e=\" target=\"_blank\" rel=\"nofollow\"><span style=\"font-weight: 400;\">replay<\/span><\/a><span style=\"font-weight: 400;\"> et <\/span><a href=\"https:\/\/urldefense.proofpoint.com\/v2\/url?u=https-3A__drive.google.com_file_d_1kSsGlhgcaYlxyH-5F3Q9ZShfODLjOzbSXw_view-3Fusp-3Dsharing&amp;d=DwMFaQ&amp;c=oS_0xOYps7FNW56RWijYeQ&amp;r=OgA3qYgQRzlXZ_CiLV8f2p5pAQSFHCoPW8SiQEmZBuI&amp;m=LKTsBpy549mWvG14CUyphAIwAMyCxgAeWy7LyDyGFwhhLEjtavadbESV9McA1pA2&amp;s=KHkCgwRhNnJlMDNaKGgJX9jh7qyItGeuSHNaf6khQ-g&amp;e=\" target=\"_blank\" rel=\"nofollow\"><span style=\"font-weight: 400;\">pr\u00e9sentation utilis\u00e9e<\/span><\/a><span style=\"font-weight: 400;\"> disponibles). Une m\u00e9thodologie a \u00e9t\u00e9 test\u00e9e sur 3 Collectifs Emplois qui ont particip\u00e9 \u00e0 la Communaut\u00e9 nationale des Collectifs Emploi dont l\u2019objectif est d&rsquo;agir ensemble afin d&rsquo;am\u00e9liorer les parcours de retour \u00e0 l&#8217;emploi. Cette communaut\u00e9 leur permet de se regrouper, d\u2019\u00e9changer et de capitaliser autour de probl\u00e9matiques et d\u2019objectifs communs. L\u2019\u00e9v\u00e9nement revenait sur les premiers r\u00e9sultats de cette \u00e9valuation d\u2019impact.<\/span><\/li>\n<li style=\"font-weight: 400;\" aria-level=\"1\"><span style=\"font-weight: 400;\">Dans le cadre de sa mission \u201cAgir pour le bien \u00eatre mental des individus tout au long de la vie\u201d, la <\/span><a href=\"https:\/\/fondation.aesio.fr\/\" target=\"_blank\" rel=\"nofollow\"><span style=\"font-weight: 400;\">Fondation AESIO<\/span><\/a><span style=\"font-weight: 400;\"> a d\u00e9cid\u00e9 de <\/span><a href=\"https:\/\/www.carenews.com\/fondation-aesio\/news\/comment-accompagner-des-porteurs-de-projets-dans-leur-evaluation-d-impact\" target=\"_blank\" rel=\"nofollow\"><span style=\"font-weight: 400;\">sensibiliser et d\u2019accompagner<\/span><\/a><span style=\"font-weight: 400;\"> ses partenaires \u00e0 l&rsquo;\u00e9valuation et la mesure d\u2019impact social via une formation th\u00e9orique et pratique anim\u00e9e par le cabinet Improve.<\/span><\/li>\n<li style=\"font-weight: 400;\" aria-level=\"1\"><span style=\"font-weight: 400;\">Lancement de la d\u00e9marche <\/span><a href=\"https:\/\/www.linkedin.com\/posts\/projets-%C3%A0-impact-du-grand-paris_grandparis-daezveloppementurbain-urbanisme-activity-6914499378292363264-76NE?utm_source=linkedin_share&amp;utm_medium=member_desktop_web\" target=\"_blank\" rel=\"nofollow\"><span style=\"font-weight: 400;\">\u201cProjets \u00e0 impact du Grand Paris\u201d<\/span><\/a><span style=\"font-weight: 400;\"> le 22 mars, d\u00e9marche port\u00e9e par Impact Tank qui r\u00e9unit d\u00e9cideurs publics et priv\u00e9s, acteurs de terrain et chercheurs autour de l&rsquo;\u00e9valuation et la mesure d\u2019impact puis la mise \u00e0 l\u2019\u00e9chelle des innovations sociales les plus prometteuses dans le domaine de l\u2019urbanisme inclusif. Pendant un an, les parties prenantes de cette d\u00e9marche s\u2019activeront \u00e0 r\u00e9pondre \u00e0 la question : Comment les innovations sociales du Grand Paris contribuent-elles \u00e0 \u00ab\u00a0changer la vie\u00a0\u00bb de toutes et tous sur le territoire en am\u00e9liorant leurs quotidiens mais aussi leur parcours de vie ?<\/span><\/li>\n<\/ul>\n<p>&nbsp;<\/p>\n<h3><i><span style=\"font-weight: 400;\">A l\u2019international\u00a0<\/span><\/i><\/h3>\n<ul>\n<li style=\"font-weight: 400;\" aria-level=\"1\"><span style=\"font-weight: 400;\">L\u2019Impact Tank partage la <\/span><a href=\"https:\/\/impact-tank.org\/wp-content\/uploads\/2022\/03\/Synthese-FR-PFUE.pdf\" target=\"_blank\" rel=\"nofollow\"><span style=\"font-weight: 400;\">synth\u00e8se<\/span><\/a><span style=\"font-weight: 400;\"> des enseignements \u00e0 retenir de la conf\u00e9rence \u201cEncourager l\u2019innovation sociale \u00e0 l\u2019\u00e9chelle europ\u00e9enne, de la recherche \u00e0 l\u2019action\u201d organis\u00e9e le 11 f\u00e9vrier dernier, \u00e0 laquelle avaient notamment particip\u00e9 Lisa Hehenberger (Esade), J\u00fcrgen Howaldt (Dortmund University), Gorgi Krlev (Universit\u00e9 de Heidelberg) et Thierry Sibieude (ESSEC Business School) pour les experts acad\u00e9miques, et Am\u00e9lie de Montchalin (Ministre de la transformation publique) et Risto Raivio (Union Europ\u00e9enne, Direction G\u00e9n\u00e9rale pour l\u2019emploi, les affaires sociales et l\u2019inclusion) pour les pouvoirs publics. Parmi les huits messages transmis figurent l\u2019importance de d\u00e9finir collectivement ce qu\u2019est l\u2019innovation sociale ainsi que la n\u00e9cessit\u00e9 pour les innovateurs d\u2019\u00e9valuer leur impact social en s\u2019appuyant sur des donn\u00e9es robustes.<\/span><\/li>\n<li style=\"font-weight: 400;\" aria-level=\"1\"><span style=\"font-weight: 400;\">Le Miller Center for Social Entrepreneurship (universit\u00e9 de Santa Clara) et le cabinet SoPact ont organis\u00e9 un <\/span><a href=\"https:\/\/www.linkedin.com\/events\/whatarethebestpracticesforcolle6912796585231822848\/\" target=\"_blank\" rel=\"nofollow\"><span style=\"font-weight: 400;\">webinaire<\/span><\/a><span style=\"font-weight: 400;\"> intitul\u00e9 \u201cWhat are the Best Practices for Collecting, Analyzing &amp; Using Impact Data?\u201d le 8 avril.<\/span><\/li>\n<li style=\"font-weight: 400;\" aria-level=\"1\"><span style=\"font-weight: 400;\">Le Common Approach recherche des r\u00e9seaux d\u2019organisations \u00e0 vocation sociale au Canada pour participer au projet <\/span><a href=\"https:\/\/www.commonapproach.org\/pathfinder-pilot\/\" target=\"_blank\" rel=\"nofollow\"><span style=\"font-weight: 400;\">\u201cpilote \u00e9claireur\u201d<\/span><\/a><span style=\"font-weight: 400;\"> sur l\u2019utilisation des quatre normes de l\u2019Approche Commune. Cette nouvelle approche vise \u00e0 mesurer l\u2019impact de mani\u00e8re plus efficace et pertinente que les approches traditionnelles.\u00a0<\/span><\/li>\n<li style=\"font-weight: 400;\" aria-level=\"1\"><span style=\"font-weight: 400;\">Louis Boudoux d&rsquo;Hautefeuille et Lisa Hehenberger de l\u2019Esade publient un rapport sur la gouvernance de la mesure d&rsquo;impact dans les fonds d&rsquo;investissement d&rsquo;impact europ\u00e9ens (<\/span><a href=\"https:\/\/www.esade.edu\/en\/faculty-and-research\/research\/knowledge-units\/center-social-impact\/research\/governance-impact-measurement?mc_cid=d543102352&amp;mc_eid=421261eb91\" target=\"_blank\" rel=\"nofollow\"><span style=\"font-weight: 400;\">\u201cThe Governance of Impact Measurement in European Impact Investing Funds\u201d<\/span><\/a><span style=\"font-weight: 400;\">), abordant notamment la fa\u00e7on dont les fonds d&rsquo;investissement d&rsquo;impact europ\u00e9ens int\u00e8grent l\u2019impact dans le processus d&rsquo;investissement, et bas\u00e9 sur des recherches documentaires et des entretiens avec huit fonds d\u2019investissement \u00e0 impact en Europe. L<\/span><a href=\"https:\/\/www.youtube.com\/watch?v=5l8QIrxobWQ\" target=\"_blank\" rel=\"nofollow\"><span style=\"font-weight: 400;\">\u2019enregistrement du webinaire de pr\u00e9sentation<\/span><\/a><span style=\"font-weight: 400;\"> de ce rapport est \u00e9galement disponible.<\/span><\/li>\n<li style=\"font-weight: 400;\" aria-level=\"1\"><span style=\"font-weight: 400;\">Le GIIN lance les <\/span><a href=\"https:\/\/thegiin.org\/research\/publication\/iris-impact-performance-benchmarks-overview\" target=\"_blank\" rel=\"nofollow\"><span style=\"font-weight: 400;\">benchmark d\u2019impact sectoriaux IRIS+<\/span><\/a><span style=\"font-weight: 400;\">, un outil permettant aux investisseurs d&rsquo;analyser leur performance d&rsquo;impact sectorielle sur le march\u00e9 et de comparer leurs r\u00e9sultats d&rsquo;impact \u00e0 ceux de leurs pairs et aux ODD. Le premier benchmark est ax\u00e9 sur l&rsquo;inclusion financi\u00e8re. Un aper\u00e7u de la version b\u00eata du benchmark est disponible <\/span><a href=\"https:\/\/iris.thegiin.org\/performance-analytics\/\" target=\"_blank\" rel=\"nofollow\"><span style=\"font-weight: 400;\">ici<\/span><\/a><span style=\"font-weight: 400;\">. Le prochain benchmark sectoriel portera sur l\u2019agriculture.<\/span><\/li>\n<\/ul>\n<ul>\n<li style=\"font-weight: 400;\" aria-level=\"1\"><span style=\"font-weight: 400;\">Social Value UK propose sa <\/span><a href=\"https:\/\/socialvalueuk.org\/online-accredited-social-value-and-sroi-practitioner-training\/#structure\" target=\"_blank\" rel=\"nofollow\"><span style=\"font-weight: 400;\">formation \u201cValue &amp; SROI practitioner\u00a0\u00bb en ligne,<\/span><\/a><span style=\"font-weight: 400;\"> avec un format de cinq rencontres sur deux semaines. Les prochaines sessions d\u00e9marreront les 20 avril, 18 mai et 22 juin prochain<\/span><\/li>\n<\/ul>\n<p>&nbsp;<\/p>\n<h2><b>Rapports d\u2019impact<\/b><\/h2>\n<h3><i><span style=\"font-weight: 400;\">En France<\/span><\/i><\/h3>\n<ul>\n<li style=\"font-weight: 400;\" aria-level=\"1\"><span style=\"font-weight: 400;\">Goodwill Management a publi\u00e9 l\u2019<\/span><a href=\"https:\/\/drive.google.com\/file\/d\/1Qw6IkToLhyjiSQ7g773LUiX01zcJG4et\/view\" target=\"_blank\" rel=\"nofollow\"><span style=\"font-weight: 400;\">\u00e9valuation d\u2019impact social<\/span><\/a><span style=\"font-weight: 400;\"> de la Cloche, une association qui \u0153uvre au quotidien pour rendre la soci\u00e9t\u00e9 plus inclusive. 4 changements g\u00e9n\u00e9r\u00e9s par son action ont \u00e9t\u00e9 d\u00e9montr\u00e9s : changement des regards sur la grande exclusion, augmentation de l&rsquo;engagement et du passage \u00e0 l&rsquo;action, cr\u00e9ation de lien social et rupture de l&rsquo;isolement, une plus grande inclusion des villes.<\/span><\/li>\n<\/ul>\n<p>&nbsp;<\/p>\n<h3><i><span style=\"font-weight: 400;\">A l\u2019international<\/span><\/i><\/h3>\n<ul>\n<li style=\"font-weight: 400;\" aria-level=\"1\"><span style=\"font-weight: 400;\">Une \u00e9quipe de chercheuses du J-Pal publie les r\u00e9sultats d\u2019une <\/span><a href=\"https:\/\/www.povertyactionlab.org\/evaluation\/impact-extending-childcare-female-labor-chile?utm_source=newsletter&amp;utm_medium=email&amp;utm_campaign=mar22\" target=\"_blank\" rel=\"nofollow\"><span style=\"font-weight: 400;\">\u00e9valuation randomis\u00e9e portant sur un programme de garde d\u2019enfant intitul\u00e9 \u201c4-7 Program\u201d<\/span><\/a><span style=\"font-weight: 400;\"> au Chili. Le programme a augment\u00e9 l&#8217;emploi des m\u00e8res et l&rsquo;utilisation des garderies pour les jeunes enfants qui n&rsquo;\u00e9taient pas \u00e9ligibles, ce qui sugg\u00e8re que les femmes ont besoin de garderies pour tous leurs enfants afin d&rsquo;int\u00e9grer le march\u00e9 du travail. En outre, le programme n&rsquo;a pas am\u00e9lior\u00e9 les r\u00e9sultats scolaires des enfants en moyenne, mais a am\u00e9lior\u00e9 l&rsquo;assiduit\u00e9 et les notes des enfants qui n&rsquo;\u00e9taient pas supervis\u00e9s auparavant par un parent pendant les heures p\u00e9riscolaires.<\/span><\/li>\n<li style=\"font-weight: 400;\" aria-level=\"1\"><span style=\"font-weight: 400;\">La Fondation OVO (fournisseur d\u2019\u00e9lectricit\u00e9 britannique) a r\u00e9alis\u00e9 une <\/span><a href=\"https:\/\/socialvalueuk.org\/wp-content\/uploads\/2022\/03\/OVO-Foundation-SROI-Report-Composite.pdf\" target=\"_blank\" rel=\"nofollow\"><span style=\"font-weight: 400;\">\u00e9tude sur le SROI pr\u00e9visionnel de ses trois programmes,<\/span><\/a><span style=\"font-weight: 400;\"> portant respectivement sur l\u2019acc\u00e8s \u00e0 la sant\u00e9 et \u00e0 l\u2019\u00e9ducation d\u2019habitants de zones rurales au Kenya, la r\u00e9novation de logements pour des personnes sans-abri Royaume-Uni et le m\u00e9c\u00e9nat de comp\u00e9tences de salari\u00e9s de l\u2019entreprise au sein d\u2019associations britanniques. La valeur moyenne projet\u00e9e pour les trois projets est de 10,19 livres sterling pour une livre sterling investie.<\/span><\/li>\n<li style=\"font-weight: 400;\" aria-level=\"1\"><span style=\"font-weight: 400;\">Un groupe de chercheurs de l\u2019universit\u00e9 de Witwatersrand en Afrique du Sud publie <\/span><a href=\"https:\/\/www.tandfonline.com\/doi\/abs\/10.1080\/00220388.2022.2048654\" target=\"_blank\" rel=\"nofollow\"><span style=\"font-weight: 400;\">une \u00e9tude quasi-exp\u00e9rimentale de l&rsquo;impact des migrations vers le milieu urbain en Afrique du Sud.<\/span><\/a><span style=\"font-weight: 400;\"> Bas\u00e9e sur des donn\u00e9es nationales (National Income Dynamics Study, NIDS),\u00a0 cette \u00e9tude r\u00e9v\u00e8le que les migrants ruraux-urbains connaissent un d\u00e9clin dans les r\u00e9sultats de sant\u00e9 physique et mentale d\u00e9clar\u00e9s. L&rsquo;\u00e9tude identifie l&rsquo;isolement social et les conditions de vie difficiles comme certains des facteurs \u00e0 l&rsquo;origine de ces r\u00e9sultats n\u00e9gatifs en mati\u00e8re de sant\u00e9.<\/span><\/li>\n<\/ul>\n<p>&nbsp;<\/p>\n<h2><b>Publications<\/b><\/h2>\n<h3><i><span style=\"font-weight: 400;\">En France<\/span><\/i><span style=\"font-weight: 400;\">\u00a0<\/span><\/h3>\n<ul>\n<li style=\"font-weight: 400;\" aria-level=\"1\"><span style=\"font-weight: 400;\">Un ouvrage sur la mesure d\u2019impact social vient d\u2019\u00eatre publi\u00e9 en opensource sur <\/span><a href=\"https:\/\/zenodo.org\/record\/6336071#.YkqUFW5BxhG\" target=\"_blank\" rel=\"nofollow\"><span style=\"font-weight: 400;\">Zenodo<\/span><\/a><span style=\"font-weight: 400;\"> : \u201cEvaluation. Fondements, controverses, perspectives\u00a0\u00bb. Il propose un panorama de la diversit\u00e9 des pratiques existantes mais revient \u00e9galement sur ses fondements th\u00e9oriques.<\/span><\/li>\n<li style=\"font-weight: 400;\" aria-level=\"1\"><span style=\"font-weight: 400;\">Suite au cycle 2020 des Petits d\u00e9jeuners de la mesure d\u2019impact, Convergences, l\u2019Avise et Improve ont finalis\u00e9 et publi\u00e9 en collaboration un livrable d\u00e9di\u00e9 \u00e0 la qualit\u00e9 de la mesure d\u2019impact : \u201c<\/span><a href=\"https:\/\/www.convergences.org\/wp-content\/uploads\/2022\/03\/Mesure-dimpact-pour-un-regard-critique-PDMI-2020_compressed-1.pdf\" target=\"_blank\" rel=\"nofollow\"><span style=\"font-weight: 400;\">Mesure d\u2019impact : pour un regard critique<\/span><\/a><span style=\"font-weight: 400;\">\u201d. Ce livrable propose 4 axes de questionnement : Parle-t-on bien d\u2019impact social ? Y a-t-il bien une volont\u00e9 de l\u2019organisation \u00e0 g\u00e9n\u00e9rer un impact et comment est-elle formalis\u00e9e ? Le rapport est-il transparent sur les \u00e9l\u00e9ments cl\u00e9s de l\u2019\u00e9tude ? A quoi servira cette \u00e9valuation ?<\/span><\/li>\n<li style=\"font-weight: 400;\" aria-level=\"1\"><span style=\"font-weight: 400;\">La 27e r\u00e9gion, un laboratoire de transformation publique en France, pr\u00e9sente <\/span><a href=\"https:\/\/www.la27eregion.fr\/wp-content\/uploads\/sites\/2\/2022\/03\/VFINALE2.pdf\" target=\"_blank\" rel=\"nofollow\"><span style=\"font-weight: 400;\">son livret de l&rsquo;enqu\u00eate Nouvelles Mesures!<\/span><\/a><span style=\"font-weight: 400;\">, un programme exp\u00e9rimental inter-collectivit\u00e9s visant \u00e0 d\u00e9crypter et exp\u00e9rimenter de nouveaux mod\u00e8les comptables pour soutenir les acteurs publics face \u00e0 leur responsabilit\u00e9 \u00e9cologique et sociale.\u00a0<\/span><\/li>\n<li style=\"font-weight: 400;\" aria-level=\"1\"><a href=\"https:\/\/tnova.fr\/\" target=\"_blank\" rel=\"nofollow\"><span style=\"font-weight: 400;\">Terra Nova<\/span><\/a><span style=\"font-weight: 400;\">, un think tank cherchant \u00e0 produire et diffuser des solutions politiques innovantes en France et en Europe, vient de publier une <\/span><a href=\"https:\/\/tnova.fr\/site\/assets\/files\/27727\/terra-nova_note_une_politique_pour_developper_leconomie_de_limpact_et_construire_un_nouveau_capitalisme_300322.pdf?a0zr6\" target=\"_blank\" rel=\"nofollow\"><span style=\"font-weight: 400;\">note de synth\u00e8se<\/span><\/a><span style=\"font-weight: 400;\"> d\u00e9taillant les mesures qu\u2019un minist\u00e8re de l\u2019\u00c9conomie de l\u2019impact pourrait prendre rapidement pour d\u00e9velopper une action publique p\u00e9renne dans ce domaine. Cette note axe ses propositions autour de 5 enjeux : f\u00e9d\u00e9rer les acteurs, clarifier le cadre, accompagner les organisations, d\u00e9velopper l\u2019\u00e9cosyst\u00e8me de financement et porter le sujet en Europe. <\/span><b>Elle propose de d\u00e9velopper l&rsquo;\u00e9cosyst\u00e8me de financement notamment via un renforcement du secteur de l\u2019analyse d\u2019impact (plus de moyens humains \u00e0 disposition, plus d\u2019acc\u00e8s \u00e0 des donn\u00e9es publiques de qualit\u00e9 &#8211; p12-13)<\/b><span style=\"font-weight: 400;\">.<\/span><\/li>\n<\/ul>\n<p>&nbsp;<\/p>\n<h3><i><span style=\"font-weight: 400;\">A l\u2019international\u00a0<\/span><\/i><\/h3>\n<ul>\n<li style=\"font-weight: 400;\" aria-level=\"1\"><span style=\"font-weight: 400;\">Dans le cadre de l&rsquo;initiative Impact-weighted accounts de la Harvard Business School, deux chercheurs explorent le sujet de l<\/span><a href=\"https:\/\/www.hbs.edu\/impact-weighted-accounts\/news\/Pages\/default.aspx\" target=\"_blank\" rel=\"nofollow\"><span style=\"font-weight: 400;\">\u2019\u00e9valuation de la qualit\u00e9 d\u2019un emploi.<\/span><\/a><span style=\"font-weight: 400;\"> Apr\u00e8s avoir conduit des exp\u00e9rimentations durant deux ans avec des entreprises dans des secteurs d\u2019activit\u00e9 vari\u00e9s, ils proposent sept questions que les entreprises peuvent se poser sur la qualit\u00e9, la mobilit\u00e9 et l&rsquo;\u00e9quit\u00e9 de leurs emplois, et donnent des exemples de la mani\u00e8re dont les entreprises utilisent ces param\u00e8tres pour cr\u00e9er des emplois int\u00e9ressants et d\u00e9velopper leur main-d&rsquo;\u0153uvre.<\/span><\/li>\n<li style=\"font-weight: 400;\" aria-level=\"1\"><span style=\"font-weight: 400;\">Un <\/span><a href=\"https:\/\/www.taylorfrancis.com\/chapters\/edit\/10.4324\/9780429243165-9\/social-impact-evaluation-gorgi-krlev-federica-angeli\" target=\"_blank\" rel=\"nofollow\"><span style=\"font-weight: 400;\">chapitre portant sur l\u2019\u00e9valuation de l\u2019impact social<\/span><\/a><span style=\"font-weight: 400;\"> r\u00e9dig\u00e9 par Gorgi Krlev (Universit\u00e9 d\u2019Heidelberg) et Federica Angeli (Universit\u00e9 de York) figure dans l\u2019ouvrage <\/span><i><span style=\"font-weight: 400;\">Organizing for Sustainable Developmen<\/span><\/i><span style=\"font-weight: 400;\">t \u00e0 para\u00eetre en Avril aux \u00e9ditions Routledge.\u00a0<\/span><\/li>\n<li style=\"font-weight: 400;\" aria-level=\"1\"><span style=\"font-weight: 400;\">USAID s\u2019est associ\u00e9 \u00e0 Social Impact pour construire un canevas pour d\u00e9velopper sa th\u00e9orie du changement, intitul\u00e9 le \u201c<\/span><a href=\"https:\/\/socialimpact.com\/introducing-the-toc-workbook\/\" target=\"_blank\" rel=\"nofollow\"><span style=\"font-weight: 400;\">TOC Workbook<\/span><\/a><span style=\"font-weight: 400;\">.\u201d Cette ressource en acc\u00e8s libre propose un parcours de cinq \u00e9tapes et s\u2019adresse principalement aux projets li\u00e9s aux enjeux de d\u00e9veloppement.<\/span><\/li>\n<li style=\"font-weight: 400;\" aria-level=\"1\"><span style=\"font-weight: 400;\">Employ\u00e9 tr\u00e8s fr\u00e9quemment dans les travaux d\u2019\u00e9valuation d\u2019impact social ainsi que dans de nombreux autres champs scientifiques, le terme \u201dbesoin\u201d renvoie t-il \u00e0 une d\u00e9finition \u00e9tablie ? Ambre Fourrier, candidate au doctorat en sociologie \u00e0 l\u2019universit\u00e9 du Qu\u00e9bec, propose une <\/span><a href=\"http:\/\/innovationsocialeusp.ca\/crits\/publications\/les-besoins-une-notion-a-redefinir?\" target=\"_blank\" rel=\"nofollow\"><span style=\"font-weight: 400;\">recension de litt\u00e9rature sur la notion de besoins<\/span><\/a><span style=\"font-weight: 400;\"> et en distingue deux approches. La premi\u00e8re reconna\u00eet l\u2019existence de besoins \u00ab absolus \u00bb ou \u00ab objectifs \u00bb et tente de les hi\u00e9rarchiser, tandis que la deuxi\u00e8me est compos\u00e9e de diverses perspectives qui peuvent \u00eatre qualifi\u00e9es de \u00ab relativistes \u00bb.<\/span><\/li>\n<li style=\"font-weight: 400;\" aria-level=\"1\"><span style=\"font-weight: 400;\">Le Journal of Wealth Management publie un article intitul\u00e9 \u201cConsid\u00e9rations sur la mesure de l&rsquo;impact pour les investisseurs du march\u00e9 priv\u00e9\u201d (<\/span><a href=\"https:\/\/jwm.pm-research.com\/content\/early\/2022\/03\/16\/jwm.2022.1.166\/tab-pdf-trialist\" target=\"_blank\" rel=\"nofollow\"><span style=\"font-weight: 400;\">Impact Measurement Considerations for Private Market Investors<\/span><\/a><span style=\"font-weight: 400;\">) dans lequel les auteurs analysent les approches existantes de la mesure de l&rsquo;impact et pr\u00e9sentent une m\u00e9thodologie pour calculer et agr\u00e9ger les mesures d&rsquo;impact dans un portefeuille priv\u00e9.\u00a0<\/span><\/li>\n<\/ul>\n<p>&nbsp;<\/p>\n<h2><b>Newsletters<\/b><\/h2>\n<ul>\n<li style=\"font-weight: 400;\" aria-level=\"1\"><a href=\"https:\/\/www.avise.org\/newsletters\" target=\"_blank\" rel=\"nofollow\"><span style=\"font-weight: 400;\">La newsletter de l\u2019Avise sur l\u2019\u00e9valuation d\u2019impact social en France<\/span><\/a><\/li>\n<li style=\"font-weight: 400;\" aria-level=\"1\"><a href=\"https:\/\/ssir.org\/email\" target=\"_blank\" rel=\"nofollow\"><span style=\"font-weight: 400;\">La newsletter de Stanford Social Innovation Review (SSIR)<\/span><\/a><\/li>\n<\/ul>\n<p>&nbsp;<\/p>\n<p><span style=\"font-weight: 400;\">Retrouvez tous les mois notre veille internationale sur l\u2019\u00e9valuation d&rsquo;impact social sur la page <\/span><a href=\"https:\/\/www.linkedin.com\/company\/42301082\/\" target=\"_blank\" rel=\"nofollow\"><span style=\"font-weight: 400;\">LinkedIn du Labo<\/span><\/a><span style=\"font-weight: 400;\">. Des questions ? Des propositions de contributions ou des solutions pour l\u2019\u00e9valuation d\u2019impact social ? Contactez-nous via<\/span><a href=\"http:\/\/mailto:louis.raynauddelage@essec.edu\" target=\"_blank\" rel=\"nofollow\"> <span style=\"font-weight: 400;\">louis.raynauddelage@essec.edu<\/span><\/a><span style=\"font-weight: 400;\"> ou <\/span><a href=\"http:\/\/mailto:leclerc@essec.edu\" target=\"_blank\" rel=\"nofollow\"><span style=\"font-weight: 400;\">leclerc@essec.edu<\/span><\/a><span style=\"font-weight: 400;\">\u00a0<\/span><\/p>\n<p><span style=\"font-weight: 400;\">Note de Veille r\u00e9dig\u00e9e par <\/span><b>Clara Cohade<\/b><span style=\"font-weight: 400;\"> et <\/span><b>Claire Salmon, <\/b><span style=\"font-weight: 400;\">sous la direction de <\/span><b>Thierry Sibieude <\/b><span style=\"font-weight: 400;\">et d\u2019<\/span><b>Elise Leclerc <\/b><span style=\"font-weight: 400;\">et avec la contribution de <\/span><b>Louis Raynaud de Lage.\u00a0<\/b>[\/et_pb_text][\/et_pb_column][\/et_pb_row][\/et_pb_section]<\/p>\n","protected":false},"excerpt":{"rendered":"<p><div class=\"et_pb_section et_pb_section_0 et_section_regular\" >\n\t\t\t\t\n\t\t\t\t\n\t\t\t\t\n\t\t\t\t\n\t\t\t\t\n\t\t\t\t\n\t\t\t\t\n\t\t\t\t\n\t\t\t\t\n\t\t\t<\/div><div class=\"et_pb_row et_pb_row_0 et_pb_row_empty\">\n\t\t\t\t\n\t\t\t\t\n\t\t\t\t\n\t\t\t\t\n\t\t\t\t\n\t\t\t<\/div><div class=\"et_pb_module et_pb_text et_pb_text_0  et_pb_text_align_left et_pb_bg_layout_light\">\n\t\t\t\t\n\t\t\t\t\n\t\t\t\t\n\t\t\t\t\n\t\t\t\t\n\t\t\t<\/div> Les actualit\u00e9s, articles et outils \u00e0 saisir de l\u2019Observatoire de l\u2019Evaluation d\u2019Impact Social de l\u2019ESSEC Mars 2022 &nbsp; \u00c9v\u00e9nements et actualit\u00e9s du secteur En France Thibault Guilluy, le Haut Commissaire \u00e0 l\u2019emploi et \u00e0 l&rsquo;engagement des entreprises a d\u00e9voil\u00e9 mi-mars la liste des 5 nouveaux laur\u00e9ats des contrats \u00e0 impact : Article 1, ClubHouse, [&hellip;]<\/p>\n","protected":false},"author":2,"featured_media":0,"comment_status":"open","ping_status":"open","sticky":false,"template":"","format":"standard","meta":{"_et_pb_use_builder":"on","_et_pb_old_content":"<h1><img class=\"alignnone wp-image-3981 size-large\" src=\"https:\/\/impactinitiative.essec.edu\/wp-content\/uploads\/2022\/04\/dan-dimmock-3mt71MKGjQ0-unsplash-1024x576.jpg\" alt=\"Visuel Veille N\u00b012 Labo E&amp;MISE\" width=\"1024\" height=\"576\" \/><\/h1>\r\n<h1><\/h1>\r\n<h1><b>Les actualit\u00e9s, articles et outils \u00e0 saisir de l\u2019Observatoire de l\u2019Evaluation d\u2019Impact Social de l\u2019ESSEC<\/b><\/h1>\r\n<i><span style=\"font-weight: 400;\">Mars 2022<\/span><\/i>\r\n\r\n&nbsp;\r\n<h2><b>\u00c9v\u00e9nements et actualit\u00e9s du secteur<\/b><\/h2>\r\n<h3><i><span style=\"font-weight: 400;\">En France<\/span><\/i><\/h3>\r\n<ul>\r\n \t<li style=\"font-weight: 400;\" aria-level=\"1\"><span style=\"font-weight: 400;\">Thibault Guilluy, le Haut Commissaire \u00e0 l\u2019emploi et \u00e0 l'engagement des entreprises a d\u00e9voil\u00e9 mi-mars la liste des <\/span><a href=\"https:\/\/www.carenews.com\/carenews-pro\/news\/thibaut-guilluy-presente-cinq-nouveaux-laureats-des-contrats-a-impact\"><span style=\"font-weight: 400;\">5 nouveaux laur\u00e9ats<\/span><\/a><span style=\"font-weight: 400;\"> des contrats \u00e0 impact : Article 1, ClubHouse, Moojvee Talents, Les eaux Vives Emma\u00fcs, Gojob. En novembre dernier, 4 premiers laur\u00e9ats avaient \u00e9t\u00e9 annonc\u00e9s : T\u00e9l\u00e9maque, Duo for a job, Comme les autres et Messidor. <\/span><a href=\"https:\/\/emis-essec.wiki\/2022\/02\/14\/le-developpement-des-contrats-a-impact-social-cis-et-limportance-de-levaluation-1-2\/\"><span style=\"font-weight: 400;\">Le contrat \u00e0 impact social<\/span><\/a><span style=\"font-weight: 400;\"> a \u00e9t\u00e9 impuls\u00e9 par les pouvoirs publics afin de r\u00e9pondre \u00e0 des besoins sociaux ou environnementaux insuffisamment pris en charge par l\u2019\u00c9tat via un syst\u00e8me d\u2019appels \u00e0 projets. Les porteurs de projets qui r\u00e9pondent sont mis en relation avec un organisme structureur qui fait le lien avec des investisseurs tiers et les pouvoirs publics. Le m\u00e9canisme de financement est garanti par l\u2019atteinte ou non de r\u00e9sultats quantifiables qui sont d\u00e9finis en amont par les parties prenantes puis mesur\u00e9s par un \u00e9valuateur externe.\u00a0<\/span><\/li>\r\n \t<li style=\"font-weight: 400;\" aria-level=\"1\"><span style=\"font-weight: 400;\">L\u2019association <\/span><a href=\"https:\/\/www.commelesautres.org\/\"><span style=\"font-weight: 400;\">Comme les Autres<\/span><\/a><span style=\"font-weight: 400;\">, accompagnant dans leur parcours de reconstruction les personnes devenues handicap\u00e9es suite \u00e0 un accident de la vie, a sign\u00e9 mi-mars un protocole d\u2019engagement concr\u00e9tisant le <\/span><a href=\"https:\/\/www.linkedin.com\/feed\/update\/urn:li:activity:6910581215200731136\/\"><span style=\"font-weight: 400;\">lancement de son contrat \u00e0 impact<\/span><\/a><span style=\"font-weight: 400;\">. Le cabinet Improve sera son \u00e9valuateur.<\/span><\/li>\r\n \t<li style=\"font-weight: 400;\" aria-level=\"1\"><span style=\"font-weight: 400;\">Organis\u00e9s par le Bocal - en distanciel, <\/span><a href=\"https:\/\/www.unidivers.fr\/event\/ess-webinaire-evaluer-lutilite-sociale-mesurer-limpact-social-en-ess-le-bocal-en-distanciel-2022-03-30\/\"><span style=\"font-weight: 400;\">3 webinaires<\/span><\/a><span style=\"font-weight: 400;\"> \u201cEvaluer l\u2019utilit\u00e9 sociale, mesurer l\u2019impact social en ESS\u201d ont eu lieu les 25, 30 et 31 mars. L\u2019enjeu \u00e9tait de permettre aux participants de faire un tour d\u2019horizon \u00e0 360 degr\u00e9s et d\u2019avoir une compr\u00e9hension ouverte et critique sur les questions d\u2019\u00e9valuation afin d\u2019ouvrir le champ des possibles, notamment en termes de m\u00e9thodes ou de communaut\u00e9s partageant des valeurs et des pratiques sur le champ de l\u2019\u00e9valuation.<\/span><\/li>\r\n \t<li style=\"font-weight: 400;\" aria-level=\"1\"><a href=\"https:\/\/collectif-emploi.fr\/\"><span style=\"font-weight: 400;\">Collectif Emploi<\/span><\/a><span style=\"font-weight: 400;\"> a pr\u00e9sent\u00e9 sa d\u00e9marche d'\u00e9valuation et de mesure d\u2019impact le 31 mars : \u201cMesurer le Agir Ensemble pour l\u2019emploi : la d\u00e9marche d\u2019\u00e9valuation d\u2019impact des Collectifs Emploi\" (<\/span><a href=\"https:\/\/urldefense.proofpoint.com\/v2\/url?u=https-3A__drive.google.com_file_d_1TEAtkmom8M0j3upmAZAXcJU3uvFT9hCf_view-3Fusp-3Dsharing&amp;d=DwMFaQ&amp;c=oS_0xOYps7FNW56RWijYeQ&amp;r=OgA3qYgQRzlXZ_CiLV8f2p5pAQSFHCoPW8SiQEmZBuI&amp;m=LKTsBpy549mWvG14CUyphAIwAMyCxgAeWy7LyDyGFwhhLEjtavadbESV9McA1pA2&amp;s=LWFP0HEKyi4exaunoUfbWtaElJFqs3d786qkKjyWITM&amp;e=\"><span style=\"font-weight: 400;\">replay<\/span><\/a><span style=\"font-weight: 400;\"> et <\/span><a href=\"https:\/\/urldefense.proofpoint.com\/v2\/url?u=https-3A__drive.google.com_file_d_1kSsGlhgcaYlxyH-5F3Q9ZShfODLjOzbSXw_view-3Fusp-3Dsharing&amp;d=DwMFaQ&amp;c=oS_0xOYps7FNW56RWijYeQ&amp;r=OgA3qYgQRzlXZ_CiLV8f2p5pAQSFHCoPW8SiQEmZBuI&amp;m=LKTsBpy549mWvG14CUyphAIwAMyCxgAeWy7LyDyGFwhhLEjtavadbESV9McA1pA2&amp;s=KHkCgwRhNnJlMDNaKGgJX9jh7qyItGeuSHNaf6khQ-g&amp;e=\"><span style=\"font-weight: 400;\">pr\u00e9sentation utilis\u00e9e<\/span><\/a><span style=\"font-weight: 400;\"> disponibles). Une m\u00e9thodologie a \u00e9t\u00e9 test\u00e9e sur 3 Collectifs Emplois qui ont particip\u00e9 \u00e0 la Communaut\u00e9 nationale des Collectifs Emploi dont l\u2019objectif est d'agir ensemble afin d'am\u00e9liorer les parcours de retour \u00e0 l'emploi. Cette communaut\u00e9 leur permet de se regrouper, d\u2019\u00e9changer et de capitaliser autour de probl\u00e9matiques et d\u2019objectifs communs. L\u2019\u00e9v\u00e9nement revenait sur les premiers r\u00e9sultats de cette \u00e9valuation d\u2019impact.<\/span><\/li>\r\n \t<li style=\"font-weight: 400;\" aria-level=\"1\"><span style=\"font-weight: 400;\">Dans le cadre de sa mission \u201cAgir pour le bien \u00eatre mental des individus tout au long de la vie\u201d, la <\/span><a href=\"https:\/\/fondation.aesio.fr\/\"><span style=\"font-weight: 400;\">Fondation AESIO<\/span><\/a><span style=\"font-weight: 400;\"> a d\u00e9cid\u00e9 de <\/span><a href=\"https:\/\/www.carenews.com\/fondation-aesio\/news\/comment-accompagner-des-porteurs-de-projets-dans-leur-evaluation-d-impact\"><span style=\"font-weight: 400;\">sensibiliser et d\u2019accompagner<\/span><\/a><span style=\"font-weight: 400;\"> ses partenaires \u00e0 l'\u00e9valuation et la mesure d\u2019impact social via une formation th\u00e9orique et pratique anim\u00e9e par le cabinet Improve.<\/span><\/li>\r\n \t<li style=\"font-weight: 400;\" aria-level=\"1\"><span style=\"font-weight: 400;\">Lancement de la d\u00e9marche <\/span><a href=\"https:\/\/www.linkedin.com\/posts\/projets-%C3%A0-impact-du-grand-paris_grandparis-daezveloppementurbain-urbanisme-activity-6914499378292363264-76NE?utm_source=linkedin_share&amp;utm_medium=member_desktop_web\"><span style=\"font-weight: 400;\">\u201cProjets \u00e0 impact du Grand Paris\u201d<\/span><\/a><span style=\"font-weight: 400;\"> le 22 mars, d\u00e9marche port\u00e9e par Impact Tank qui r\u00e9unit d\u00e9cideurs publics et priv\u00e9s, acteurs de terrain et chercheurs autour de l'\u00e9valuation et la mesure d\u2019impact puis la mise \u00e0 l\u2019\u00e9chelle des innovations sociales les plus prometteuses dans le domaine de l\u2019urbanisme inclusif. Pendant un an, les parties prenantes de cette d\u00e9marche s\u2019activeront \u00e0 r\u00e9pondre \u00e0 la question : Comment les innovations sociales du Grand Paris contribuent-elles \u00e0 \"changer la vie\" de toutes et tous sur le territoire en am\u00e9liorant leurs quotidiens mais aussi leur parcours de vie ?<\/span><\/li>\r\n<\/ul>\r\n&nbsp;\r\n<h3><i><span style=\"font-weight: 400;\">A l\u2019international\u00a0<\/span><\/i><\/h3>\r\n<ul>\r\n \t<li style=\"font-weight: 400;\" aria-level=\"1\"><span style=\"font-weight: 400;\">L\u2019Impact Tank partage la <\/span><a href=\"https:\/\/impact-tank.org\/wp-content\/uploads\/2022\/03\/Synthese-FR-PFUE.pdf\"><span style=\"font-weight: 400;\">synth\u00e8se<\/span><\/a><span style=\"font-weight: 400;\"> des enseignements \u00e0 retenir de la conf\u00e9rence \u201cEncourager l\u2019innovation sociale \u00e0 l\u2019\u00e9chelle europ\u00e9enne, de la recherche \u00e0 l\u2019action\u201d organis\u00e9e le 11 f\u00e9vrier dernier, \u00e0 laquelle avaient notamment particip\u00e9 Lisa Hehenberger (Esade), J\u00fcrgen Howaldt (Dortmund University), Gorgi Krlev (Universit\u00e9 de Heidelberg) et Thierry Sibieude (ESSEC Business School) pour les experts acad\u00e9miques, et Am\u00e9lie de Montchalin (Ministre de la transformation publique) et Risto Raivio (Union Europ\u00e9enne, Direction G\u00e9n\u00e9rale pour l\u2019emploi, les affaires sociales et l\u2019inclusion) pour les pouvoirs publics. Parmi les huits messages transmis figurent l\u2019importance de d\u00e9finir collectivement ce qu\u2019est l\u2019innovation sociale ainsi que la n\u00e9cessit\u00e9 pour les innovateurs d\u2019\u00e9valuer leur impact social en s\u2019appuyant sur des donn\u00e9es robustes.<\/span><\/li>\r\n \t<li style=\"font-weight: 400;\" aria-level=\"1\"><span style=\"font-weight: 400;\">Le Miller Center for Social Entrepreneurship (universit\u00e9 de Santa Clara) et le cabinet SoPact ont organis\u00e9 un <\/span><a href=\"https:\/\/www.linkedin.com\/events\/whatarethebestpracticesforcolle6912796585231822848\/\"><span style=\"font-weight: 400;\">webinaire<\/span><\/a><span style=\"font-weight: 400;\"> intitul\u00e9 \u201cWhat are the Best Practices for Collecting, Analyzing &amp; Using Impact Data?\u201d le 8 avril.<\/span><\/li>\r\n \t<li style=\"font-weight: 400;\" aria-level=\"1\"><span style=\"font-weight: 400;\">Le Common Approach recherche des r\u00e9seaux d\u2019organisations \u00e0 vocation sociale au Canada pour participer au projet <\/span><a href=\"https:\/\/www.commonapproach.org\/pathfinder-pilot\/\"><span style=\"font-weight: 400;\">\u201cpilote \u00e9claireur\u201d<\/span><\/a><span style=\"font-weight: 400;\"> sur l\u2019utilisation des quatre normes de l\u2019Approche Commune. Cette nouvelle approche vise \u00e0 mesurer l\u2019impact de mani\u00e8re plus efficace et pertinente que les approches traditionnelles.\u00a0<\/span><\/li>\r\n \t<li style=\"font-weight: 400;\" aria-level=\"1\"><span style=\"font-weight: 400;\">Louis Boudoux d'Hautefeuille et Lisa Hehenberger de l\u2019Esade publient un rapport sur la gouvernance de la mesure d'impact dans les fonds d'investissement d'impact europ\u00e9ens (<\/span><a href=\"https:\/\/www.esade.edu\/en\/faculty-and-research\/research\/knowledge-units\/center-social-impact\/research\/governance-impact-measurement?mc_cid=d543102352&amp;mc_eid=421261eb91\"><span style=\"font-weight: 400;\">\u201cThe Governance of Impact Measurement in European Impact Investing Funds\u201d<\/span><\/a><span style=\"font-weight: 400;\">), abordant notamment la fa\u00e7on dont les fonds d'investissement d'impact europ\u00e9ens int\u00e8grent l\u2019impact dans le processus d'investissement, et bas\u00e9 sur des recherches documentaires et des entretiens avec huit fonds d\u2019investissement \u00e0 impact en Europe. L<\/span><a href=\"https:\/\/www.youtube.com\/watch?v=5l8QIrxobWQ\"><span style=\"font-weight: 400;\">\u2019enregistrement du webinaire de pr\u00e9sentation<\/span><\/a><span style=\"font-weight: 400;\"> de ce rapport est \u00e9galement disponible.<\/span><\/li>\r\n \t<li style=\"font-weight: 400;\" aria-level=\"1\"><span style=\"font-weight: 400;\">Le GIIN lance les <\/span><a href=\"https:\/\/thegiin.org\/research\/publication\/iris-impact-performance-benchmarks-overview\"><span style=\"font-weight: 400;\">benchmark d\u2019impact sectoriaux IRIS+<\/span><\/a><span style=\"font-weight: 400;\">, un outil permettant aux investisseurs d'analyser leur performance d'impact sectorielle sur le march\u00e9 et de comparer leurs r\u00e9sultats d'impact \u00e0 ceux de leurs pairs et aux ODD. Le premier benchmark est ax\u00e9 sur l'inclusion financi\u00e8re. Un aper\u00e7u de la version b\u00eata du benchmark est disponible <\/span><a href=\"https:\/\/iris.thegiin.org\/performance-analytics\/\"><span style=\"font-weight: 400;\">ici<\/span><\/a><span style=\"font-weight: 400;\">. Le prochain benchmark sectoriel portera sur l\u2019agriculture.<\/span><\/li>\r\n<\/ul>\r\n<ul>\r\n \t<li style=\"font-weight: 400;\" aria-level=\"1\"><span style=\"font-weight: 400;\">Social Value UK propose sa <\/span><a href=\"https:\/\/socialvalueuk.org\/online-accredited-social-value-and-sroi-practitioner-training\/#structure\"><span style=\"font-weight: 400;\">formation \u201cValue &amp; SROI practitioner\" en ligne,<\/span><\/a><span style=\"font-weight: 400;\"> avec un format de cinq rencontres sur deux semaines. Les prochaines sessions d\u00e9marreront les 20 avril, 18 mai et 22 juin prochain<\/span><\/li>\r\n<\/ul>\r\n&nbsp;\r\n<h2><b>Rapports d\u2019impact<\/b><\/h2>\r\n<h3><i><span style=\"font-weight: 400;\">En France<\/span><\/i><\/h3>\r\n<ul>\r\n \t<li style=\"font-weight: 400;\" aria-level=\"1\"><span style=\"font-weight: 400;\">Goodwill Management a publi\u00e9 l\u2019<\/span><a href=\"https:\/\/drive.google.com\/file\/d\/1Qw6IkToLhyjiSQ7g773LUiX01zcJG4et\/view\"><span style=\"font-weight: 400;\">\u00e9valuation d\u2019impact social<\/span><\/a><span style=\"font-weight: 400;\"> de la Cloche, une association qui \u0153uvre au quotidien pour rendre la soci\u00e9t\u00e9 plus inclusive. 4 changements g\u00e9n\u00e9r\u00e9s par son action ont \u00e9t\u00e9 d\u00e9montr\u00e9s : changement des regards sur la grande exclusion, augmentation de l'engagement et du passage \u00e0 l'action, cr\u00e9ation de lien social et rupture de l'isolement, une plus grande inclusion des villes.<\/span><\/li>\r\n<\/ul>\r\n&nbsp;\r\n<h3><i><span style=\"font-weight: 400;\">A l\u2019international<\/span><\/i><\/h3>\r\n<ul>\r\n \t<li style=\"font-weight: 400;\" aria-level=\"1\"><span style=\"font-weight: 400;\">Une \u00e9quipe de chercheuses du J-Pal publie les r\u00e9sultats d\u2019une <\/span><a href=\"https:\/\/www.povertyactionlab.org\/evaluation\/impact-extending-childcare-female-labor-chile?utm_source=newsletter&amp;utm_medium=email&amp;utm_campaign=mar22\"><span style=\"font-weight: 400;\">\u00e9valuation randomis\u00e9e portant sur un programme de garde d\u2019enfant intitul\u00e9 \u201c4-7 Program\u201d<\/span><\/a><span style=\"font-weight: 400;\"> au Chili. Le programme a augment\u00e9 l'emploi des m\u00e8res et l'utilisation des garderies pour les jeunes enfants qui n'\u00e9taient pas \u00e9ligibles, ce qui sugg\u00e8re que les femmes ont besoin de garderies pour tous leurs enfants afin d'int\u00e9grer le march\u00e9 du travail. En outre, le programme n'a pas am\u00e9lior\u00e9 les r\u00e9sultats scolaires des enfants en moyenne, mais a am\u00e9lior\u00e9 l'assiduit\u00e9 et les notes des enfants qui n'\u00e9taient pas supervis\u00e9s auparavant par un parent pendant les heures p\u00e9riscolaires.<\/span><\/li>\r\n \t<li style=\"font-weight: 400;\" aria-level=\"1\"><span style=\"font-weight: 400;\">La Fondation OVO (fournisseur d\u2019\u00e9lectricit\u00e9 britannique) a r\u00e9alis\u00e9 une <\/span><a href=\"https:\/\/socialvalueuk.org\/wp-content\/uploads\/2022\/03\/OVO-Foundation-SROI-Report-Composite.pdf\"><span style=\"font-weight: 400;\">\u00e9tude sur le SROI pr\u00e9visionnel de ses trois programmes,<\/span><\/a><span style=\"font-weight: 400;\"> portant respectivement sur l\u2019acc\u00e8s \u00e0 la sant\u00e9 et \u00e0 l\u2019\u00e9ducation d\u2019habitants de zones rurales au Kenya, la r\u00e9novation de logements pour des personnes sans-abri Royaume-Uni et le m\u00e9c\u00e9nat de comp\u00e9tences de salari\u00e9s de l\u2019entreprise au sein d\u2019associations britanniques. La valeur moyenne projet\u00e9e pour les trois projets est de 10,19 livres sterling pour une livre sterling investie.<\/span><\/li>\r\n \t<li style=\"font-weight: 400;\" aria-level=\"1\"><span style=\"font-weight: 400;\">Un groupe de chercheurs de l\u2019universit\u00e9 de Witwatersrand en Afrique du Sud publie <\/span><a href=\"https:\/\/www.tandfonline.com\/doi\/abs\/10.1080\/00220388.2022.2048654\"><span style=\"font-weight: 400;\">une \u00e9tude quasi-exp\u00e9rimentale de l'impact des migrations vers le milieu urbain en Afrique du Sud.<\/span><\/a><span style=\"font-weight: 400;\"> Bas\u00e9e sur des donn\u00e9es nationales (National Income Dynamics Study, NIDS),\u00a0 cette \u00e9tude r\u00e9v\u00e8le que les migrants ruraux-urbains connaissent un d\u00e9clin dans les r\u00e9sultats de sant\u00e9 physique et mentale d\u00e9clar\u00e9s. L'\u00e9tude identifie l'isolement social et les conditions de vie difficiles comme certains des facteurs \u00e0 l'origine de ces r\u00e9sultats n\u00e9gatifs en mati\u00e8re de sant\u00e9.<\/span><\/li>\r\n<\/ul>\r\n&nbsp;\r\n<h2><b>Publications<\/b><\/h2>\r\n<h3><i><span style=\"font-weight: 400;\">En France<\/span><\/i><span style=\"font-weight: 400;\">\u00a0<\/span><\/h3>\r\n<ul>\r\n \t<li style=\"font-weight: 400;\" aria-level=\"1\"><span style=\"font-weight: 400;\">Un ouvrage sur la mesure d\u2019impact social vient d\u2019\u00eatre publi\u00e9 en opensource sur <\/span><a href=\"https:\/\/zenodo.org\/record\/6336071#.YkqUFW5BxhG\"><span style=\"font-weight: 400;\">Zenodo<\/span><\/a><span style=\"font-weight: 400;\"> : \u201cEvaluation. Fondements, controverses, perspectives\". Il propose un panorama de la diversit\u00e9 des pratiques existantes mais revient \u00e9galement sur ses fondements th\u00e9oriques.<\/span><\/li>\r\n \t<li style=\"font-weight: 400;\" aria-level=\"1\"><span style=\"font-weight: 400;\">Suite au cycle 2020 des Petits d\u00e9jeuners de la mesure d\u2019impact, Convergences, l\u2019Avise et Improve ont finalis\u00e9 et publi\u00e9 en collaboration un livrable d\u00e9di\u00e9 \u00e0 la qualit\u00e9 de la mesure d\u2019impact : \u201c<\/span><a href=\"https:\/\/www.convergences.org\/wp-content\/uploads\/2022\/03\/Mesure-dimpact-pour-un-regard-critique-PDMI-2020_compressed-1.pdf\"><span style=\"font-weight: 400;\">Mesure d\u2019impact : pour un regard critique<\/span><\/a><span style=\"font-weight: 400;\">\u201d. Ce livrable propose 4 axes de questionnement : Parle-t-on bien d\u2019impact social ? Y a-t-il bien une volont\u00e9 de l\u2019organisation \u00e0 g\u00e9n\u00e9rer un impact et comment est-elle formalis\u00e9e ? Le rapport est-il transparent sur les \u00e9l\u00e9ments cl\u00e9s de l\u2019\u00e9tude ? A quoi servira cette \u00e9valuation ?<\/span><\/li>\r\n \t<li style=\"font-weight: 400;\" aria-level=\"1\"><span style=\"font-weight: 400;\">La 27e r\u00e9gion, un laboratoire de transformation publique en France, pr\u00e9sente <\/span><a href=\"https:\/\/www.la27eregion.fr\/wp-content\/uploads\/sites\/2\/2022\/03\/VFINALE2.pdf\"><span style=\"font-weight: 400;\">son livret de l'enqu\u00eate Nouvelles Mesures!<\/span><\/a><span style=\"font-weight: 400;\">, un programme exp\u00e9rimental inter-collectivit\u00e9s visant \u00e0 d\u00e9crypter et exp\u00e9rimenter de nouveaux mod\u00e8les comptables pour soutenir les acteurs publics face \u00e0 leur responsabilit\u00e9 \u00e9cologique et sociale.\u00a0<\/span><\/li>\r\n \t<li style=\"font-weight: 400;\" aria-level=\"1\"><a href=\"https:\/\/tnova.fr\/\"><span style=\"font-weight: 400;\">Terra Nova<\/span><\/a><span style=\"font-weight: 400;\">, un think tank cherchant \u00e0 produire et diffuser des solutions politiques innovantes en France et en Europe, vient de publier une <\/span><a href=\"https:\/\/tnova.fr\/site\/assets\/files\/27727\/terra-nova_note_une_politique_pour_developper_leconomie_de_limpact_et_construire_un_nouveau_capitalisme_300322.pdf?a0zr6\"><span style=\"font-weight: 400;\">note de synth\u00e8se<\/span><\/a><span style=\"font-weight: 400;\"> d\u00e9taillant les mesures qu\u2019un minist\u00e8re de l\u2019\u00c9conomie de l\u2019impact pourrait prendre rapidement pour d\u00e9velopper une action publique p\u00e9renne dans ce domaine. Cette note axe ses propositions autour de 5 enjeux : f\u00e9d\u00e9rer les acteurs, clarifier le cadre, accompagner les organisations, d\u00e9velopper l\u2019\u00e9cosyst\u00e8me de financement et porter le sujet en Europe. <\/span><b>Elle propose de d\u00e9velopper l'\u00e9cosyst\u00e8me de financement notamment via un renforcement du secteur de l\u2019analyse d\u2019impact (plus de moyens humains \u00e0 disposition, plus d\u2019acc\u00e8s \u00e0 des donn\u00e9es publiques de qualit\u00e9 - p12-13)<\/b><span style=\"font-weight: 400;\">.<\/span><\/li>\r\n<\/ul>\r\n&nbsp;\r\n<h3><i><span style=\"font-weight: 400;\">A l\u2019international\u00a0<\/span><\/i><\/h3>\r\n<ul>\r\n \t<li style=\"font-weight: 400;\" aria-level=\"1\"><span style=\"font-weight: 400;\">Dans le cadre de l'initiative Impact-weighted accounts de la Harvard Business School, deux chercheurs explorent le sujet de l<\/span><a href=\"https:\/\/www.hbs.edu\/impact-weighted-accounts\/news\/Pages\/default.aspx\"><span style=\"font-weight: 400;\">\u2019\u00e9valuation de la qualit\u00e9 d\u2019un emploi.<\/span><\/a><span style=\"font-weight: 400;\"> Apr\u00e8s avoir conduit des exp\u00e9rimentations durant deux ans avec des entreprises dans des secteurs d\u2019activit\u00e9 vari\u00e9s, ils proposent sept questions que les entreprises peuvent se poser sur la qualit\u00e9, la mobilit\u00e9 et l'\u00e9quit\u00e9 de leurs emplois, et donnent des exemples de la mani\u00e8re dont les entreprises utilisent ces param\u00e8tres pour cr\u00e9er des emplois int\u00e9ressants et d\u00e9velopper leur main-d'\u0153uvre.<\/span><\/li>\r\n \t<li style=\"font-weight: 400;\" aria-level=\"1\"><span style=\"font-weight: 400;\">Un <\/span><a href=\"https:\/\/www.taylorfrancis.com\/chapters\/edit\/10.4324\/9780429243165-9\/social-impact-evaluation-gorgi-krlev-federica-angeli\"><span style=\"font-weight: 400;\">chapitre portant sur l\u2019\u00e9valuation de l\u2019impact social<\/span><\/a><span style=\"font-weight: 400;\"> r\u00e9dig\u00e9 par Gorgi Krlev (Universit\u00e9 d\u2019Heidelberg) et Federica Angeli (Universit\u00e9 de York) figure dans l\u2019ouvrage <\/span><i><span style=\"font-weight: 400;\">Organizing for Sustainable Developmen<\/span><\/i><span style=\"font-weight: 400;\">t \u00e0 para\u00eetre en Avril aux \u00e9ditions Routledge.\u00a0<\/span><\/li>\r\n \t<li style=\"font-weight: 400;\" aria-level=\"1\"><span style=\"font-weight: 400;\">USAID s\u2019est associ\u00e9 \u00e0 Social Impact pour construire un canevas pour d\u00e9velopper sa th\u00e9orie du changement, intitul\u00e9 le \u201c<\/span><a href=\"https:\/\/socialimpact.com\/introducing-the-toc-workbook\/\"><span style=\"font-weight: 400;\">TOC Workbook<\/span><\/a><span style=\"font-weight: 400;\">.\u201d Cette ressource en acc\u00e8s libre propose un parcours de cinq \u00e9tapes et s\u2019adresse principalement aux projets li\u00e9s aux enjeux de d\u00e9veloppement.<\/span><\/li>\r\n \t<li style=\"font-weight: 400;\" aria-level=\"1\"><span style=\"font-weight: 400;\">Employ\u00e9 tr\u00e8s fr\u00e9quemment dans les travaux d\u2019\u00e9valuation d\u2019impact social ainsi que dans de nombreux autres champs scientifiques, le terme \u201dbesoin\u201d renvoie t-il \u00e0 une d\u00e9finition \u00e9tablie ? Ambre Fourrier, candidate au doctorat en sociologie \u00e0 l\u2019universit\u00e9 du Qu\u00e9bec, propose une <\/span><a href=\"http:\/\/innovationsocialeusp.ca\/crits\/publications\/les-besoins-une-notion-a-redefinir?\"><span style=\"font-weight: 400;\">recension de litt\u00e9rature sur la notion de besoins<\/span><\/a><span style=\"font-weight: 400;\"> et en distingue deux approches. La premi\u00e8re reconna\u00eet l\u2019existence de besoins \u00ab absolus \u00bb ou \u00ab objectifs \u00bb et tente de les hi\u00e9rarchiser, tandis que la deuxi\u00e8me est compos\u00e9e de diverses perspectives qui peuvent \u00eatre qualifi\u00e9es de \u00ab relativistes \u00bb.<\/span><\/li>\r\n \t<li style=\"font-weight: 400;\" aria-level=\"1\"><span style=\"font-weight: 400;\">Le Journal of Wealth Management publie un article intitul\u00e9 \u201cConsid\u00e9rations sur la mesure de l'impact pour les investisseurs du march\u00e9 priv\u00e9\u201d (<\/span><a href=\"https:\/\/jwm.pm-research.com\/content\/early\/2022\/03\/16\/jwm.2022.1.166\/tab-pdf-trialist\"><span style=\"font-weight: 400;\">Impact Measurement Considerations for Private Market Investors<\/span><\/a><span style=\"font-weight: 400;\">) dans lequel les auteurs analysent les approches existantes de la mesure de l'impact et pr\u00e9sentent une m\u00e9thodologie pour calculer et agr\u00e9ger les mesures d'impact dans un portefeuille priv\u00e9.\u00a0<\/span><\/li>\r\n<\/ul>\r\n&nbsp;\r\n<h2><b>Newsletters<\/b><\/h2>\r\n<ul>\r\n \t<li style=\"font-weight: 400;\" aria-level=\"1\"><a href=\"https:\/\/www.avise.org\/newsletters\"><span style=\"font-weight: 400;\">La newsletter de l\u2019Avise sur l\u2019\u00e9valuation d\u2019impact social en France<\/span><\/a><\/li>\r\n \t<li style=\"font-weight: 400;\" aria-level=\"1\"><a href=\"https:\/\/ssir.org\/email\"><span style=\"font-weight: 400;\">La newsletter de Stanford Social Innovation Review (SSIR)<\/span><\/a><\/li>\r\n<\/ul>\r\n&nbsp;\r\n\r\n<span style=\"font-weight: 400;\">Retrouvez tous les mois notre veille internationale sur l\u2019\u00e9valuation d'impact social sur la page <\/span><a href=\"https:\/\/www.linkedin.com\/company\/42301082\/\"><span style=\"font-weight: 400;\">LinkedIn du Labo<\/span><\/a><span style=\"font-weight: 400;\">. Des questions ? Des propositions de contributions ou des solutions pour l\u2019\u00e9valuation d\u2019impact social ? Contactez-nous via<\/span><a href=\"http:\/\/mailto:louis.raynauddelage@essec.edu\"> <span style=\"font-weight: 400;\">louis.raynauddelage@essec.edu<\/span><\/a><span style=\"font-weight: 400;\"> ou <\/span><a href=\"http:\/\/mailto:leclerc@essec.edu\"><span style=\"font-weight: 400;\">leclerc@essec.edu<\/span><\/a><span style=\"font-weight: 400;\">\u00a0<\/span>\r\n\r\n<span style=\"font-weight: 400;\">Note de Veille r\u00e9dig\u00e9e par <\/span><b>Clara Cohade<\/b><span style=\"font-weight: 400;\"> et <\/span><b>Claire Salmon, <\/b><span style=\"font-weight: 400;\">sous la direction de <\/span><b>Thierry Sibieude <\/b><span style=\"font-weight: 400;\">et d\u2019<\/span><b>Elise Leclerc <\/b><span style=\"font-weight: 400;\">et avec la contribution de <\/span><b>Louis Raynaud de Lage.\u00a0<\/b>","_et_gb_content_width":"","inline_featured_image":false},"categories":[11],"tags":[14,20,10,15,19,21,12],"yoast_head":"<!-- This site is optimized with the Yoast SEO plugin v20.11 - https:\/\/yoast.com\/wordpress\/plugins\/seo\/ -->\n<title>Veille n\u00b012 : Les derni\u00e8res actualit\u00e9s - Centre Innovation Sociale et Ecologique<\/title>\n<meta name=\"robots\" content=\"noindex, follow\" \/>\n<meta property=\"og:locale\" content=\"fr_FR\" \/>\n<meta property=\"og:type\" content=\"article\" \/>\n<meta property=\"og:title\" content=\"Veille n\u00b012 : Les derni\u00e8res actualit\u00e9s - Centre Innovation Sociale et Ecologique\" \/>\n<meta property=\"og:description\" content=\"Les actualit\u00e9s, articles et outils \u00e0 saisir de l\u2019Observatoire de l\u2019Evaluation d\u2019Impact Social de l\u2019ESSEC Mars 2022 &nbsp; \u00c9v\u00e9nements et actualit\u00e9s du secteur En France Thibault Guilluy, le Haut Commissaire \u00e0 l\u2019emploi et \u00e0 l&#039;engagement des entreprises a d\u00e9voil\u00e9 mi-mars la liste des 5 nouveaux laur\u00e9ats des contrats \u00e0 impact : Article 1, ClubHouse, [&hellip;]\" \/>\n<meta property=\"og:url\" content=\"https:\/\/centre-innovation-sociale-ecologique.essec.edu\/index.php\/2022\/04\/12\/veille-n12-les-dernieres-actualites\/\" \/>\n<meta property=\"og:site_name\" content=\"Centre Innovation Sociale et Ecologique\" \/>\n<meta property=\"article:published_time\" content=\"2022-04-12T16:24:31+00:00\" \/>\n<meta property=\"article:modified_time\" content=\"2022-04-20T14:20:11+00:00\" \/>\n<meta property=\"og:image\" content=\"https:\/\/impactinitiative.essec.edu\/wp-content\/uploads\/2022\/04\/dan-dimmock-3mt71MKGjQ0-unsplash-1024x576.jpg\" \/>\n<meta name=\"author\" content=\"Essec\" \/>\n<meta name=\"twitter:card\" content=\"summary_large_image\" \/>\n<meta name=\"twitter:label1\" content=\"\u00c9crit par\" \/>\n\t<meta name=\"twitter:data1\" content=\"Essec\" \/>\n\t<meta name=\"twitter:label2\" content=\"Dur\u00e9e de lecture estim\u00e9e\" \/>\n\t<meta name=\"twitter:data2\" content=\"11 minutes\" \/>\n<script type=\"application\/ld+json\" class=\"yoast-schema-graph\">{\"@context\":\"https:\/\/schema.org\",\"@graph\":[{\"@type\":\"Article\",\"@id\":\"https:\/\/centre-innovation-sociale-ecologique.essec.edu\/index.php\/2022\/04\/12\/veille-n12-les-dernieres-actualites\/#article\",\"isPartOf\":{\"@id\":\"https:\/\/centre-innovation-sociale-ecologique.essec.edu\/index.php\/2022\/04\/12\/veille-n12-les-dernieres-actualites\/\"},\"author\":{\"name\":\"Essec\",\"@id\":\"https:\/\/centre-innovation-sociale-ecologique.essec.edu\/#\/schema\/person\/ffb9b21a7056cc497e2fe8732aa91fcc\"},\"headline\":\"Veille n\u00b012 : Les derni\u00e8res actualit\u00e9s\",\"datePublished\":\"2022-04-12T16:24:31+00:00\",\"dateModified\":\"2022-04-20T14:20:11+00:00\",\"mainEntityOfPage\":{\"@id\":\"https:\/\/centre-innovation-sociale-ecologique.essec.edu\/index.php\/2022\/04\/12\/veille-n12-les-dernieres-actualites\/\"},\"wordCount\":2116,\"commentCount\":0,\"publisher\":{\"@id\":\"https:\/\/centre-innovation-sociale-ecologique.essec.edu\/#organization\"},\"keywords\":[\"ESS\",\"ESSEC Impact Initiative\",\"\u00e9valuation d'impact social\",\"Impact\",\"Laboratoire E&amp;MISE\",\"Mesure\",\"Veille\"],\"articleSection\":[\"Articles\"],\"inLanguage\":\"fr-FR\",\"potentialAction\":[{\"@type\":\"CommentAction\",\"name\":\"Comment\",\"target\":[\"https:\/\/centre-innovation-sociale-ecologique.essec.edu\/index.php\/2022\/04\/12\/veille-n12-les-dernieres-actualites\/#respond\"]}]},{\"@type\":\"WebPage\",\"@id\":\"https:\/\/centre-innovation-sociale-ecologique.essec.edu\/index.php\/2022\/04\/12\/veille-n12-les-dernieres-actualites\/\",\"url\":\"https:\/\/centre-innovation-sociale-ecologique.essec.edu\/index.php\/2022\/04\/12\/veille-n12-les-dernieres-actualites\/\",\"name\":\"Veille n\u00b012 : Les derni\u00e8res actualit\u00e9s - Centre Innovation Sociale et Ecologique\",\"isPartOf\":{\"@id\":\"https:\/\/centre-innovation-sociale-ecologique.essec.edu\/#website\"},\"datePublished\":\"2022-04-12T16:24:31+00:00\",\"dateModified\":\"2022-04-20T14:20:11+00:00\",\"breadcrumb\":{\"@id\":\"https:\/\/centre-innovation-sociale-ecologique.essec.edu\/index.php\/2022\/04\/12\/veille-n12-les-dernieres-actualites\/#breadcrumb\"},\"inLanguage\":\"fr-FR\",\"potentialAction\":[{\"@type\":\"ReadAction\",\"target\":[\"https:\/\/centre-innovation-sociale-ecologique.essec.edu\/index.php\/2022\/04\/12\/veille-n12-les-dernieres-actualites\/\"]}]},{\"@type\":\"BreadcrumbList\",\"@id\":\"https:\/\/centre-innovation-sociale-ecologique.essec.edu\/index.php\/2022\/04\/12\/veille-n12-les-dernieres-actualites\/#breadcrumb\",\"itemListElement\":[{\"@type\":\"ListItem\",\"position\":1,\"name\":\"Home\",\"item\":\"https:\/\/centre-innovation-sociale-ecologique.essec.edu\/\"},{\"@type\":\"ListItem\",\"position\":2,\"name\":\"Veille n\u00b012 : Les derni\u00e8res actualit\u00e9s\"}]},{\"@type\":\"WebSite\",\"@id\":\"https:\/\/centre-innovation-sociale-ecologique.essec.edu\/#website\",\"url\":\"https:\/\/centre-innovation-sociale-ecologique.essec.edu\/\",\"name\":\"Centre Innovation Sociale et Ecologique\",\"description\":\"\",\"publisher\":{\"@id\":\"https:\/\/centre-innovation-sociale-ecologique.essec.edu\/#organization\"},\"potentialAction\":[{\"@type\":\"SearchAction\",\"target\":{\"@type\":\"EntryPoint\",\"urlTemplate\":\"https:\/\/centre-innovation-sociale-ecologique.essec.edu\/?s={search_term_string}\"},\"query-input\":\"required name=search_term_string\"}],\"inLanguage\":\"fr-FR\"},{\"@type\":\"Organization\",\"@id\":\"https:\/\/centre-innovation-sociale-ecologique.essec.edu\/#organization\",\"name\":\"Essec Business School\",\"url\":\"https:\/\/centre-innovation-sociale-ecologique.essec.edu\/\",\"logo\":{\"@type\":\"ImageObject\",\"inLanguage\":\"fr-FR\",\"@id\":\"https:\/\/centre-innovation-sociale-ecologique.essec.edu\/#\/schema\/logo\/image\/\",\"url\":\"https:\/\/impactinitiative.essec.edu\/wp-content\/uploads\/2020\/11\/ESSEC_BS_logo_BLANC.png\",\"contentUrl\":\"https:\/\/impactinitiative.essec.edu\/wp-content\/uploads\/2020\/11\/ESSEC_BS_logo_BLANC.png\",\"width\":546,\"height\":509,\"caption\":\"Essec Business School\"},\"image\":{\"@id\":\"https:\/\/centre-innovation-sociale-ecologique.essec.edu\/#\/schema\/logo\/image\/\"}},{\"@type\":\"Person\",\"@id\":\"https:\/\/centre-innovation-sociale-ecologique.essec.edu\/#\/schema\/person\/ffb9b21a7056cc497e2fe8732aa91fcc\",\"name\":\"Essec\",\"image\":{\"@type\":\"ImageObject\",\"inLanguage\":\"fr-FR\",\"@id\":\"https:\/\/centre-innovation-sociale-ecologique.essec.edu\/#\/schema\/person\/image\/\",\"url\":\"https:\/\/secure.gravatar.com\/avatar\/253b1a21aeb6e83a39f89170d50e3784?s=96&d=mm&r=g\",\"contentUrl\":\"https:\/\/secure.gravatar.com\/avatar\/253b1a21aeb6e83a39f89170d50e3784?s=96&d=mm&r=g\",\"caption\":\"Essec\"}}]}<\/script>\n<!-- \/ Yoast SEO plugin. -->","yoast_head_json":{"title":"Veille n\u00b012 : Les derni\u00e8res actualit\u00e9s - Centre Innovation Sociale et Ecologique","robots":{"index":"noindex","follow":"follow"},"og_locale":"fr_FR","og_type":"article","og_title":"Veille n\u00b012 : Les derni\u00e8res actualit\u00e9s - Centre Innovation Sociale et Ecologique","og_description":"Les actualit\u00e9s, articles et outils \u00e0 saisir de l\u2019Observatoire de l\u2019Evaluation d\u2019Impact Social de l\u2019ESSEC Mars 2022 &nbsp; \u00c9v\u00e9nements et actualit\u00e9s du secteur En France Thibault Guilluy, le Haut Commissaire \u00e0 l\u2019emploi et \u00e0 l'engagement des entreprises a d\u00e9voil\u00e9 mi-mars la liste des 5 nouveaux laur\u00e9ats des contrats \u00e0 impact : Article 1, ClubHouse, [&hellip;]","og_url":"https:\/\/centre-innovation-sociale-ecologique.essec.edu\/index.php\/2022\/04\/12\/veille-n12-les-dernieres-actualites\/","og_site_name":"Centre Innovation Sociale et Ecologique","article_published_time":"2022-04-12T16:24:31+00:00","article_modified_time":"2022-04-20T14:20:11+00:00","og_image":[{"url":"https:\/\/impactinitiative.essec.edu\/wp-content\/uploads\/2022\/04\/dan-dimmock-3mt71MKGjQ0-unsplash-1024x576.jpg"}],"author":"Essec","twitter_card":"summary_large_image","twitter_misc":{"\u00c9crit par":"Essec","Dur\u00e9e de lecture estim\u00e9e":"11 minutes"},"schema":{"@context":"https:\/\/schema.org","@graph":[{"@type":"Article","@id":"https:\/\/centre-innovation-sociale-ecologique.essec.edu\/index.php\/2022\/04\/12\/veille-n12-les-dernieres-actualites\/#article","isPartOf":{"@id":"https:\/\/centre-innovation-sociale-ecologique.essec.edu\/index.php\/2022\/04\/12\/veille-n12-les-dernieres-actualites\/"},"author":{"name":"Essec","@id":"https:\/\/centre-innovation-sociale-ecologique.essec.edu\/#\/schema\/person\/ffb9b21a7056cc497e2fe8732aa91fcc"},"headline":"Veille n\u00b012 : Les derni\u00e8res actualit\u00e9s","datePublished":"2022-04-12T16:24:31+00:00","dateModified":"2022-04-20T14:20:11+00:00","mainEntityOfPage":{"@id":"https:\/\/centre-innovation-sociale-ecologique.essec.edu\/index.php\/2022\/04\/12\/veille-n12-les-dernieres-actualites\/"},"wordCount":2116,"commentCount":0,"publisher":{"@id":"https:\/\/centre-innovation-sociale-ecologique.essec.edu\/#organization"},"keywords":["ESS","ESSEC Impact Initiative","\u00e9valuation d'impact social","Impact","Laboratoire E&amp;MISE","Mesure","Veille"],"articleSection":["Articles"],"inLanguage":"fr-FR","potentialAction":[{"@type":"CommentAction","name":"Comment","target":["https:\/\/centre-innovation-sociale-ecologique.essec.edu\/index.php\/2022\/04\/12\/veille-n12-les-dernieres-actualites\/#respond"]}]},{"@type":"WebPage","@id":"https:\/\/centre-innovation-sociale-ecologique.essec.edu\/index.php\/2022\/04\/12\/veille-n12-les-dernieres-actualites\/","url":"https:\/\/centre-innovation-sociale-ecologique.essec.edu\/index.php\/2022\/04\/12\/veille-n12-les-dernieres-actualites\/","name":"Veille n\u00b012 : Les derni\u00e8res actualit\u00e9s - Centre Innovation Sociale et Ecologique","isPartOf":{"@id":"https:\/\/centre-innovation-sociale-ecologique.essec.edu\/#website"},"datePublished":"2022-04-12T16:24:31+00:00","dateModified":"2022-04-20T14:20:11+00:00","breadcrumb":{"@id":"https:\/\/centre-innovation-sociale-ecologique.essec.edu\/index.php\/2022\/04\/12\/veille-n12-les-dernieres-actualites\/#breadcrumb"},"inLanguage":"fr-FR","potentialAction":[{"@type":"ReadAction","target":["https:\/\/centre-innovation-sociale-ecologique.essec.edu\/index.php\/2022\/04\/12\/veille-n12-les-dernieres-actualites\/"]}]},{"@type":"BreadcrumbList","@id":"https:\/\/centre-innovation-sociale-ecologique.essec.edu\/index.php\/2022\/04\/12\/veille-n12-les-dernieres-actualites\/#breadcrumb","itemListElement":[{"@type":"ListItem","position":1,"name":"Home","item":"https:\/\/centre-innovation-sociale-ecologique.essec.edu\/"},{"@type":"ListItem","position":2,"name":"Veille n\u00b012 : Les derni\u00e8res actualit\u00e9s"}]},{"@type":"WebSite","@id":"https:\/\/centre-innovation-sociale-ecologique.essec.edu\/#website","url":"https:\/\/centre-innovation-sociale-ecologique.essec.edu\/","name":"Centre Innovation Sociale et Ecologique","description":"","publisher":{"@id":"https:\/\/centre-innovation-sociale-ecologique.essec.edu\/#organization"},"potentialAction":[{"@type":"SearchAction","target":{"@type":"EntryPoint","urlTemplate":"https:\/\/centre-innovation-sociale-ecologique.essec.edu\/?s={search_term_string}"},"query-input":"required name=search_term_string"}],"inLanguage":"fr-FR"},{"@type":"Organization","@id":"https:\/\/centre-innovation-sociale-ecologique.essec.edu\/#organization","name":"Essec Business School","url":"https:\/\/centre-innovation-sociale-ecologique.essec.edu\/","logo":{"@type":"ImageObject","inLanguage":"fr-FR","@id":"https:\/\/centre-innovation-sociale-ecologique.essec.edu\/#\/schema\/logo\/image\/","url":"https:\/\/impactinitiative.essec.edu\/wp-content\/uploads\/2020\/11\/ESSEC_BS_logo_BLANC.png","contentUrl":"https:\/\/impactinitiative.essec.edu\/wp-content\/uploads\/2020\/11\/ESSEC_BS_logo_BLANC.png","width":546,"height":509,"caption":"Essec Business School"},"image":{"@id":"https:\/\/centre-innovation-sociale-ecologique.essec.edu\/#\/schema\/logo\/image\/"}},{"@type":"Person","@id":"https:\/\/centre-innovation-sociale-ecologique.essec.edu\/#\/schema\/person\/ffb9b21a7056cc497e2fe8732aa91fcc","name":"Essec","image":{"@type":"ImageObject","inLanguage":"fr-FR","@id":"https:\/\/centre-innovation-sociale-ecologique.essec.edu\/#\/schema\/person\/image\/","url":"https:\/\/secure.gravatar.com\/avatar\/253b1a21aeb6e83a39f89170d50e3784?s=96&d=mm&r=g","contentUrl":"https:\/\/secure.gravatar.com\/avatar\/253b1a21aeb6e83a39f89170d50e3784?s=96&d=mm&r=g","caption":"Essec"}}]}},"_links":{"self":[{"href":"https:\/\/centre-innovation-sociale-ecologique.essec.edu\/index.php\/wp-json\/wp\/v2\/posts\/3976"}],"collection":[{"href":"https:\/\/centre-innovation-sociale-ecologique.essec.edu\/index.php\/wp-json\/wp\/v2\/posts"}],"about":[{"href":"https:\/\/centre-innovation-sociale-ecologique.essec.edu\/index.php\/wp-json\/wp\/v2\/types\/post"}],"author":[{"embeddable":true,"href":"https:\/\/centre-innovation-sociale-ecologique.essec.edu\/index.php\/wp-json\/wp\/v2\/users\/2"}],"replies":[{"embeddable":true,"href":"https:\/\/centre-innovation-sociale-ecologique.essec.edu\/index.php\/wp-json\/wp\/v2\/comments?post=3976"}],"version-history":[{"count":10,"href":"https:\/\/centre-innovation-sociale-ecologique.essec.edu\/index.php\/wp-json\/wp\/v2\/posts\/3976\/revisions"}],"predecessor-version":[{"id":4029,"href":"https:\/\/centre-innovation-sociale-ecologique.essec.edu\/index.php\/wp-json\/wp\/v2\/posts\/3976\/revisions\/4029"}],"wp:attachment":[{"href":"https:\/\/centre-innovation-sociale-ecologique.essec.edu\/index.php\/wp-json\/wp\/v2\/media?parent=3976"}],"wp:term":[{"taxonomy":"category","embeddable":true,"href":"https:\/\/centre-innovation-sociale-ecologique.essec.edu\/index.php\/wp-json\/wp\/v2\/categories?post=3976"},{"taxonomy":"post_tag","embeddable":true,"href":"https:\/\/centre-innovation-sociale-ecologique.essec.edu\/index.php\/wp-json\/wp\/v2\/tags?post=3976"}],"curies":[{"name":"wp","href":"https:\/\/api.w.org\/{rel}","templated":true}]}}