{"id":3828,"date":"2022-03-21T16:44:39","date_gmt":"2022-03-21T15:44:39","guid":{"rendered":"https:\/\/impactinitiative.essec.edu\/?p=3828"},"modified":"2025-06-05T10:20:50","modified_gmt":"2025-06-05T08:20:50","slug":"veille-n11-les-dernieres-actualites","status":"publish","type":"post","link":"https:\/\/centre-innovation-sociale-ecologique.essec.edu\/index.php\/2022\/03\/21\/veille-n11-les-dernieres-actualites\/","title":{"rendered":"Veille n\u00b011 : Les derni\u00e8res actualit\u00e9s"},"content":{"rendered":"<p>[et_pb_section fb_built=\u00a0\u00bb1&Prime; admin_label=\u00a0\u00bbsection\u00a0\u00bb _builder_version=\u00a0\u00bb3.22&Prime; global_colors_info=\u00a0\u00bb{}\u00a0\u00bb][et_pb_row admin_label=\u00a0\u00bbrow\u00a0\u00bb _builder_version=\u00a0\u00bb3.25&Prime; background_size=\u00a0\u00bbinitial\u00a0\u00bb background_position=\u00a0\u00bbtop_left\u00a0\u00bb background_repeat=\u00a0\u00bbrepeat\u00a0\u00bb global_colors_info=\u00a0\u00bb{}\u00a0\u00bb][et_pb_column type=\u00a0\u00bb4_4&Prime; _builder_version=\u00a0\u00bb3.25&Prime; custom_padding=\u00a0\u00bb|||\u00a0\u00bb global_colors_info=\u00a0\u00bb{}\u00a0\u00bb custom_padding__hover=\u00a0\u00bb|||\u00a0\u00bb][et_pb_text admin_label=\u00a0\u00bbText\u00a0\u00bb _builder_version=\u00a0\u00bb4.10.5&Prime; background_size=\u00a0\u00bbinitial\u00a0\u00bb background_position=\u00a0\u00bbtop_left\u00a0\u00bb background_repeat=\u00a0\u00bbrepeat\u00a0\u00bb hover_enabled=\u00a0\u00bb0&Prime; global_colors_info=\u00a0\u00bb{}\u00a0\u00bb sticky_enabled=\u00a0\u00bb0&Prime;]<\/p>\n<p><img decoding=\"async\" loading=\"lazy\" class=\"alignnone wp-image-3835\" src=\"https:\/\/impactinitiative.essec.edu\/wp-content\/uploads\/2022\/03\/janko-ferlic-sfL_QOnmy00-unsplash-1024x947.jpg\" alt=\"Visuel Veille N\u00b011 Labo E&amp;MISE\" width=\"600\" height=\"555\" \/><\/p>\n<h1><b>Les actualit\u00e9s, articles et outils \u00e0 saisir de l\u2019Observatoire de l\u2019Evaluation d\u2019Impact Social de l\u2019ESSEC<\/b><\/h1>\n<p><i><span style=\"font-weight: 400;\">F\u00e9vrier 2022<\/span><\/i><\/p>\n<p>&nbsp;<\/p>\n<h2><b>\u00c9v\u00e9nements et actualit\u00e9s du secteur<\/b><\/h2>\n<h3><i><span style=\"font-weight: 400;\">En France<\/span><\/i><\/h3>\n<ul>\n<li style=\"font-weight: 400;\" aria-level=\"1\"><span style=\"font-weight: 400;\">Impact Track et Paris Initiative Entreprise (PIE, premier financeur des structures de l\u2019ESS \u00e0 Paris) ont d\u00e9velopp\u00e9 en partenariat <\/span><a href=\"https:\/\/www.linkedin.com\/posts\/impacttrack_impact-track-et-pie-facilitent-lacc%C3%A8s-%C3%A0-activity-6897845933820694528-_Z7J\/\" target=\"_blank\" rel=\"nofollow\"><span style=\"font-weight: 400;\">un outil et une m\u00e9thodologie<\/span><\/a><span style=\"font-weight: 400;\"> d\u2019\u00e9valuation d\u2019impact social proche du terrain. L\u2019approche prend en compte les contraintes des entrepreneurs et a pour ambition de faciliter son appropriation par les porteurs de projet de l\u2019ESS.<\/span><\/li>\n<li style=\"font-weight: 400;\" aria-level=\"1\"><a href=\"https:\/\/www.avise.org\/evaluation-impact-social\/accompagnements-et-financements\/le-reseau-social-value-france\" target=\"_blank\" rel=\"nofollow\"><span style=\"font-weight: 400;\">Social Value France<\/span><\/a><span style=\"font-weight: 400;\">, premier r\u00e9seau fran\u00e7ais pour le d\u00e9bat et le partage autour de l\u2019actualit\u00e9 et des pratiques d&rsquo;\u00e9valuation de l&rsquo;impact social, a organis\u00e9 une session pl\u00e9ni\u00e8re le 3 mars en visioconf\u00e9rence \u00e0 l&rsquo;occasion laquelle\u00a0 Laura Douchet (Ellyx) et Christelle van Ham (Eexiste) sont revenues sur leur exp\u00e9rience des outils et m\u00e9thodes utilis\u00e9s par leurs cabinets respectif, pour entretenir dans la dur\u00e9e l\u2019\u00e9valuation et faciliter l\u2019appropriation de la d\u00e9marche.<\/span><\/li>\n<li style=\"font-weight: 400;\" aria-level=\"1\"><span style=\"font-weight: 400;\">Les Petits D\u00e9jeuners de la mesure d\u2019impact, anim\u00e9s par <\/span><a href=\"https:\/\/www.convergences.org\/\" target=\"_blank\" rel=\"nofollow\"><span style=\"font-weight: 400;\">Convergences<\/span><\/a><span style=\"font-weight: 400;\"> et Improve, se sont tenus ce 9 mars afin de r\u00e9fl\u00e9chir et \u00e9changer autour d\u2019une approche int\u00e9gr\u00e9e de la mesure d\u2019impact \u00e9conomique, sociale et environnementale.<\/span><\/li>\n<li style=\"font-weight: 400;\" aria-level=\"1\"><span style=\"font-weight: 400;\">Tek4life, catalyseur de la transition \u00e9cologique et bio\u00e9conomique qui accompagne les organisations dans le d\u00e9veloppement de leur activit\u00e9 et ce en ad\u00e9quation avec le vivant, organise une \u201cjourn\u00e9e festive grand public\u201d, \u201c<\/span><a href=\"https:\/\/tek4life.eu\/index.php\/festival-vivant\/la-fete-a-pigou\" target=\"_blank\" rel=\"nofollow\"><span style=\"font-weight: 400;\">la f\u00eate \u00e0 Pigou<\/span><\/a><span style=\"font-weight: 400;\">\u201d, le 1er juillet 2022 afin de replacer le vivant au coeur de nos syst\u00e8mes \u00e9conomiques.<\/span><\/li>\n<\/ul>\n<h3><i><span style=\"font-weight: 400;\">A l\u2019international\u00a0<\/span><\/i><\/h3>\n<ul>\n<li style=\"font-weight: 400;\" aria-level=\"1\"><span style=\"font-weight: 400;\">La Plateforme europ\u00e9enne sur la finance durable a rendu le 28 f\u00e9vrier, apr\u00e8s 18 mois de travail, un <\/span><a href=\"https:\/\/ec.europa.eu\/info\/sites\/default\/files\/business_economy_euro\/banking_and_finance\/documents\/280222-sustainable-finance-platform-finance-report-social-taxonomy.pdf\" target=\"_blank\" rel=\"nofollow\"><span style=\"font-weight: 400;\">rapport technique<\/span><\/a><span style=\"font-weight: 400;\"> sugg\u00e9rant une structure de taxonomie sociale \u00e0 la Commission Europ\u00e9enne. L\u2019enjeu est de cr\u00e9er un langage commun en Europe en mati\u00e8re d\u2019impact social.<\/span><\/li>\n<li style=\"font-weight: 400;\" aria-level=\"1\"><span style=\"font-weight: 400;\">Dans le cadre de la pr\u00e9sidence fran\u00e7aise du Conseil de l&rsquo;Union europ\u00e9enne, l\u2019Impact Tank organise une webconf\u00e9rence autour du sujet <\/span><a href=\"https:\/\/www.eventbrite.fr\/e\/webconference-encouraging-social-innovation-in-europe-registration-257870346147\" target=\"_blank\" rel=\"nofollow\"><span style=\"font-weight: 400;\">\u201cEncourager l&rsquo;innovation sociale en Europe, de la recherche \u00e0 l&rsquo;action\u201d<\/span><\/a><span style=\"font-weight: 400;\">. Celle-ci s\u2019est tenue le 11 mars de 9h30 \u00e0 12h et a rassembl\u00e9 des universitaires, des entrepreneurs sociaux et des repr\u00e9sentants institutionnels de toute l&rsquo;Europe autour de deux tables rondes qui ont trait\u00e9 des perspectives de recherche sur le d\u00e9veloppement de l&rsquo;innovation sociale en Europe.<\/span><\/li>\n<li style=\"font-weight: 400;\" aria-level=\"1\"><span style=\"font-weight: 400;\">Le Miller Center de l\u2019universit\u00e9 de Santa Clara (Etats-Unis) lance la t<\/span><a href=\"https:\/\/www.millersocent.org\/meet-our-third-impact-measurement-and-management-cohort\/\" target=\"_blank\" rel=\"nofollow\"><span style=\"font-weight: 400;\">roisi\u00e8me promotion de son programme d\u2019accompagnement d\u2019entreprises \u00e0 la mesure d\u2019impact social,<\/span><\/a><span style=\"font-weight: 400;\"> en partenariat avec le cabinet SoPact. Cette \u00e9dition int\u00e9grera \u00e9galement des \u00e9tudiants de l\u2019universit\u00e9 qui r\u00e9alisent des stages aupr\u00e8s des structures accompagn\u00e9es.\u00a0<\/span><\/li>\n<li style=\"font-weight: 400;\" aria-level=\"1\"><span style=\"font-weight: 400;\">Un an apr\u00e8s le premier \u201cEvidence Dialogue,\u201d des responsables op\u00e9rationnels et de l\u2019\u00e9valuation du FCDO, du MCC, du Norad, de l&rsquo;USAID et de la Banque mondiale se r\u00e9uniront \u00e0 nouveau pour r\u00e9fl\u00e9chir et rendre compte des mesures qu&rsquo;ils ont prises pour am\u00e9liorer la culture de la preuve et de l&rsquo;apprentissage, au sein de leurs organisations au cours d\u2019un <\/span><a href=\"https:\/\/us06web.zoom.us\/webinar\/register\/4016450839209\/WN_3KQ0yC4pRZiKlzBWQB8kIA?timezone_id=Europe%2FParis\" target=\"_blank\" rel=\"nofollow\"><span style=\"font-weight: 400;\">webinaire <\/span><\/a><span style=\"font-weight: 400;\">qui aura lieu le 24 mars \u00e0 14h.<\/span><\/li>\n<li style=\"font-weight: 400;\" aria-level=\"1\"><span style=\"font-weight: 400;\">Social Value UK propose sa <\/span><a href=\"https:\/\/socialvalueuk.org\/online-accredited-social-value-and-sroi-practitioner-training\/#structure\" target=\"_blank\" rel=\"nofollow\"><span style=\"font-weight: 400;\">formation \u201cValue &amp; SROI practitioner\u00a0\u00bb en ligne,<\/span><\/a><span style=\"font-weight: 400;\"> avec un format de cinq rencontres sur deux semaines. Les prochaines sessions d\u00e9marreront les 16 mars, 20 avril, 18 mai et 22 juin prochain.\u00a0<\/span><\/li>\n<li><span style=\"font-weight: 400;\">Le GIEC publie son sixi\u00e8me <\/span><a href=\"https:\/\/www.ipcc.ch\/report\/ar6\/wg2\/\" target=\"_blank\" rel=\"nofollow\"><span style=\"font-weight: 400;\">rapport d\u2019\u00e9valuation sur les effets du changement climatique<\/span><\/a><span style=\"font-weight: 400;\">, en examinant les \u00e9cosyst\u00e8mes, la biodiversit\u00e9 et les communaut\u00e9s humaines aux niveaux mondiaux et r\u00e9gionaux. Ce rapport examine plus particuli\u00e8rement les capacit\u00e9s et les limites du monde naturel et des soci\u00e9t\u00e9s humaines \u00e0 s&rsquo;adapter au changement climatique.<\/span><\/li>\n<\/ul>\n<p>&nbsp;<\/p>\n<h2><b>Rapports d\u2019impact<\/b><\/h2>\n<h3><i><span style=\"font-weight: 400;\">En France<\/span><\/i><\/h3>\n<ul>\n<li style=\"font-weight: 400;\" aria-level=\"1\"><span style=\"font-weight: 400;\">Benenova vient de partager les r\u00e9sultats de sa 4eme <\/span><a href=\"https:\/\/benenova.files.wordpress.com\/2022\/02\/benenova_mesure-dimpact-infographie_vf.pdf\" target=\"_blank\" rel=\"nofollow\"><span style=\"font-weight: 400;\">\u00e9valuation d\u2019impact<\/span><\/a><span style=\"font-weight: 400;\">, r\u00e9alis\u00e9e par Kimso sur le 2e trimestre 2021. Cette association favorise l\u2019engagement b\u00e9n\u00e9vole pour une soci\u00e9t\u00e9 plus inclusive et solidaire en accompagnant et facilitant les mises en relation associations\/b\u00e9n\u00e9voles. Voici quelques r\u00e9sultats, parmi\u00a0 les plus significatifs : 94% des b\u00e9n\u00e9voles interrog\u00e9s affirment que le b\u00e9n\u00e9volat est une source de bien-\u00eatre et 75% se sentent mieux inform\u00e9s sur certaines causes sociales et environnementales. Du c\u00f4t\u00e9 des associations, cela permet d\u2019all\u00e9ger leur charge de travail quotidienne (82%) et d\u00e9velopper leurs activit\u00e9s (61%).<\/span><\/li>\n<li style=\"font-weight: 400;\" aria-level=\"1\"><span style=\"font-weight: 400;\">Os\u00e9os confirme que la r\u00e9alit\u00e9 virtuelle permet de s\u2019\u00e9vader et d\u2019am\u00e9liorer le bien \u00eatre des personnes en perte d\u2019autonomie et de leurs aidants, gr\u00e2ce \u00e0 l\u2019<\/span><a href=\"https:\/\/page.impacttrack.org\/oseos-la-realite-virtuelle-pour-tous\" target=\"_blank\" rel=\"nofollow\"><span style=\"font-weight: 400;\">\u00e9valuation de son impact<\/span><\/a><span style=\"font-weight: 400;\"> r\u00e9alis\u00e9e en collaboration avec Impact Track. 74% des professionnels encadrants ont ainsi d\u00e9clar\u00e9 que les b\u00e9n\u00e9ficiaires en perte d\u2019autonomie avaient v\u00e9cu un moment d\u2019\u00e9vasion gr\u00e2ce \u00e0 l\u2019exp\u00e9rience de la r\u00e9alit\u00e9 virtuelle. L\u2019\u00e9valuation r\u00e9v\u00e8le \u00e9galement pour les professionnels encadrants interrog\u00e9s, une r\u00e9duction des pr\u00e9jug\u00e9s li\u00e9s au handicap, \u00e0 l\u2019\u00e2ge ou \u00e0 l\u2019environnement social : suite aux r\u00e9actions des b\u00e9n\u00e9ficiaires lors des animations, 71% d\u2019entre eux att\u00e9nuent leurs id\u00e9es re\u00e7ues.<\/span><\/li>\n<li style=\"font-weight: 400;\" aria-level=\"1\"><span style=\"font-weight: 400;\">Refugee Food publie les r\u00e9sultats de l\u2019<\/span><a href=\"https:\/\/page.impacttrack.org\/sensibilisation-dans-les-colleges\" target=\"_blank\" rel=\"nofollow\"><span style=\"font-weight: 400;\">\u00e9valuation d\u2019impact<\/span><\/a><span style=\"font-weight: 400;\"> de ses journ\u00e9es de sensibilisation \u00e0 la transition alimentaire et \u00e0 la lutte contre les pr\u00e9jug\u00e9s envers les personnes r\u00e9fugi\u00e9es aupr\u00e8s des coll\u00e9giens de Marseille. Suite aux interventions, 61% des 285 coll\u00e9giens sensibilis\u00e9s se sentent plus motiv\u00e9s pour agir en faveur de l\u2019int\u00e9gration des personnes r\u00e9fugi\u00e9es, 58% d\u00e9clarent avoir chang\u00e9 de regard sur les migrations et les personnes r\u00e9fugi\u00e9es et 45% ont amorc\u00e9 des \u00e9changes avec leur entourage sur les sujets de migrations et\/ou d&rsquo;alimentation durable suite \u00e0 l\u2019intervention<\/span><\/li>\n<\/ul>\n<h3><i><span style=\"font-weight: 400;\">A l\u2019international<\/span><\/i><\/h3>\n<ul>\n<li style=\"font-weight: 400;\" aria-level=\"1\"><span style=\"font-weight: 400;\">Une <\/span><a href=\"https:\/\/www.povertyactionlab.org\/sites\/default\/files\/publication\/Briefcase_empowering-women-through-targeted-cash-transfers_north-macedonia_10152021.pdf\" target=\"_blank\" rel=\"nofollow\"><span style=\"font-weight: 400;\">\u00e9tude<\/span><\/a><span style=\"font-weight: 400;\"> d&rsquo;Ingvild Alm\u00e5s, Alex Armand, Orazio Attanasio, Pedro Carneiro et Val\u00e9rie Lechene examine l\u2019impact du fait de verser une aide de transfert conditionnel en esp\u00e8ces (TCE) au p\u00e8re ou \u00e0 la m\u00e8re d&rsquo;un m\u00e9nage. La Mac\u00e9doine a mis en place un vaste programme de transferts mon\u00e9taires conditionnels pour l&rsquo;\u00e9ducation, qui a \u00e9t\u00e9 randomis\u00e9 par r\u00e9gion pour aller \u00e0 l&rsquo;un ou l&rsquo;autre des parents. Ils ont constat\u00e9 que lorsque les transferts allaient aux m\u00e8res, davantage d&rsquo;argent \u00e9tait d\u00e9pens\u00e9 en nourriture. Ils ont \u00e9galement men\u00e9 une exp\u00e9rience pour voir \u00e0 quel point les femmes appr\u00e9ciaient d&rsquo;\u00eatre les b\u00e9n\u00e9ficiaires en testant la part d&rsquo;un nouveau transfert qu&rsquo;elles \u00e9taient pr\u00eates \u00e0 abandonner pour le recevoir elles-m\u00eames, plut\u00f4t que de le laisser \u00e0 leur mari. En moyenne, les femmes \u00e9taient pr\u00eates \u00e0 renoncer \u00e0 19 % du transfert pour le recevoir elles-m\u00eames. Cependant, parmi les femmes qui \u00e9taient d\u00e9j\u00e0 b\u00e9n\u00e9ficiaires du TCE du gouvernement, ce chiffre \u00e9tait plus \u00e9lev\u00e9 (22 %), ce qui, selon les chercheurs, t\u00e9moigne des effets d&rsquo;autonomisation du transfert sur les femmes.<\/span><\/li>\n<li style=\"font-weight: 400;\" aria-level=\"1\"><span style=\"font-weight: 400;\">Les chercheurs M. Caridad Araujo et Karen Macours ont r\u00e9alis\u00e9 une <\/span><a href=\"https:\/\/www.povertyactionlab.org\/sites\/default\/files\/research-paper\/Education_Income_Mobility_2021.pdf\" target=\"_blank\" rel=\"nofollow\"><span style=\"font-weight: 400;\">\u00e9tude portant sur l\u2019impact de transferts conditionnels\u00a0 en esp\u00e8ce sur les enfants des familles ayant b\u00e9n\u00e9fici\u00e9 du programme Progresa au Mexique<\/span><\/a><span style=\"font-weight: 400;\">, vingt ans apr\u00e8s. Pr\u00e8s de 7 000 personnes qui \u00e9taient enfants (soit dans l&rsquo;ut\u00e9rus ou dans les 1 000 premiers jours de leur vie, soit en transition vers l&rsquo;\u00e9cole secondaire) lorsque leurs familles ont <\/span><span style=\"font-weight: 400;\">commenc\u00e9 \u00e0 recevoir de l&rsquo;argent ont \u00e9t\u00e9 suivies. Les r\u00e9sultats sur le premier groupe montrent des impacts positifs sur le niveau d&rsquo;\u00e9ducation et les revenus attendus, r\u00e9sultats qui se sont maintenus \u00e0 long terme pour le deuxi\u00e8me groupe et se sont manifest\u00e9s par des revenus plus importants, une plus grande mobilit\u00e9 g\u00e9ographique, et une formation plus tardive de la famille.\u00a0<\/span><\/li>\n<li style=\"font-weight: 400;\" aria-level=\"1\"><span style=\"font-weight: 400;\">L\u2019association turque Adim Adim (\u00ab\u00a0pas-\u00e0-pas\u00a0\u00bb), qui porte une initiative sociale permettant \u00e0 des associations de collecter des fonds en promouvant le sponsoring pour les sports tels que la course \u00e0 pied, le cyclisme et la natation, publie son <\/span><a href=\"https:\/\/socialvalueuk.org\/wp-content\/uploads\/2022\/02\/Adim-Adim_SROI-Analysis.pdf\" target=\"_blank\" rel=\"nofollow\"><span style=\"font-weight: 400;\">rapport SROI<\/span><\/a><span style=\"font-weight: 400;\">. Le taux de SROI obtenu est de 1 pour 5,56 et les principaux impacts identifi\u00e9s portent sur la sensibilisation des parties prenantes \u00e0 cette initiative et le fait de faire du sport.<\/span><\/li>\n<li style=\"font-weight: 400;\" aria-level=\"1\"><span style=\"font-weight: 400;\">Le National Bureau of Economic Research publie une<\/span><a href=\"https:\/\/www.nber.org\/papers\/w29690\" target=\"_blank\" rel=\"nofollow\"><span style=\"font-weight: 400;\"> \u00e9tude randomis\u00e9e portant sur les sessions d\u2019information pour le choix de l\u2019\u00e9cole secondaire de la ville de New York<\/span><\/a><span style=\"font-weight: 400;\">. L\u2019\u00e9tude montre que ces interventions ont permis de r\u00e9duire la probabilit\u00e9 d&rsquo;inscription dans des \u00e9coles dont le taux d&rsquo;obtention de dipl\u00f4me est inf\u00e9rieur \u00e0 la m\u00e9diane de la ville (75 %). Le partage d&rsquo;une liste simplifi\u00e9e d&rsquo;\u00e9coles ayant un taux de diplomation relativement \u00e9lev\u00e9 a eu l&rsquo;impact le plus important, amenant les \u00e9l\u00e8ves \u00e0 s&rsquo;inscrire dans des \u00e9coles secondaires ayant un taux de diplomation sup\u00e9rieur de 1,5 point de pourcentage. En revanche, la diffusion des m\u00eames informations en ligne n&rsquo;a pas modifi\u00e9 le choix des \u00e9l\u00e8ves ni leur inscription, \u00e0 cause d\u2019une faible utilisation.<\/span><\/li>\n<\/ul>\n<p>&nbsp;<\/p>\n<h2><b>Publications<\/b><\/h2>\n<h3><i><span style=\"font-weight: 400;\">En France<\/span><\/i><span style=\"font-weight: 400;\">\u00a0<\/span><\/h3>\n<ul>\n<li style=\"font-weight: 400;\" aria-level=\"1\"><span style=\"font-weight: 400;\">L\u2019Unapei, dans un <\/span><a href=\"https:\/\/www.avise.org\/actualites\/la-demarche-devaluation-dimpact-social-du-mouvement-unapei\" target=\"_blank\" rel=\"nofollow\"><span style=\"font-weight: 400;\">entretien<\/span><\/a><span style=\"font-weight: 400;\"> r\u00e9alis\u00e9 aupr\u00e8s de Marie-Line de Bortoli, responsable de projet, pr\u00e9sente sa d\u00e9marche d\u2019\u00e9valuation d\u2019impact social, mise en place dans le cadre de l\u2019appel \u00e0 projets FSE 2018 \u00ab Concevoir, exp\u00e9rimenter et diffuser des outils et des d\u00e9marches d\u2019\u00e9valuation d\u2019impact social \u00bb de l\u2019Avise. L\u2019Unapei a men\u00e9 une exp\u00e9rimentation avec 3 r\u00e9gions permettant d\u2019aboutir \u00e0 la construction d\u2019un guide m\u00e9thodologique et d&rsquo;une offre de formation d\u00e9di\u00e9e au secteur du m\u00e9dico-social.<\/span><\/li>\n<li style=\"font-weight: 400;\" aria-level=\"1\"><span style=\"font-weight: 400;\">La Croix Rouge Fran\u00e7aise, au travers du <\/span><a href=\"https:\/\/www.avise.org\/actualites\/developper-une-methodologie-de-mesure-dimpact-a-lechelle-de-la-croix-rouge-francaise\" target=\"_blank\" rel=\"nofollow\"><span style=\"font-weight: 400;\">t\u00e9moignage<\/span><\/a><span style=\"font-weight: 400;\"> de Marie-Agn\u00e8s Tur, charg\u00e9e de mission impact social, partage son exp\u00e9rience en mati\u00e8re d\u2019\u00e9valuation d\u2019impact social. Cette d\u00e9marche avait \u00e9t\u00e9 lanc\u00e9e dans le cadre de l\u2019appel \u00e0 projets FSE 2018 de l\u2019Avise. Elle avait fait le choix d\u2019internaliser sa mesure via la mise en place d\u2019une cellule \u201cMIS\u201d afin de piloter et de formaliser une m\u00e9thodologie d\u2019impact social \u00e0 l\u2019\u00e9chelle de l\u2019organisation.<\/span><\/li>\n<li style=\"font-weight: 400;\" aria-level=\"1\"><span style=\"font-weight: 400;\">Energie Partag\u00e9e (laur\u00e9at de l\u2019appel \u00e0 projets FSE 2020 de l\u2019AVISE) \u00e9value l\u2019impact des projets d\u2019\u00e9nergie renouvelable citoyens. Marion Richard, responsable de l\u2019animation nationale, revient dans <\/span><a href=\"https:\/\/www.avise.org\/actualites\/energie-partagee-evalue-limpact-social-des-projets-denergie-renouvelable-citoyens-en\" target=\"_blank\" rel=\"nofollow\"><span style=\"font-weight: 400;\">une interview<\/span><\/a><span style=\"font-weight: 400;\">, sur les premi\u00e8res r\u00e9alisations et les prochaines \u00e9tapes de cette d\u00e9marche financ\u00e9e par le FSE\u00a0<\/span><\/li>\n<li style=\"font-weight: 400;\" aria-level=\"1\"><span style=\"font-weight: 400;\">Carenews publie son hors s\u00e9rie \u201c<\/span><a href=\"https:\/\/www.carenews.com\/sites\/default\/files\/2022-02\/CARENEWS-Mag-Hors-Serie-Lacroix-2021_BD_compressed.pdf\" target=\"_blank\" rel=\"nofollow\"><span style=\"font-weight: 400;\">R\u00e9trospective 2021 : Une ann\u00e9e d\u2019engagements<\/span><\/a><span style=\"font-weight: 400;\">\u201d qui fait le bilan 2021, mois par mois, des grands \u00e9v\u00e8nements, initiatives, tendances et innovations autour de l\u2019engagement. Chiffres cl\u00e9s et t\u00e9moignages \u00e0 l\u2019appui.<\/span><\/li>\n<li style=\"font-weight: 400;\" aria-level=\"1\"><span style=\"font-weight: 400;\">Le Laboratoire commun DESTINS publie un manifeste sur \u201c<\/span><a href=\"https:\/\/destins.labo.univ-poitiers.fr\/wp-content\/uploads\/2021\/12\/axe4-manifeste.pdf\" target=\"_blank\" rel=\"nofollow\"><span style=\"font-weight: 400;\">Les modalit\u00e9s et int\u00e9r\u00eats \u00e0 mesurer l\u2019innovation sociale de rupture<\/span><\/a><span style=\"font-weight: 400;\">\u201d. L\u2019innovation sociale de rupture est une combinaison dynamique d\u2019innovations de services, de produits, de politiques publiques, de mod\u00e8les \u00e9conomiques et organisationnels qui rompent avec l\u2019existant. Elle cherche \u00e0 cr\u00e9er un changement radical et durable des cadres culturels, institutionnels, cognitifs et des pratiques sociales. Ce manifeste revient sur les diff\u00e9rentes approches existantes de mesure de la performance sociale (m\u00e9thodes centr\u00e9es sur la valeur produite par des organisations seules et m\u00e9thodes relevant de d\u00e9marches collectives) et dessine les contours de la d\u00e9marche n\u00e9cessaire \u00e0 une appr\u00e9ciation de l\u2019innovation sociale de rupture : une mesure sur le long terme, une mesure de la valeur cr\u00e9\u00e9e par le collectif et une qualification de la rupture apport\u00e9e par l\u2019innovation.<\/span><\/li>\n<li style=\"font-weight: 400;\" aria-level=\"1\"><span style=\"font-weight: 400;\">L\u2019association Fair (Financer Accompagner Impacter Rassembler), collectif des acteurs de la finance \u00e0 impact social, a d\u00e9voil\u00e9 un <\/span><a href=\"https:\/\/www.finance-fair.org\/livre-blanc-2022-finance-impact-social\/\" target=\"_blank\" rel=\"nofollow\"><span style=\"font-weight: 400;\">livre blanc<\/span><\/a><span style=\"font-weight: 400;\"> recensant 10 propositions \u00e0 destination des candidats aux \u00e9lections 2022 (pr\u00e9sidentielles et l\u00e9gislatives), pour amorcer la transition sociale et environnementale.<\/span><\/li>\n<\/ul>\n<h3><i><span style=\"font-weight: 400;\">A l\u2019international\u00a0<\/span><\/i><\/h3>\n<ul>\n<li style=\"font-weight: 400;\" aria-level=\"1\"><span style=\"font-weight: 400;\">Julien Kleszczowski et Nathalie Raulet-Croset publient dans les annales de l&rsquo;\u00e9conomie publique sociale et coop\u00e9rative un <\/span><a href=\"https:\/\/onlinelibrary.wiley.com\/doi\/abs\/10.1111\/apce.12368\" target=\"_blank\" rel=\"nofollow\"><span style=\"font-weight: 400;\">article<\/span><\/a><span style=\"font-weight: 400;\"> (acc\u00e8s au texte complet restreint) en anglais portant sur le processus d&rsquo;appropriation de la d\u00e9marche d\u2019\u00e9valuation d\u2019impact social au sein des Apprentis d\u2019Auteuil. Le r\u00f4le des acteurs internes y est soulign\u00e9, ainsi que les diff\u00e9rentes phases d\u2019appropriation travers\u00e9es.\u00a0\u00a0<\/span><\/li>\n<li style=\"font-weight: 400;\" aria-level=\"1\"><span style=\"font-weight: 400;\">Caroline Fiennes, experte britannique en philanthropie, pubie dans le magazine Philanthropy Impact un <\/span><a href=\"https:\/\/philanthropy-impact.org\/sites\/default\/files\/pdf\/philanthropy-impact-magazine-issue-26-pt2_final.pdf?dm_i=755M,3IA7,ZBAHE,DUBS,1%E2%80%A6\" target=\"_blank\" rel=\"nofollow\"><span style=\"font-weight: 400;\">article <\/span><\/a><span style=\"font-weight: 400;\">dans lequel elle affirme que la plupart des organismes de charit\u00e9 ne devraient pas mesurer leur impact car leur taille est trop petite pour le faire et elles sont biais\u00e9es. L\u2019auteur encourage plut\u00f4t ces organisations \u00e0 \u00e9valuer d&rsquo;autres aspects de leur intervention, tels que les besoins de leurs b\u00e9n\u00e9ficiaires.<\/span><\/li>\n<li style=\"font-weight: 400;\" aria-level=\"1\"><span style=\"font-weight: 400;\">La Stanford Social Innovation Review (SSIR) publie un <\/span><a href=\"https:\/\/ssir.org\/books\/excerpts\/entry\/you_cant_manage_what_you_cant_measure\" target=\"_blank\" rel=\"nofollow\"><span style=\"font-weight: 400;\">extrait <\/span><\/a><span style=\"font-weight: 400;\">d\u2019un chapitre du livre \u201cFrontiers in Social Innovation,\u201d r\u00e9dig\u00e9 par les professeurs de droit de Stanford Paul Brest et Colleen Honigsberg, \u00ab\u00a0Measuring Corporate Virtue and Vice : Making ESG Metrics Trustworthy\u00a0\u00bb. Les auteurs y proposent des pistes pour aboutir \u00e0 un cadre complet de reporting ESG incluant notamment des infrastructures de reporting plus abouties.<\/span><\/li>\n<li style=\"font-weight: 400;\" aria-level=\"1\"><span style=\"font-weight: 400;\">La SSIR publie \u00e9galement un article intitul\u00e9 <\/span><a href=\"https:\/\/ssir.org\/articles\/entry\/fixing_the_s_in_esg?utm_source=Enews&amp;utm_medium=Email&amp;utm_campaign=SSIR_Now\" target=\"_blank\" rel=\"nofollow\"><span style=\"font-weight: 400;\">\u201cFixing the S in ESG\u201d <\/span><\/a><span style=\"font-weight: 400;\">(R\u00e9parer le S de l\u2019ESG) soulignant l\u2019importance de ne pas n\u00e9gliger l\u2019impact social par rapport \u00e0 l\u2019impact environnemental notamment. L\u2019article propose des pistes pour moderniser la fa\u00e7on dont sont mesur\u00e9s les impacts \u201cS\u201d : la normalisation de certains indicateurs, la quantification, et le reporting.<\/span><\/li>\n<li style=\"font-weight: 400;\" aria-level=\"1\"><span style=\"font-weight: 400;\">3ie publie sur son blog une <\/span><a href=\"https:\/\/3ieimpact.org\/blogs\/ethics-social-science-research-getting-questions-right-even-if-there-are-no-easy-answers\" target=\"_blank\" rel=\"nofollow\"><span style=\"font-weight: 400;\">s\u00e9rie de trois articles<\/span><\/a><span style=\"font-weight: 400;\"> portant sur l\u2019\u00e9thique dans la recherche en science sociale et l\u2019\u00e9valuation d\u2019impact. R\u00e9dig\u00e9s par le Dr Douglas MacKay, professeur associ\u00e9 de politique publique \u00e0 l&rsquo;Universit\u00e9 de Caroline du Nord, ces articles traitent des sujets de la privation de traitement d\u2019un groupe t\u00e9moin et des paiements aux participants \u00e0 des \u00e9tudes.\u00a0<\/span><\/li>\n<li style=\"font-weight: 400;\" aria-level=\"1\"><span style=\"font-weight: 400;\">CERISE partage une <\/span><a href=\"https:\/\/www.e-mfp.eu\/sites\/default\/files\/resources\/2022\/03\/Outcomes%20Management%20for%20FSPs_%20A%20proposed%20standard%20framework%20aligned%20with%20the%20SDGs.pdf\" target=\"_blank\" rel=\"nofollow\"><span style=\"font-weight: 400;\">nouvelle proposition de cadre d\u2019indicateurs \u00e0 destination des fournisseurs de services financiers bas\u00e9s sur les ODD<\/span><\/a><span style=\"font-weight: 400;\">, fruit d\u2019un groupe de travail en collaboration avec le SPTF et le e-MFP. Cette publication revient sur l\u2019historique du projet, dresse l\u2019\u00e9tat des d\u00e9fis en la mati\u00e8re et notamment celui de l\u2019alignement entre les fournisseurs de services financiers et leurs investisseurs, et propose des indicateurs de r\u00e9f\u00e9rence.<\/span><\/li>\n<\/ul>\n<p>&nbsp;<\/p>\n<h2><b>Newsletters<\/b><\/h2>\n<ul>\n<li style=\"font-weight: 400;\" aria-level=\"1\"><a href=\"https:\/\/www.avise.org\/newsletters\" target=\"_blank\" rel=\"nofollow\"><span style=\"font-weight: 400;\">La newsletter de l\u2019Avise sur l\u2019\u00e9valuation d\u2019impact social en France<\/span><\/a><\/li>\n<li style=\"font-weight: 400;\" aria-level=\"1\"><a href=\"https:\/\/ssir.org\/email\" target=\"_blank\" rel=\"nofollow\"><span style=\"font-weight: 400;\">La newsletter de Stanford Social Innovation Review (SSIR)<\/span><\/a><\/li>\n<\/ul>\n<p>&nbsp;<\/p>\n<p><span style=\"font-weight: 400;\">Retrouvez tous les mois notre veille internationale sur l\u2019\u00e9valuation d&rsquo;impact social sur la page <\/span><a href=\"https:\/\/www.linkedin.com\/company\/42301082\/\" target=\"_blank\" rel=\"nofollow\"><span style=\"font-weight: 400;\">LinkedIn du Labo<\/span><\/a><span style=\"font-weight: 400;\">. Des questions ? Des propositions de contributions ou des solutions pour l\u2019\u00e9valuation d\u2019impact social ? Contactez-nous via<\/span><a href=\"http:\/\/mailto:louis.raynauddelage@essec.edu\" target=\"_blank\" rel=\"nofollow\"> <span style=\"font-weight: 400;\">louis.raynauddelage@essec.edu<\/span><\/a><span style=\"font-weight: 400;\"> ou <\/span><a href=\"http:\/\/mailto:leclerc@essec.edu\" target=\"_blank\" rel=\"nofollow\"><span style=\"font-weight: 400;\">leclerc@essec.edu<\/span><\/a><span style=\"font-weight: 400;\">\u00a0<\/span><\/p>\n<p>&nbsp;<\/p>\n<p>[\/et_pb_text][\/et_pb_column][\/et_pb_row][\/et_pb_section]<\/p>\n","protected":false},"excerpt":{"rendered":"<p>Les actualit\u00e9s, articles et outils \u00e0 saisir de l\u2019Observatoire de l\u2019Evaluation d\u2019Impact Social de l\u2019ESSEC F\u00e9vrier 2022 &nbsp; \u00c9v\u00e9nements et actualit\u00e9s du secteur En France Impact Track et Paris Initiative Entreprise (PIE, premier financeur des structures de l\u2019ESS \u00e0 Paris) ont d\u00e9velopp\u00e9 en partenariat un outil et une m\u00e9thodologie d\u2019\u00e9valuation d\u2019impact social proche du terrain. [&hellip;]<\/p>\n","protected":false},"author":2,"featured_media":0,"comment_status":"closed","ping_status":"open","sticky":false,"template":"","format":"standard","meta":{"_et_pb_use_builder":"on","_et_pb_old_content":"<img class=\"alignnone wp-image-3835\" src=\"https:\/\/impactinitiative.essec.edu\/wp-content\/uploads\/2022\/03\/janko-ferlic-sfL_QOnmy00-unsplash-1024x947.jpg\" alt=\"Visuel Veille N\u00b011 Labo E&MISE\" width=\"600\" height=\"555\" \/>\r\n<h1><b>Les actualit\u00e9s, articles et outils \u00e0 saisir de l\u2019Observatoire de l\u2019Evaluation d\u2019Impact Social de l\u2019ESSEC<\/b><\/h1>\r\n<i><span style=\"font-weight: 400;\">F\u00e9vrier 2022<\/span><\/i>\r\n\r\n\u00a0\r\n<h2><b>\u00c9v\u00e9nements et actualit\u00e9s du secteur<\/b><\/h2>\r\n<h3><i><span style=\"font-weight: 400;\">En France<\/span><\/i><\/h3>\r\n<ul>\r\n \t<li style=\"font-weight: 400;\" aria-level=\"1\"><span style=\"font-weight: 400;\">Impact Track et Paris Initiative Entreprise (PIE, premier financeur des structures de l\u2019ESS \u00e0 Paris) ont d\u00e9velopp\u00e9 en partenariat <\/span><a href=\"https:\/\/www.linkedin.com\/posts\/impacttrack_impact-track-et-pie-facilitent-lacc%C3%A8s-%C3%A0-activity-6897845933820694528-_Z7J\/\"><span style=\"font-weight: 400;\">un outil et une m\u00e9thodologie<\/span><\/a><span style=\"font-weight: 400;\"> d\u2019\u00e9valuation d\u2019impact social proche du terrain. L\u2019approche prend en compte les contraintes des entrepreneurs et a pour ambition de faciliter son appropriation par les porteurs de projet de l\u2019ESS.<\/span><\/li>\r\n \t<li style=\"font-weight: 400;\" aria-level=\"1\"><a href=\"https:\/\/www.avise.org\/evaluation-impact-social\/accompagnements-et-financements\/le-reseau-social-value-france\"><span style=\"font-weight: 400;\">Social Value France<\/span><\/a><span style=\"font-weight: 400;\">, premier r\u00e9seau fran\u00e7ais pour le d\u00e9bat et le partage autour de l\u2019actualit\u00e9 et des pratiques d'\u00e9valuation de l'impact social, a organis\u00e9 une session pl\u00e9ni\u00e8re le 3 mars en visioconf\u00e9rence \u00e0 l'occasion laquelle\u00a0 Laura Douchet (Ellyx) et Christelle van Ham (Eexiste) sont revenues sur leur exp\u00e9rience des outils et m\u00e9thodes utilis\u00e9s par leurs cabinets respectif, pour entretenir dans la dur\u00e9e l\u2019\u00e9valuation et faciliter l\u2019appropriation de la d\u00e9marche.<\/span><\/li>\r\n \t<li style=\"font-weight: 400;\" aria-level=\"1\"><span style=\"font-weight: 400;\">Les Petits D\u00e9jeuners de la mesure d\u2019impact, anim\u00e9s par <\/span><a href=\"https:\/\/www.convergences.org\/\"><span style=\"font-weight: 400;\">Convergences<\/span><\/a><span style=\"font-weight: 400;\"> et Improve, se sont tenus ce 9 mars afin de r\u00e9fl\u00e9chir et \u00e9changer autour d\u2019une approche int\u00e9gr\u00e9e de la mesure d\u2019impact \u00e9conomique, sociale et environnementale.<\/span><\/li>\r\n \t<li style=\"font-weight: 400;\" aria-level=\"1\"><span style=\"font-weight: 400;\">Tek4life, catalyseur de la transition \u00e9cologique et bio\u00e9conomique qui accompagne les organisations dans le d\u00e9veloppement de leur activit\u00e9 et ce en ad\u00e9quation avec le vivant, organise une \u201cjourn\u00e9e festive grand public\u201d, \u201c<\/span><a href=\"https:\/\/tek4life.eu\/index.php\/festival-vivant\/la-fete-a-pigou\"><span style=\"font-weight: 400;\">la f\u00eate \u00e0 Pigou<\/span><\/a><span style=\"font-weight: 400;\">\u201d, le 1er juillet 2022 afin de replacer le vivant au coeur de nos syst\u00e8mes \u00e9conomiques.<\/span><\/li>\r\n<\/ul>\r\n<h3><i><span style=\"font-weight: 400;\">A l\u2019international\u00a0<\/span><\/i><\/h3>\r\n<ul>\r\n \t<li style=\"font-weight: 400;\" aria-level=\"1\"><span style=\"font-weight: 400;\">La Plateforme europ\u00e9enne sur la finance durable a rendu le 28 f\u00e9vrier, apr\u00e8s 18 mois de travail, un <\/span><a href=\"https:\/\/ec.europa.eu\/info\/sites\/default\/files\/business_economy_euro\/banking_and_finance\/documents\/280222-sustainable-finance-platform-finance-report-social-taxonomy.pdf\"><span style=\"font-weight: 400;\">rapport technique<\/span><\/a><span style=\"font-weight: 400;\"> sugg\u00e9rant une structure de taxonomie sociale \u00e0 la Commission Europ\u00e9enne. L\u2019enjeu est de cr\u00e9er un langage commun en Europe en mati\u00e8re d\u2019impact social.<\/span><\/li>\r\n<\/ul>\r\n<ul>\r\n \t<li style=\"font-weight: 400;\" aria-level=\"1\"><span style=\"font-weight: 400;\">Dans le cadre de la pr\u00e9sidence fran\u00e7aise du Conseil de l'Union europ\u00e9enne, l\u2019Impact Tank organise une webconf\u00e9rence autour du sujet <\/span><a href=\"https:\/\/www.eventbrite.fr\/e\/webconference-encouraging-social-innovation-in-europe-registration-257870346147\"><span style=\"font-weight: 400;\">\u201cEncourager l'innovation sociale en Europe, de la recherche \u00e0 l'action\u201d<\/span><\/a><span style=\"font-weight: 400;\">. Celle-ci s\u2019est tenue le 11 mars de 9h30 \u00e0 12h et a rassembl\u00e9 des universitaires, des entrepreneurs sociaux et des repr\u00e9sentants institutionnels de toute l'Europe autour de deux tables rondes qui ont trait\u00e9 des perspectives de recherche sur le d\u00e9veloppement de l'innovation sociale en Europe.<\/span><\/li>\r\n \t<li style=\"font-weight: 400;\" aria-level=\"1\"><span style=\"font-weight: 400;\">Le Miller Center de l\u2019universit\u00e9 de Santa Clara (Etats-Unis) lance la t<\/span><a href=\"https:\/\/www.millersocent.org\/meet-our-third-impact-measurement-and-management-cohort\/\"><span style=\"font-weight: 400;\">roisi\u00e8me promotion de son programme d\u2019accompagnement d\u2019entreprises \u00e0 la mesure d\u2019impact social,<\/span><\/a><span style=\"font-weight: 400;\"> en partenariat avec le cabinet SoPact. Cette \u00e9dition int\u00e9grera \u00e9galement des \u00e9tudiants de l\u2019universit\u00e9 qui r\u00e9alisent des stages aupr\u00e8s des structures accompagn\u00e9es.\u00a0<\/span><\/li>\r\n \t<li style=\"font-weight: 400;\" aria-level=\"1\"><span style=\"font-weight: 400;\">Un an apr\u00e8s le premier \u201cEvidence Dialogue,\u201d des responsables op\u00e9rationnels et de l\u2019\u00e9valuation du FCDO, du MCC, du Norad, de l'USAID et de la Banque mondiale se r\u00e9uniront \u00e0 nouveau pour r\u00e9fl\u00e9chir et rendre compte des mesures qu'ils ont prises pour am\u00e9liorer la culture de la preuve et de l'apprentissage, au sein de leurs organisations au cours d\u2019un <\/span><a href=\"https:\/\/us06web.zoom.us\/webinar\/register\/4016450839209\/WN_3KQ0yC4pRZiKlzBWQB8kIA?timezone_id=Europe%2FParis\"><span style=\"font-weight: 400;\">webinaire <\/span><\/a><span style=\"font-weight: 400;\">qui aura lieu le 24 mars \u00e0 14h.<\/span><\/li>\r\n \t<li style=\"font-weight: 400;\" aria-level=\"1\"><span style=\"font-weight: 400;\">Social Value UK propose sa <\/span><a href=\"https:\/\/socialvalueuk.org\/online-accredited-social-value-and-sroi-practitioner-training\/#structure\"><span style=\"font-weight: 400;\">formation \u201cValue & SROI practitioner\" en ligne,<\/span><\/a><span style=\"font-weight: 400;\"> avec un format de cinq rencontres sur deux semaines. Les prochaines sessions d\u00e9marreront les 16 mars, 20 avril, 18 mai et 22 juin prochain.\u00a0<\/span><\/li>\r\n<\/ul>\r\n\u00a0\r\n<h2><b>Rapports d\u2019impact<\/b><\/h2>\r\n<h3><i><span style=\"font-weight: 400;\">En France<\/span><\/i><\/h3>\r\n\u00a0\r\n<ul>\r\n \t<li style=\"font-weight: 400;\" aria-level=\"1\"><span style=\"font-weight: 400;\">Benenova vient de partager les r\u00e9sultats de sa 4eme <\/span><a href=\"https:\/\/benenova.files.wordpress.com\/2022\/02\/benenova_mesure-dimpact-infographie_vf.pdf\"><span style=\"font-weight: 400;\">\u00e9valuation d\u2019impact<\/span><\/a><span style=\"font-weight: 400;\">, r\u00e9alis\u00e9e par Kimso sur le 2e trimestre 2021. Cette association favorise l\u2019engagement b\u00e9n\u00e9vole pour une soci\u00e9t\u00e9 plus inclusive et solidaire en accompagnant et facilitant les mises en relation associations\/b\u00e9n\u00e9voles. Voici quelques r\u00e9sultats, parmi\u00a0 les plus significatifs : 94% des b\u00e9n\u00e9voles interrog\u00e9s affirment que le b\u00e9n\u00e9volat est une source de bien-\u00eatre et 75% se sentent mieux inform\u00e9s sur certaines causes sociales et environnementales. Du c\u00f4t\u00e9 des associations, cela permet d\u2019all\u00e9ger leur charge de travail quotidienne (82%) et d\u00e9velopper leurs activit\u00e9s (61%).<\/span><\/li>\r\n \t<li style=\"font-weight: 400;\" aria-level=\"1\"><span style=\"font-weight: 400;\">Os\u00e9os confirme que la r\u00e9alit\u00e9 virtuelle permet de s\u2019\u00e9vader et d\u2019am\u00e9liorer le bien \u00eatre des personnes en perte d\u2019autonomie et de leurs aidants, gr\u00e2ce \u00e0 l\u2019<\/span><a href=\"https:\/\/page.impacttrack.org\/oseos-la-realite-virtuelle-pour-tous\"><span style=\"font-weight: 400;\">\u00e9valuation de son impact<\/span><\/a><span style=\"font-weight: 400;\"> r\u00e9alis\u00e9e en collaboration avec Impact Track. 74% des professionnels encadrants ont ainsi d\u00e9clar\u00e9 que les b\u00e9n\u00e9ficiaires en perte d\u2019autonomie avaient v\u00e9cu un moment d\u2019\u00e9vasion gr\u00e2ce \u00e0 l\u2019exp\u00e9rience de la r\u00e9alit\u00e9 virtuelle. L\u2019\u00e9valuation r\u00e9v\u00e8le \u00e9galement pour les professionnels encadrants interrog\u00e9s, une r\u00e9duction des pr\u00e9jug\u00e9s li\u00e9s au handicap, \u00e0 l\u2019\u00e2ge ou \u00e0 l\u2019environnement social : suite aux r\u00e9actions des b\u00e9n\u00e9ficiaires lors des animations, 71% d\u2019entre eux att\u00e9nuent leurs id\u00e9es re\u00e7ues.<\/span><\/li>\r\n \t<li style=\"font-weight: 400;\" aria-level=\"1\"><span style=\"font-weight: 400;\">Refugee Food publie les r\u00e9sultats de l\u2019<\/span><a href=\"https:\/\/page.impacttrack.org\/sensibilisation-dans-les-colleges\"><span style=\"font-weight: 400;\">\u00e9valuation d\u2019impact<\/span><\/a><span style=\"font-weight: 400;\"> de ses journ\u00e9es de sensibilisation \u00e0 la transition alimentaire et \u00e0 la lutte contre les pr\u00e9jug\u00e9s envers les personnes r\u00e9fugi\u00e9es aupr\u00e8s des coll\u00e9giens de Marseille. Suite aux interventions, 61% des 285 coll\u00e9giens sensibilis\u00e9s se sentent plus motiv\u00e9s pour agir en faveur de l\u2019int\u00e9gration des personnes r\u00e9fugi\u00e9es, 58% d\u00e9clarent avoir chang\u00e9 de regard sur les migrations et les personnes r\u00e9fugi\u00e9es et 45% ont amorc\u00e9 des \u00e9changes avec leur entourage sur les sujets de migrations et\/ou d'alimentation durable suite \u00e0 l\u2019intervention<\/span><\/li>\r\n<\/ul>\r\n<h3><i><span style=\"font-weight: 400;\">A l\u2019international<\/span><\/i><\/h3>\r\n<ul>\r\n \t<li style=\"font-weight: 400;\" aria-level=\"1\"><span style=\"font-weight: 400;\">Le GIEC publie son sixi\u00e8me <\/span><a href=\"https:\/\/www.ipcc.ch\/report\/ar6\/wg2\/\"><span style=\"font-weight: 400;\">rapport d\u2019\u00e9valuation sur les effets du changement climatique<\/span><\/a><span style=\"font-weight: 400;\">, en examinant les \u00e9cosyst\u00e8mes, la biodiversit\u00e9 et les communaut\u00e9s humaines aux niveaux mondiaux et r\u00e9gionaux. Ce rapport examine plus particuli\u00e8rement les capacit\u00e9s et les limites du monde naturel et des soci\u00e9t\u00e9s humaines \u00e0 s'adapter au changement climatique.<\/span><\/li>\r\n \t<li style=\"font-weight: 400;\" aria-level=\"1\"><span style=\"font-weight: 400;\">Une <\/span><a href=\"https:\/\/www.povertyactionlab.org\/sites\/default\/files\/publication\/Briefcase_empowering-women-through-targeted-cash-transfers_north-macedonia_10152021.pdf\"><span style=\"font-weight: 400;\">\u00e9tude<\/span><\/a><span style=\"font-weight: 400;\"> d'Ingvild Alm\u00e5s, Alex Armand, Orazio Attanasio, Pedro Carneiro et Val\u00e9rie Lechene examine l\u2019impact du fait de verser une aide de transfert conditionnel en esp\u00e8ces (TCE) au p\u00e8re ou \u00e0 la m\u00e8re d'un m\u00e9nage. La Mac\u00e9doine a mis en place un vaste programme de transferts mon\u00e9taires conditionnels pour l'\u00e9ducation, qui a \u00e9t\u00e9 randomis\u00e9 par r\u00e9gion pour aller \u00e0 l'un ou l'autre des parents. Ils ont constat\u00e9 que lorsque les transferts allaient aux m\u00e8res, davantage d'argent \u00e9tait d\u00e9pens\u00e9 en nourriture. Ils ont \u00e9galement men\u00e9 une exp\u00e9rience pour voir \u00e0 quel point les femmes appr\u00e9ciaient d'\u00eatre les b\u00e9n\u00e9ficiaires en testant la part d'un nouveau transfert qu'elles \u00e9taient pr\u00eates \u00e0 abandonner pour le recevoir elles-m\u00eames, plut\u00f4t que de le laisser \u00e0 leur mari. En moyenne, les femmes \u00e9taient pr\u00eates \u00e0 renoncer \u00e0 19 % du transfert pour le recevoir elles-m\u00eames. Cependant, parmi les femmes qui \u00e9taient d\u00e9j\u00e0 b\u00e9n\u00e9ficiaires du TCE du gouvernement, ce chiffre \u00e9tait plus \u00e9lev\u00e9 (22 %), ce qui, selon les chercheurs, t\u00e9moigne des effets d'autonomisation du transfert sur les femmes.<\/span><\/li>\r\n \t<li style=\"font-weight: 400;\" aria-level=\"1\"><span style=\"font-weight: 400;\">Les chercheurs M. Caridad Araujo et Karen Macours ont r\u00e9alis\u00e9 une <\/span><a href=\"https:\/\/www.povertyactionlab.org\/sites\/default\/files\/research-paper\/Education_Income_Mobility_2021.pdf\"><span style=\"font-weight: 400;\">\u00e9tude portant sur l\u2019impact de transferts conditionnels\u00a0 en esp\u00e8ce sur les enfants des familles ayant b\u00e9n\u00e9fici\u00e9 du programme Progresa au Mexique<\/span><\/a><span style=\"font-weight: 400;\">, vingt ans apr\u00e8s. Pr\u00e8s de 7 000 personnes qui \u00e9taient enfants (soit dans l'ut\u00e9rus ou dans les 1 000 premiers jours de leur vie, soit en transition vers l'\u00e9cole secondaire) lorsque leurs familles ont <\/span><span style=\"font-weight: 400;\">commenc\u00e9 \u00e0 recevoir de l'argent ont \u00e9t\u00e9 suivies. Les r\u00e9sultats sur le premier groupe montrent des impacts positifs sur le niveau d'\u00e9ducation et les revenus attendus, r\u00e9sultats qui se sont maintenus \u00e0 long terme pour le deuxi\u00e8me groupe et se sont manifest\u00e9s par des revenus plus importants, une plus grande mobilit\u00e9 g\u00e9ographique, et une formation plus tardive de la famille.\u00a0<\/span><\/li>\r\n \t<li style=\"font-weight: 400;\" aria-level=\"1\"><span style=\"font-weight: 400;\">L\u2019association turque Adim Adim (\"pas-\u00e0-pas\"), qui porte une initiative sociale permettant \u00e0 des associations de collecter des fonds en promouvant le sponsoring pour les sports tels que la course \u00e0 pied, le cyclisme et la natation, publie son <\/span><a href=\"https:\/\/socialvalueuk.org\/wp-content\/uploads\/2022\/02\/Adim-Adim_SROI-Analysis.pdf\"><span style=\"font-weight: 400;\">rapport SROI<\/span><\/a><span style=\"font-weight: 400;\">. Le taux de SROI obtenu est de 1 pour 5,56 et les principaux impacts identifi\u00e9s portent sur la sensibilisation des parties prenantes \u00e0 cette initiative et le fait de faire du sport.<\/span><\/li>\r\n \t<li style=\"font-weight: 400;\" aria-level=\"1\"><span style=\"font-weight: 400;\">Le National Bureau of Economic Research publie une<\/span><a href=\"https:\/\/www.nber.org\/papers\/w29690\"><span style=\"font-weight: 400;\"> \u00e9tude randomis\u00e9e portant sur les sessions d\u2019information pour le choix de l\u2019\u00e9cole secondaire de la ville de New York<\/span><\/a><span style=\"font-weight: 400;\">. L\u2019\u00e9tude montre que ces interventions ont permis de r\u00e9duire la probabilit\u00e9 d'inscription dans des \u00e9coles dont le taux d'obtention de dipl\u00f4me est inf\u00e9rieur \u00e0 la m\u00e9diane de la ville (75 %). Le partage d'une liste simplifi\u00e9e d'\u00e9coles ayant un taux de diplomation relativement \u00e9lev\u00e9 a eu l'impact le plus important, amenant les \u00e9l\u00e8ves \u00e0 s'inscrire dans des \u00e9coles secondaires ayant un taux de diplomation sup\u00e9rieur de 1,5 point de pourcentage. En revanche, la diffusion des m\u00eames informations en ligne n'a pas modifi\u00e9 le choix des \u00e9l\u00e8ves ni leur inscription, \u00e0 cause d\u2019une faible utilisation.<\/span><\/li>\r\n<\/ul>\r\n\u00a0\r\n<h2><b>Publications<\/b><\/h2>\r\n<h3><i><span style=\"font-weight: 400;\">En France<\/span><\/i><span style=\"font-weight: 400;\">\u00a0<\/span><\/h3>\r\n<ul>\r\n \t<li style=\"font-weight: 400;\" aria-level=\"1\"><span style=\"font-weight: 400;\">L\u2019Unapei, dans un <\/span><a href=\"https:\/\/www.avise.org\/actualites\/la-demarche-devaluation-dimpact-social-du-mouvement-unapei\"><span style=\"font-weight: 400;\">entretien<\/span><\/a><span style=\"font-weight: 400;\"> r\u00e9alis\u00e9 aupr\u00e8s de Marie-Line de Bortoli, responsable de projet, pr\u00e9sente sa d\u00e9marche d\u2019\u00e9valuation d\u2019impact social, mise en place dans le cadre de l\u2019appel \u00e0 projets FSE 2018 \u00ab Concevoir, exp\u00e9rimenter et diffuser des outils et des d\u00e9marches d\u2019\u00e9valuation d\u2019impact social \u00bb de l\u2019Avise. L\u2019Unapei a men\u00e9 une exp\u00e9rimentation avec 3 r\u00e9gions permettant d\u2019aboutir \u00e0 la construction d\u2019un guide m\u00e9thodologique et d'une offre de formation d\u00e9di\u00e9e au secteur du m\u00e9dico-social.<\/span><\/li>\r\n \t<li style=\"font-weight: 400;\" aria-level=\"1\"><span style=\"font-weight: 400;\">La Croix Rouge Fran\u00e7aise, au travers du <\/span><a href=\"https:\/\/www.avise.org\/actualites\/developper-une-methodologie-de-mesure-dimpact-a-lechelle-de-la-croix-rouge-francaise\"><span style=\"font-weight: 400;\">t\u00e9moignage<\/span><\/a><span style=\"font-weight: 400;\"> de Marie-Agn\u00e8s Tur, charg\u00e9e de mission impact social, partage son exp\u00e9rience en mati\u00e8re d\u2019\u00e9valuation d\u2019impact social. Cette d\u00e9marche avait \u00e9t\u00e9 lanc\u00e9e dans le cadre de l\u2019appel \u00e0 projets FSE 2018 de l\u2019Avise. Elle avait fait le choix d\u2019internaliser sa mesure via la mise en place d\u2019une cellule \u201cMIS\u201d afin de piloter et de formaliser une m\u00e9thodologie d\u2019impact social \u00e0 l\u2019\u00e9chelle de l\u2019organisation.<\/span><\/li>\r\n \t<li style=\"font-weight: 400;\" aria-level=\"1\"><span style=\"font-weight: 400;\">Energie Partag\u00e9e (laur\u00e9at de l\u2019appel \u00e0 projets FSE 2020 de l\u2019AVISE) \u00e9value l\u2019impact des projets d\u2019\u00e9nergie renouvelable citoyens. Marion Richard, responsable de l\u2019animation nationale, revient dans <\/span><a href=\"https:\/\/www.avise.org\/actualites\/energie-partagee-evalue-limpact-social-des-projets-denergie-renouvelable-citoyens-en\"><span style=\"font-weight: 400;\">une interview<\/span><\/a><span style=\"font-weight: 400;\">, sur les premi\u00e8res r\u00e9alisations et les prochaines \u00e9tapes de cette d\u00e9marche financ\u00e9e par le FSE\u00a0<\/span><\/li>\r\n \t<li style=\"font-weight: 400;\" aria-level=\"1\"><span style=\"font-weight: 400;\">Carenews publie son hors s\u00e9rie \u201c<\/span><a href=\"https:\/\/www.carenews.com\/sites\/default\/files\/2022-02\/CARENEWS-Mag-Hors-Serie-Lacroix-2021_BD_compressed.pdf\"><span style=\"font-weight: 400;\">R\u00e9trospective 2021 : Une ann\u00e9e d\u2019engagements<\/span><\/a><span style=\"font-weight: 400;\">\u201d qui fait le bilan 2021, mois par mois, des grands \u00e9v\u00e8nements, initiatives, tendances et innovations autour de l\u2019engagement. Chiffres cl\u00e9s et t\u00e9moignages \u00e0 l\u2019appui.<\/span><\/li>\r\n \t<li style=\"font-weight: 400;\" aria-level=\"1\"><span style=\"font-weight: 400;\">Le Laboratoire commun DESTINS publie un manifeste sur \u201c<\/span><a href=\"https:\/\/destins.labo.univ-poitiers.fr\/wp-content\/uploads\/2021\/12\/axe4-manifeste.pdf\"><span style=\"font-weight: 400;\">Les modalit\u00e9s et int\u00e9r\u00eats \u00e0 mesurer l\u2019innovation sociale de rupture<\/span><\/a><span style=\"font-weight: 400;\">\u201d. L\u2019innovation sociale de rupture est une combinaison dynamique d\u2019innovations de services, de produits, de politiques publiques, de mod\u00e8les \u00e9conomiques et organisationnels qui rompent avec l\u2019existant. Elle cherche \u00e0 cr\u00e9er un changement radical et durable des cadres culturels, institutionnels, cognitifs et des pratiques sociales. Ce manifeste revient sur les diff\u00e9rentes approches existantes de mesure de la performance sociale (m\u00e9thodes centr\u00e9es sur la valeur produite par des organisations seules et m\u00e9thodes relevant de d\u00e9marches collectives) et dessine les contours de la d\u00e9marche n\u00e9cessaire \u00e0 une appr\u00e9ciation de l\u2019innovation sociale de rupture : une mesure sur le long terme, une mesure de la valeur cr\u00e9\u00e9e par le collectif et une qualification de la rupture apport\u00e9e par l\u2019innovation.<\/span><\/li>\r\n \t<li style=\"font-weight: 400;\" aria-level=\"1\"><span style=\"font-weight: 400;\">L\u2019association Fair (Financer Accompagner Impacter Rassembler), collectif des acteurs de la finance \u00e0 impact social, a d\u00e9voil\u00e9 un <\/span><a href=\"https:\/\/www.finance-fair.org\/livre-blanc-2022-finance-impact-social\/\"><span style=\"font-weight: 400;\">livre blanc<\/span><\/a><span style=\"font-weight: 400;\"> recensant 10 propositions \u00e0 destination des candidats aux \u00e9lections 2022 (pr\u00e9sidentielles et l\u00e9gislatives), pour amorcer la transition sociale et environnementale.<\/span><\/li>\r\n<\/ul>\r\n<h3><i><span style=\"font-weight: 400;\">A l\u2019international\u00a0<\/span><\/i><\/h3>\r\n<ul>\r\n \t<li style=\"font-weight: 400;\" aria-level=\"1\"><span style=\"font-weight: 400;\">Julien Kleszczowski et Nathalie Raulet-Croset publient dans les annales de l'\u00e9conomie publique sociale et coop\u00e9rative un <\/span><a href=\"https:\/\/onlinelibrary.wiley.com\/doi\/abs\/10.1111\/apce.12368\"><span style=\"font-weight: 400;\">article<\/span><\/a><span style=\"font-weight: 400;\"> (acc\u00e8s au texte complet restreint) en anglais portant sur le processus d'appropriation de la d\u00e9marche d\u2019\u00e9valuation d\u2019impact social au sein des Apprentis d\u2019Auteuil. Le r\u00f4le des acteurs internes y est soulign\u00e9, ainsi que les diff\u00e9rentes phases d\u2019appropriation travers\u00e9es.\u00a0\u00a0<\/span><\/li>\r\n \t<li style=\"font-weight: 400;\" aria-level=\"1\"><span style=\"font-weight: 400;\">Caroline Fiennes, experte britannique en philanthropie, pubie dans le magazine Philanthropy Impact un <\/span><a href=\"https:\/\/philanthropy-impact.org\/sites\/default\/files\/pdf\/philanthropy-impact-magazine-issue-26-pt2_final.pdf?dm_i=755M,3IA7,ZBAHE,DUBS,1%E2%80%A6\"><span style=\"font-weight: 400;\">article <\/span><\/a><span style=\"font-weight: 400;\">dans lequel elle affirme que la plupart des organismes de charit\u00e9 ne devraient pas mesurer leur impact car leur taille est trop petite pour le faire et elles sont biais\u00e9es. L\u2019auteur encourage plut\u00f4t ces organisations \u00e0 \u00e9valuer d'autres aspects de leur intervention, tels que les besoins de leurs b\u00e9n\u00e9ficiaires.<\/span><\/li>\r\n \t<li style=\"font-weight: 400;\" aria-level=\"1\"><span style=\"font-weight: 400;\">La Stanford Social Innovation Review (SSIR) publie un <\/span><a href=\"https:\/\/ssir.org\/books\/excerpts\/entry\/you_cant_manage_what_you_cant_measure\"><span style=\"font-weight: 400;\">extrait <\/span><\/a><span style=\"font-weight: 400;\">d\u2019un chapitre du livre \u201cFrontiers in Social Innovation,\u201d r\u00e9dig\u00e9 par les professeurs de droit de Stanford Paul Brest et Colleen Honigsberg, \"Measuring Corporate Virtue and Vice : Making ESG Metrics Trustworthy\". Les auteurs y proposent des pistes pour aboutir \u00e0 un cadre complet de reporting ESG incluant notamment des infrastructures de reporting plus abouties.<\/span><\/li>\r\n \t<li style=\"font-weight: 400;\" aria-level=\"1\"><span style=\"font-weight: 400;\">La SSIR publie \u00e9galement un article intitul\u00e9 <\/span><a href=\"https:\/\/ssir.org\/articles\/entry\/fixing_the_s_in_esg?utm_source=Enews&utm_medium=Email&utm_campaign=SSIR_Now\"><span style=\"font-weight: 400;\">\u201cFixing the S in ESG\u201d <\/span><\/a><span style=\"font-weight: 400;\">(R\u00e9parer le S de l\u2019ESG) soulignant l\u2019importance de ne pas n\u00e9gliger l\u2019impact social par rapport \u00e0 l\u2019impact environnemental notamment. L\u2019article propose des pistes pour moderniser la fa\u00e7on dont sont mesur\u00e9s les impacts \u201cS\u201d : la normalisation de certains indicateurs, la quantification, et le reporting.<\/span><\/li>\r\n \t<li style=\"font-weight: 400;\" aria-level=\"1\"><span style=\"font-weight: 400;\">3ie publie sur son blog une <\/span><a href=\"https:\/\/3ieimpact.org\/blogs\/ethics-social-science-research-getting-questions-right-even-if-there-are-no-easy-answers\"><span style=\"font-weight: 400;\">s\u00e9rie de trois articles<\/span><\/a><span style=\"font-weight: 400;\"> portant sur l\u2019\u00e9thique dans la recherche en science sociale et l\u2019\u00e9valuation d\u2019impact. R\u00e9dig\u00e9s par le Dr Douglas MacKay, professeur associ\u00e9 de politique publique \u00e0 l'Universit\u00e9 de Caroline du Nord, ces articles traitent des sujets de la privation de traitement d\u2019un groupe t\u00e9moin et des paiements aux participants \u00e0 des \u00e9tudes.\u00a0<\/span><\/li>\r\n \t<li style=\"font-weight: 400;\" aria-level=\"1\"><span style=\"font-weight: 400;\">CERISE partage une <\/span><a href=\"https:\/\/www.e-mfp.eu\/sites\/default\/files\/resources\/2022\/03\/Outcomes%20Management%20for%20FSPs_%20A%20proposed%20standard%20framework%20aligned%20with%20the%20SDGs.pdf\"><span style=\"font-weight: 400;\">nouvelle proposition de cadre d\u2019indicateurs \u00e0 destination des fournisseurs de services financiers bas\u00e9s sur les ODD<\/span><\/a><span style=\"font-weight: 400;\">, fruit d\u2019un groupe de travail en collaboration avec le SPTF et le e-MFP. Cette publication revient sur l\u2019historique du projet, dresse l\u2019\u00e9tat des d\u00e9fis en la mati\u00e8re et notamment celui de l\u2019alignement entre les fournisseurs de services financiers et leurs investisseurs, et propose des indicateurs de r\u00e9f\u00e9rence.<\/span><\/li>\r\n<\/ul>\r\n\u00a0\r\n<h2><b>Newsletters<\/b><\/h2>\r\n<ul>\r\n \t<li style=\"font-weight: 400;\" aria-level=\"1\"><a href=\"https:\/\/www.avise.org\/newsletters\"><span style=\"font-weight: 400;\">La newsletter de l\u2019Avise sur l\u2019\u00e9valuation d\u2019impact social en France<\/span><\/a><\/li>\r\n \t<li style=\"font-weight: 400;\" aria-level=\"1\"><a href=\"https:\/\/ssir.org\/email\"><span style=\"font-weight: 400;\">La newsletter de Stanford Social Innovation Review (SSIR)<\/span><\/a><\/li>\r\n<\/ul>\r\n\u00a0\r\n\r\n<span style=\"font-weight: 400;\">Retrouvez tous les mois notre veille internationale sur l\u2019\u00e9valuation d'impact social sur la page <\/span><a href=\"https:\/\/www.linkedin.com\/company\/42301082\/\"><span style=\"font-weight: 400;\">LinkedIn du Labo<\/span><\/a><span style=\"font-weight: 400;\">. Des questions ? Des propositions de contributions ou des solutions pour l\u2019\u00e9valuation d\u2019impact social ? Contactez-nous via<\/span><a href=\"http:\/\/mailto:louis.raynauddelage@essec.edu\"> <span style=\"font-weight: 400;\">louis.raynauddelage@essec.edu<\/span><\/a><span style=\"font-weight: 400;\"> ou <\/span><a href=\"http:\/\/mailto:leclerc@essec.edu\"><span style=\"font-weight: 400;\">leclerc@essec.edu<\/span><\/a><span style=\"font-weight: 400;\">\u00a0<\/span>\r\n\r\n\u00a0","_et_gb_content_width":"","inline_featured_image":false},"categories":[11],"tags":[13,14,20,10,17,15,19,16,18,12],"yoast_head":"<!-- This site is optimized with the Yoast SEO plugin v20.11 - https:\/\/yoast.com\/wordpress\/plugins\/seo\/ -->\n<title>Veille n\u00b011 : Les derni\u00e8res actualit\u00e9s - Centre Innovation Sociale et Ecologique<\/title>\n<meta name=\"robots\" content=\"noindex, follow\" \/>\n<meta property=\"og:locale\" content=\"fr_FR\" \/>\n<meta property=\"og:type\" content=\"article\" \/>\n<meta property=\"og:title\" content=\"Veille n\u00b011 : Les derni\u00e8res actualit\u00e9s - Centre Innovation Sociale et Ecologique\" \/>\n<meta property=\"og:description\" content=\"Les actualit\u00e9s, articles et outils \u00e0 saisir de l\u2019Observatoire de l\u2019Evaluation d\u2019Impact Social de l\u2019ESSEC F\u00e9vrier 2022 &nbsp; \u00c9v\u00e9nements et actualit\u00e9s du secteur En France Impact Track et Paris Initiative Entreprise (PIE, premier financeur des structures de l\u2019ESS \u00e0 Paris) ont d\u00e9velopp\u00e9 en partenariat un outil et une m\u00e9thodologie d\u2019\u00e9valuation d\u2019impact social proche du terrain. [&hellip;]\" \/>\n<meta property=\"og:url\" content=\"https:\/\/centre-innovation-sociale-ecologique.essec.edu\/index.php\/2022\/03\/21\/veille-n11-les-dernieres-actualites\/\" \/>\n<meta property=\"og:site_name\" content=\"Centre Innovation Sociale et Ecologique\" \/>\n<meta property=\"article:published_time\" content=\"2022-03-21T15:44:39+00:00\" \/>\n<meta property=\"article:modified_time\" content=\"2025-06-05T08:20:50+00:00\" \/>\n<meta property=\"og:image\" content=\"https:\/\/impactinitiative.essec.edu\/wp-content\/uploads\/2022\/03\/janko-ferlic-sfL_QOnmy00-unsplash-1024x947.jpg\" \/>\n<meta name=\"author\" content=\"Essec\" \/>\n<meta name=\"twitter:card\" content=\"summary_large_image\" \/>\n<meta name=\"twitter:label1\" content=\"\u00c9crit par\" \/>\n\t<meta name=\"twitter:data1\" content=\"Essec\" \/>\n\t<meta name=\"twitter:label2\" content=\"Dur\u00e9e de lecture estim\u00e9e\" \/>\n\t<meta name=\"twitter:data2\" content=\"13 minutes\" \/>\n<script type=\"application\/ld+json\" class=\"yoast-schema-graph\">{\"@context\":\"https:\/\/schema.org\",\"@graph\":[{\"@type\":\"Article\",\"@id\":\"https:\/\/centre-innovation-sociale-ecologique.essec.edu\/index.php\/2022\/03\/21\/veille-n11-les-dernieres-actualites\/#article\",\"isPartOf\":{\"@id\":\"https:\/\/centre-innovation-sociale-ecologique.essec.edu\/index.php\/2022\/03\/21\/veille-n11-les-dernieres-actualites\/\"},\"author\":{\"name\":\"Essec\",\"@id\":\"https:\/\/centre-innovation-sociale-ecologique.essec.edu\/#\/schema\/person\/ffb9b21a7056cc497e2fe8732aa91fcc\"},\"headline\":\"Veille n\u00b011 : Les derni\u00e8res actualit\u00e9s\",\"datePublished\":\"2022-03-21T15:44:39+00:00\",\"dateModified\":\"2025-06-05T08:20:50+00:00\",\"mainEntityOfPage\":{\"@id\":\"https:\/\/centre-innovation-sociale-ecologique.essec.edu\/index.php\/2022\/03\/21\/veille-n11-les-dernieres-actualites\/\"},\"wordCount\":2511,\"publisher\":{\"@id\":\"https:\/\/centre-innovation-sociale-ecologique.essec.edu\/#organization\"},\"keywords\":[\"actualit\u00e9s\",\"ESS\",\"ESSEC Impact Initiative\",\"\u00e9valuation d'impact social\",\"GIEC\",\"Impact\",\"Laboratoire E&amp;MISE\",\"mesure d'impact\",\"SROI\",\"Veille\"],\"articleSection\":[\"Articles\"],\"inLanguage\":\"fr-FR\"},{\"@type\":\"WebPage\",\"@id\":\"https:\/\/centre-innovation-sociale-ecologique.essec.edu\/index.php\/2022\/03\/21\/veille-n11-les-dernieres-actualites\/\",\"url\":\"https:\/\/centre-innovation-sociale-ecologique.essec.edu\/index.php\/2022\/03\/21\/veille-n11-les-dernieres-actualites\/\",\"name\":\"Veille n\u00b011 : Les derni\u00e8res actualit\u00e9s - Centre Innovation Sociale et Ecologique\",\"isPartOf\":{\"@id\":\"https:\/\/centre-innovation-sociale-ecologique.essec.edu\/#website\"},\"datePublished\":\"2022-03-21T15:44:39+00:00\",\"dateModified\":\"2025-06-05T08:20:50+00:00\",\"breadcrumb\":{\"@id\":\"https:\/\/centre-innovation-sociale-ecologique.essec.edu\/index.php\/2022\/03\/21\/veille-n11-les-dernieres-actualites\/#breadcrumb\"},\"inLanguage\":\"fr-FR\",\"potentialAction\":[{\"@type\":\"ReadAction\",\"target\":[\"https:\/\/centre-innovation-sociale-ecologique.essec.edu\/index.php\/2022\/03\/21\/veille-n11-les-dernieres-actualites\/\"]}]},{\"@type\":\"BreadcrumbList\",\"@id\":\"https:\/\/centre-innovation-sociale-ecologique.essec.edu\/index.php\/2022\/03\/21\/veille-n11-les-dernieres-actualites\/#breadcrumb\",\"itemListElement\":[{\"@type\":\"ListItem\",\"position\":1,\"name\":\"Home\",\"item\":\"https:\/\/centre-innovation-sociale-ecologique.essec.edu\/\"},{\"@type\":\"ListItem\",\"position\":2,\"name\":\"Veille n\u00b011 : Les derni\u00e8res actualit\u00e9s\"}]},{\"@type\":\"WebSite\",\"@id\":\"https:\/\/centre-innovation-sociale-ecologique.essec.edu\/#website\",\"url\":\"https:\/\/centre-innovation-sociale-ecologique.essec.edu\/\",\"name\":\"Centre Innovation Sociale et Ecologique\",\"description\":\"\",\"publisher\":{\"@id\":\"https:\/\/centre-innovation-sociale-ecologique.essec.edu\/#organization\"},\"potentialAction\":[{\"@type\":\"SearchAction\",\"target\":{\"@type\":\"EntryPoint\",\"urlTemplate\":\"https:\/\/centre-innovation-sociale-ecologique.essec.edu\/?s={search_term_string}\"},\"query-input\":\"required name=search_term_string\"}],\"inLanguage\":\"fr-FR\"},{\"@type\":\"Organization\",\"@id\":\"https:\/\/centre-innovation-sociale-ecologique.essec.edu\/#organization\",\"name\":\"Essec Business School\",\"url\":\"https:\/\/centre-innovation-sociale-ecologique.essec.edu\/\",\"logo\":{\"@type\":\"ImageObject\",\"inLanguage\":\"fr-FR\",\"@id\":\"https:\/\/centre-innovation-sociale-ecologique.essec.edu\/#\/schema\/logo\/image\/\",\"url\":\"https:\/\/impactinitiative.essec.edu\/wp-content\/uploads\/2020\/11\/ESSEC_BS_logo_BLANC.png\",\"contentUrl\":\"https:\/\/impactinitiative.essec.edu\/wp-content\/uploads\/2020\/11\/ESSEC_BS_logo_BLANC.png\",\"width\":546,\"height\":509,\"caption\":\"Essec Business School\"},\"image\":{\"@id\":\"https:\/\/centre-innovation-sociale-ecologique.essec.edu\/#\/schema\/logo\/image\/\"}},{\"@type\":\"Person\",\"@id\":\"https:\/\/centre-innovation-sociale-ecologique.essec.edu\/#\/schema\/person\/ffb9b21a7056cc497e2fe8732aa91fcc\",\"name\":\"Essec\",\"image\":{\"@type\":\"ImageObject\",\"inLanguage\":\"fr-FR\",\"@id\":\"https:\/\/centre-innovation-sociale-ecologique.essec.edu\/#\/schema\/person\/image\/\",\"url\":\"https:\/\/secure.gravatar.com\/avatar\/253b1a21aeb6e83a39f89170d50e3784?s=96&d=mm&r=g\",\"contentUrl\":\"https:\/\/secure.gravatar.com\/avatar\/253b1a21aeb6e83a39f89170d50e3784?s=96&d=mm&r=g\",\"caption\":\"Essec\"}}]}<\/script>\n<!-- \/ Yoast SEO plugin. -->","yoast_head_json":{"title":"Veille n\u00b011 : Les derni\u00e8res actualit\u00e9s - Centre Innovation Sociale et Ecologique","robots":{"index":"noindex","follow":"follow"},"og_locale":"fr_FR","og_type":"article","og_title":"Veille n\u00b011 : Les derni\u00e8res actualit\u00e9s - Centre Innovation Sociale et Ecologique","og_description":"Les actualit\u00e9s, articles et outils \u00e0 saisir de l\u2019Observatoire de l\u2019Evaluation d\u2019Impact Social de l\u2019ESSEC F\u00e9vrier 2022 &nbsp; \u00c9v\u00e9nements et actualit\u00e9s du secteur En France Impact Track et Paris Initiative Entreprise (PIE, premier financeur des structures de l\u2019ESS \u00e0 Paris) ont d\u00e9velopp\u00e9 en partenariat un outil et une m\u00e9thodologie d\u2019\u00e9valuation d\u2019impact social proche du terrain. [&hellip;]","og_url":"https:\/\/centre-innovation-sociale-ecologique.essec.edu\/index.php\/2022\/03\/21\/veille-n11-les-dernieres-actualites\/","og_site_name":"Centre Innovation Sociale et Ecologique","article_published_time":"2022-03-21T15:44:39+00:00","article_modified_time":"2025-06-05T08:20:50+00:00","og_image":[{"url":"https:\/\/impactinitiative.essec.edu\/wp-content\/uploads\/2022\/03\/janko-ferlic-sfL_QOnmy00-unsplash-1024x947.jpg"}],"author":"Essec","twitter_card":"summary_large_image","twitter_misc":{"\u00c9crit par":"Essec","Dur\u00e9e de lecture estim\u00e9e":"13 minutes"},"schema":{"@context":"https:\/\/schema.org","@graph":[{"@type":"Article","@id":"https:\/\/centre-innovation-sociale-ecologique.essec.edu\/index.php\/2022\/03\/21\/veille-n11-les-dernieres-actualites\/#article","isPartOf":{"@id":"https:\/\/centre-innovation-sociale-ecologique.essec.edu\/index.php\/2022\/03\/21\/veille-n11-les-dernieres-actualites\/"},"author":{"name":"Essec","@id":"https:\/\/centre-innovation-sociale-ecologique.essec.edu\/#\/schema\/person\/ffb9b21a7056cc497e2fe8732aa91fcc"},"headline":"Veille n\u00b011 : Les derni\u00e8res actualit\u00e9s","datePublished":"2022-03-21T15:44:39+00:00","dateModified":"2025-06-05T08:20:50+00:00","mainEntityOfPage":{"@id":"https:\/\/centre-innovation-sociale-ecologique.essec.edu\/index.php\/2022\/03\/21\/veille-n11-les-dernieres-actualites\/"},"wordCount":2511,"publisher":{"@id":"https:\/\/centre-innovation-sociale-ecologique.essec.edu\/#organization"},"keywords":["actualit\u00e9s","ESS","ESSEC Impact Initiative","\u00e9valuation d'impact social","GIEC","Impact","Laboratoire E&amp;MISE","mesure d'impact","SROI","Veille"],"articleSection":["Articles"],"inLanguage":"fr-FR"},{"@type":"WebPage","@id":"https:\/\/centre-innovation-sociale-ecologique.essec.edu\/index.php\/2022\/03\/21\/veille-n11-les-dernieres-actualites\/","url":"https:\/\/centre-innovation-sociale-ecologique.essec.edu\/index.php\/2022\/03\/21\/veille-n11-les-dernieres-actualites\/","name":"Veille n\u00b011 : Les derni\u00e8res actualit\u00e9s - Centre Innovation Sociale et Ecologique","isPartOf":{"@id":"https:\/\/centre-innovation-sociale-ecologique.essec.edu\/#website"},"datePublished":"2022-03-21T15:44:39+00:00","dateModified":"2025-06-05T08:20:50+00:00","breadcrumb":{"@id":"https:\/\/centre-innovation-sociale-ecologique.essec.edu\/index.php\/2022\/03\/21\/veille-n11-les-dernieres-actualites\/#breadcrumb"},"inLanguage":"fr-FR","potentialAction":[{"@type":"ReadAction","target":["https:\/\/centre-innovation-sociale-ecologique.essec.edu\/index.php\/2022\/03\/21\/veille-n11-les-dernieres-actualites\/"]}]},{"@type":"BreadcrumbList","@id":"https:\/\/centre-innovation-sociale-ecologique.essec.edu\/index.php\/2022\/03\/21\/veille-n11-les-dernieres-actualites\/#breadcrumb","itemListElement":[{"@type":"ListItem","position":1,"name":"Home","item":"https:\/\/centre-innovation-sociale-ecologique.essec.edu\/"},{"@type":"ListItem","position":2,"name":"Veille n\u00b011 : Les derni\u00e8res actualit\u00e9s"}]},{"@type":"WebSite","@id":"https:\/\/centre-innovation-sociale-ecologique.essec.edu\/#website","url":"https:\/\/centre-innovation-sociale-ecologique.essec.edu\/","name":"Centre Innovation Sociale et Ecologique","description":"","publisher":{"@id":"https:\/\/centre-innovation-sociale-ecologique.essec.edu\/#organization"},"potentialAction":[{"@type":"SearchAction","target":{"@type":"EntryPoint","urlTemplate":"https:\/\/centre-innovation-sociale-ecologique.essec.edu\/?s={search_term_string}"},"query-input":"required name=search_term_string"}],"inLanguage":"fr-FR"},{"@type":"Organization","@id":"https:\/\/centre-innovation-sociale-ecologique.essec.edu\/#organization","name":"Essec Business School","url":"https:\/\/centre-innovation-sociale-ecologique.essec.edu\/","logo":{"@type":"ImageObject","inLanguage":"fr-FR","@id":"https:\/\/centre-innovation-sociale-ecologique.essec.edu\/#\/schema\/logo\/image\/","url":"https:\/\/impactinitiative.essec.edu\/wp-content\/uploads\/2020\/11\/ESSEC_BS_logo_BLANC.png","contentUrl":"https:\/\/impactinitiative.essec.edu\/wp-content\/uploads\/2020\/11\/ESSEC_BS_logo_BLANC.png","width":546,"height":509,"caption":"Essec Business School"},"image":{"@id":"https:\/\/centre-innovation-sociale-ecologique.essec.edu\/#\/schema\/logo\/image\/"}},{"@type":"Person","@id":"https:\/\/centre-innovation-sociale-ecologique.essec.edu\/#\/schema\/person\/ffb9b21a7056cc497e2fe8732aa91fcc","name":"Essec","image":{"@type":"ImageObject","inLanguage":"fr-FR","@id":"https:\/\/centre-innovation-sociale-ecologique.essec.edu\/#\/schema\/person\/image\/","url":"https:\/\/secure.gravatar.com\/avatar\/253b1a21aeb6e83a39f89170d50e3784?s=96&d=mm&r=g","contentUrl":"https:\/\/secure.gravatar.com\/avatar\/253b1a21aeb6e83a39f89170d50e3784?s=96&d=mm&r=g","caption":"Essec"}}]}},"_links":{"self":[{"href":"https:\/\/centre-innovation-sociale-ecologique.essec.edu\/index.php\/wp-json\/wp\/v2\/posts\/3828"}],"collection":[{"href":"https:\/\/centre-innovation-sociale-ecologique.essec.edu\/index.php\/wp-json\/wp\/v2\/posts"}],"about":[{"href":"https:\/\/centre-innovation-sociale-ecologique.essec.edu\/index.php\/wp-json\/wp\/v2\/types\/post"}],"author":[{"embeddable":true,"href":"https:\/\/centre-innovation-sociale-ecologique.essec.edu\/index.php\/wp-json\/wp\/v2\/users\/2"}],"replies":[{"embeddable":true,"href":"https:\/\/centre-innovation-sociale-ecologique.essec.edu\/index.php\/wp-json\/wp\/v2\/comments?post=3828"}],"version-history":[{"count":25,"href":"https:\/\/centre-innovation-sociale-ecologique.essec.edu\/index.php\/wp-json\/wp\/v2\/posts\/3828\/revisions"}],"predecessor-version":[{"id":3930,"href":"https:\/\/centre-innovation-sociale-ecologique.essec.edu\/index.php\/wp-json\/wp\/v2\/posts\/3828\/revisions\/3930"}],"wp:attachment":[{"href":"https:\/\/centre-innovation-sociale-ecologique.essec.edu\/index.php\/wp-json\/wp\/v2\/media?parent=3828"}],"wp:term":[{"taxonomy":"category","embeddable":true,"href":"https:\/\/centre-innovation-sociale-ecologique.essec.edu\/index.php\/wp-json\/wp\/v2\/categories?post=3828"},{"taxonomy":"post_tag","embeddable":true,"href":"https:\/\/centre-innovation-sociale-ecologique.essec.edu\/index.php\/wp-json\/wp\/v2\/tags?post=3828"}],"curies":[{"name":"wp","href":"https:\/\/api.w.org\/{rel}","templated":true}]}}