{"id":10134,"date":"2025-12-12T13:11:02","date_gmt":"2025-12-12T12:11:02","guid":{"rendered":"https:\/\/centre-innovation-sociale-ecologique.essec.edu\/?p=10134"},"modified":"2025-12-12T13:11:02","modified_gmt":"2025-12-12T12:11:02","slug":"veille-n41-les-actualites-de-novembre-2025","status":"publish","type":"post","link":"https:\/\/centre-innovation-sociale-ecologique.essec.edu\/index.php\/2025\/12\/12\/veille-n41-les-actualites-de-novembre-2025\/","title":{"rendered":"Veille n\u00b041 \u2013 Les actualit\u00e9s de Novembre 2025"},"content":{"rendered":"<p><b>Veille mensuelle fran\u00e7aise et internationale de l\u2019\u00e9valuation d\u2019impact social n\u00b041 &#8211; Actualit\u00e9s<\/b><\/p>\n<p><i><span style=\"font-weight: 400;\">Novembre 2025<\/span><\/i><\/p>\n<p>&nbsp;<\/p>\n<p><b>\u00c9v\u00e9nements et actualit\u00e9s du secteur<\/b><\/p>\n<p><i><span style=\"font-weight: 400;\">En France<\/span><\/i><\/p>\n<p>&nbsp;<\/p>\n<ul>\n<li style=\"font-weight: 400;\" aria-level=\"1\"><span style=\"font-weight: 400;\">\u201c<\/span><a href=\"https:\/\/www.linkedin.com\/posts\/labo-emise_le-proc%C3%A8s-de-l%C3%A9valuation-dimpact-social-activity-7389587232141225985--518?utm_source=share&amp;utm_medium=member_desktop&amp;rcm=ACoAACSypdQByI5l9vq9XClj18izYxGDkJcMe5E\" target=\"_blank\" rel=\"nofollow\"><span style=\"font-weight: 400;\">Le proc\u00e8s de l\u2019\u00e9valuation d\u2019impact social : ennemie ou alli\u00e9e ?<\/span><\/a><span style=\"font-weight: 400;\">\u201d \u2013 par le CISE de l\u2019ESSEC \u2013 03 d\u00e9cembre 2025<\/span><\/li>\n<\/ul>\n<p><span style=\"font-weight: 400;\">Le Centre Innovation Sociale et \u00c9cologique (CISE) de l&rsquo;ESSEC <\/span><span style=\"font-weight: 400;\">a organis\u00e9 le proc\u00e8s de la mesure d&rsquo;impact social pour d\u00e9battre de sa pertinence et de ses d\u00e9rives. L&rsquo;\u00e9v\u00e9nement a mis en lumi\u00e8re deux chefs d&rsquo;accusation : le co\u00fbt humain et financier de la mesure, et son risque de devenir un outil de vassalisation impos\u00e9 par les financeurs.<\/span><\/p>\n<p><span style=\"font-weight: 400;\">Les d\u00e9bats ont oppos\u00e9 la vision de la mesure comme outil de justification bureaucratique (\u00e9loignant de l&rsquo;id\u00e9al associatif) \u00e0 celle d&rsquo;un levier d&rsquo;apprentissage et de fiert\u00e9 pour les organisations. L&rsquo;objectif \u00e9tait de trancher si l\u2019\u00e9valuation d&rsquo;impact est coupable de trahir sa promesse ou si elle traverse une simple \u00ab\u00a0adolescence difficile\u00a0\u00bb. Rendez-vous dans la veille du mois prochain pour le partage du replay et du verdict du jury !\u00a0<\/span><\/p>\n<p>&nbsp;<\/p>\n<ul>\n<li style=\"font-weight: 400;\" aria-level=\"1\"><a href=\"https:\/\/www.carenews.com\/le-philanthro-lab\/evenements\/conference-interet-general-couts-evites-comment-valoriser-l\" target=\"_blank\" rel=\"nofollow\"><span style=\"font-weight: 400;\">\u201cInt\u00e9r\u00eat g\u00e9n\u00e9ral et co\u00fbts \u00e9vit\u00e9s : comment valoriser l\u2019inestimable pour convaincre et mobiliser ?\u201d<\/span><\/a><span style=\"font-weight: 400;\"> \u2013 PhilanthroLab \u2013 25 novembre 2025<\/span><\/li>\n<\/ul>\n<p><span style=\"font-weight: 400;\">La conf\u00e9rence s&rsquo;adressait sp\u00e9cifiquement aux porteurs de projets qui explorent la th\u00e9matique des co\u00fbts \u00e9vit\u00e9s. Elle visait \u00e0 la fois \u00e0 rappeler les m\u00e9thodologies associ\u00e9es et \u00e0 souligner son int\u00e9r\u00eat majeur pour prouver l&rsquo;efficience des initiatives sociales aupr\u00e8s des financeurs. Toutefois, elle a \u00e9galement mis en lumi\u00e8re les limites de cet outil, notamment en mati\u00e8re de comparaison inter-projets et de mesure de l&rsquo;impact v\u00e9cu par les b\u00e9n\u00e9ficiaires, rappelant la n\u00e9cessit\u00e9 d&rsquo;int\u00e9grer des indicateurs d\u2019impact compl\u00e9mentaires. La conf\u00e9rence a \u00e9t\u00e9 introduite \u00e0 travers la notion de l\u2019activit\u00e9 contributive, soit ce que chacun apporte \u00e0 la soci\u00e9t\u00e9 sans r\u00e9tribution, et dont le poids \u00e9conomique invisible est estim\u00e9 \u00e0 68 % du PIB.\u00a0<\/span><\/p>\n<p>&nbsp;<\/p>\n<ul>\n<li style=\"font-weight: 400;\" aria-level=\"1\"><a href=\"https:\/\/my.weezevent.com\/atelier-mesure-dimpact-mois-de-less\" target=\"_blank\" rel=\"nofollow\"><span style=\"font-weight: 400;\">\u201cAtelier Mesure d\u2019Impact &#8211; Mois de l\u2019ESS\u201d<\/span><\/a><span style=\"font-weight: 400;\"> &#8211; La Ruche Saint-Nazaire &#8211; 19 novembre 2025<\/span><\/li>\n<\/ul>\n<p><span style=\"font-weight: 400;\">Dans le cadre du Mois de l\u2019\u00c9conomie Sociale et Solidaire, La Ruche Saint-Nazaire a organis\u00e9 un atelier d\u2019initiation \u00e0 la mesure d\u2019impact, destin\u00e9 aux associations et entreprises du territoire. L\u2019objectif : (re)d\u00e9couvrir ce qu\u2019est la mesure d\u2019impact, comprendre comment l\u2019articuler aux enjeux de sa structure et identifier les premi\u00e8res \u00e9tapes pour int\u00e9grer cette d\u00e9marche dans la strat\u00e9gie et le pilotage de projet.<\/span><\/p>\n<p>&nbsp;<\/p>\n<ul>\n<li style=\"font-weight: 400;\" aria-level=\"1\"><a href=\"https:\/\/www.mois-ess.org\/webinaire-sur-la-mesure-d-impact-des-activites-textiles\" target=\"_blank\" rel=\"nofollow\"><span style=\"font-weight: 400;\">\u201cWebinaire sur la mesure d\u2019impact des activit\u00e9s textiles\u201d<\/span><\/a><span style=\"font-weight: 400;\"> &#8211; CRESS \u00cele-de-France \/ Mois de l\u2019ESS &#8211; 26 novembre 2025<\/span><\/li>\n<\/ul>\n<p><span style=\"font-weight: 400;\">Organis\u00e9 par la Chambre R\u00e9gionale de l\u2019ESS \u00cele-de-France dans le cadre de la Semaine Europ\u00e9enne de la R\u00e9duction des D\u00e9chets, ce webinaire s\u2019est adress\u00e9 aux professionnels de la fili\u00e8re textile, et plus particuli\u00e8rement aux acteurs de l&rsquo;\u00e9conomie sociale et solidaire de ce secteur. La session a vis\u00e9 \u00e0 outiller les structures sur deux axes : la compr\u00e9hension des enjeux strat\u00e9giques de l&rsquo;\u00e9valuation et la prise en main d&rsquo;outils op\u00e9rationnels.<\/span><\/p>\n<p>&nbsp;<\/p>\n<p><i><span style=\"font-weight: 400;\">A l\u2019international<\/span><\/i><\/p>\n<p>&nbsp;<\/p>\n<ul>\n<li style=\"font-weight: 400;\" aria-level=\"1\"><a href=\"https:\/\/blogit.lab.fi\/labfocus\/en\/how-to-elevate-social-sustainability-parameters-in-development-projects\/\" target=\"_blank\" rel=\"nofollow\"><span style=\"font-weight: 400;\">\u201cHow to Elevate Social Sustainability Parameters in Development Projects\u201d<\/span><\/a><span style=\"font-weight: 400;\"> &#8211; LAB Focus (Finlande) &#8211; novembre 2025<\/span><\/li>\n<\/ul>\n<p><span style=\"font-weight: 400;\">Ce billet de recherche explore le concept de \u00ab\u00a0Social Licence to Operate\u00a0\u00bb (SLO) ou acceptabilit\u00e9 sociale. S&rsquo;appuyant sur les travaux de r\u00e9f\u00e9rence de F. Vanclay (Handbook of Social Impact Assessment 2024), les auteurs distinguent l&rsquo;\u00e9valuation d&rsquo;impact r\u00e9glementaire (souvent statique et ex-ante) du SLO, qui exige un suivi continu de la confiance des communaut\u00e9s, c&rsquo;est-\u00e0-dire leur sentiment d&rsquo;\u00eatre \u00e9cout\u00e9es et leur conviction que le projet leur apportera des b\u00e9n\u00e9fices r\u00e9els et durables. L&rsquo;article propose des pistes pour int\u00e9grer des param\u00e8tres de \u00ab\u00a0durabilit\u00e9 sociale\u00a0\u00bb (\u00e9quit\u00e9 proc\u00e9durale, relations communautaires) dans le pilotage des grands projets de d\u00e9veloppement.<\/span><\/p>\n<p>&nbsp;<\/p>\n<p><b>Rapports d\u2019impact<\/b><\/p>\n<p><i><span style=\"font-weight: 400;\">En France<\/span><\/i><\/p>\n<p>&nbsp;<\/p>\n<ul>\n<li style=\"font-weight: 400;\" aria-level=\"1\"><a href=\"https:\/\/www.carenews.com\/face-la-fondation-pour-l-inclusion\/news\/la-fondation-face-devoile-son-nouveau-rapport-d-impact\" target=\"_blank\" rel=\"nofollow\"><span style=\"font-weight: 400;\">\u201cLa Fondation FACE d\u00e9voile son nouveau rapport d\u2019impact\u201d<\/span><\/a><span style=\"font-weight: 400;\"> &#8211; Fondation FACE &#8211; 10 novembre 2025<\/span><\/li>\n<\/ul>\n<p><span style=\"font-weight: 400;\">La Fondation FACE publie son rapport 2024, qui se distingue cette ann\u00e9e par une \u00e9valuation sp\u00e9cifique des effets du m\u00e9c\u00e9nat de comp\u00e9tences, r\u00e9alis\u00e9e par un cabinet externe. L\u2019\u00e9tude objective la \u00ab\u00a0double transformation\u00a0\u00bb g\u00e9n\u00e9r\u00e9e par l&rsquo;engagement : pour les collaborateurs, elle agit comme un levier de sens (98 % exprimant un sentiment de fiert\u00e9) et de d\u00e9veloppement de comp\u00e9tences psychosociales. Sur le plan soci\u00e9tal, le rapport mesure un changement de repr\u00e9sentation significatif : 77 % des salari\u00e9s engag\u00e9s d\u00e9clarent avoir fait \u00e9voluer leur regard sur les publics vuln\u00e9rables (personnes sous main de justice, en situation de handicap), validant le m\u00e9c\u00e9nat comme un vecteur concret de coh\u00e9sion sociale et de lutte contre les st\u00e9r\u00e9otypes.<\/span><\/p>\n<p>&nbsp;<\/p>\n<ul>\n<li style=\"font-weight: 400;\" aria-level=\"1\"><a href=\"https:\/\/www.sc-solidariteseniors.fr\/app\/uploads\/2025\/11\/CP-Mesure-dImpact-Social-2024-2025.pdf\" target=\"_blank\" rel=\"nofollow\"><span style=\"font-weight: 400;\">\u201c5\u1d49 Rapport d\u2019\u00e9valuation d\u2019impact social du Service Civique Solidarit\u00e9 Seniors\u201d<\/span><\/a><span style=\"font-weight: 400;\"> &#8211; SC Solidarit\u00e9 Seniors &#8211; 13 novembre 2025<\/span><\/li>\n<\/ul>\n<p><span style=\"font-weight: 400;\">Le Service Civique Solidarit\u00e9 Seniors rend public son 5\u1d49 rapport d\u2019\u00e9valuation d\u2019impact social, portant sur la p\u00e9riode 2024-2025. L\u2019\u00e9tude montre que le programme contribue \u00e0 r\u00e9duire l\u2019isolement des personnes \u00e2g\u00e9es et \u00e0 renforcer le lien interg\u00e9n\u00e9rationnel, tout en offrant aux jeunes volontaires un cadre d\u2019engagement structurant. Le rapport documente les effets sur le bien-\u00eatre des seniors et sur les trajectoires des jeunes (comp\u00e9tences, insertion, orientation).<\/span><\/p>\n<p>&nbsp;<\/p>\n<ul>\n<li style=\"font-weight: 400;\" aria-level=\"1\"><a href=\"https:\/\/www.parisaeroport.fr\/groupe\/rse\/fondation\/nous-conna%C3%AEtre\/actualit%C3%A9s\/experimentation-du-referentiel-de-mesure-d-impact-sur-les-projets-soutenus\" target=\"_blank\" rel=\"nofollow\"><span style=\"font-weight: 400;\">\u201cExp\u00e9rimentation du r\u00e9f\u00e9rentiel de mesure d\u2019impact sur les projets soutenus\u201c<\/span><\/a><span style=\"font-weight: 400;\"> &#8211; Fondation Groupe ADP &#8211; 10 novembre 2025<\/span><\/li>\n<\/ul>\n<p><span style=\"font-weight: 400;\">La Fondation du Groupe ADP pr\u00e9sente les premiers r\u00e9sultats d&rsquo;une exp\u00e9rimentation visant \u00e0 doter ses associations partenaires d\u2019un r\u00e9f\u00e9rentiel commun de mesure d\u2019impact. Co-construit avec les acteurs de terrain, cet outil cible sp\u00e9cifiquement les enjeux d\u2019\u00e9ducation et de pr\u00e9vention du d\u00e9crochage scolaire (de la maternelle au lyc\u00e9e). Il structure l&rsquo;\u00e9valuation autour de quatre effets cl\u00e9s : la confiance en soi, l&rsquo;expression, l&rsquo;envie d&rsquo;apprendre et l&rsquo;accrochage scolaire. La d\u00e9marche vise \u00e0 harmoniser la collecte de donn\u00e9es pour mieux objectiver la contribution collective des projets soutenus par la Fondation sur ces th\u00e9matiques \u00e9ducatives.<\/span><\/p>\n<p>&nbsp;<\/p>\n<p><i><span style=\"font-weight: 400;\">A l\u2019international<\/span><\/i><\/p>\n<p>&nbsp;<\/p>\n<ul>\n<li style=\"font-weight: 400;\" aria-level=\"1\"><a href=\"https:\/\/sifem.ch\/wp-content\/uploads\/2025\/11\/SIFEM-Impact-Report-2025.pdf\" target=\"_blank\" rel=\"nofollow\"><span style=\"font-weight: 400;\">\u201cSIFEM Impact Report 2025\u201c<\/span><\/a><span style=\"font-weight: 400;\"> &#8211; SIFEM (Suisse) &#8211; novembre 2025<\/span><\/li>\n<\/ul>\n<p><span style=\"font-weight: 400;\">La banque de d\u00e9veloppement SIFEM publie son rapport d\u2019impact 2025, qui pr\u00e9sente les r\u00e9sultats obtenus via ses investissements dans des fonds et institutions financi\u00e8res dans les pays \u00e9mergents. Le document d\u00e9taille les contributions en termes d\u2019emplois, de renforcement des PME et de finance inclusive, avec des \u00e9tudes de cas &#8211; notamment un programme d\u2019inclusion \u00e9conomique des femmes &#8211; mobilisant des indicateurs quantitatifs et qualitatifs d\u2019impact.<\/span><\/p>\n<p>&nbsp;<\/p>\n<ul>\n<li style=\"font-weight: 400;\" aria-level=\"1\"><a href=\"https:\/\/www.alstom.com\/press-releases-news\/2025\/11\/alstom-impact-report-reaffirms-deep-commitment-south-africa\" target=\"_blank\" rel=\"nofollow\"><span style=\"font-weight: 400;\">\u201cSouth Africa Impact Report 2024-2025\u201d<\/span><\/a><span style=\"font-weight: 400;\"> &#8211; Alstom &#8211; 17 novembre 2025<\/span><\/li>\n<\/ul>\n<p><span style=\"font-weight: 400;\">Alstom a publi\u00e9 un rapport d\u00e9di\u00e9 \u00e0 ses activit\u00e9s sud-africaines. L&rsquo;analyse rel\u00e8ve ici de l&rsquo;\u00e9tude d&#8217;empreinte socio-\u00e9conomique (footprint) plus que de l&rsquo;\u00e9valuation d&rsquo;impact social (changement v\u00e9cu en r\u00e9ponse \u00e0 un besoin social). Le document quantifie les flux inject\u00e9s dans l&rsquo;\u00e9conomie locale (achats inclusifs, contribution au PIB) et les emplois soutenus (directs, indirects et induits). Une publication utile pour distinguer les m\u00e9triques d&rsquo;ancrage territorial industriel des indicateurs d&rsquo;utilit\u00e9 sociale.<\/span><\/p>\n<p>&nbsp;<\/p>\n<ul>\n<li style=\"font-weight: 400;\" aria-level=\"1\"><a href=\"https:\/\/www.rsno.org.uk\/about\/our-impact\/\" target=\"_blank\" rel=\"nofollow\"><span style=\"font-weight: 400;\">\u201cEconomic and Social Impact Assessment 2024\/25\u201d<\/span><\/a><span style=\"font-weight: 400;\"> &#8211; Royal Scottish National Orchestra (RSNO) &#8211; novembre 2025<\/span><\/li>\n<\/ul>\n<p><span style=\"font-weight: 400;\">Le RSNO diffuse son \u00e9valuation r\u00e9alis\u00e9e par le cabinet sp\u00e9cialis\u00e9 BiGGAR Economics. L&rsquo;\u00e9tude se distingue par sa m\u00e9thodologie duale : elle cumule une analyse d&#8217;empreinte \u00e9conomique classique (Gross Value Added, tourisme) et une mon\u00e9tisation de la valeur sociale (bien-\u00eatre des publics, \u00e9valu\u00e9 \u00e0 11,6 M\u00a3). Cette approche permet de construire un ratio de retour sur investissement public global (\u00a31 investi = \u00a36,90 de valeur socio-\u00e9conomique g\u00e9n\u00e9r\u00e9e), illustrant la tendance \u00e0 la financiarisation des indicateurs extra-financiers dans le secteur culturel anglo-saxon.<\/span><\/p>\n<p>&nbsp;<\/p>\n<p><b>Publications<\/b><\/p>\n<p><i><span style=\"font-weight: 400;\">En France<\/span><\/i><span style=\"font-weight: 400;\">\u00a0<\/span><\/p>\n<p>&nbsp;<\/p>\n<ul>\n<li style=\"font-weight: 400;\" aria-level=\"1\"><a href=\"https:\/\/librairie.ademe.fr\/societe-et-politiques-publiques\/8785-ademe-strategy-n-74-november-2025-9791029726323.html\" target=\"_blank\" rel=\"nofollow\"><span style=\"font-weight: 400;\">\u201cLettre ADEME Strat\u00e9gie n\u00b074 &#8211; Novembre 2025 : ACT, une d\u00e9cennie de planification de transition\u201d<\/span><\/a><span style=\"font-weight: 400;\"> &#8211; ADEME<\/span><\/li>\n<\/ul>\n<p><span style=\"font-weight: 400;\">La Lettre ADEME Strat\u00e9gie n\u00b074 d\u00e9taille la m\u00e9canique de la m\u00e9thodologie ACT (Assessing Low-Carbon Transition), con\u00e7ue pour \u00e9valuer l&rsquo;alignement des strat\u00e9gies d&rsquo;entreprises avec l&rsquo;Accord de Paris. Le document explicite le syst\u00e8me de notation tripartite utilis\u00e9 pour juger la cr\u00e9dibilit\u00e9 des plans de transition : une note de performance (de 0 \u00e0 20), une note narrative (de A \u00e0 E) et une note de tendance (+\/=\/-). Au-del\u00e0 des simples objectifs de r\u00e9duction d&rsquo;\u00e9missions, ACT analyse des indicateurs mixtes tels que la trajectoire carbone pass\u00e9e, les investissements immat\u00e9riels et mat\u00e9riels engag\u00e9s (ex: R&amp;D bas carbone), la gouvernance climatique ou encore l&rsquo;engagement de la cha\u00eene de valeur. Le num\u00e9ro souligne \u00e9galement l&rsquo;\u00e9largissement du p\u00e9rim\u00e8tre m\u00e9thodologique aux enjeux d&rsquo;adaptation (risques physiques) et sa forte convergence avec les normes europ\u00e9ennes (83 % des donn\u00e9es de la CSRD\/ESRS E1 sont couvertes par ACT Pas-\u00e0-Pas).<\/span><\/p>\n<p>&nbsp;<\/p>\n<p><i><span style=\"font-weight: 400;\">A l\u2019international\u00a0<\/span><\/i><\/p>\n<p>&nbsp;<\/p>\n<ul>\n<li style=\"font-weight: 400;\" aria-level=\"1\"><a href=\"https:\/\/www.impacthero.com\/blog-post\/how-to-measure-social-impact-a-practical-guide-for-businesses\" target=\"_blank\" rel=\"nofollow\"><span style=\"font-weight: 400;\">\u201cHow to Measure Social Impact: A Practical Guide for Businesses\u201d<\/span><\/a><span style=\"font-weight: 400;\"> &#8211; Impact Hero &#8211; 14 novembre 2025<\/span><\/li>\n<\/ul>\n<p><span style=\"font-weight: 400;\">Alors que les investisseurs et les consommateurs r\u00e9clament d\u00e9sormais des r\u00e9sultats concrets, le Dr Hannah Schragmann (Impact Hero) publie un guide m\u00e9thodologique visant \u00e0 aider les entreprises \u00e0 op\u00e9rationnaliser leur mesure d&rsquo;impact. L\u2019article propose une approche structur\u00e9e en cinq \u00e9tapes pour d\u00e9passer le simple reporting RSE : la d\u00e9finition d\u2019objectifs pr\u00e9cis ancr\u00e9s dans le c\u0153ur de m\u00e9tier, l&rsquo;hybridation des indicateurs (standards IRIS+, SROI et feedback qualitatif), la v\u00e9rification rigoureuse des donn\u00e9es par des tiers et une transparence radicale incluant le partage des \u00e9checs.\u00a0<\/span><\/p>\n<p>&nbsp;<\/p>\n<p><b>Newsletters<\/b><\/p>\n<ul>\n<li style=\"font-weight: 400;\" aria-level=\"1\"><a href=\"https:\/\/www.avise.org\/newsletters\" target=\"_blank\" rel=\"nofollow\"><span style=\"font-weight: 400;\">La newsletter de l\u2019Avise sur l\u2019\u00e9valuation d\u2019impact social en France<\/span><\/a><\/li>\n<li style=\"font-weight: 400;\" aria-level=\"1\"><a href=\"https:\/\/ssir.org\/email\" target=\"_blank\" rel=\"nofollow\"><span style=\"font-weight: 400;\">La newsletter de Stanford Social Innovation Review (SSIR)<\/span><\/a><\/li>\n<\/ul>\n<p>&nbsp;<\/p>\n<p><span style=\"font-weight: 400;\">Retrouvez tous les mois notre veille internationale sur l\u2019\u00e9valuation d&rsquo;impact social sur la page <\/span><a href=\"https:\/\/www.linkedin.com\/company\/42301082\/\" target=\"_blank\" rel=\"nofollow\"><span style=\"font-weight: 400;\">LinkedIn du Labo<\/span><\/a><span style=\"font-weight: 400;\">. Des questions ? Des propositions de contributions ou des solutions pour l\u2019\u00e9valuation d\u2019impact social ? Contactez-nous via<\/span> <a href=\"http:\/\/mailto:leclerc@essec.edu\" target=\"_blank\" rel=\"nofollow\"><span style=\"font-weight: 400;\">leclerc@essec.edu<\/span><\/a><span style=\"font-weight: 400;\">\u00a0<\/span><\/p>\n<p>&nbsp;<\/p>\n<p><span style=\"font-weight: 400;\">Note de Veille r\u00e9dig\u00e9e par <\/span><b>Bolar NGAGOM, <\/b><span style=\"font-weight: 400;\">avec <\/span><b>Lucie Mah\u00e9,<\/b> <b>Valentine Clerc<\/b><span style=\"font-weight: 400;\"> et<\/span> <span style=\"font-weight: 400;\">sous la direction d\u2019<\/span><b>Elise Leclerc.<\/b><\/p>\n","protected":false},"excerpt":{"rendered":"<p>Veille mensuelle fran\u00e7aise et internationale de l\u2019\u00e9valuation d\u2019impact social n\u00b041 &#8211; Actualit\u00e9s Novembre 2025 &nbsp; \u00c9v\u00e9nements et actualit\u00e9s du secteur En France &nbsp; \u201cLe proc\u00e8s de l\u2019\u00e9valuation d\u2019impact social : ennemie ou alli\u00e9e ?\u201d \u2013 par le CISE de l\u2019ESSEC \u2013 03 d\u00e9cembre 2025 Le Centre Innovation Sociale et \u00c9cologique (CISE) de l&rsquo;ESSEC a organis\u00e9 [&hellip;]<\/p>\n","protected":false},"author":2,"featured_media":0,"comment_status":"open","ping_status":"open","sticky":false,"template":"","format":"standard","meta":{"_et_pb_use_builder":"","_et_pb_old_content":"","_et_gb_content_width":"","inline_featured_image":false},"categories":[29],"tags":[],"yoast_head":"<!-- This site is optimized with the Yoast SEO plugin v20.11 - https:\/\/yoast.com\/wordpress\/plugins\/seo\/ -->\n<title>Veille n\u00b041 \u2013 Les actualit\u00e9s de Novembre 2025 - Centre Innovation Sociale et Ecologique<\/title>\n<meta name=\"robots\" content=\"noindex, follow\" \/>\n<meta property=\"og:locale\" content=\"fr_FR\" \/>\n<meta property=\"og:type\" content=\"article\" \/>\n<meta property=\"og:title\" content=\"Veille n\u00b041 \u2013 Les actualit\u00e9s de Novembre 2025 - Centre Innovation Sociale et Ecologique\" \/>\n<meta property=\"og:description\" content=\"Veille mensuelle fran\u00e7aise et internationale de l\u2019\u00e9valuation d\u2019impact social n\u00b041 &#8211; Actualit\u00e9s Novembre 2025 &nbsp; \u00c9v\u00e9nements et actualit\u00e9s du secteur En France &nbsp; \u201cLe proc\u00e8s de l\u2019\u00e9valuation d\u2019impact social : ennemie ou alli\u00e9e ?\u201d \u2013 par le CISE de l\u2019ESSEC \u2013 03 d\u00e9cembre 2025 Le Centre Innovation Sociale et \u00c9cologique (CISE) de l&rsquo;ESSEC a organis\u00e9 [&hellip;]\" \/>\n<meta property=\"og:url\" content=\"https:\/\/centre-innovation-sociale-ecologique.essec.edu\/index.php\/2025\/12\/12\/veille-n41-les-actualites-de-novembre-2025\/\" \/>\n<meta property=\"og:site_name\" content=\"Centre Innovation Sociale et Ecologique\" \/>\n<meta property=\"article:published_time\" content=\"2025-12-12T12:11:02+00:00\" \/>\n<meta name=\"author\" content=\"Essec\" \/>\n<meta name=\"twitter:card\" content=\"summary_large_image\" \/>\n<meta name=\"twitter:label1\" content=\"\u00c9crit par\" \/>\n\t<meta name=\"twitter:data1\" content=\"Essec\" \/>\n\t<meta name=\"twitter:label2\" content=\"Dur\u00e9e de lecture estim\u00e9e\" \/>\n\t<meta name=\"twitter:data2\" content=\"8 minutes\" \/>\n<script type=\"application\/ld+json\" class=\"yoast-schema-graph\">{\"@context\":\"https:\/\/schema.org\",\"@graph\":[{\"@type\":\"Article\",\"@id\":\"https:\/\/centre-innovation-sociale-ecologique.essec.edu\/index.php\/2025\/12\/12\/veille-n41-les-actualites-de-novembre-2025\/#article\",\"isPartOf\":{\"@id\":\"https:\/\/centre-innovation-sociale-ecologique.essec.edu\/index.php\/2025\/12\/12\/veille-n41-les-actualites-de-novembre-2025\/\"},\"author\":{\"name\":\"Essec\",\"@id\":\"https:\/\/centre-innovation-sociale-ecologique.essec.edu\/#\/schema\/person\/ffb9b21a7056cc497e2fe8732aa91fcc\"},\"headline\":\"Veille n\u00b041 \u2013 Les actualit\u00e9s de Novembre 2025\",\"datePublished\":\"2025-12-12T12:11:02+00:00\",\"dateModified\":\"2025-12-12T12:11:02+00:00\",\"mainEntityOfPage\":{\"@id\":\"https:\/\/centre-innovation-sociale-ecologique.essec.edu\/index.php\/2025\/12\/12\/veille-n41-les-actualites-de-novembre-2025\/\"},\"wordCount\":1671,\"commentCount\":0,\"publisher\":{\"@id\":\"https:\/\/centre-innovation-sociale-ecologique.essec.edu\/#organization\"},\"articleSection\":[\"Non classifi\u00e9(e)\"],\"inLanguage\":\"fr-FR\",\"potentialAction\":[{\"@type\":\"CommentAction\",\"name\":\"Comment\",\"target\":[\"https:\/\/centre-innovation-sociale-ecologique.essec.edu\/index.php\/2025\/12\/12\/veille-n41-les-actualites-de-novembre-2025\/#respond\"]}]},{\"@type\":\"WebPage\",\"@id\":\"https:\/\/centre-innovation-sociale-ecologique.essec.edu\/index.php\/2025\/12\/12\/veille-n41-les-actualites-de-novembre-2025\/\",\"url\":\"https:\/\/centre-innovation-sociale-ecologique.essec.edu\/index.php\/2025\/12\/12\/veille-n41-les-actualites-de-novembre-2025\/\",\"name\":\"Veille n\u00b041 \u2013 Les actualit\u00e9s de Novembre 2025 - Centre Innovation Sociale et Ecologique\",\"isPartOf\":{\"@id\":\"https:\/\/centre-innovation-sociale-ecologique.essec.edu\/#website\"},\"datePublished\":\"2025-12-12T12:11:02+00:00\",\"dateModified\":\"2025-12-12T12:11:02+00:00\",\"breadcrumb\":{\"@id\":\"https:\/\/centre-innovation-sociale-ecologique.essec.edu\/index.php\/2025\/12\/12\/veille-n41-les-actualites-de-novembre-2025\/#breadcrumb\"},\"inLanguage\":\"fr-FR\",\"potentialAction\":[{\"@type\":\"ReadAction\",\"target\":[\"https:\/\/centre-innovation-sociale-ecologique.essec.edu\/index.php\/2025\/12\/12\/veille-n41-les-actualites-de-novembre-2025\/\"]}]},{\"@type\":\"BreadcrumbList\",\"@id\":\"https:\/\/centre-innovation-sociale-ecologique.essec.edu\/index.php\/2025\/12\/12\/veille-n41-les-actualites-de-novembre-2025\/#breadcrumb\",\"itemListElement\":[{\"@type\":\"ListItem\",\"position\":1,\"name\":\"Home\",\"item\":\"https:\/\/centre-innovation-sociale-ecologique.essec.edu\/\"},{\"@type\":\"ListItem\",\"position\":2,\"name\":\"Veille n\u00b041 \u2013 Les actualit\u00e9s de Novembre 2025\"}]},{\"@type\":\"WebSite\",\"@id\":\"https:\/\/centre-innovation-sociale-ecologique.essec.edu\/#website\",\"url\":\"https:\/\/centre-innovation-sociale-ecologique.essec.edu\/\",\"name\":\"Centre Innovation Sociale et Ecologique\",\"description\":\"\",\"publisher\":{\"@id\":\"https:\/\/centre-innovation-sociale-ecologique.essec.edu\/#organization\"},\"potentialAction\":[{\"@type\":\"SearchAction\",\"target\":{\"@type\":\"EntryPoint\",\"urlTemplate\":\"https:\/\/centre-innovation-sociale-ecologique.essec.edu\/?s={search_term_string}\"},\"query-input\":\"required name=search_term_string\"}],\"inLanguage\":\"fr-FR\"},{\"@type\":\"Organization\",\"@id\":\"https:\/\/centre-innovation-sociale-ecologique.essec.edu\/#organization\",\"name\":\"Essec Business School\",\"url\":\"https:\/\/centre-innovation-sociale-ecologique.essec.edu\/\",\"logo\":{\"@type\":\"ImageObject\",\"inLanguage\":\"fr-FR\",\"@id\":\"https:\/\/centre-innovation-sociale-ecologique.essec.edu\/#\/schema\/logo\/image\/\",\"url\":\"https:\/\/impactinitiative.essec.edu\/wp-content\/uploads\/2020\/11\/ESSEC_BS_logo_BLANC.png\",\"contentUrl\":\"https:\/\/impactinitiative.essec.edu\/wp-content\/uploads\/2020\/11\/ESSEC_BS_logo_BLANC.png\",\"width\":546,\"height\":509,\"caption\":\"Essec Business School\"},\"image\":{\"@id\":\"https:\/\/centre-innovation-sociale-ecologique.essec.edu\/#\/schema\/logo\/image\/\"}},{\"@type\":\"Person\",\"@id\":\"https:\/\/centre-innovation-sociale-ecologique.essec.edu\/#\/schema\/person\/ffb9b21a7056cc497e2fe8732aa91fcc\",\"name\":\"Essec\",\"image\":{\"@type\":\"ImageObject\",\"inLanguage\":\"fr-FR\",\"@id\":\"https:\/\/centre-innovation-sociale-ecologique.essec.edu\/#\/schema\/person\/image\/\",\"url\":\"https:\/\/secure.gravatar.com\/avatar\/253b1a21aeb6e83a39f89170d50e3784?s=96&d=mm&r=g\",\"contentUrl\":\"https:\/\/secure.gravatar.com\/avatar\/253b1a21aeb6e83a39f89170d50e3784?s=96&d=mm&r=g\",\"caption\":\"Essec\"}}]}<\/script>\n<!-- \/ Yoast SEO plugin. -->","yoast_head_json":{"title":"Veille n\u00b041 \u2013 Les actualit\u00e9s de Novembre 2025 - Centre Innovation Sociale et Ecologique","robots":{"index":"noindex","follow":"follow"},"og_locale":"fr_FR","og_type":"article","og_title":"Veille n\u00b041 \u2013 Les actualit\u00e9s de Novembre 2025 - Centre Innovation Sociale et Ecologique","og_description":"Veille mensuelle fran\u00e7aise et internationale de l\u2019\u00e9valuation d\u2019impact social n\u00b041 &#8211; Actualit\u00e9s Novembre 2025 &nbsp; \u00c9v\u00e9nements et actualit\u00e9s du secteur En France &nbsp; \u201cLe proc\u00e8s de l\u2019\u00e9valuation d\u2019impact social : ennemie ou alli\u00e9e ?\u201d \u2013 par le CISE de l\u2019ESSEC \u2013 03 d\u00e9cembre 2025 Le Centre Innovation Sociale et \u00c9cologique (CISE) de l&rsquo;ESSEC a organis\u00e9 [&hellip;]","og_url":"https:\/\/centre-innovation-sociale-ecologique.essec.edu\/index.php\/2025\/12\/12\/veille-n41-les-actualites-de-novembre-2025\/","og_site_name":"Centre Innovation Sociale et Ecologique","article_published_time":"2025-12-12T12:11:02+00:00","author":"Essec","twitter_card":"summary_large_image","twitter_misc":{"\u00c9crit par":"Essec","Dur\u00e9e de lecture estim\u00e9e":"8 minutes"},"schema":{"@context":"https:\/\/schema.org","@graph":[{"@type":"Article","@id":"https:\/\/centre-innovation-sociale-ecologique.essec.edu\/index.php\/2025\/12\/12\/veille-n41-les-actualites-de-novembre-2025\/#article","isPartOf":{"@id":"https:\/\/centre-innovation-sociale-ecologique.essec.edu\/index.php\/2025\/12\/12\/veille-n41-les-actualites-de-novembre-2025\/"},"author":{"name":"Essec","@id":"https:\/\/centre-innovation-sociale-ecologique.essec.edu\/#\/schema\/person\/ffb9b21a7056cc497e2fe8732aa91fcc"},"headline":"Veille n\u00b041 \u2013 Les actualit\u00e9s de Novembre 2025","datePublished":"2025-12-12T12:11:02+00:00","dateModified":"2025-12-12T12:11:02+00:00","mainEntityOfPage":{"@id":"https:\/\/centre-innovation-sociale-ecologique.essec.edu\/index.php\/2025\/12\/12\/veille-n41-les-actualites-de-novembre-2025\/"},"wordCount":1671,"commentCount":0,"publisher":{"@id":"https:\/\/centre-innovation-sociale-ecologique.essec.edu\/#organization"},"articleSection":["Non classifi\u00e9(e)"],"inLanguage":"fr-FR","potentialAction":[{"@type":"CommentAction","name":"Comment","target":["https:\/\/centre-innovation-sociale-ecologique.essec.edu\/index.php\/2025\/12\/12\/veille-n41-les-actualites-de-novembre-2025\/#respond"]}]},{"@type":"WebPage","@id":"https:\/\/centre-innovation-sociale-ecologique.essec.edu\/index.php\/2025\/12\/12\/veille-n41-les-actualites-de-novembre-2025\/","url":"https:\/\/centre-innovation-sociale-ecologique.essec.edu\/index.php\/2025\/12\/12\/veille-n41-les-actualites-de-novembre-2025\/","name":"Veille n\u00b041 \u2013 Les actualit\u00e9s de Novembre 2025 - Centre Innovation Sociale et Ecologique","isPartOf":{"@id":"https:\/\/centre-innovation-sociale-ecologique.essec.edu\/#website"},"datePublished":"2025-12-12T12:11:02+00:00","dateModified":"2025-12-12T12:11:02+00:00","breadcrumb":{"@id":"https:\/\/centre-innovation-sociale-ecologique.essec.edu\/index.php\/2025\/12\/12\/veille-n41-les-actualites-de-novembre-2025\/#breadcrumb"},"inLanguage":"fr-FR","potentialAction":[{"@type":"ReadAction","target":["https:\/\/centre-innovation-sociale-ecologique.essec.edu\/index.php\/2025\/12\/12\/veille-n41-les-actualites-de-novembre-2025\/"]}]},{"@type":"BreadcrumbList","@id":"https:\/\/centre-innovation-sociale-ecologique.essec.edu\/index.php\/2025\/12\/12\/veille-n41-les-actualites-de-novembre-2025\/#breadcrumb","itemListElement":[{"@type":"ListItem","position":1,"name":"Home","item":"https:\/\/centre-innovation-sociale-ecologique.essec.edu\/"},{"@type":"ListItem","position":2,"name":"Veille n\u00b041 \u2013 Les actualit\u00e9s de Novembre 2025"}]},{"@type":"WebSite","@id":"https:\/\/centre-innovation-sociale-ecologique.essec.edu\/#website","url":"https:\/\/centre-innovation-sociale-ecologique.essec.edu\/","name":"Centre Innovation Sociale et Ecologique","description":"","publisher":{"@id":"https:\/\/centre-innovation-sociale-ecologique.essec.edu\/#organization"},"potentialAction":[{"@type":"SearchAction","target":{"@type":"EntryPoint","urlTemplate":"https:\/\/centre-innovation-sociale-ecologique.essec.edu\/?s={search_term_string}"},"query-input":"required name=search_term_string"}],"inLanguage":"fr-FR"},{"@type":"Organization","@id":"https:\/\/centre-innovation-sociale-ecologique.essec.edu\/#organization","name":"Essec Business School","url":"https:\/\/centre-innovation-sociale-ecologique.essec.edu\/","logo":{"@type":"ImageObject","inLanguage":"fr-FR","@id":"https:\/\/centre-innovation-sociale-ecologique.essec.edu\/#\/schema\/logo\/image\/","url":"https:\/\/impactinitiative.essec.edu\/wp-content\/uploads\/2020\/11\/ESSEC_BS_logo_BLANC.png","contentUrl":"https:\/\/impactinitiative.essec.edu\/wp-content\/uploads\/2020\/11\/ESSEC_BS_logo_BLANC.png","width":546,"height":509,"caption":"Essec Business School"},"image":{"@id":"https:\/\/centre-innovation-sociale-ecologique.essec.edu\/#\/schema\/logo\/image\/"}},{"@type":"Person","@id":"https:\/\/centre-innovation-sociale-ecologique.essec.edu\/#\/schema\/person\/ffb9b21a7056cc497e2fe8732aa91fcc","name":"Essec","image":{"@type":"ImageObject","inLanguage":"fr-FR","@id":"https:\/\/centre-innovation-sociale-ecologique.essec.edu\/#\/schema\/person\/image\/","url":"https:\/\/secure.gravatar.com\/avatar\/253b1a21aeb6e83a39f89170d50e3784?s=96&d=mm&r=g","contentUrl":"https:\/\/secure.gravatar.com\/avatar\/253b1a21aeb6e83a39f89170d50e3784?s=96&d=mm&r=g","caption":"Essec"}}]}},"_links":{"self":[{"href":"https:\/\/centre-innovation-sociale-ecologique.essec.edu\/index.php\/wp-json\/wp\/v2\/posts\/10134"}],"collection":[{"href":"https:\/\/centre-innovation-sociale-ecologique.essec.edu\/index.php\/wp-json\/wp\/v2\/posts"}],"about":[{"href":"https:\/\/centre-innovation-sociale-ecologique.essec.edu\/index.php\/wp-json\/wp\/v2\/types\/post"}],"author":[{"embeddable":true,"href":"https:\/\/centre-innovation-sociale-ecologique.essec.edu\/index.php\/wp-json\/wp\/v2\/users\/2"}],"replies":[{"embeddable":true,"href":"https:\/\/centre-innovation-sociale-ecologique.essec.edu\/index.php\/wp-json\/wp\/v2\/comments?post=10134"}],"version-history":[{"count":1,"href":"https:\/\/centre-innovation-sociale-ecologique.essec.edu\/index.php\/wp-json\/wp\/v2\/posts\/10134\/revisions"}],"predecessor-version":[{"id":10139,"href":"https:\/\/centre-innovation-sociale-ecologique.essec.edu\/index.php\/wp-json\/wp\/v2\/posts\/10134\/revisions\/10139"}],"wp:attachment":[{"href":"https:\/\/centre-innovation-sociale-ecologique.essec.edu\/index.php\/wp-json\/wp\/v2\/media?parent=10134"}],"wp:term":[{"taxonomy":"category","embeddable":true,"href":"https:\/\/centre-innovation-sociale-ecologique.essec.edu\/index.php\/wp-json\/wp\/v2\/categories?post=10134"},{"taxonomy":"post_tag","embeddable":true,"href":"https:\/\/centre-innovation-sociale-ecologique.essec.edu\/index.php\/wp-json\/wp\/v2\/tags?post=10134"}],"curies":[{"name":"wp","href":"https:\/\/api.w.org\/{rel}","templated":true}]}}