{"id":10069,"date":"2025-11-13T20:22:23","date_gmt":"2025-11-13T19:22:23","guid":{"rendered":"https:\/\/centre-innovation-sociale-ecologique.essec.edu\/?p=10069"},"modified":"2025-11-13T20:45:17","modified_gmt":"2025-11-13T19:45:17","slug":"veille-n39-les-actualites-de-juillet-aout-septembre-2025-2025","status":"publish","type":"post","link":"https:\/\/centre-innovation-sociale-ecologique.essec.edu\/index.php\/2025\/11\/13\/veille-n39-les-actualites-de-juillet-aout-septembre-2025-2025\/","title":{"rendered":"Veille n\u00b039 \u2013 Les actualit\u00e9s de Juillet-Ao\u00fbt-Septembre 2025"},"content":{"rendered":"<p>&nbsp;<\/p>\n<p><b>Veille mensuelle fran\u00e7aise et internationale de l\u2019\u00e9valuation d\u2019impact social n\u00b039 &#8211; Actualit\u00e9s<\/b><\/p>\n<p><i><span style=\"font-weight: 400;\">Juillet-Ao\u00fbt-Septembre 2025<\/span><\/i><\/p>\n<p>&nbsp;<\/p>\n<p><b>\u00c9v\u00e9nements et actualit\u00e9s du secteur<\/b><\/p>\n<p><i><span style=\"font-weight: 400;\">En France<\/span><\/i><\/p>\n<ul>\n<li style=\"font-weight: 400;\" aria-level=\"1\"><a href=\"https:\/\/docs.google.com\/forms\/d\/e\/1FAIpQLSeApnHP0V49ycPMrlxZ90GiG7SBWkBG6ZubbjBusfbLiTqT0A\/viewform\" target=\"_blank\" rel=\"nofollow\"><span style=\"font-weight: 400;\">\u201cConcours \u00ab Mon \u00c9val en 180 secondes \u00bb (JFE Rennes)\u201d<\/span><\/a><span style=\"font-weight: 400;\"> &#8211; SFE \/ Groupe des Jeunes \u00c9valuateurs &#8211; Septembre 2025<\/span><\/li>\n<\/ul>\n<p><span style=\"font-weight: 400;\">Le concours invite \u00e9tudiants, praticiens et chercheurs \u00e0 pr\u00e9senter une \u00e9valuation en trois minutes, lors des Journ\u00e9es Fran\u00e7aises de l\u2019\u00c9valuation \u00e0 Rennes. Ce format encourage la vulgarisation des d\u00e9marches \u00e9valuatives, tout en donnant de la visibilit\u00e9 aux jeunes professionnels du secteur.<\/span><\/p>\n<ul>\n<li style=\"font-weight: 400;\" aria-level=\"1\"><a href=\"https:\/\/www.impactfrance.eco\/nos-actus\/ued25-nos-propositions-pour-projeter-leconomie-dans-le-futur?_gl=1*12ru3j6*_up*MQ..*_ga*OTI1Mzg1NDQxLjE3NTc4MDc1NzA.*_ga_3G1BWJVHND*czE3NTc4MDc1NzAkbzEkZzAkdDE3NTc4MDc1NzAkajYwJGwwJGgw\" target=\"_blank\" rel=\"nofollow\"><span style=\"font-weight: 400;\">\u201c#UED25 : Nos propositions pour projeter l\u2019\u00e9conomie dans le futur !\u201d<\/span><\/a><span style=\"font-weight: 400;\"> &#8211; Impact France &#8211; 29 ao\u00fbt 2025<\/span><\/li>\n<\/ul>\n<p><span style=\"font-weight: 400;\">\u00c0 l\u2019occasion des Universit\u00e9s d\u2019\u00c9t\u00e9 de l\u2019\u00c9conomie de Demain, Impact France a publi\u00e9 une feuille de route contenant une trentaine recommandations pour faire \u00e9voluer l\u2019\u00e9conomie, les territoires et la finance vers plus d\u2019impact. Parmi elles, certaines concernent directement l\u2019\u00e9valuation d\u2019impact : le d\u00e9veloppement d\u2019un langage commun autour de la performance int\u00e9gr\u00e9e, afin d\u2019harmoniser la mesure des dimensions sociales, environnementales et financi\u00e8res ; et la mise \u00e0 disposition de r\u00e9f\u00e9rentiels d\u2019impact partag\u00e9s pour les entreprises et les territoires, permettant de mesurer les effets en termes d\u2019emploi local, de transition \u00e9cologique et de coh\u00e9sion sociale.\u00a0<\/span><\/p>\n<p><i><span style=\"font-weight: 400;\">A l\u2019international<\/span><\/i><\/p>\n<ul>\n<li style=\"font-weight: 400;\" aria-level=\"1\"><a href=\"https:\/\/www.globalevaluationinitiative.org\/news\/gei-and-lanzhou-university-collaborate-strengthen-evaluation-systems-china-and-globally\" target=\"_blank\" rel=\"nofollow\"><span style=\"font-weight: 400;\">\u201cGEI and Lanzhou University Collaborate to Strengthen Evaluation Systems in China and Globally\u201d<\/span><\/a><span style=\"font-weight: 400;\"> &#8211; Global Evaluation Initiative &#8211; 25 ao\u00fbt 2025<\/span><\/li>\n<\/ul>\n<p><span style=\"font-weight: 400;\">La GEI &#8211; Global Evaluation Initiative annonce une collaboration avec l\u2019Universit\u00e9 de Lanzhou pour d\u00e9velopper la recherche et les comp\u00e9tences en \u00e9valuation. L\u2019initiative pr\u00e9voit des conf\u00e9rences, \u00e9changes et publications, visant \u00e0 rapprocher recherche acad\u00e9mique et besoins op\u00e9rationnels en Chine et \u00e0 l\u2019international. Ce partenariat illustre l\u2019importance des alliances acad\u00e9miques dans le renforcement des capacit\u00e9s en \u00e9valuation.<\/span><\/p>\n<p><b>Rapports d\u2019impact<\/b><\/p>\n<p><i><span style=\"font-weight: 400;\">En France<\/span><\/i><\/p>\n<ul>\n<li style=\"font-weight: 400;\" aria-level=\"1\"><a href=\"https:\/\/newsroom.malakoffhumanis.com\/actualites\/malakoff-humanis-publie-son-premier-rapport-de-mesure-dimpact-social-1-2-million-de-personnes-accompagnees-des-resultats-concrets-38e6e-63a59.html\" target=\"_blank\" rel=\"nofollow\"><span style=\"font-weight: 400;\">\u201cPremier rapport de mesure d\u2019impact social\u201d <\/span><\/a><span style=\"font-weight: 400;\">&#8211; Malakoff Humanis &#8211; 2 septembre 2025<\/span><\/li>\n<\/ul>\n<p><span style=\"font-weight: 400;\">Malakoff Humanis a publi\u00e9 son premier rapport d\u2019impact social, \u00e9valuant 40 actions men\u00e9es en 2024 aupr\u00e8s de 1,2 million de b\u00e9n\u00e9ficiaires. L\u2019analyse met en \u00e9vidence des r\u00e9sultats concrets : 65 % des actifs accompagn\u00e9s d\u00e9clarent une \u00e9volution positive de leur situation, 80 % des s\u00e9niors se sentent moins seuls, et 89 % des personnes en situation de handicap constatent un impact positif sur leur bien-\u00eatre ou leur insertion. Ce rapport marque une \u00e9tape strat\u00e9gique dans la structuration de la mesure d\u2019impact du Groupe.<\/span><\/p>\n<ul>\n<li style=\"font-weight: 400;\" aria-level=\"1\"><a href=\"https:\/\/fondationlafrancesengage.org\/recits-dimpact-2025-la-preuve-chiffree-de-leffet-la-france-sengage-sur-linnovation-sociale\/?utm_source=chatgpt.com\" target=\"_blank\" rel=\"nofollow\"><span style=\"font-weight: 400;\">\u201cR\u00e9cits d\u2019impact 2025\u201d<\/span><\/a><span style=\"font-weight: 400;\"> &#8211; Fondation La France s\u2019engage &#8211; 01 Septembre 2025<\/span><\/li>\n<\/ul>\n<p><span style=\"font-weight: 400;\">Ce rapport d\u00e9montre l&rsquo;effet acc\u00e9l\u00e9rateur du soutien de la fondation La France s\u2019engage : l&rsquo;accompagnement agit comme un puissant levier de maturit\u00e9 et de cr\u00e9dibilit\u00e9, 77% des laur\u00e9ats soulignant son r\u00f4le d\u00e9cisif dans leurs lev\u00e9es de fonds. Le document illustre ainsi comment un soutien cibl\u00e9 favorise un changement d\u2019\u00e9chelle durable et un impact collectif accru. Ces r\u00e9sultats sont par ailleurs corrobor\u00e9s par une comparaison entre les laur\u00e9ats 2021 et un groupe t\u00e9moin, qui indique \u00e9galement une croissance budg\u00e9taire et une expansion territoriale plus rapides chez les laur\u00e9ats.<\/span><\/p>\n<ul>\n<li style=\"font-weight: 400;\" aria-level=\"1\"><a href=\"https:\/\/www.citizencapital.fr\/wp-content\/uploads\/2025\/07\/Citizen-Capital-Rapport-dimpact-2024.pdf\" target=\"_blank\" rel=\"nofollow\"><span style=\"font-weight: 400;\">\u201cCitizen Capital publie son Rapport d\u2019impact et de mission 2024\u201d<\/span><\/a><span style=\"font-weight: 400;\"> &#8211; Citizen Capital &#8211; 04 ao\u00fbt 2025<\/span><\/li>\n<\/ul>\n<p><span style=\"font-weight: 400;\">En tant que soci\u00e9t\u00e9 \u00e0 mission, Citizen Capital publie chaque ann\u00e9e un rapport combinant r\u00e9sultats d\u2019impact et suivi de mission. L\u2019\u00e9dition 2024 met en avant les th\u00e8ses d\u2019investissement retenues par le fonds et leurs effets mesur\u00e9s en mati\u00e8re d\u2019emploi, d\u2019inclusion et de transition environnementale. Le rapport illustre les r\u00e9alisations et les apprentissages issus du portefeuille, avec des indicateurs chiffr\u00e9s sur les projets accompagn\u00e9s.<\/span><\/p>\n<ul>\n<li style=\"font-weight: 400;\" aria-level=\"1\"><a href=\"https:\/\/www.swen-cp.fr\/wp-content\/uploads\/documents\/Blue-Ocean-2024-Impact-Report-SWEN-CP.pdf\" target=\"_blank\" rel=\"nofollow\"><span style=\"font-weight: 400;\">\u201cRapport d\u2019Impact 2024 SWEN Blue Ocean\u201d <\/span><\/a><span style=\"font-weight: 400;\">&#8211; SWEN Capital Partners &#8211; 25 ao\u00fbt 2025<\/span><\/li>\n<\/ul>\n<p><span style=\"font-weight: 400;\">SWEN Capital Partners a publi\u00e9 au cours de l\u2019\u00e9t\u00e9 le rapport d\u2019impact du fonds th\u00e9matique Blue Ocean consacr\u00e9 \u00e0 la pr\u00e9servation de la biodiversit\u00e9 marine, aux solutions de d\u00e9pollution et \u00e0 l\u2019aquaculture durable. Le document pr\u00e9sente la doctrine d\u2019impact du fonds, notamment \u00e0 travers sa th\u00e9orie du changement, les r\u00e9sultats de ses principaux indicateurs d\u2019impact environnemental en 2024 et sa notation d\u2019impact, pr\u00e9alable \u00e0 tout investissement.<\/span><\/p>\n<p><i><span style=\"font-weight: 400;\">A l\u2019international<\/span><\/i><\/p>\n<ul>\n<li style=\"font-weight: 400;\" aria-level=\"1\"><a href=\"https:\/\/knowledgecentre.euclidnetwork.eu\/2025\/07\/21\/european-social-enterprise-monitor-2023-2024\/\" target=\"_blank\" rel=\"nofollow\"><span style=\"font-weight: 400;\">\u201cEuropean Social Enterprise Monitor 2023-2024\u201d <\/span><\/a><span style=\"font-weight: 400;\">\u00a0&#8211; Euclid Network \u2013 21 juillet 2025<\/span><\/li>\n<\/ul>\n<p><span style=\"font-weight: 400;\">Le rapport \u201cEuropean Social Enterprise Monitor 2023-2024\u201d (ESEM) analyse un \u00e9chantillon de 1 807 entreprises sociales (ES) dans 30 pays europ\u00e9ens. L&rsquo;\u00e9tude met notamment en lumi\u00e8re le fait que bien qu&rsquo;une majorit\u00e9 (62,2 %) des ES d\u00e9clarent mesurer leur impact, seulement 18,8 % d&rsquo;entre elles consid\u00e8rent poss\u00e9der un niveau \u00e9lev\u00e9 de connaissances et de pratiques efficaces en mati\u00e8re de mesure et de gestion de l&rsquo;impact (IMM). <\/span><span style=\"font-weight: 400;\">Les principales raisons invoqu\u00e9es par les ES pour ce manque de ma\u00eetrise sont la difficult\u00e9 \u00e0 quantifier\/isoler l&rsquo;impact (49,9 % de celles qui mesurent l&rsquo;impact) et le manque de ressources financi\u00e8res pour la collecte de donn\u00e9es (45,9 % de celles qui mesurent l&rsquo;impact),\u00a0 m\u00eame si la majorit\u00e9 des ES utilisant l&rsquo;IMM s&rsquo;en servent de mani\u00e8re significative pour la planification strat\u00e9gique de haut niveau (52,6 %).<\/span><\/p>\n<p><b>Publications<\/b><\/p>\n<p><i><span style=\"font-weight: 400;\">En France<\/span><\/i><span style=\"font-weight: 400;\">\u00a0<\/span><\/p>\n<ul>\n<li style=\"font-weight: 400;\" aria-level=\"1\"><a href=\"https:\/\/impact-tank.org\/mur-des-solutions\/la-ligue-contre-le-cancer\/\" target=\"_blank\" rel=\"nofollow\"><span style=\"font-weight: 400;\">\u201cSolution \u00e0 impact positif : La Ligue contre le cancer\u201d<\/span><\/a><span style=\"font-weight: 400;\"> &#8211; Impact Tank &#8211; Ao\u00fbt 2025<\/span><\/li>\n<\/ul>\n<p><span style=\"font-weight: 400;\">Fiche d\u2019\u00e9valuation des dispositifs \u201cPatients Ressources\u201d : 50 % des patients suivis interrog\u00e9s dans le cadre de l\u2019enqu\u00eate d\u00e9clarent une am\u00e9lioration du v\u00e9cu de la maladie, 47 % de leur qualit\u00e9 de vie, et 84 % des \u00e9tudiants disent qu\u2019un t\u00e9moignage de Patient Ressource a chang\u00e9 leur regard sur la maladie. Un rapport d\u2019impact qui pourrait \u00eatre utile pour outiller les associations de sant\u00e9 dans la d\u00e9monstration de leurs effets.<\/span><\/p>\n<p><i><span style=\"font-weight: 400;\">A l\u2019international\u00a0<\/span><\/i><\/p>\n<ul>\n<li style=\"font-weight: 400;\" aria-level=\"1\"><a href=\"https:\/\/www.sciencedirect.com\/journal\/evaluation-and-program-planning\/vol\/111\" target=\"_blank\" rel=\"nofollow\"><span style=\"font-weight: 400;\">\u201cEvaluation and Program Planning &#8211; Volume 111\u201d<\/span><\/a><span style=\"font-weight: 400;\"> &#8211; Elsevier &#8211; Ao\u00fbt 2025<\/span><\/li>\n<\/ul>\n<p><span style=\"font-weight: 400;\">Le num\u00e9ro sp\u00e9cial d\u2019ao\u00fbt d\u2019Elsevier r\u00e9unit plusieurs articles sur l\u2019\u00e9valuation appliqu\u00e9e \u00e0 des contextes vari\u00e9s : am\u00e9lioration continue de la qualit\u00e9, analyse co\u00fbts-b\u00e9n\u00e9fices, et m\u00e9thodes participatives. Les auteurs mettent l\u2019accent sur l\u2019adaptation des approches \u00e9valuatives aux enjeux de durabilit\u00e9 et d\u2019investissement \u00e0 impact. Cette publication refl\u00e8te l\u2019\u00e9volution des m\u00e9thodes d\u2019\u00e9valuation vers plus de syst\u00e9micit\u00e9.<\/span><\/p>\n<p><b>Newsletters<\/b><\/p>\n<ul>\n<li style=\"font-weight: 400;\" aria-level=\"1\"><a href=\"https:\/\/www.avise.org\/newsletters\" target=\"_blank\" rel=\"nofollow\"><span style=\"font-weight: 400;\">La newsletter de l\u2019Avise sur l\u2019\u00e9valuation d\u2019impact social en France<\/span><\/a><\/li>\n<li style=\"font-weight: 400;\" aria-level=\"1\"><a href=\"https:\/\/ssir.org\/email\" target=\"_blank\" rel=\"nofollow\"><span style=\"font-weight: 400;\">La newsletter de Stanford Social Innovation Review (SSIR)<\/span><\/a><\/li>\n<\/ul>\n<p>&nbsp;<\/p>\n<p><span style=\"font-weight: 400;\">Retrouvez tous les mois notre veille internationale sur l\u2019\u00e9valuation d&rsquo;impact social sur la page <\/span><a href=\"https:\/\/www.linkedin.com\/company\/42301082\/\" target=\"_blank\" rel=\"nofollow\"><span style=\"font-weight: 400;\">LinkedIn du Labo<\/span><\/a><span style=\"font-weight: 400;\">. Des questions ? Des propositions de contributions ou des solutions pour l\u2019\u00e9valuation d\u2019impact social ? Contactez-nous via<\/span> <a href=\"http:\/\/mailto:leclerc@essec.edu\" target=\"_blank\" rel=\"nofollow\"><span style=\"font-weight: 400;\">leclerc@essec.edu<\/span><\/a><span style=\"font-weight: 400;\">\u00a0<\/span><\/p>\n<p>&nbsp;<\/p>\n<p><span style=\"font-weight: 400;\">Note de Veille r\u00e9dig\u00e9e par <\/span><b>Bolar NGAGOM, <\/b><span style=\"font-weight: 400;\">avec <\/span><b>Lucie Mah\u00e9,<\/b> <b>Valentine Clerc<\/b><span style=\"font-weight: 400;\"> et<\/span> <span style=\"font-weight: 400;\">sous la direction d\u2019<\/span><b>Elise Leclerc.<\/b><\/p>\n<p>&nbsp;<\/p>\n","protected":false},"excerpt":{"rendered":"<p>&nbsp; Veille mensuelle fran\u00e7aise et internationale de l\u2019\u00e9valuation d\u2019impact social n\u00b039 &#8211; Actualit\u00e9s Juillet-Ao\u00fbt-Septembre 2025 &nbsp; \u00c9v\u00e9nements et actualit\u00e9s du secteur En France \u201cConcours \u00ab Mon \u00c9val en 180 secondes \u00bb (JFE Rennes)\u201d &#8211; SFE \/ Groupe des Jeunes \u00c9valuateurs &#8211; Septembre 2025 Le concours invite \u00e9tudiants, praticiens et chercheurs \u00e0 pr\u00e9senter une \u00e9valuation en [&hellip;]<\/p>\n","protected":false},"author":2,"featured_media":0,"comment_status":"open","ping_status":"open","sticky":false,"template":"","format":"standard","meta":{"_et_pb_use_builder":"","_et_pb_old_content":"","_et_gb_content_width":"","inline_featured_image":false},"categories":[29],"tags":[],"yoast_head":"<!-- This site is optimized with the Yoast SEO plugin v20.11 - https:\/\/yoast.com\/wordpress\/plugins\/seo\/ -->\n<title>Veille n\u00b039 \u2013 Les actualit\u00e9s de Juillet-Ao\u00fbt-Septembre 2025 - Centre Innovation Sociale et Ecologique<\/title>\n<meta name=\"robots\" content=\"noindex, follow\" \/>\n<meta property=\"og:locale\" content=\"fr_FR\" \/>\n<meta property=\"og:type\" content=\"article\" \/>\n<meta property=\"og:title\" content=\"Veille n\u00b039 \u2013 Les actualit\u00e9s de Juillet-Ao\u00fbt-Septembre 2025 - Centre Innovation Sociale et Ecologique\" \/>\n<meta property=\"og:description\" content=\"&nbsp; Veille mensuelle fran\u00e7aise et internationale de l\u2019\u00e9valuation d\u2019impact social n\u00b039 &#8211; Actualit\u00e9s Juillet-Ao\u00fbt-Septembre 2025 &nbsp; \u00c9v\u00e9nements et actualit\u00e9s du secteur En France \u201cConcours \u00ab Mon \u00c9val en 180 secondes \u00bb (JFE Rennes)\u201d &#8211; SFE \/ Groupe des Jeunes \u00c9valuateurs &#8211; Septembre 2025 Le concours invite \u00e9tudiants, praticiens et chercheurs \u00e0 pr\u00e9senter une \u00e9valuation en [&hellip;]\" \/>\n<meta property=\"og:url\" content=\"https:\/\/centre-innovation-sociale-ecologique.essec.edu\/index.php\/2025\/11\/13\/veille-n39-les-actualites-de-juillet-aout-septembre-2025-2025\/\" \/>\n<meta property=\"og:site_name\" content=\"Centre Innovation Sociale et Ecologique\" \/>\n<meta property=\"article:published_time\" content=\"2025-11-13T19:22:23+00:00\" \/>\n<meta property=\"article:modified_time\" content=\"2025-11-13T19:45:17+00:00\" \/>\n<meta name=\"author\" content=\"Essec\" \/>\n<meta name=\"twitter:card\" content=\"summary_large_image\" \/>\n<meta name=\"twitter:label1\" content=\"\u00c9crit par\" \/>\n\t<meta name=\"twitter:data1\" content=\"Essec\" \/>\n\t<meta name=\"twitter:label2\" content=\"Dur\u00e9e de lecture estim\u00e9e\" \/>\n\t<meta name=\"twitter:data2\" content=\"6 minutes\" \/>\n<script type=\"application\/ld+json\" class=\"yoast-schema-graph\">{\"@context\":\"https:\/\/schema.org\",\"@graph\":[{\"@type\":\"Article\",\"@id\":\"https:\/\/centre-innovation-sociale-ecologique.essec.edu\/index.php\/2025\/11\/13\/veille-n39-les-actualites-de-juillet-aout-septembre-2025-2025\/#article\",\"isPartOf\":{\"@id\":\"https:\/\/centre-innovation-sociale-ecologique.essec.edu\/index.php\/2025\/11\/13\/veille-n39-les-actualites-de-juillet-aout-septembre-2025-2025\/\"},\"author\":{\"name\":\"Essec\",\"@id\":\"https:\/\/centre-innovation-sociale-ecologique.essec.edu\/#\/schema\/person\/ffb9b21a7056cc497e2fe8732aa91fcc\"},\"headline\":\"Veille n\u00b039 \u2013 Les actualit\u00e9s de Juillet-Ao\u00fbt-Septembre 2025\",\"datePublished\":\"2025-11-13T19:22:23+00:00\",\"dateModified\":\"2025-11-13T19:45:17+00:00\",\"mainEntityOfPage\":{\"@id\":\"https:\/\/centre-innovation-sociale-ecologique.essec.edu\/index.php\/2025\/11\/13\/veille-n39-les-actualites-de-juillet-aout-septembre-2025-2025\/\"},\"wordCount\":1109,\"commentCount\":0,\"publisher\":{\"@id\":\"https:\/\/centre-innovation-sociale-ecologique.essec.edu\/#organization\"},\"articleSection\":[\"Non classifi\u00e9(e)\"],\"inLanguage\":\"fr-FR\",\"potentialAction\":[{\"@type\":\"CommentAction\",\"name\":\"Comment\",\"target\":[\"https:\/\/centre-innovation-sociale-ecologique.essec.edu\/index.php\/2025\/11\/13\/veille-n39-les-actualites-de-juillet-aout-septembre-2025-2025\/#respond\"]}]},{\"@type\":\"WebPage\",\"@id\":\"https:\/\/centre-innovation-sociale-ecologique.essec.edu\/index.php\/2025\/11\/13\/veille-n39-les-actualites-de-juillet-aout-septembre-2025-2025\/\",\"url\":\"https:\/\/centre-innovation-sociale-ecologique.essec.edu\/index.php\/2025\/11\/13\/veille-n39-les-actualites-de-juillet-aout-septembre-2025-2025\/\",\"name\":\"Veille n\u00b039 \u2013 Les actualit\u00e9s de Juillet-Ao\u00fbt-Septembre 2025 - Centre Innovation Sociale et Ecologique\",\"isPartOf\":{\"@id\":\"https:\/\/centre-innovation-sociale-ecologique.essec.edu\/#website\"},\"datePublished\":\"2025-11-13T19:22:23+00:00\",\"dateModified\":\"2025-11-13T19:45:17+00:00\",\"breadcrumb\":{\"@id\":\"https:\/\/centre-innovation-sociale-ecologique.essec.edu\/index.php\/2025\/11\/13\/veille-n39-les-actualites-de-juillet-aout-septembre-2025-2025\/#breadcrumb\"},\"inLanguage\":\"fr-FR\",\"potentialAction\":[{\"@type\":\"ReadAction\",\"target\":[\"https:\/\/centre-innovation-sociale-ecologique.essec.edu\/index.php\/2025\/11\/13\/veille-n39-les-actualites-de-juillet-aout-septembre-2025-2025\/\"]}]},{\"@type\":\"BreadcrumbList\",\"@id\":\"https:\/\/centre-innovation-sociale-ecologique.essec.edu\/index.php\/2025\/11\/13\/veille-n39-les-actualites-de-juillet-aout-septembre-2025-2025\/#breadcrumb\",\"itemListElement\":[{\"@type\":\"ListItem\",\"position\":1,\"name\":\"Home\",\"item\":\"https:\/\/centre-innovation-sociale-ecologique.essec.edu\/\"},{\"@type\":\"ListItem\",\"position\":2,\"name\":\"Veille n\u00b039 \u2013 Les actualit\u00e9s de Juillet-Ao\u00fbt-Septembre 2025\"}]},{\"@type\":\"WebSite\",\"@id\":\"https:\/\/centre-innovation-sociale-ecologique.essec.edu\/#website\",\"url\":\"https:\/\/centre-innovation-sociale-ecologique.essec.edu\/\",\"name\":\"Centre Innovation Sociale et Ecologique\",\"description\":\"\",\"publisher\":{\"@id\":\"https:\/\/centre-innovation-sociale-ecologique.essec.edu\/#organization\"},\"potentialAction\":[{\"@type\":\"SearchAction\",\"target\":{\"@type\":\"EntryPoint\",\"urlTemplate\":\"https:\/\/centre-innovation-sociale-ecologique.essec.edu\/?s={search_term_string}\"},\"query-input\":\"required name=search_term_string\"}],\"inLanguage\":\"fr-FR\"},{\"@type\":\"Organization\",\"@id\":\"https:\/\/centre-innovation-sociale-ecologique.essec.edu\/#organization\",\"name\":\"Essec Business School\",\"url\":\"https:\/\/centre-innovation-sociale-ecologique.essec.edu\/\",\"logo\":{\"@type\":\"ImageObject\",\"inLanguage\":\"fr-FR\",\"@id\":\"https:\/\/centre-innovation-sociale-ecologique.essec.edu\/#\/schema\/logo\/image\/\",\"url\":\"https:\/\/impactinitiative.essec.edu\/wp-content\/uploads\/2020\/11\/ESSEC_BS_logo_BLANC.png\",\"contentUrl\":\"https:\/\/impactinitiative.essec.edu\/wp-content\/uploads\/2020\/11\/ESSEC_BS_logo_BLANC.png\",\"width\":546,\"height\":509,\"caption\":\"Essec Business School\"},\"image\":{\"@id\":\"https:\/\/centre-innovation-sociale-ecologique.essec.edu\/#\/schema\/logo\/image\/\"}},{\"@type\":\"Person\",\"@id\":\"https:\/\/centre-innovation-sociale-ecologique.essec.edu\/#\/schema\/person\/ffb9b21a7056cc497e2fe8732aa91fcc\",\"name\":\"Essec\",\"image\":{\"@type\":\"ImageObject\",\"inLanguage\":\"fr-FR\",\"@id\":\"https:\/\/centre-innovation-sociale-ecologique.essec.edu\/#\/schema\/person\/image\/\",\"url\":\"https:\/\/secure.gravatar.com\/avatar\/253b1a21aeb6e83a39f89170d50e3784?s=96&d=mm&r=g\",\"contentUrl\":\"https:\/\/secure.gravatar.com\/avatar\/253b1a21aeb6e83a39f89170d50e3784?s=96&d=mm&r=g\",\"caption\":\"Essec\"}}]}<\/script>\n<!-- \/ Yoast SEO plugin. -->","yoast_head_json":{"title":"Veille n\u00b039 \u2013 Les actualit\u00e9s de Juillet-Ao\u00fbt-Septembre 2025 - Centre Innovation Sociale et Ecologique","robots":{"index":"noindex","follow":"follow"},"og_locale":"fr_FR","og_type":"article","og_title":"Veille n\u00b039 \u2013 Les actualit\u00e9s de Juillet-Ao\u00fbt-Septembre 2025 - Centre Innovation Sociale et Ecologique","og_description":"&nbsp; Veille mensuelle fran\u00e7aise et internationale de l\u2019\u00e9valuation d\u2019impact social n\u00b039 &#8211; Actualit\u00e9s Juillet-Ao\u00fbt-Septembre 2025 &nbsp; \u00c9v\u00e9nements et actualit\u00e9s du secteur En France \u201cConcours \u00ab Mon \u00c9val en 180 secondes \u00bb (JFE Rennes)\u201d &#8211; SFE \/ Groupe des Jeunes \u00c9valuateurs &#8211; Septembre 2025 Le concours invite \u00e9tudiants, praticiens et chercheurs \u00e0 pr\u00e9senter une \u00e9valuation en [&hellip;]","og_url":"https:\/\/centre-innovation-sociale-ecologique.essec.edu\/index.php\/2025\/11\/13\/veille-n39-les-actualites-de-juillet-aout-septembre-2025-2025\/","og_site_name":"Centre Innovation Sociale et Ecologique","article_published_time":"2025-11-13T19:22:23+00:00","article_modified_time":"2025-11-13T19:45:17+00:00","author":"Essec","twitter_card":"summary_large_image","twitter_misc":{"\u00c9crit par":"Essec","Dur\u00e9e de lecture estim\u00e9e":"6 minutes"},"schema":{"@context":"https:\/\/schema.org","@graph":[{"@type":"Article","@id":"https:\/\/centre-innovation-sociale-ecologique.essec.edu\/index.php\/2025\/11\/13\/veille-n39-les-actualites-de-juillet-aout-septembre-2025-2025\/#article","isPartOf":{"@id":"https:\/\/centre-innovation-sociale-ecologique.essec.edu\/index.php\/2025\/11\/13\/veille-n39-les-actualites-de-juillet-aout-septembre-2025-2025\/"},"author":{"name":"Essec","@id":"https:\/\/centre-innovation-sociale-ecologique.essec.edu\/#\/schema\/person\/ffb9b21a7056cc497e2fe8732aa91fcc"},"headline":"Veille n\u00b039 \u2013 Les actualit\u00e9s de Juillet-Ao\u00fbt-Septembre 2025","datePublished":"2025-11-13T19:22:23+00:00","dateModified":"2025-11-13T19:45:17+00:00","mainEntityOfPage":{"@id":"https:\/\/centre-innovation-sociale-ecologique.essec.edu\/index.php\/2025\/11\/13\/veille-n39-les-actualites-de-juillet-aout-septembre-2025-2025\/"},"wordCount":1109,"commentCount":0,"publisher":{"@id":"https:\/\/centre-innovation-sociale-ecologique.essec.edu\/#organization"},"articleSection":["Non classifi\u00e9(e)"],"inLanguage":"fr-FR","potentialAction":[{"@type":"CommentAction","name":"Comment","target":["https:\/\/centre-innovation-sociale-ecologique.essec.edu\/index.php\/2025\/11\/13\/veille-n39-les-actualites-de-juillet-aout-septembre-2025-2025\/#respond"]}]},{"@type":"WebPage","@id":"https:\/\/centre-innovation-sociale-ecologique.essec.edu\/index.php\/2025\/11\/13\/veille-n39-les-actualites-de-juillet-aout-septembre-2025-2025\/","url":"https:\/\/centre-innovation-sociale-ecologique.essec.edu\/index.php\/2025\/11\/13\/veille-n39-les-actualites-de-juillet-aout-septembre-2025-2025\/","name":"Veille n\u00b039 \u2013 Les actualit\u00e9s de Juillet-Ao\u00fbt-Septembre 2025 - Centre Innovation Sociale et Ecologique","isPartOf":{"@id":"https:\/\/centre-innovation-sociale-ecologique.essec.edu\/#website"},"datePublished":"2025-11-13T19:22:23+00:00","dateModified":"2025-11-13T19:45:17+00:00","breadcrumb":{"@id":"https:\/\/centre-innovation-sociale-ecologique.essec.edu\/index.php\/2025\/11\/13\/veille-n39-les-actualites-de-juillet-aout-septembre-2025-2025\/#breadcrumb"},"inLanguage":"fr-FR","potentialAction":[{"@type":"ReadAction","target":["https:\/\/centre-innovation-sociale-ecologique.essec.edu\/index.php\/2025\/11\/13\/veille-n39-les-actualites-de-juillet-aout-septembre-2025-2025\/"]}]},{"@type":"BreadcrumbList","@id":"https:\/\/centre-innovation-sociale-ecologique.essec.edu\/index.php\/2025\/11\/13\/veille-n39-les-actualites-de-juillet-aout-septembre-2025-2025\/#breadcrumb","itemListElement":[{"@type":"ListItem","position":1,"name":"Home","item":"https:\/\/centre-innovation-sociale-ecologique.essec.edu\/"},{"@type":"ListItem","position":2,"name":"Veille n\u00b039 \u2013 Les actualit\u00e9s de Juillet-Ao\u00fbt-Septembre 2025"}]},{"@type":"WebSite","@id":"https:\/\/centre-innovation-sociale-ecologique.essec.edu\/#website","url":"https:\/\/centre-innovation-sociale-ecologique.essec.edu\/","name":"Centre Innovation Sociale et Ecologique","description":"","publisher":{"@id":"https:\/\/centre-innovation-sociale-ecologique.essec.edu\/#organization"},"potentialAction":[{"@type":"SearchAction","target":{"@type":"EntryPoint","urlTemplate":"https:\/\/centre-innovation-sociale-ecologique.essec.edu\/?s={search_term_string}"},"query-input":"required name=search_term_string"}],"inLanguage":"fr-FR"},{"@type":"Organization","@id":"https:\/\/centre-innovation-sociale-ecologique.essec.edu\/#organization","name":"Essec Business School","url":"https:\/\/centre-innovation-sociale-ecologique.essec.edu\/","logo":{"@type":"ImageObject","inLanguage":"fr-FR","@id":"https:\/\/centre-innovation-sociale-ecologique.essec.edu\/#\/schema\/logo\/image\/","url":"https:\/\/impactinitiative.essec.edu\/wp-content\/uploads\/2020\/11\/ESSEC_BS_logo_BLANC.png","contentUrl":"https:\/\/impactinitiative.essec.edu\/wp-content\/uploads\/2020\/11\/ESSEC_BS_logo_BLANC.png","width":546,"height":509,"caption":"Essec Business School"},"image":{"@id":"https:\/\/centre-innovation-sociale-ecologique.essec.edu\/#\/schema\/logo\/image\/"}},{"@type":"Person","@id":"https:\/\/centre-innovation-sociale-ecologique.essec.edu\/#\/schema\/person\/ffb9b21a7056cc497e2fe8732aa91fcc","name":"Essec","image":{"@type":"ImageObject","inLanguage":"fr-FR","@id":"https:\/\/centre-innovation-sociale-ecologique.essec.edu\/#\/schema\/person\/image\/","url":"https:\/\/secure.gravatar.com\/avatar\/253b1a21aeb6e83a39f89170d50e3784?s=96&d=mm&r=g","contentUrl":"https:\/\/secure.gravatar.com\/avatar\/253b1a21aeb6e83a39f89170d50e3784?s=96&d=mm&r=g","caption":"Essec"}}]}},"_links":{"self":[{"href":"https:\/\/centre-innovation-sociale-ecologique.essec.edu\/index.php\/wp-json\/wp\/v2\/posts\/10069"}],"collection":[{"href":"https:\/\/centre-innovation-sociale-ecologique.essec.edu\/index.php\/wp-json\/wp\/v2\/posts"}],"about":[{"href":"https:\/\/centre-innovation-sociale-ecologique.essec.edu\/index.php\/wp-json\/wp\/v2\/types\/post"}],"author":[{"embeddable":true,"href":"https:\/\/centre-innovation-sociale-ecologique.essec.edu\/index.php\/wp-json\/wp\/v2\/users\/2"}],"replies":[{"embeddable":true,"href":"https:\/\/centre-innovation-sociale-ecologique.essec.edu\/index.php\/wp-json\/wp\/v2\/comments?post=10069"}],"version-history":[{"count":4,"href":"https:\/\/centre-innovation-sociale-ecologique.essec.edu\/index.php\/wp-json\/wp\/v2\/posts\/10069\/revisions"}],"predecessor-version":[{"id":10083,"href":"https:\/\/centre-innovation-sociale-ecologique.essec.edu\/index.php\/wp-json\/wp\/v2\/posts\/10069\/revisions\/10083"}],"wp:attachment":[{"href":"https:\/\/centre-innovation-sociale-ecologique.essec.edu\/index.php\/wp-json\/wp\/v2\/media?parent=10069"}],"wp:term":[{"taxonomy":"category","embeddable":true,"href":"https:\/\/centre-innovation-sociale-ecologique.essec.edu\/index.php\/wp-json\/wp\/v2\/categories?post=10069"},{"taxonomy":"post_tag","embeddable":true,"href":"https:\/\/centre-innovation-sociale-ecologique.essec.edu\/index.php\/wp-json\/wp\/v2\/tags?post=10069"}],"curies":[{"name":"wp","href":"https:\/\/api.w.org\/{rel}","templated":true}]}}